{"id":94013,"date":"2022-03-21T17:05:42","date_gmt":"2022-03-21T15:05:42","guid":{"rendered":"http:\/\/www.reunion68.se\/?p=94013"},"modified":"2022-03-21T15:57:48","modified_gmt":"2022-03-21T13:57:48","slug":"29-09-60","status":"publish","type":"post","link":"https:\/\/www.reunion68.se\/?p=94013","title":{"rendered":"Alergia relokacyjna"},"content":{"rendered":"<p><img decoding=\"async\" src=\"https:\/\/i.gremicdn.pl\/image\/free\/4fd80665241ac408b3e0ae963d9fd62c\/?t=crop:1600:992:nowe:0:75,resize:fill:948:592,enlarge:1\" width=\"100%\" \/>Foto: Fotorzepa\/ Pawe\u0142 Rochowicz<\/p>\n<hr \/>\n<h5 style=\"text-align: center;\"><a href=\"https:\/\/www.rp.pl\/\" target=\"_blank\" rel=\"noopener noreferrer\"><img decoding=\"async\" class=\"center alignleft\" src=\"http:\/\/www.reunion68.com\/Biuletyn\/img\/rzecz-p.png\" alt=\"\" width=\"35%\" \/><\/a><span style=\"text-decoration: underline; color: #000080;\"><strong><a style=\"color: #000080; text-decoration: underline;\" href=\"https:\/\/www.rp.pl\/komentarze\/art35900651-zuzanna-dabrowska-alergia-relokacyjna\" target=\"_blank\" rel=\"noopener noreferrer\">Alergia relokacyjna<\/a><\/strong><\/span><\/h5>\n<p style=\"text-align: center;\"><span style=\"color: #000000;\"><strong>Zuzanna D\u0105browska<\/strong><\/span><\/p>\n<hr style=\"height: 15px; background: #d0e6fa; width: 100%;\" \/>\n<h4 style=\"text-align: center;\"><span style=\"color: #000080;\"><br \/>\n<span style=\"color: #808080;\"><strong>Rz\u0105d PiS nie chce absolutnie niczego zawdzi\u0119cza\u0107 Unii Europejskiej. Nawet je\u015bli mia\u0142oby to pom\u00f3c w kryzysie uchod\u017aczym.<\/strong><\/span><\/span><\/h4>\n<p style=\"text-align: left;\"><span style=\"color: #000080;\">.<br \/>\nWyobra\u017amy sobie, ot, cho\u0107by w ramach terapeutycznego \u0107wiczenia, \u017ce mog\u0142oby by\u0107 inaczej. Zamiast przepe\u0142nionych dworc\u00f3w i punkt\u00f3w recepcyjnych oraz s\u0142aniaj\u0105cych si\u0119 na nogach ze zm\u0119czenia wolontariuszy, a przede wszystkim umordowanych, martwi\u0105cych si\u0119 o przysz\u0142o\u015b\u0107 uchod\u017ac\u00f3w, pa\u0144stwo po ponad trzech tygodniach mog\u0142oby zadzia\u0142a\u0107 sprawniej, a UE udzieli\u0107 nam profesjonalnej pomocy. Autobusy i poci\u0105gi udekorowane europejskimi i ukrai\u0144skimi flagami odbiera\u0142yby ludzi z wi\u0119kszych miast i wioz\u0142y w kierunku, i w takiej liczbie, jaki wynika\u0142by ze zg\u0142osze\u0144 poszczeg\u00f3lnych pa\u0144stw cz\u0142onkowskich. Zg\u0142oszenia przyjmowano by w ramach mechanizmu relokacji. Nawet jest ju\u017c odpowiedni instrument, nazwany bardzo po polsku \u2013 \u201eplatform\u0105 solidarno\u015bci\u201d. Powsta\u0142aby wtedy szybko europejska ewidencja miejsc, a mo\u017ce nawet specjalna aplikacja na urz\u0105dzenia mobilne dla uchod\u017ac\u00f3w informuj\u0105ca o mo\u017cliwo\u015bciach i zrozumia\u0142a, bo stworzona po ukrai\u0144sku. Tak, wiem, \u017ce to obraz utopijny i \u017ce przy \u017cadnym jeszcze kryzysie humanitarnym tak si\u0119 nie sta\u0142o. Ale czy nie mo\u017cna by wreszcie czego\u015b si\u0119 nauczy\u0107?<\/span><\/p>\n<p style=\"text-align: left;\"><span style=\"color: #000080;\">Na wybuch wojny trudno si\u0119 przygotowa\u0107, cho\u0107 historia pokazuje, \u017ce w czasach niespokojnych dobrze mie\u0107 pe\u0142ny bak w aucie. Zrozumia\u0142e jest, te\u017c, \u017ce na pocz\u0105tku tej wojny na granicy polsko-ukrai\u0144skiej zapanowa\u0142 chaos \u2013 po obu stronach. Ale nie jest zrozumia\u0142e, dlaczego narz\u0119dzia, kt\u00f3re zosta\u0142y przygotowane na takie w\u0142a\u015bnie dramatyczne okazje, nie dzia\u0142aj\u0105 wcale. Wszystko jest zrywem, odruchem serca, okazaniem pozytywnych emocji. To zbyt ma\u0142o, by zorganizowa\u0107 milionom os\u00f3b \u017cycie przez nast\u0119pny rok.<\/span><\/p>\n<p style=\"text-align: left;\"><span style=\"color: #000080;\">Polski rz\u0105d i partia rz\u0105dz\u0105ca z nieznanych przyczyn maj\u0105 alergi\u0119 na s\u0142owo \u201erelokacja\u201d. Kojarzy im si\u0119 pewnie z hordami ciemnosk\u00f3rych m\u0142odych m\u0119\u017cczyzn napadaj\u0105cych na sklepy i gwa\u0142c\u0105cych kobiety. Ulegaj\u0105 propagandzie, kt\u00f3r\u0105 sami stworzyli w TVP. Ta fobia (kwalifikuj\u0105ca si\u0119 do szybkiej terapii) to odzwierciedlenie w\u0142asnych strach\u00f3w, zahamowa\u0144 i projekcji. Czy naprawd\u0119 dlatego, \u017ce kiedy\u015b, hipotetycznie w ramach \u201eplatformy solidarno\u015bci\u201d, powinni\u015bmy przyj\u0105\u0107 innych uchod\u017ac\u00f3w, np. (strach pomy\u015ble\u0107!) o innym kolorze sk\u00f3ry, to dzi\u015b ukrai\u0144skie matki z dzie\u0107mi nie mog\u0105 skorzysta\u0107 z mechanizmu relokacji? A mo\u017ce jest jeszcze jaka\u015b inna przyczyna?<\/span><\/p>\n<p style=\"text-align: left;\"><span style=\"color: #000080;\">Obawiam si\u0119, \u017ce tak. Nie chcemy integrowa\u0107 si\u0119 z Uni\u0105 bardziej ni\u017c to konieczne, czyli by podr\u00f3\u017cowa\u0107 po Europie bez paszportu i by\u0107 beneficjentem funduszy. Cho\u0107 nawet i to nie wychodzi nam dobrze. A nade wszystko rz\u0105d absolutnie niczego nie chce Unii zawdzi\u0119cza\u0107. Krzyczy wi\u0119c g\u0142o\u015bno, \u017ce nie daj\u0105 nam pieni\u0119dzy z Funduszu Odbudowy, a nie wykorzystuje tych \u015brodk\u00f3w, kt\u00f3re na cele humanitarne mo\u017cna przeznaczy\u0107 ju\u017c teraz. Niech\u0119\u0107 ta jest posuni\u0119ta tak daleko, \u017ce nawet na czekach uroczy\u015bcie wr\u0119czanych par\u0119 miesi\u0119cy temu gminom przez premiera Mateusza Morawieckiego zapomniano dopisa\u0107, kto je funduje, i musia\u0142a interweniowa\u0107 Komisja Europejska. Wi\u0119c autobusy, samoloty i poci\u0105gi sprawnie relokuj\u0105ce uchod\u017ac\u00f3w pod europejsk\u0105 flag\u0105 to z\u0142y sen rz\u0105dz\u0105cych. A mo\u017ce by elektorat uwierzy\u0142, \u017ce ta Wsp\u00f3lnota jest nam do czego\u015b potrzebna? I kto wtedy wygra\u0142by wybory?<\/span><\/p>\n<hr style=\"height: 15px; background: #d0e6fa; width: 100%;\" \/>\n<div id=\"content\" class=\"content-alignment\">\n<div id=\"watch-description\" class=\"yt-uix-button-panel\">\n<div id=\"watch-description-text\" style=\"text-align: center;\">\n<p><em>Zawarto\u015b\u0107 publikowanych artyku\u0142\u00f3w i materia\u0142\u00f3w nie reprezentuje pogl\u0105d\u00f3w ani opinii Reunion&#8217;68,<\/em><em><br \/>\nani te\u017c webmastera Blogu Reunion&#8217;68, chyba ze jest to wyra\u017anie zaznaczone.<br \/>\nTwoje uwagi, linki, w\u0142asne artyku\u0142y lub wiadomo\u015bci prze\u015blij na adres:<br \/>\n<\/em><span style=\"color: #000080;\"><strong><em><a style=\"color: #000080;\" href=\"mailto:webmaster@reunion68.com\"><span style=\"text-decoration: underline;\">webmaster@reunion68.com<\/span><\/a><\/em><\/strong><\/span><\/p>\n<\/div>\n<\/div>\n<\/div>\n<hr style=\"width: 100%;\" \/>\n","protected":false},"excerpt":{"rendered":"<p>Foto: Fotorzepa\/ Pawe\u0142 Rochowicz Alergia relokacyjna Zuzanna D\u0105browska Rz\u0105d PiS nie chce absolutnie niczego zawdzi\u0119cza\u0107 Unii Europejskiej. Nawet je\u015bli mia\u0142oby to pom\u00f3c w kryzysie uchod\u017aczym. . Wyobra\u017amy sobie, ot, cho\u0107by w ramach terapeutycznego \u0107wiczenia, \u017ce mog\u0142oby by\u0107 inaczej. Zamiast przepe\u0142nionych dworc\u00f3w i punkt\u00f3w recepcyjnych oraz s\u0142aniaj\u0105cych si\u0119 na nogach ze zm\u0119czenia wolontariuszy, a przede wszystkim [&hellip;]<\/p>\n","protected":false},"author":1,"featured_media":0,"comment_status":"closed","ping_status":"closed","sticky":false,"template":"","format":"standard","meta":[],"categories":[6],"tags":[26,24],"_links":{"self":[{"href":"https:\/\/www.reunion68.se\/index.php?rest_route=\/wp\/v2\/posts\/94013"}],"collection":[{"href":"https:\/\/www.reunion68.se\/index.php?rest_route=\/wp\/v2\/posts"}],"about":[{"href":"https:\/\/www.reunion68.se\/index.php?rest_route=\/wp\/v2\/types\/post"}],"author":[{"embeddable":true,"href":"https:\/\/www.reunion68.se\/index.php?rest_route=\/wp\/v2\/users\/1"}],"replies":[{"embeddable":true,"href":"https:\/\/www.reunion68.se\/index.php?rest_route=%2Fwp%2Fv2%2Fcomments&post=94013"}],"version-history":[{"count":3,"href":"https:\/\/www.reunion68.se\/index.php?rest_route=\/wp\/v2\/posts\/94013\/revisions"}],"predecessor-version":[{"id":94026,"href":"https:\/\/www.reunion68.se\/index.php?rest_route=\/wp\/v2\/posts\/94013\/revisions\/94026"}],"wp:attachment":[{"href":"https:\/\/www.reunion68.se\/index.php?rest_route=%2Fwp%2Fv2%2Fmedia&parent=94013"}],"wp:term":[{"taxonomy":"category","embeddable":true,"href":"https:\/\/www.reunion68.se\/index.php?rest_route=%2Fwp%2Fv2%2Fcategories&post=94013"},{"taxonomy":"post_tag","embeddable":true,"href":"https:\/\/www.reunion68.se\/index.php?rest_route=%2Fwp%2Fv2%2Ftags&post=94013"}],"curies":[{"name":"wp","href":"https:\/\/api.w.org\/{rel}","templated":true}]}}