{"id":94019,"date":"2022-03-22T17:09:25","date_gmt":"2022-03-22T15:09:25","guid":{"rendered":"http:\/\/www.reunion68.se\/?p=94019"},"modified":"2022-03-22T15:51:17","modified_gmt":"2022-03-22T13:51:17","slug":"30-09-59","status":"publish","type":"post","link":"https:\/\/www.reunion68.se\/?p=94019","title":{"rendered":"Doktorze, czy pan jest putinowskim trollem?"},"content":{"rendered":"<p style=\"text-align: center;\"><img decoding=\"async\" class=\"aligncenter\" src=\"https:\/\/bi.im-g.pl\/im\/8d\/ed\/1a\/z28236685V,August-Grabski-w-2011-r--podczas-debaty-w-Zydowski.jpg\" width=\"100%\" \/><span style=\"color: #808080;\"><em>August Grabski w 2011 r. podczas debaty w \u017bydowskim Instytucie Historycznym (Fot. Wojciech Olku\u015bnik \/ Agencja Wyborcza.pl)<\/em><\/span><\/p>\n<hr \/>\n<h5 style=\"text-align: center;\"><a href=\"https:\/\/wyborcza.pl\/\" target=\"_blank\" rel=\"noopener noreferrer\"><img decoding=\"async\" class=\"center alignleft\" src=\"http:\/\/www.reunion68.com\/Biuletyn\/img\/wyborcza-ale.png\" alt=\"\" width=\"35%\" \/><\/a><span style=\"text-decoration: underline; color: #000080;\"><strong><a style=\"color: #000080; text-decoration: underline;\" href=\"https:\/\/wyborcza.pl\/alehistoria\/7,121681,28236358,doktorze-czy-pan-jest-proputinowskim-trollem.html\" target=\"_blank\" rel=\"noopener noreferrer\">Doktorze, czy pan jest putinowskim trollem?<\/a><\/strong><\/span><\/h5>\n<p style=\"text-align: center;\"><span style=\"color: #000000;\"><strong>Piotr G\u0142uchowski<\/strong><\/span><\/p>\n<hr style=\"height: 15px; background: #d0e6fa; width: 100%;\" \/>\n<h4 style=\"text-align: center;\"><span style=\"color: #808080;\"><strong>&#8211; To, co napisa\u0142 dr August Grabski, uwa\u017cam za przera\u017caj\u0105ce. I wielu moich koleg\u00f3w, nie tylko historyk\u00f3w, jest podobnego zdania: tej sprawy nie mo\u017cemy odpu\u015bci\u0107 &#8211; m\u00f3wi prof. Jerzy Kochanowski, historyk z UW.<\/strong><\/span><\/h4>\n<p>.<\/p>\n<p class=\"art_paragraph\" style=\"text-align: left;\"><span style=\"color: #000080;\">\u201eMaksymalne straty w\u015br\u00f3d ludno\u015bci cywilnej s\u0105 w politycznym interesie banderowskiej ekipy Ze\u0142enskiego i NATO&#8221; \u2013 napisa\u0142 na Facebooku, dodaj\u0105c smutn\u0105 bu\u017ak\u0119, dr August Grabski, historyk z Uniwersytetu Warszawskiego.<\/span><\/p>\n<p class=\"art_paragraph\" style=\"text-align: left;\"><span style=\"color: #000080;\">Grabski, pracownik naukowy Instytutu Historycznego Uniwersytetu Warszawskiego, jest by\u0142ym wiceprzewodnicz\u0105cym rady naukowej \u017bydowskiego Instytutu Historycznego, ekspertem sejmowej komisji mniejszo\u015bci narodowych i etnicznych oraz cz\u0142onkiem redakcji pisma \u201eStudia z Geografii Politycznej i Historycznej&#8221;. Wyda\u0142 kilkana\u015bcie prac o historii Holokaustu, o syjonizmie, trockizmie i komunizmie. W 2015 r. zosta\u0142 odznaczony przez minister Ma\u0142gorzat\u0119 Omilanowsk\u0105 orderem Zas\u0142u\u017cony dla Kultury Polskiej.<\/span><\/p>\n<div class=\"paywall\">\n<p class=\"art_paragraph\" style=\"text-align: left;\"><span style=\"color: #000080;\">Kopia jego wpisu kr\u0105\u017cy pomi\u0119dzy warszawskimi historykami. S\u0105 oburzeni.<\/span><\/p>\n<p style=\"text-align: center;\"><img decoding=\"async\" class=\"aligncenter\" src=\"https:\/\/bi.im-g.pl\/im\/58\/ed\/1a\/z28236376IH,August-Grabski---wpis-na-Facebooku.jpg\" alt=\"August Grabski - wpis na Facebooku\" width=\"100%\" \/><span style=\"color: #808080;\"><em><span class=\"photoTitle\">August Grabski &#8211; wpis na Facebooku<\/span>\u00a0<\/em><\/span><\/p>\n<\/div>\n<p class=\"art_paragraph\" style=\"text-align: left;\"><span style=\"color: #000080;\">Prof. Jerzy Kochanowski, historyk z UW, b. naczelny pisma \u201eM\u00f3wi\u0105 Wieki&#8221;:\u00a0\u2013 Sprawa jest ju\u017c g\u0142o\u015bna w Instytucie Historii i nie tylko. Uwa\u017cam, \u017ce nale\u017cy j\u0105 podnie\u015b\u0107 na szerszym forum, \u017ceby nie sko\u0144czy\u0142o si\u0119 jedynie rozmow\u0105 dyscyplinuj\u0105c\u0105 z doktorem Grabskim. Bo to, co napisa\u0142, uwa\u017cam za przera\u017caj\u0105ce. I wielu moich koleg\u00f3w, nie tylko historyk\u00f3w, jest podobnego zdania: tej sprawy nie mo\u017cemy odpu\u015bci\u0107. Sam si\u0119 zastanawiam nad zg\u0142oszeniem doktora do Uczelnianej Komisji Dyscyplinarnej.<\/span><\/p>\n<h5 class=\"art_sub_title\" style=\"text-align: left;\"><strong>August Grabski: \u201eMam odwag\u0119 m\u00f3wi\u0107 prawd\u0119&#8221;<\/strong><\/h5>\n<p class=\"art_paragraph\" style=\"text-align: left;\"><span style=\"color: #000080;\">Dzwoni\u0119 do Grabskiego. Nie wypiera si\u0119 autorstwa wpisu, nie zmieni\u0142 r\u00f3wnie\u017c zdania.<\/span><\/p>\n<p class=\"art_paragraph\" style=\"text-align: left;\"><span style=\"color: #000080;\"><strong><span style=\"color: #000000;\">\u2013 Mam rodzin\u0119 w Tarnopolu<\/span><\/strong> \u2013 zaczyna. <strong>\u2013 <span style=\"color: #000000;\">Moi przodkowie walczyli o niepodleg\u0142o\u015b\u0107 Ukrainy, gin\u0119li za ni\u0105. I dlatego mi si\u0119 nie podoba, \u017ce tam stoj\u0105 dos\u0142ownie setki pomnik\u00f3w masowych morderc\u00f3w Polak\u00f3w i \u017byd\u00f3w.\u00a0<\/span><\/strong><\/span><\/p>\n<p class=\"art_paragraph\" style=\"text-align: left;\"><span style=\"color: #000080;\">\u2013 Kogo pan ma na my\u015bli?\u00a0<\/span><\/p>\n<p class=\"art_paragraph\" style=\"text-align: left;\"><strong><span style=\"color: #000080;\">\u2013 <span style=\"color: #000000;\">Bander\u0119 i Szuchewycza. By\u0142 pan w og\u00f3le we Lwowie?<\/span><\/span><\/strong><\/p>\n<p class=\"art_paragraph\" style=\"text-align: left;\"><span style=\"color: #000080;\">\u2013 By\u0142em.\u00a0<\/span><\/p>\n<p class=\"art_paragraph\" style=\"text-align: left;\"><strong><span style=\"color: #000080;\">\u2013 <span style=\"color: #000000;\">To zna pan ko\u015bci\u00f3\u0142 \u015bw. El\u017cbiety opiewany cho\u0107by w \u201eMarszu lwowskich dzieci&#8221;. Kilkaset metr\u00f3w od tego ko\u015bcio\u0142a stoi pomnik Bandery \u2013 mordercy polskich dzieci. I to jest, niestety, \u017ar\u00f3d\u0142o obecnej ukrai\u0144skiej to\u017csamo\u015bci narodowej.<\/span><\/span><\/strong><\/p>\n<p class=\"art_paragraph\" style=\"text-align: left;\"><span style=\"color: #000080;\">\u2013 Nie s\u0105dzi pan, \u017ce dzi\u015b nie jest czas na to, aby\u2026\u00a0<\/span><\/p>\n<p class=\"art_paragraph\" style=\"text-align: left;\"><strong><span style=\"color: #000000;\">\u2013 Jak chce pan ode mnie co\u015b wi\u0119cej, poprosz\u0119 pytania mailem. Aby si\u0119 potem nie okaza\u0142o, \u017ce jestem jakim\u015b proputinowskim wariatem.\u00a0<\/span><\/strong><\/p>\n<p class=\"art_paragraph\" style=\"text-align: left;\"><span style=\"color: #000080;\">\u2013 A nie jest pan?<\/span><\/p>\n<p class=\"art_paragraph\" style=\"text-align: left;\"><strong><span style=\"color: #000000;\">\u2013 Nie jestem. Po prostu mam odwag\u0119 m\u00f3wi\u0107 prawd\u0119 tam, gdzie inni si\u0119 boj\u0105. Prosz\u0119 wys\u0142a\u0107 mail.\u00a0<\/span><\/strong><\/p>\n<p class=\"art_paragraph\" style=\"text-align: left;\"><span style=\"color: #000080;\">Wysy\u0142am:<\/span><\/p>\n<ul>\n<li class=\"art_paragraph\" style=\"text-align: left;\"><span style=\"color: #000080;\">Dlaczego uznaje pan ekip\u0119 prezydenta Ze\u0142enskiego za \u201ebanderowsk\u0105&#8221;?<\/span><\/li>\n<li class=\"art_paragraph\"><span style=\"color: #000080;\">Czy teza, wedle kt\u00f3rej \u201emaksymalne straty w\u015br\u00f3d ludno\u015bci cywilnej&#8221; s\u0105 korzystne dla obecnych w\u0142adz Ukrainy, nie jest aby objawem okrutnego cynizmu z Pana strony?<\/span><\/li>\n<li class=\"art_paragraph\"><span style=\"color: #000080;\">Czy nie uwa\u017ca Pan, \u017ce teraz nie czas krytykowa\u0107 Ze\u0142enskiego?<\/span><\/li>\n<li class=\"art_paragraph\"><span style=\"color: #000080;\">Czy zgodzi si\u0119 Pan, \u017ce wypowiedzi podobne do pa\u0144skiego wpisu s\u0105 na r\u0119k\u0119 Moskwie?<\/span><\/li>\n<\/ul>\n<p class=\"art_paragraph\"><span style=\"color: #000080;\">Czekaj\u0105c na odpowied\u017a, od\u015bwie\u017cam wiedz\u0119 na temat Stepana Bandery i Romana Szuchewycza.<\/span><\/p>\n<h5 class=\"art_sub_title\" style=\"text-align: left;\"><strong>Na ilu coko\u0142ach stoj\u0105 Bandera i Szuchewycz?\u00a0<\/strong><\/h5>\n<p class=\"art_paragraph\" style=\"text-align: left;\"><span style=\"color: #000080;\">Obaj s\u0105 \u015bwietnie znani. Bandera, przed wojn\u0105 przewodnicz\u0105cy frakcji Organizacji Ukrai\u0144skich Nacjonalist\u00f3w (OUN-B), organizowa\u0142 w Polsce zamachy terrorystyczne \u2013 m.in. na ministra spraw wewn\u0119trznych Bronis\u0142awa Pierackiego, za co dosta\u0142 w 1936 r. do\u017cywocie. Wypuszczony we wrze\u015bniu 1939 r. wr\u00f3ci\u0142 do konspiracji \u2013 teraz przeciwko Sowietom.<\/span><\/p>\n<p class=\"art_paragraph\" style=\"text-align: left;\"><span style=\"color: #000080;\">Szuchewycz r\u00f3wnie\u017c organizowa\u0142 zamachy, m.in. na polskiego kuratora o\u015bwiaty we Lwowie (1926), s\u0105dzony wraz z Bander\u0105 i innymi OUN-owcami, odsiedzia\u0142 trzy lata.<\/span><\/p>\n<p class=\"art_paragraph\" style=\"text-align: left; padding-left: 40px;\"><span style=\"color: #000080;\">Wiosn\u0105 1941 r. Niemcy\u00a0\u2013 planuj\u0105cy atak na Zwi\u0105zek Sowiecki \u2013 powo\u0142ali do \u017cycia dwa ukrai\u0144skie bataliony Wehrmachtu \u2013 Roland i Nachtigall (S\u0142owik). Bandera zaj\u0105\u0142 si\u0119 ich organizacj\u0105, Szuchewycz zosta\u0142 zast\u0119pc\u0105 niemieckiego dow\u00f3dcy S\u0142owika. Po wkroczeniu batalion\u00f3w do Lwowa na prze\u0142omie czerwca i lipca 1941 r. <strong>Bandera z Szuchewyczem og\u0142osili niepodleg\u0142o\u015b\u0107 Ukrainy, ale pa\u0144stwo Niemcy skasowali po 12 dniach istnienia.<\/strong> Oba bataliony rozwi\u0105zano. <strong>Bander\u0119 Niemcy osadzili w Sachsenhausen,<\/strong> <strong>Szuchewycz przeszed\u0142 do 201. batalionu policyjnego, kt\u00f3ry walczy\u0142 z sowieck\u0105 partyzantk\u0105.<\/strong> W 1943 r. zszed\u0142 do podziemia i kontynuowa\u0142 walk\u0119 z Sowietami w szeregach UPA. <strong>NKWD wytropi\u0142o go i zabi\u0142o w marcu 1950 r<\/strong>. <strong>Bander\u0119 zastrzeli\u0142 w 1959 r. w Monachium zawodowy morderca z KGB.\u00a0<\/strong><\/span><\/p>\n<p class=\"art_paragraph\" style=\"text-align: left;\"><span style=\"color: #000080;\">Nas interesuje odpowiedzialno\u015b\u0107 obu za rzezie na Wo\u0142yniu i w Galicji Wschodniej. Bandera siedzia\u0142 do wrze\u015bnia 1944 r. w Sachsenhausen, wi\u0119c jego win\u0119 mo\u017cna rozpatrywa\u0107 jedynie w kategoriach moralnych. Szuchewycz nie ma czystej karty. Zdaniem prof. Grzegorza Motyki zaakceptowa\u0142\u00a0post factum\u00a0decyzj\u0119 o mordach na Polakach.<\/span><\/p>\n<p class=\"art_paragraph\" style=\"text-align: left;\"><span style=\"color: #000080;\">Tym niemniej m\u00f3wi\u0105c o \u201esetkach&#8221; pomnik\u00f3w Szuchewycza i Bandery w dzisiejszej Ukrainie, dr Grabski przesadza. Jest ich kilkadziesi\u0105t. Szuchewycz ma cztery \u2013 m.in. we Lwowie i w podlwowskim Bi\u0142horoszczu, gdzie poleg\u0142. W Krakowcu dzia\u0142a szko\u0142a jego imienia.\u00a0Bandera stoi na ok. 50 coko\u0142ach.<\/span><\/p>\n<p class=\"art_paragraph\" style=\"text-align: left;\"><span style=\"color: #000080;\">Kult Bandery i Szuchewycza nie jest jednak og\u00f3lnoukrai\u0144ski. Nie istnieje na rosyjskoj\u0119zycznym wschodzie kraju, gdzie UPA i OUN s\u0105 raczej pot\u0119piane. Koncentruje si\u0119 na zachodzie, g\u0142\u00f3wnie w rejonach, w kt\u00f3rych dzia\u0142a\u0142a UPA. Muzea po\u015bwi\u0119cone Banderze dzia\u0142aj\u0105 w Stryju, Uhrynowie Starym i Dublanach.<\/span><\/p>\n<h5 class=\"art_sub_title\" style=\"text-align: left;\"><strong>Co powinni wiedzie\u0107 g\u0142osiciele antyputinowskiej krucjaty?<\/strong><\/h5>\n<h4 class=\"art_paragraph\"><span style=\"color: #808080;\"><strong>Dr Grabski w mailu pisze tak:\u00a0<\/strong><\/span><\/h4>\n<p class=\"art_paragraph\" style=\"padding-left: 40px;\"><strong>\u201eW mojej wypowiedzi po prostu ubolewam, \u017ce popularno\u015b\u0107 sprawy ukrai\u0144skiej ro\u015bnie w miar\u0119 liczby cywilnych ofiar. Gdyby w tej wojnie zgin\u0119\u0142o kilku cywili a nie tysi\u0105ce nie by\u0142aby ona tak wa\u017cna w mi\u0119dzynarodowej polityce czy mediach. Stwierdzenie, kt\u00f3re tak wielu oburzy\u0142o, pad\u0142o [natomiast] w kontek\u015bcie dyskusji, czy Kij\u00f3w potrzebuje teraz obrony na wz\u00f3r powstania warszawskiego (w kt\u00f3rym zgin\u0119\u0142o raptem 2 tys. Niemc\u00f3w ale by\u0107 mo\u017ce a\u017c 200 tys. polskiej ludno\u015bci). Jestem przeciwny has\u0142om, kt\u00f3re sprowadzaj\u0105 si\u0119 do tego, \u017ce Polska, EU czy Zach\u00f3d mia\u0142by walczy\u0107 z Rosj\u0105 do\u2026 ostatniego Ukrai\u0144ca (\u2026)\u00a0<\/strong><\/p>\n<blockquote class=\"art_blockquote\"><p><strong>Uwa\u017cam, \u017ce im szybciej dojdzie do rozwi\u0105zania dyplomatycznego za cen\u0119 ukrai\u0144skiej neutralno\u015bci, tym lepiej.<\/strong><\/p><\/blockquote>\n<p class=\"art_paragraph\" style=\"text-align: left; padding-left: 40px;\"><span style=\"color: #000000;\"><strong>Tymczasem dla wielu gorliwych g\u0142osicieli anty-putinowskiej krucjaty sprawa Ukrainy jest wa\u017cna, ale dopiero od miesi\u0105ca i b\u0119dzie jeszcze miesi\u0105c. Dla nich to cz\u0119sto kwestia nienawi\u015bci do Rosji, a dla mnie to sprawa bezpiecze\u0144stwa ludzi, w tym mojej rodziny [w Ukrainie]. Niestety nie wiemy, ile zostanie za kilka miesi\u0119cy z obecnej nag\u0142ej mi\u0142o\u015bci Polak\u00f3w do Ukrai\u0144c\u00f3w.\u00a0<\/strong><\/span><\/p>\n<p class=\"art_paragraph\" style=\"text-align: left; padding-left: 40px;\"><span style=\"color: #000000;\"><strong>(\u2026) Dzi\u015b ka\u017cde krytyczne my\u015blenie, wy\u0142amywanie si\u0119 z nacjonalistycznego konsensusu, dystans wobec rozwi\u0105za\u0144 militarnych (\u2026) sprzeciw wobec niszczenia pomnik\u00f3w i cmentarzy Armii Czerwonej (gdzie zwykle le\u017cy przynajmniej kilkana\u015bcie procent Ukrai\u0144c\u00f3w) mo\u017ce narazi\u0107 na zarzut bycia \u201eagentem Putina&#8221;. [Tymczasem] ka\u017cdy, kto by\u0142 na Ukrainie, widzia\u0142 tam pomniki Bandery, Szuchewycza i dziesi\u0105tki upami\u0119tnie\u0144 pomniejszych ideolog\u00f3w (\u2026) OUN\/UPA. Ta tradycja jest silna [i] daje argumenty Kremlowi. Nigdy w polskiej debacie publicznej nie ma dobrego czasu by o tym rozmawia\u0107, bo rzekomo szkodzi\u0142oby to stosunkom mi\u0119dzypa\u0144stwowym lub s\u0142u\u017cy\u0142o Moskwie. (\u2026) Przed wojn\u0105 nie mo\u017cna by\u0142o o tym m\u00f3wi\u0107, teraz tym bardziej, po wojnie te\u017c nie b\u0119dzie mo\u017cna&#8221;.<\/strong><\/span><\/p>\n<h5 class=\"art_sub_title\" style=\"text-align: left;\"><strong>By\u0142a rozmowa, pro\u015bba\u00a0i wniosek\u2026<\/strong><\/h5>\n<p class=\"art_paragraph\" style=\"text-align: left;\"><span style=\"color: #000080;\">Relacjonuj\u0119 spraw\u0119 i opini\u0119 dr. Grabskiego profesorowi \u0141ukaszowi Niesio\u0142owskiemu-Span\u00f2, dziekanowi Wydzia\u0142u Historii UW. Z tonu jego odpowiedzi wnioskuj\u0119, \u017ce nie darzy szacunkiem dr. Grabskiego, a jego wpis uwa\u017ca za skandal. Natomiast oficjalnie przekazuje mi jedynie takie stanowisko:<\/span><\/p>\n<p class=\"art_paragraph\" style=\"text-align: center;\"><strong><span style=\"color: #000080;\">\u2013 W zwi\u0105zku z internetowym wpisem poprosi\u0142em pana doktora o osobiste z\u0142o\u017cenie wyja\u015bnie\u0144. By\u0142 u mnie dzisiaj ze sw\u0105 prze\u0142o\u017con\u0105. Potwierdzi\u0142, \u017ce inkryminowany wpis to jego dzie\u0142o i zapewni\u0142, \u017ce wynika z osobi\u015bcie antywojennego stanowiska.<\/span><\/strong><\/p>\n<blockquote class=\"art_blockquote\"><p><strong>Poinformowa\u0142em go zatem, \u017ce szanuj\u0119 wolno\u015b\u0107 wypowiedzi, ale \u0142\u0105czenie prezydenta Ze\u0142enskiego z banderyzmem uznaj\u0119, delikatnie m\u00f3wi\u0105c, za niefortunne.<\/strong><\/p><\/blockquote>\n<p class=\"art_paragraph\" style=\"text-align: left;\"><span style=\"color: #000080;\">Rozmowa sko\u0144czy\u0142a si\u0119 z mojej strony pro\u015bb\u0105 i wnioskiem, by pan doktor powstrzyma\u0142 si\u0119 od wyg\u0142aszania radykalnych s\u0105d\u00f3w w kontek\u015bcie Ukrainy<\/span>.<\/p>\n<hr style=\"height: 15px; background: #d0e6fa; width: 100%;\" \/>\n<div id=\"content\" class=\"content-alignment\">\n<div id=\"watch-description\" class=\"yt-uix-button-panel\">\n<div id=\"watch-description-text\" style=\"text-align: center;\">\n<p><em>Zawarto\u015b\u0107 publikowanych artyku\u0142\u00f3w i materia\u0142\u00f3w nie reprezentuje pogl\u0105d\u00f3w ani opinii Reunion&#8217;68,<\/em><em><br \/>\nani te\u017c webmastera Blogu Reunion&#8217;68, chyba ze jest to wyra\u017anie zaznaczone.<br \/>\nTwoje uwagi, linki, w\u0142asne artyku\u0142y lub wiadomo\u015bci prze\u015blij na adres:<br \/>\n<\/em><span style=\"color: #000080;\"><strong><em><a style=\"color: #000080;\" href=\"mailto:webmaster@reunion68.com\"><span style=\"text-decoration: underline;\">webmaster@reunion68.com<\/span><\/a><\/em><\/strong><\/span><\/p>\n<\/div>\n<\/div>\n<\/div>\n<hr style=\"width: 100%;\" \/>\n","protected":false},"excerpt":{"rendered":"<p>August Grabski w 2011 r. podczas debaty w \u017bydowskim Instytucie Historycznym (Fot. Wojciech Olku\u015bnik \/ Agencja Wyborcza.pl) Doktorze, czy pan jest putinowskim trollem? Piotr G\u0142uchowski &#8211; To, co napisa\u0142 dr August Grabski, uwa\u017cam za przera\u017caj\u0105ce. I wielu moich koleg\u00f3w, nie tylko historyk\u00f3w, jest podobnego zdania: tej sprawy nie mo\u017cemy odpu\u015bci\u0107 &#8211; m\u00f3wi prof. Jerzy Kochanowski, [&hellip;]<\/p>\n","protected":false},"author":1,"featured_media":0,"comment_status":"closed","ping_status":"closed","sticky":false,"template":"","format":"standard","meta":[],"categories":[6],"tags":[26,24],"_links":{"self":[{"href":"https:\/\/www.reunion68.se\/index.php?rest_route=\/wp\/v2\/posts\/94019"}],"collection":[{"href":"https:\/\/www.reunion68.se\/index.php?rest_route=\/wp\/v2\/posts"}],"about":[{"href":"https:\/\/www.reunion68.se\/index.php?rest_route=\/wp\/v2\/types\/post"}],"author":[{"embeddable":true,"href":"https:\/\/www.reunion68.se\/index.php?rest_route=\/wp\/v2\/users\/1"}],"replies":[{"embeddable":true,"href":"https:\/\/www.reunion68.se\/index.php?rest_route=%2Fwp%2Fv2%2Fcomments&post=94019"}],"version-history":[{"count":5,"href":"https:\/\/www.reunion68.se\/index.php?rest_route=\/wp\/v2\/posts\/94019\/revisions"}],"predecessor-version":[{"id":94042,"href":"https:\/\/www.reunion68.se\/index.php?rest_route=\/wp\/v2\/posts\/94019\/revisions\/94042"}],"wp:attachment":[{"href":"https:\/\/www.reunion68.se\/index.php?rest_route=%2Fwp%2Fv2%2Fmedia&parent=94019"}],"wp:term":[{"taxonomy":"category","embeddable":true,"href":"https:\/\/www.reunion68.se\/index.php?rest_route=%2Fwp%2Fv2%2Fcategories&post=94019"},{"taxonomy":"post_tag","embeddable":true,"href":"https:\/\/www.reunion68.se\/index.php?rest_route=%2Fwp%2Fv2%2Ftags&post=94019"}],"curies":[{"name":"wp","href":"https:\/\/api.w.org\/{rel}","templated":true}]}}