{"id":94063,"date":"2022-04-19T17:05:50","date_gmt":"2022-04-19T15:05:50","guid":{"rendered":"http:\/\/www.reunion68.se\/?p=94063"},"modified":"2022-04-17T18:09:46","modified_gmt":"2022-04-17T16:09:46","slug":"02-05-75","status":"publish","type":"post","link":"https:\/\/www.reunion68.se\/?p=94063","title":{"rendered":"Will Cornell University Tolerate Anti-Israel Hate?"},"content":{"rendered":"<h5 style=\"text-align: center;\"><a href=\"https:\/\/www.algemeiner.com\" target=\"_blank\" rel=\"noopener noreferrer\"><img decoding=\"async\" class=\"center alignleft\" src=\"http:\/\/www.reunion68.com\/Biuletyn\/img\/algem.png\" alt=\"\" width=\"35%\"><\/a><span style=\"text-decoration: underline; color: #000080;\"><strong><a style=\"color: #000080; text-decoration: underline;\" href=\"https:\/\/www.algemeiner.com\/2022\/03\/24\/will-cornell-university-tolerate-anti-israel-hate\/\" target=\"_blank\" rel=\"noopener noreferrer\">Will Cornell University Tolerate Anti-Israel Hate?<\/a><\/strong><\/span><\/h5>\n<p style=\"text-align: center;\"><span style=\"color: #000000;\"><strong>Zoe Bernstein<\/strong><\/span><\/p>\n<hr style=\"height: 15px; background: #d0e6fa; width: 100%;\">\n<p style=\"text-align: center;\"><img decoding=\"async\" class=\"aligncenter\" src=\"https:\/\/www.algemeiner.com\/wp-content\/uploads\/2019\/04\/15157487973_e565bd7948_b-1.jpg\" width=\"100%\"><span style=\"color: #808080;\"><em>The clock tower at Cornell University. Photo: Clarice Oliveira.<\/em><\/span><\/p>\n<p style=\"text-align: left;\"><span style=\"color: #000080;\">On Friday, March 25, Cornell University\u2019s Students for Justice in Palestine (SJP) chapter and the Department of Near Eastern Studies plan to co-sponsor an event titled \u201cA Conversation With Mohammed El-Kurd.\u201d<\/span><\/p>\n<p style=\"text-align: left;\"><span style=\"color: #000080;\">It is inappropriate and deeply upsetting to see a Cornell department attaching their name to a speaker like El-Kurd<\/span><\/p>\n<p style=\"text-align: left;\"><span style=\"color: #000080;\">As a proud Jew and passionate Zionist, I implore my peers to do their due diligence in educating themselves in order to create an inclusive and accepting community on campus. And the Cornell administration should request that the Department of Near Eastern Studies remove their name from this event.<\/span><\/p>\n<p style=\"text-align: left;\"><span style=\"color: #000080;\">Mohammed El-Kurd is a Palestinian journalist, writer, and activist, infamous for making libelous and inflammatory remarks about Jewish people and the state of Israel.<\/span><\/p>\n<p style=\"text-align: left;\"><span style=\"color: #000080;\">As HonestReporting has documented for&nbsp;<a style=\"color: #000080;\" href=\"https:\/\/www.algemeiner.com\/2022\/03\/21\/deja-vu-journalist-transforms-palestinian-terrorist-into-victim-when-will-the-nation-draw-line\/\" target=\"_blank\" rel=\"noopener noreferrer\"><em>The Algemeiner:<\/em><\/a><\/span><\/p>\n<blockquote>\n<p style=\"text-align: left;\"><span style=\"color: #000000;\"><strong>El-Kurd [previously]&nbsp;<span style=\"text-decoration: underline; color: #000080;\"><a style=\"color: #000080; text-decoration: underline;\" href=\"https:\/\/twitter.com\/m7mdkurd\/status\/1391656013447696385\" target=\"_blank\" rel=\"noopener noreferrer\">posted a video to Twitter<\/a><\/span>&nbsp;that he claimed proved Israelis were \u201creadying themselves\u201d to \u201cinvade\u201d the Al-Aqsa Mosque. In reality, the clip showed Jews praying at the Western Wall. El-Kurd also&nbsp;<span style=\"text-decoration: underline;\"><span style=\"color: #000080; text-decoration: underline;\"><a style=\"color: #000080; text-decoration: underline;\" href=\"https:\/\/twitter.com\/emilykschrader\/status\/1408846590870265863\" target=\"_blank\" rel=\"noopener noreferrer\">disseminated a fake story<\/a><\/span>&nbsp;a<\/span>bout a stabbing attack by Israeli \u201csettlers.\u201d<\/strong><\/span><\/p>\n<\/blockquote>\n<p style=\"text-align: left;\"><span style=\"color: #000080;\">While I am extremely grateful that we live in a country that supports and celebrates free speech, it is crucial to contextualize speech, such as El-Kurd\u2019s, that is misguided and harmful. He has not just equated Israelis with Nazis but has done so in the vilest of ways,&nbsp;<a style=\"color: #000080;\" href=\"https:\/\/www.adl.org\/resources\/backgrounders\/mohammed-el-kurd\" target=\"_blank\" rel=\"noopener noreferrer\">alleging<\/a>&nbsp;that they \u201care the sadistic barbaric neonazi [sic] pigs that claim to be indigenous to our land,\u201d and then stated that \u201c\u200b\u200b<a style=\"color: #000080;\" href=\"https:\/\/www.adl.org\/resources\/backgrounders\/mohammed-el-kurd\" target=\"_blank\" rel=\"noopener noreferrer\">I dont care<\/a>&nbsp;who this offends they have completely internalized the ways of the nazis.\u201d<\/span><\/p>\n<p style=\"text-align: left;\"><span style=\"color: #000080;\">It is indisputable that the conflict between Israelis and Palestinians is extremely tense, personal, and emotional; however, to unleash ad hominem attacks and make sweeping generalizations about millions of people and then to subsequently proclaim not to care who it offends, is not behavior that should be welcomed on any decent college campus.<\/span><\/p>\n<p style=\"text-align: left;\"><span style=\"color: #000080;\">Furthermore, El-Kurd has made it a habit of speaking grotesquely about Israelis,&nbsp;<a style=\"color: #000080;\" href=\"https:\/\/www.adl.org\/resources\/backgrounders\/mohammed-el-kurd\" target=\"_blank\" rel=\"noopener noreferrer\">claiming<\/a>&nbsp;that they have an \u201cunquenchable thirst for Palestinian blood\u201d and that \u201cthey [Israelis] harvest organs of the martyred [Palestinians], feed their warriors our own.\u201d<\/span><\/p>\n<p style=\"text-align: left;\"><span style=\"color: #000080;\">If that was not enough, El-Kurd has&nbsp;<a style=\"color: #000080;\" href=\"https:\/\/twitter.com\/m7mdkurd\/status\/1425077313230852097\" target=\"_blank\" rel=\"noopener noreferrer\">tweeted<\/a>&nbsp;that \u201cdishonesty has always been integral to the Zionist project,\u201d and \u201c<a style=\"color: #000080;\" href=\"https:\/\/twitter.com\/m7mdkurd\/status\/1483655080498933767\" target=\"_blank\" rel=\"noopener noreferrer\">f***<\/a>&nbsp;the genocidal death cult that is Zionism.\u201d<\/span><\/p>\n<p style=\"text-align: left;\"><span style=\"color: #000080;\">These comments are not only ignorant but incite hate, are counterfactual, and more so, libelous.<\/span><\/p>\n<p style=\"text-align: left;\"><span style=\"color: #000080;\">In further racist language \u2014 that a university would not allow if directed at any other group \u2014 El-Kurd has also&nbsp;<a style=\"color: #000080;\" href=\"https:\/\/twitter.com\/m7mdkurd\/status\/1357103868996370433\" target=\"_blank\" rel=\"noopener noreferrer\">asked<\/a>: \u201cHow are Israelis gonna say they\u2019re indigenous to Palestine but can\u2019t walk outside without getting sunburned?\u201d El-Kurd questions the indigeneity of the Jewish people, rewriting history to push his hateful agenda.<\/span><\/p>\n<p style=\"text-align: left;\"><span style=\"color: #000080;\">Zionism is simply the&nbsp;<span style=\"text-decoration: underline;\"><strong><a style=\"color: #000080; text-decoration: underline;\" href=\"https:\/\/www.adl.org\/resources\/glossary-terms\/zionism\" target=\"_blank\" rel=\"noopener noreferrer\">movement supporting Jewish self-determination in the land of Israel<\/a>;<\/strong><\/span> there were no hidden intentions or underlying plans to displace anyone, nor to stage any covert or hostile takeover. The only reason there is not a Palestinian state is because when one was created in 1948 by the UN Partition Plan, the Palestinians and Arab states rejected it, trying to commit genocide against all the Jews in the area. When they lost their war of extermination, they lost their state. And the Palestinians have turned down repeated offers for a state, because they do not wish to renounce terrorism, or their ultimate goal of Israel\u2019s destruction.<\/span><\/p>\n<p style=\"text-align: left;\"><span style=\"color: #000080;\">El-Kurd has&nbsp;<a style=\"color: #000080;\" href=\"https:\/\/twitter.com\/m7mdkurd\/status\/1501249725219016705\" target=\"_blank\" rel=\"noopener noreferrer\" data-saferedirecturl=\"https:\/\/www.google.com\/url?q=https:\/\/twitter.com\/m7mdkurd\/status\/1501249725219016705&amp;source=gmail&amp;ust=1648222370968000&amp;usg=AOvVaw1xsKmPImM5khZgzSdFBvaf\">tweeted<\/a>&nbsp;that \u201cThere is no geography in which a two-state solution is conceivable,\u201d despite&nbsp;<a style=\"color: #000080;\" href=\"https:\/\/www.brookings.edu\/blog\/markaz\/2016\/01\/15\/two-states-four-paths-for-achieving-them\/\" target=\"_blank\" rel=\"noopener noreferrer\" data-saferedirecturl=\"https:\/\/www.google.com\/url?q=https:\/\/www.brookings.edu\/blog\/markaz\/2016\/01\/15\/two-states-four-paths-for-achieving-them\/&amp;source=gmail&amp;ust=1648222370968000&amp;usg=AOvVaw18uST3A1qvgjm3OsVnryiK\">multiple<\/a>&nbsp;proposed plans that detail just the opposite. Furthermore,&nbsp;<a style=\"color: #000080;\" href=\"https:\/\/twitter.com\/m7mdkurd\/status\/1501249725219016705\" target=\"_blank\" rel=\"noopener noreferrer\" data-saferedirecturl=\"https:\/\/www.google.com\/url?q=https:\/\/twitter.com\/m7mdkurd\/status\/1501249725219016705&amp;source=gmail&amp;ust=1648222370968000&amp;usg=AOvVaw1xsKmPImM5khZgzSdFBvaf\">proclaiming<\/a>&nbsp;that the \u201cexplicit goal of the Zionist project has always been to replace the native with the settler\u201d is a lie that strips the more than&nbsp;<a style=\"color: #000080;\" href=\"https:\/\/web.archive.org\/web\/20140203172044\/http:\/www1.cbs.gov.il\/publications13\/yarhon0413\/pdf\/b1.pdf\" target=\"_blank\" rel=\"noopener noreferrer\" data-saferedirecturl=\"https:\/\/www.google.com\/url?q=https:\/\/web.archive.org\/web\/20140203172044\/http:\/www1.cbs.gov.il\/publications13\/yarhon0413\/pdf\/b1.pdf&amp;source=gmail&amp;ust=1648222370968000&amp;usg=AOvVaw3Q3W0R7FxxT4QxI5S_rX6s\">half of Israeli Jews<\/a>&nbsp;who are of&nbsp;<em>Mizrahi&nbsp;<\/em>descent of their identity \u2014 not to mention the fact that Jews are&nbsp;<a style=\"color: #000080;\" href=\"https:\/\/nsuworks.nova.edu\/cgi\/viewcontent.cgi?article=1442&amp;context=pcs\" target=\"_blank\" rel=\"noopener noreferrer\" data-saferedirecturl=\"https:\/\/www.google.com\/url?q=https:\/\/nsuworks.nova.edu\/cgi\/viewcontent.cgi?article%3D1442%26context%3Dpcs&amp;source=gmail&amp;ust=1648222370968000&amp;usg=AOvVaw3PeuQf8P9dABIuYZhZxoln\">indigenous<\/a>&nbsp;to the land of Israel.<\/span><\/p>\n<p style=\"text-align: left;\"><span style=\"color: #000080;\">As members of the Cornell University community, we are committed to Ezra Cornell\u2019s vision of \u201cany person, any study,\u201d and accordingly, should welcome different people and different perspectives. However, when those people and perspectives come from a place of hate and a demonization of others, we must examine them critically and view their opinions and \u201ctruths\u201d in comparison to history and fact.<\/span><\/p>\n<hr>\n<p style=\"text-align: left;\"><span style=\"color: #808080;\"><em><strong>Zoe Bernstein<\/strong> is a sophomore at Cornell University and a CAMERA fellow and delegate to the National Council of Fellows 2021-2022.<\/em><\/span><\/p>\n<hr style=\"height: 15px; background: #d0e6fa; width: 100%;\">\n<div id=\"content\" class=\"content-alignment\">\n<div id=\"watch-description\" class=\"yt-uix-button-panel\">\n<div id=\"watch-description-text\" style=\"text-align: center;\">\n<p><em>Zawarto\u015b\u0107 publikowanych artyku\u0142\u00f3w i materia\u0142\u00f3w nie reprezentuje pogl\u0105d\u00f3w ani opinii Reunion&#8217;68,<\/em><em><br \/>\nani te\u017c webmastera Blogu Reunion&#8217;68, chyba ze jest to wyra\u017anie zaznaczone.<br \/>\nTwoje uwagi, linki, w\u0142asne artyku\u0142y lub wiadomo\u015bci prze\u015blij na adres:<br \/>\n<\/em><span style=\"color: #000080;\"><strong><em><a style=\"color: #000080;\" href=\"mailto:webmaster@reunion68.com\"><span style=\"text-decoration: underline;\">webmaster@reunion68.com<\/span><\/a><\/em><\/strong><\/span><\/p>\n<\/div>\n<\/div>\n<\/div>\n<hr style=\"width: 100%;\">\n","protected":false},"excerpt":{"rendered":"<p>Will Cornell University Tolerate Anti-Israel Hate? Zoe Bernstein The clock tower at Cornell University. Photo: Clarice Oliveira. On Friday, March 25, Cornell University\u2019s Students for Justice in Palestine (SJP) chapter and the Department of Near Eastern Studies plan to co-sponsor an event titled \u201cA Conversation With Mohammed El-Kurd.\u201d It is inappropriate and deeply upsetting to [&hellip;]<\/p>\n","protected":false},"author":1,"featured_media":0,"comment_status":"closed","ping_status":"closed","sticky":false,"template":"","format":"standard","meta":[],"categories":[6],"tags":[26,24],"_links":{"self":[{"href":"https:\/\/www.reunion68.se\/index.php?rest_route=\/wp\/v2\/posts\/94063"}],"collection":[{"href":"https:\/\/www.reunion68.se\/index.php?rest_route=\/wp\/v2\/posts"}],"about":[{"href":"https:\/\/www.reunion68.se\/index.php?rest_route=\/wp\/v2\/types\/post"}],"author":[{"embeddable":true,"href":"https:\/\/www.reunion68.se\/index.php?rest_route=\/wp\/v2\/users\/1"}],"replies":[{"embeddable":true,"href":"https:\/\/www.reunion68.se\/index.php?rest_route=%2Fwp%2Fv2%2Fcomments&post=94063"}],"version-history":[{"count":5,"href":"https:\/\/www.reunion68.se\/index.php?rest_route=\/wp\/v2\/posts\/94063\/revisions"}],"predecessor-version":[{"id":94578,"href":"https:\/\/www.reunion68.se\/index.php?rest_route=\/wp\/v2\/posts\/94063\/revisions\/94578"}],"wp:attachment":[{"href":"https:\/\/www.reunion68.se\/index.php?rest_route=%2Fwp%2Fv2%2Fmedia&parent=94063"}],"wp:term":[{"taxonomy":"category","embeddable":true,"href":"https:\/\/www.reunion68.se\/index.php?rest_route=%2Fwp%2Fv2%2Fcategories&post=94063"},{"taxonomy":"post_tag","embeddable":true,"href":"https:\/\/www.reunion68.se\/index.php?rest_route=%2Fwp%2Fv2%2Ftags&post=94063"}],"curies":[{"name":"wp","href":"https:\/\/api.w.org\/{rel}","templated":true}]}}