{"id":94147,"date":"2022-03-27T17:00:53","date_gmt":"2022-03-27T15:00:53","guid":{"rendered":"http:\/\/www.reunion68.se\/?p=94147"},"modified":"2022-03-27T06:27:12","modified_gmt":"2022-03-27T04:27:12","slug":"04-00-68","status":"publish","type":"post","link":"https:\/\/www.reunion68.se\/?p=94147","title":{"rendered":"Top US Diplomat Flies to Israel for Summit with 4 Arab States"},"content":{"rendered":"<h5 style=\"text-align: center;\"><a href=\"https:\/\/www.algemeiner.com\/\" target=\"_blank\" rel=\"noopener noreferrer\"><img decoding=\"async\" class=\"center alignleft\" src=\"http:\/\/www.reunion68.com\/Biuletyn\/img\/algem.png\" alt=\"\" width=\"35%\" \/><\/a><span style=\"text-decoration: underline; color: #000080;\"><span><strong><a style=\"color: #000080; text-decoration: underline;\" href=\"https:\/\/www.algemeiner.com\/2022\/03\/26\/top-us-diplomat-flies-to-israel-for-summit-with-4-arab-states\/\" target=\"_blank\" rel=\"noopener noreferrer\">Top US Diplomat Flies to Israel for Summit with 4 Arab States<\/a><\/strong><\/span><\/span><\/h5>\n<h5 style=\"text-align: center;\"><span style=\"color: #000000;\"><strong>Reuters <\/strong><span style=\"color: #808080;\">and <\/span><strong>Algemeiner Staff<\/strong><\/span><\/h5>\n<hr style=\"height: 15px; background: #d0e6fa; width: 100%;\" \/>\n<p style=\"text-align: center;\"><img decoding=\"async\" class=\"aligncenter\" src=\"https:\/\/www.algemeiner.com\/wp-content\/uploads\/2022\/03\/Blinken2022-03-26T163146Z_2_LYNXNPEI2P094_RTROPTP_4_USA-MIDEAST-BLINKEN.jpg\" width=\"100%\" \/><span style=\"color: #808080;\"><em>US Secretary of State Antony Blinken waves as he boards a plane, en route to Israel, at Warsaw Chopin Airport, Poland March 26, 2022. Photo: Jacquelyn Martin\/Pool via REUTERS<\/em><\/span><\/p>\n<p style=\"text-align: left;\"><span style=\"color: #000080;\">US Secretary of State Antony Blinken flies on Saturday to<span class=\"highlight\" data-qa-component=\"highlight-text\">\u00a0Israel<\/span>, where he will attend an<span class=\"highlight\" data-qa-component=\"highlight-text\">\u00a0Israel<\/span>i-Arab summit during a visit also likely to be dominated by discussions about the Iran nuclear talks and Russia\u2019s invasion of Ukraine.<\/span><\/p>\n<p style=\"text-align: left;\"><span style=\"color: #000080;\">Blinken will meet<span class=\"highlight\" data-qa-component=\"highlight-text\">\u00a0Israel<\/span>i Prime Minister Naftali Bennett on Sunday, the US State Department said. Bennett has been trying to mediate an end to the month-old Ukraine-Russia conflict.<\/span><\/p>\n<p style=\"text-align: left;\"><span style=\"color: #000080;\"><span class=\"highlight\" data-qa-component=\"highlight-text\">Israel<\/span>i Foreign Minister Yair Lapid\u2019s office said he would convene Blinken and counterparts from United Arab Emirates, Bahrain, Morocco and Egypt for an \u201chistoric meeting\u201d on Sunday and Monday.<\/span><\/p>\n<p style=\"text-align: left;\"><span style=\"color: #000080;\">The summit will take place in a luxury hotel in the southern<span class=\"highlight\" data-qa-component=\"highlight-text\">\u00a0Israel<\/span>i desert farm collective of Sde Boker, where the country\u2019s founding father and first prime minister, David Ben-Gurion, retired and is buried.<\/span><\/p>\n<p style=\"text-align: left;\"><span style=\"color: #000080;\">Blinken is set to visit the West Bank, Morocco and Algeria in a trip that will also focus on Iran and regional security matters.<\/span><\/p>\n<p style=\"text-align: left;\"><span style=\"color: #000080;\">He will meet with Palestinian President Mahmoud Abbas in Ramallah, the State Department said in a statement.<\/span><\/p>\n<hr style=\"height: 15px; background: #d0e6fa; width: 100%;\" \/>\n<div id=\"content\" class=\"content-alignment\">\n<div id=\"watch-description\" class=\"yt-uix-button-panel\">\n<div id=\"watch-description-text\" style=\"text-align: center;\">\n<p><em>Zawarto\u015b\u0107 publikowanych artyku\u0142\u00f3w i materia\u0142\u00f3w nie reprezentuje pogl\u0105d\u00f3w ani opinii Reunion&#8217;68,<\/em><em><br \/>\nani te\u017c webmastera Blogu Reunion&#8217;68, chyba ze jest to wyra\u017anie zaznaczone.<br \/>\nTwoje uwagi, linki, w\u0142asne artyku\u0142y lub wiadomo\u015bci prze\u015blij na adres:<br \/>\n<\/em><span style=\"color: #000080;\"><strong><em><a style=\"color: #000080;\" href=\"mailto:webmaster@reunion68.com\"><span style=\"text-decoration: underline;\">webmaster@reunion68.com<\/span><\/a><\/em><\/strong><\/span><\/p>\n<\/div>\n<\/div>\n<\/div>\n<hr style=\"width: 100%;\" \/>\n","protected":false},"excerpt":{"rendered":"<p>Top US Diplomat Flies to Israel for Summit with 4 Arab States Reuters and Algemeiner Staff US Secretary of State Antony Blinken waves as he boards a plane, en route to Israel, at Warsaw Chopin Airport, Poland March 26, 2022. Photo: Jacquelyn Martin\/Pool via REUTERS US Secretary of State Antony Blinken flies on Saturday to\u00a0Israel, [&hellip;]<\/p>\n","protected":false},"author":1,"featured_media":0,"comment_status":"closed","ping_status":"closed","sticky":false,"template":"","format":"standard","meta":[],"categories":[3],"tags":[26,24],"_links":{"self":[{"href":"https:\/\/www.reunion68.se\/index.php?rest_route=\/wp\/v2\/posts\/94147"}],"collection":[{"href":"https:\/\/www.reunion68.se\/index.php?rest_route=\/wp\/v2\/posts"}],"about":[{"href":"https:\/\/www.reunion68.se\/index.php?rest_route=\/wp\/v2\/types\/post"}],"author":[{"embeddable":true,"href":"https:\/\/www.reunion68.se\/index.php?rest_route=\/wp\/v2\/users\/1"}],"replies":[{"embeddable":true,"href":"https:\/\/www.reunion68.se\/index.php?rest_route=%2Fwp%2Fv2%2Fcomments&post=94147"}],"version-history":[{"count":5,"href":"https:\/\/www.reunion68.se\/index.php?rest_route=\/wp\/v2\/posts\/94147\/revisions"}],"predecessor-version":[{"id":94162,"href":"https:\/\/www.reunion68.se\/index.php?rest_route=\/wp\/v2\/posts\/94147\/revisions\/94162"}],"wp:attachment":[{"href":"https:\/\/www.reunion68.se\/index.php?rest_route=%2Fwp%2Fv2%2Fmedia&parent=94147"}],"wp:term":[{"taxonomy":"category","embeddable":true,"href":"https:\/\/www.reunion68.se\/index.php?rest_route=%2Fwp%2Fv2%2Fcategories&post=94147"},{"taxonomy":"post_tag","embeddable":true,"href":"https:\/\/www.reunion68.se\/index.php?rest_route=%2Fwp%2Fv2%2Ftags&post=94147"}],"curies":[{"name":"wp","href":"https:\/\/api.w.org\/{rel}","templated":true}]}}