{"id":94212,"date":"2022-04-07T17:00:38","date_gmt":"2022-04-07T15:00:38","guid":{"rendered":"http:\/\/www.reunion68.se\/?p=94212"},"modified":"2022-04-07T09:40:41","modified_gmt":"2022-04-07T07:40:41","slug":"07-05-77","status":"publish","type":"post","link":"https:\/\/www.reunion68.se\/?p=94212","title":{"rendered":"\u017bydzi na Ba\u0142kanach. Kultura, j\u0119zyk, pami\u0119\u0107. Obejrzyj nagranie ze spotkania"},"content":{"rendered":"<p><img decoding=\"async\" src=\"https:\/\/www.jhi.pl\/storage\/image\/core_files\/2020\/11\/13\/1d337d8a9e65da83c771de13ae108bac\/jpg\/jhi\/header\/arg_banki_bw_2.webp\" width=\"100%\"><\/p>\n<hr>\n<h5 style=\"text-align: center;\"><a href=\"https:\/\/www.jhi.pl\/\" target=\"_blank\" rel=\"noopener noreferrer\"><img decoding=\"async\" class=\"center alignleft\" src=\"http:\/\/www.reunion68.com\/Biuletyn\/img\/zih-1.png\" alt=\"\" width=\"35%\"><\/a><span style=\"text-decoration: underline; color: #000080;\"><strong><a style=\"color: #000080; text-decoration: underline;\" href=\"https:\/\/www.jhi.pl\/artykuly\/zydzi-na-balkanach-kultura-jezyk-pamiec-obejrzyj-nagranie,5041\" target=\"_blank\" rel=\"noopener noreferrer\">\u017bydzi na Ba\u0142kanach. Kultura, j\u0119zyk, pami\u0119\u0107. Obejrzyj nagranie ze spotkania<\/a><\/strong><\/span><\/h5>\n<p style=\"text-align: center;\"><span style=\"color: #000000;\"><strong>\u017bydowski Instytut Historyczny<\/strong><\/span><\/p>\n<hr style=\"height: 15px; background: #d0e6fa; width: 100%;\">\n<h4 style=\"text-align: center;\"><span style=\"color: #808080;\"><strong>Zapraszamy do obejrzenia nagrania ze spotkania \u201e\u017bydzi na Ba\u0142kanach. Kultura, j\u0119zyk, pami\u0119\u0107&#8221;, kt\u00f3re odby\u0142o si\u0119 w ramach cyklu Czwartki na T\u0142omackiem online 10 lutego 2022 r. o 18:00. Prof. Jolanta Sujecka, dr Katarzyna Taczy\u0144ska i dr Agnieszka August-Zar\u0119bska m\u00f3wi\u0142y o kulturze, j\u0119zyku i losach \u017byd\u00f3w na Ba\u0142kanach. Moderowa\u0142 Franciszek Boja\u0144czyk (\u017bIH).<\/strong><\/span><\/h4>\n<p>.<\/p>\n<p><img decoding=\"async\" class=\"aligncenter\" src=\"https:\/\/www.jhi.pl\/storage\/image\/core_files\/2022\/2\/28\/1519b2e1cd6cab0f8713bd615e72a6b6\/jpg\/jhi\/normal_big\/nagranie_spotkanie_%C5%BCydzi_na_ba%C5%82kanach_10.02.2022_screen.webp\" width=\"100%\"><\/p>\n<p class=\"o9v6fnle cxmmr5t8 oygrvhab hcukyx3x c1et5uql\" style=\"text-align: left;\"><span style=\"color: #000080;\">Kim s\u0105 \u017bydzi ba\u0142ka\u0144scy? Kim s\u0105 Sefardyjczycy? Czym jest j\u0119zyk ladino? Jak wygl\u0105da dyskusja o odpowiedzialno\u015bci za Zag\u0142ad\u0119 \u017byd\u00f3w na Ba\u0142kanach? Jak dzi\u015b traktowane jest dziedzictwo \u017cydowskie w regionie?<\/span><\/p>\n<p class=\"o9v6fnle cxmmr5t8 oygrvhab hcukyx3x c1et5uql\" style=\"text-align: left;\"><span style=\"color: #000080;\">W dyskusji po\u015bwi\u0119conej pami\u0119ci i to\u017csamo\u015bci, zorganizowanej z okazji wydania 7. tomu serii \u201eColloquia Balkanica\u201d, The Balkan Jews and the Minority Issue in South-Eastern Europe, na te i inne tematy rozmawia\u0142y:<\/span><\/p>\n<ul>\n<li class=\"o9v6fnle cxmmr5t8 oygrvhab hcukyx3x c1et5uql\" style=\"text-align: left;\"><span style=\"color: #000080;\"><strong>prof. dr hab. Jolanta Sujecka<\/strong>&nbsp;(Wydzia\u0142 \u201eArtes Liberales\u201d Uniwersytetu Warszawskiego) \u2013 historyk literatury i kultury, historyk idei, slawistka, ba\u0142kanistka. Kierownik Komisji \u201eBa\u0142ka\u0144skie \u015ar\u00f3dziemnomorze\u201d Wydzia\u0142u \u201eArtes Liberales\u201d UW, edytorka tomu &#8220;The Balkan Jews and the Minority Issue in South-Eastern Europe&#8221;<\/span><\/li>\n<\/ul>\n<ul>\n<li class=\"o9v6fnle cxmmr5t8 oygrvhab hcukyx3x c1et5uql\" style=\"text-align: left;\"><span style=\"color: #000080;\"><strong>dr Katarzyna Taczy\u0144ska<\/strong>&nbsp;(Polish Commission of Balkan Culture and History \u2013 AIESEE) \u2013 edukatorka, badaczka, lektorka i t\u0142umaczka. Wsp\u00f3\u0142pracuje z Polsk\u0105 Komisj\u0105 Ba\u0142kanistyki Historycznej i Kulturoznawczej&nbsp; afiliowan\u0105 przy AIESEE oraz Fundacj\u0105 Bente Kahan we Wroc\u0142awiu.Razem z prof. Sabin\u0105 Giergiel realizuje projekt:&nbsp;<em>Rywalizacja pami\u0119ci w spo\u0142ecze\u0144stwie multietnicznym. Przypadek Serbii.&nbsp;<\/em>Autorka m.in. monografii&nbsp;<em>Dowcip trwaj\u0105cy dwa i p\u00f3\u0142 roku. Obraz Nagiej Wyspy w serbskim dyskursie literackim i historycznym ko\u0144ca XX i pocz\u0105tku XXI wieku&nbsp;<\/em>(2016) i wielu artyku\u0142\u00f3w naukowych.<\/span><\/li>\n<\/ul>\n<ul>\n<li class=\"o9v6fnle cxmmr5t8 oygrvhab hcukyx3x c1et5uql\" style=\"text-align: left;\"><span style=\"color: #000080;\"><strong>dr Agnieszka August-Zar\u0119bska<\/strong>&nbsp;(Katedra Judaistyki im. Tadeusza Taubego Uniwersytetu Wroc\u0142awskiego) \u2013 literaturoznawca, badaczka wsp\u00f3\u0142czesnej literatury sefardyjskiej, czyli tworzonej przez \u017byd\u00f3w pochodz\u0105cych z Hiszpanii. Autorka ksi\u0105\u017cki&nbsp;<em>Poezja wobec rzeczywisto\u015bci. Poetyckie epifanie Jorge Guill\u00e9na i Czes\u0142awa Mi\u0142osza<\/em>.<\/span><\/li>\n<\/ul>\n<div id=\"content\" class=\"content-alignment\">\n<div id=\"watch-description\" class=\"yt-uix-button-panel\">\n<div id=\"watch-description-text\" style=\"text-align: center;\">\n<p><iframe loading=\"lazy\" title=\"YouTube video player\" src=\"https:\/\/www.youtube.com\/embed\/CdE43JO-EPY\" width=\"680\" height=\"400\" frameborder=\"0\" allowfullscreen=\"allowfullscreen\"><\/iframe><\/p>\n<p>Spotkanie w ramach cyklu \u201eCzwartki na T\u0142omackiem\u201d zorganizowa\u0142 \u017bydowski Instytut Historyczny wraz z Wydzia\u0142em \u201eArtes Liberales\u201d UW i Polsk\u0105 Komisj\u0105 Ba\u0142kanistyki Historycznej i Kulturowej (The Polish Commission of Balkan Culture and History (AIESEE)).<\/p>\n<\/div>\n<\/div>\n<\/div>\n<hr style=\"height: 15px; background: #d0e6fa; width: 100%;\">\n<div id=\"content\" class=\"content-alignment\">\n<div id=\"watch-description\" class=\"yt-uix-button-panel\">\n<div id=\"watch-description-text\" style=\"text-align: center;\">\n<p><em>Zawarto\u015b\u0107 publikowanych artyku\u0142\u00f3w i materia\u0142\u00f3w nie reprezentuje pogl\u0105d\u00f3w ani opinii Reunion&#8217;68,<\/em><em><br \/>\nani te\u017c webmastera Blogu Reunion&#8217;68, chyba ze jest to wyra\u017anie zaznaczone.<br \/>\nTwoje uwagi, linki, w\u0142asne artyku\u0142y lub wiadomo\u015bci prze\u015blij na adres:<br \/>\n<\/em><span style=\"color: #000080;\"><strong><em><a style=\"color: #000080;\" href=\"mailto:webmaster@reunion68.com\"><span style=\"text-decoration: underline;\">webmaster@reunion68.com<\/span><\/a><\/em><\/strong><\/span><\/p>\n<\/div>\n<\/div>\n<\/div>\n<hr style=\"width: 100%;\">\n","protected":false},"excerpt":{"rendered":"<p>\u017bydzi na Ba\u0142kanach. Kultura, j\u0119zyk, pami\u0119\u0107. Obejrzyj nagranie ze spotkania \u017bydowski Instytut Historyczny Zapraszamy do obejrzenia nagrania ze spotkania \u201e\u017bydzi na Ba\u0142kanach. Kultura, j\u0119zyk, pami\u0119\u0107&#8221;, kt\u00f3re odby\u0142o si\u0119 w ramach cyklu Czwartki na T\u0142omackiem online 10 lutego 2022 r. o 18:00. Prof. Jolanta Sujecka, dr Katarzyna Taczy\u0144ska i dr Agnieszka August-Zar\u0119bska m\u00f3wi\u0142y o kulturze, j\u0119zyku [&hellip;]<\/p>\n","protected":false},"author":1,"featured_media":0,"comment_status":"closed","ping_status":"closed","sticky":false,"template":"","format":"standard","meta":[],"categories":[6],"tags":[26,24],"_links":{"self":[{"href":"https:\/\/www.reunion68.se\/index.php?rest_route=\/wp\/v2\/posts\/94212"}],"collection":[{"href":"https:\/\/www.reunion68.se\/index.php?rest_route=\/wp\/v2\/posts"}],"about":[{"href":"https:\/\/www.reunion68.se\/index.php?rest_route=\/wp\/v2\/types\/post"}],"author":[{"embeddable":true,"href":"https:\/\/www.reunion68.se\/index.php?rest_route=\/wp\/v2\/users\/1"}],"replies":[{"embeddable":true,"href":"https:\/\/www.reunion68.se\/index.php?rest_route=%2Fwp%2Fv2%2Fcomments&post=94212"}],"version-history":[{"count":8,"href":"https:\/\/www.reunion68.se\/index.php?rest_route=\/wp\/v2\/posts\/94212\/revisions"}],"predecessor-version":[{"id":94374,"href":"https:\/\/www.reunion68.se\/index.php?rest_route=\/wp\/v2\/posts\/94212\/revisions\/94374"}],"wp:attachment":[{"href":"https:\/\/www.reunion68.se\/index.php?rest_route=%2Fwp%2Fv2%2Fmedia&parent=94212"}],"wp:term":[{"taxonomy":"category","embeddable":true,"href":"https:\/\/www.reunion68.se\/index.php?rest_route=%2Fwp%2Fv2%2Fcategories&post=94212"},{"taxonomy":"post_tag","embeddable":true,"href":"https:\/\/www.reunion68.se\/index.php?rest_route=%2Fwp%2Fv2%2Ftags&post=94212"}],"curies":[{"name":"wp","href":"https:\/\/api.w.org\/{rel}","templated":true}]}}