{"id":94235,"date":"2022-04-08T17:09:11","date_gmt":"2022-04-08T15:09:11","guid":{"rendered":"http:\/\/www.reunion68.se\/?p=94235"},"modified":"2022-04-02T08:29:12","modified_gmt":"2022-04-02T06:29:12","slug":"08-09-67","status":"publish","type":"post","link":"https:\/\/www.reunion68.se\/?p=94235","title":{"rendered":"Obejrzyj nagranie z konferencji \u201eEinsatz Reinhard. Zapisy zbrodni, pr\u00f3ba lektury\u201d"},"content":{"rendered":"<p><img decoding=\"async\" src=\"https:\/\/www.jhi.pl\/storage\/image\/core_files\/2021\/1\/4\/dc409bbfd765032572fe7e72e35c47f6\/jpg\/jhi\/header\/JHI_thumbnail_1.webp\" width=\"100%\" \/><\/p>\n<hr \/>\n<h5 style=\"text-align: center;\"><a href=\"https:\/\/www.jhi.pl\/\" target=\"_blank\" rel=\"noopener noreferrer\"><img decoding=\"async\" class=\"center alignleft\" src=\"http:\/\/www.reunion68.com\/Biuletyn\/img\/zih-1.png\" alt=\"\" width=\"35%\" \/><\/a><span style=\"text-decoration: underline; color: #000080;\"><span><strong><a style=\"color: #000080; text-decoration: underline;\" href=\"https:\/\/www.jhi.pl\/artykuly\/obejrzyj-nagranie-konferencji-einsatz-reinhard-zapisy-zbrodni-proba-lektury-youtube,5289\" target=\"_blank\" rel=\"noopener noreferrer\">Obejrzyj nagranie z konferencji \u201eEinsatz Reinhard. Zapisy zbrodni, pr\u00f3ba lektury\u201d<\/a><\/strong><\/span><\/span><\/h5>\n<p style=\"text-align: center;\"><span style=\"color: #000000;\"><strong>\u017bydowski Instytut Historyczny<\/strong><\/span><\/p>\n<hr style=\"height: 15px; background: #d0e6fa; width: 100%;\" \/>\n<h5 style=\"text-align: center;\"><span style=\"color: #808080;\"><strong>W zesz\u0142\u0105 \u015brod\u0119, 16 marca 2022 r., na konferencji \u201eEinsatz Reinhard. Zapisy zbrodni, pr\u00f3ba lektury\u201d go\u015bcili\u015bmy w \u017bydowskim Instytucie Historycznym im. Emanuela Ringelbluma naukowc\u00f3w: historyk\u00f3w, literaturoznawc\u00f3w, specjalist\u00f3w w naukach spo\u0142ecznych, kt\u00f3rzy pochylili si\u0119 nad tekstami dotycz\u0105cymi planu Zag\u0142ady polskich \u017byd\u00f3w, planu, kt\u00f3rego realizacj\u0119 niemieccy nazi\u015bci rozpocz\u0119li 80 lat temu. Zach\u0119camy do obejrzenia nagrania z konferencji w serwisie YouTube. Dodali\u015bmy linki do poszczeg\u00f3lnych referat\u00f3w i dyskusji, \u017ceby u\u0142atwi\u0107 Pa\u0144stwu korzystanie z nagrania.<\/strong><\/span><\/h5>\n<p><img decoding=\"async\" class=\"aligncenter\" src=\"https:\/\/www.jhi.pl\/storage\/image\/core_files\/2022\/3\/24\/3f97c8a760d370bcd91bcebd376e376e\/jpg\/jhi\/normal_big\/Konferencja%20Einsatz%20Reinhard%2016.03.2022,%20fot.%20Grzegorz%20Kwolek%20(%C5%BBIH)%20(5).jpg\" alt=\"Konferencja Einsatz Reinhard 16.03.2022, fot. Grzegorz Kwolek (\u017bIH) (5).jpg\" width=\"100%\" data-title=\"\" \/><\/p>\n<p><img decoding=\"async\" class=\"aligncenter\" src=\"https:\/\/www.jhi.pl\/storage\/image\/core_files\/2022\/3\/24\/c69ff1635eef979e8729174b7f3e8766\/jpg\/jhi\/large\/Konferencja%20Einsatz%20Reinhard%2016.03.2022,%20fot.%20Grzegorz%20Kwolek%20(%C5%BBIH)%20(1).jpg\" alt=\"Konferencja Einsatz Reinhard 16.03.2022, fot. Grzegorz Kwolek (\u017bIH) (1).jpg\" width=\"100%\" data-title=\"\" \/><br \/>\n<img decoding=\"async\" class=\"aligncenter\" src=\"https:\/\/www.jhi.pl\/storage\/image\/core_files\/2022\/3\/24\/848b2ed23de1588e72887c087998f35c\/jpg\/jhi\/large\/Konferencja%20Einsatz%20Reinhard%2016.03.2022,%20fot.%20Grzegorz%20Kwolek%20(%C5%BBIH)%20(2).jpg\" alt=\"Konferencja Einsatz Reinhard 16.03.2022, fot. Grzegorz Kwolek (\u017bIH) (2).jpg\" width=\"100%\" data-title=\"\" \/><\/p>\n<p><img decoding=\"async\" class=\"aligncenter\" src=\"https:\/\/www.jhi.pl\/storage\/image\/core_files\/2022\/3\/24\/404d02177b179543ec74275577e0e2ea\/jpg\/jhi\/large\/Konferencja%20Einsatz%20Reinhard%2016.03.2022,%20fot.%20Grzegorz%20Kwolek%20(%C5%BBIH)%20(3).jpg\" alt=\"Konferencja Einsatz Reinhard 16.03.2022, fot. Grzegorz Kwolek (\u017bIH) (3).jpg\" width=\"100%\" data-title=\"\" \/><\/p>\n<p style=\"text-align: center;\"><span style=\"color: #808080;\"><em>fot. Grzegorz Kwolek (\u017bIH)<\/em><\/span><\/p>\n<p style=\"text-align: left;\"><span style=\"color: #000080;\">\u201eTa konferencja jest szczeg\u00f3lna, poniewa\u017c dotyczy akcji \u00abReinhard\u00bb\u201d \u2013 m\u00f3wi\u0142a w otwarciu dyrektor \u017bIH Monika Krawczyk. \u2013 \u201eOtwiera liczne wydarzenia kulturalne i upami\u0119tniaj\u0105ce, kt\u00f3re wi\u0105\u017c\u0105 si\u0119 z 80. rocznic\u0105 tej zbrodni&#8221;.<\/span><br \/>\n.<\/p>\n<div id=\"content\" class=\"content-alignment\">\n<div id=\"watch-description\" class=\"yt-uix-button-panel\">\n<div id=\"watch-description-text\" style=\"text-align: center;\">\n<p><iframe loading=\"lazy\" title=\"YouTube video player\" src=\"https:\/\/www.youtube.com\/embed\/82ub4LlyKUw\" width=\"680\" height=\"400\" frameborder=\"0\" allowfullscreen=\"allowfullscreen\"><\/iframe><\/p>\n<\/div>\n<\/div>\n<\/div>\n<p style=\"text-align: left;\">.<br \/>\n<span style=\"color: #000080;\">Referaty uczonych dotyczy\u0142y zapisk\u00f3w polskich \u015bwiadk\u00f3w Zag\u0142ady, \u015blad\u00f3w zbrodni w oficjalnych dokumentach niemieckich (na og\u00f3\u0142 pos\u0142uguj\u0105cych si\u0119 eufemizmami i zacieraj\u0105cych informacje o eksterminacji), wiadomo\u015bci o deportacjach do oboz\u00f3w zag\u0142ady, kt\u00f3re dociera\u0142y do getta warszawskiego.<\/span><\/p>\n<p style=\"text-align: left;\"><span style=\"color: #000080;\">\u201eMoje noce sta\u0142y si\u0119 koszmarem. Nieustannie nawiedza\u0142y mnie sny, nie by\u0142o od nich odpoczynku. Wizje rodzic\u00f3w by\u0142y w nich niezwykle realistyczne. Widzia\u0142em wn\u0119trze wagonu. Ponure \u015bwiat\u0142o pada\u0142o na ludzi siedz\u0105cych na pod\u0142odze. By\u0142a w\u015br\u00f3d nich moja matka, o kamiennej twarzy, oczach, kt\u00f3re niczego nie wyra\u017ca\u0142y, ustach skutych lodowatym milczeniem. Dok\u0105d jecha\u0142a? Czy to by\u0142a jej ostatnia podr\u00f3\u017c?\u201d \u2013 wspomina\u0142 cytowany przez jednego z prelegent\u00f3w Rafa\u0142 Lemkin, tw\u00f3rca definicji ludob\u00f3jstwa.<\/span><\/p>\n<hr style=\"height: 15px; background: #d0e6fa; width: 100%;\" \/>\n<div id=\"content\" class=\"content-alignment\">\n<div id=\"watch-description\" class=\"yt-uix-button-panel\">\n<div id=\"watch-description-text\" style=\"text-align: center;\">\n<p><em>Zawarto\u015b\u0107 publikowanych artyku\u0142\u00f3w i materia\u0142\u00f3w nie reprezentuje pogl\u0105d\u00f3w ani opinii Reunion&#8217;68,<\/em><em><br \/>\nani te\u017c webmastera Blogu Reunion&#8217;68, chyba ze jest to wyra\u017anie zaznaczone.<br \/>\nTwoje uwagi, linki, w\u0142asne artyku\u0142y lub wiadomo\u015bci prze\u015blij na adres:<br \/>\n<\/em><span style=\"color: #000080;\"><strong><em><a style=\"color: #000080;\" href=\"mailto:webmaster@reunion68.com\"><span style=\"text-decoration: underline;\">webmaster@reunion68.com<\/span><\/a><\/em><\/strong><\/span><\/p>\n<\/div>\n<\/div>\n<\/div>\n<hr style=\"width: 100%;\" \/>\n","protected":false},"excerpt":{"rendered":"<p>Obejrzyj nagranie z konferencji \u201eEinsatz Reinhard. Zapisy zbrodni, pr\u00f3ba lektury\u201d \u017bydowski Instytut Historyczny W zesz\u0142\u0105 \u015brod\u0119, 16 marca 2022 r., na konferencji \u201eEinsatz Reinhard. Zapisy zbrodni, pr\u00f3ba lektury\u201d go\u015bcili\u015bmy w \u017bydowskim Instytucie Historycznym im. Emanuela Ringelbluma naukowc\u00f3w: historyk\u00f3w, literaturoznawc\u00f3w, specjalist\u00f3w w naukach spo\u0142ecznych, kt\u00f3rzy pochylili si\u0119 nad tekstami dotycz\u0105cymi planu Zag\u0142ady polskich \u017byd\u00f3w, planu, kt\u00f3rego [&hellip;]<\/p>\n","protected":false},"author":1,"featured_media":0,"comment_status":"closed","ping_status":"closed","sticky":false,"template":"","format":"standard","meta":[],"categories":[6],"tags":[26,24],"_links":{"self":[{"href":"https:\/\/www.reunion68.se\/index.php?rest_route=\/wp\/v2\/posts\/94235"}],"collection":[{"href":"https:\/\/www.reunion68.se\/index.php?rest_route=\/wp\/v2\/posts"}],"about":[{"href":"https:\/\/www.reunion68.se\/index.php?rest_route=\/wp\/v2\/types\/post"}],"author":[{"embeddable":true,"href":"https:\/\/www.reunion68.se\/index.php?rest_route=\/wp\/v2\/users\/1"}],"replies":[{"embeddable":true,"href":"https:\/\/www.reunion68.se\/index.php?rest_route=%2Fwp%2Fv2%2Fcomments&post=94235"}],"version-history":[{"count":7,"href":"https:\/\/www.reunion68.se\/index.php?rest_route=\/wp\/v2\/posts\/94235\/revisions"}],"predecessor-version":[{"id":94279,"href":"https:\/\/www.reunion68.se\/index.php?rest_route=\/wp\/v2\/posts\/94235\/revisions\/94279"}],"wp:attachment":[{"href":"https:\/\/www.reunion68.se\/index.php?rest_route=%2Fwp%2Fv2%2Fmedia&parent=94235"}],"wp:term":[{"taxonomy":"category","embeddable":true,"href":"https:\/\/www.reunion68.se\/index.php?rest_route=%2Fwp%2Fv2%2Fcategories&post=94235"},{"taxonomy":"post_tag","embeddable":true,"href":"https:\/\/www.reunion68.se\/index.php?rest_route=%2Fwp%2Fv2%2Ftags&post=94235"}],"curies":[{"name":"wp","href":"https:\/\/api.w.org\/{rel}","templated":true}]}}