{"id":94243,"date":"2022-04-02T17:05:28","date_gmt":"2022-04-02T15:05:28","guid":{"rendered":"http:\/\/www.reunion68.se\/?p=94243"},"modified":"2022-04-02T08:16:31","modified_gmt":"2022-04-02T06:16:31","slug":"09-05-79","status":"publish","type":"post","link":"https:\/\/www.reunion68.se\/?p=94243","title":{"rendered":"Decision on the Danube"},"content":{"rendered":"<h5 style=\"text-align: center;\"><a href=\"https:\/\/www.tabletmag.com\/\" target=\"_blank\" rel=\"noopener noreferrer\"><img decoding=\"async\" class=\"center alignleft\" src=\"http:\/\/www.reunion68.com\/Biuletyn\/img\/tablet-1.png\" alt=\"\" width=\"35%\" \/><\/a><span style=\"text-decoration: underline; color: #000080;\"><strong><a style=\"color: #000080; text-decoration: underline;\" href=\"https:\/\/www.tabletmag.com\/sections\/news\/articles\/decision-on-the-danube\" target=\"_blank\" rel=\"noopener noreferrer\">Decision on the Danube<\/a><\/strong><\/span><\/h5>\n<p style=\"text-align: center;\"><span style=\"color: #000000;\"><strong>SUSAN RUBIN SULEIMAN<\/strong><\/span><\/p>\n<hr style=\"height: 15px; background: #d0e6fa; width: 100%;\" \/>\n<p style=\"text-align: center;\"><img decoding=\"async\" class=\"aligncenter\" src=\"https:\/\/tablet-mag-images.b-cdn.net\/production\/b78c22624f23c175f74c0a84f9eb34066e0c204c-3250x2170.jpg?w=1300&amp;q=70&amp;auto=format&amp;dpr=1\" width=\"100%\" \/><span style=\"color: #808080;\"><em>Fidesz election billboard in Mosonmagyarovar displays, from left, leader of the opposition P\u00e9ter M\u00e1rki-Zay, former Prime Minister Ferenc Gyurcs\u00e1ny, and Prime Minister Viktor Orb\u00e1n. Hungary will hold its parliamentary election on April 3, 2022.TOMAS TKACIK\/SOPA IMAGES\/LIGHTROCKET VIA GETTY IMAGES<\/em><\/span><\/p>\n<h4 style=\"text-align: center;\"><span style=\"color: #808080;\"><strong>I reclaimed my Hungarian citizenship just in time to vote in Sunday\u2019s historic election<\/strong><\/span><\/h4>\n<p>.<\/p>\n<div class=\"BlockContent col-12 lg:col-10 xl-wide:col-8 mxauto text-article-dropcaps\">\n<p style=\"text-align: left;\"><span style=\"color: #000080;\">For the first time in my long life, I will be voting on Sunday in a Hungarian election. That\u2019s because after talking about it for years without much action, in the fall of 2020, when there was little else to do, I finally jumped through the necessary bureaucratic hoops to obtain my Hungarian passport. Born in Budapest but having left the country as a young child in 1949 (at the time, my family was declared \u201cstateless,\u201d refugees from the Holocaust and from communism), I was entitled to reclaim my Hungarian citizenship, provided I could furnish my birth certificate, my mother\u2019s birth certificate, and my parents\u2019 marriage certificate, among other pieces of paper. I did.<\/span><\/p>\n<\/div>\n<div class=\"BlockContent col-12 lg:col-10 xl-wide:col-8 mxauto\" style=\"text-align: left;\">\n<p><span style=\"color: #000080;\">Last June, the passport arrived in the mail: Deep red like all the European Union passports, it bears Hungary\u2019s emblem, the shield of Saint Stephen, on its cover, along with the words\u00a0<em>\u00daTLEV\u00c9L<\/em>\u00a0(Passport) and\u00a0<em>Magyarorsz\u00e1g<\/em>\u00a0(Hungary). In earlier, more democratic times, official documents named the country\u00a0<em>Magyar K\u00f6zt\u00e1rsas\u00e1g<\/em>, Hungarian Republic, but one of the Orb\u00e1n government\u2019s many changes to the constitution since 2010 was dropping \u201cRepublic\u201d from the country\u2019s name. Inside, my own name looks strange to me: Suleiman, Zsuzsanna Magdolna, my first and middle names just as they appear on my birth certificate.<\/span><\/p>\n<\/div>\n<div class=\"BlockContent col-12 lg:col-10 xl-wide:col-8 mxauto\">\n<p style=\"text-align: left;\"><span style=\"color: #000080;\">I am now the owner of two passports, my split identity embodied in the red and the blue. The red one entitles me to stand in the shorter \u201cEU Passports\u201d line at Charles de Gaulle Airport in Paris, a precious advantage to travelers. More importantly, it also allows me to vote in the parliamentary elections on April 3. Having written extensively over the past few years about the autocratic tendencies of the Orb\u00e1n regime, which has been in power since 2010, I treasure the opportunity to cast a vote\u2014all the more so because, for the first time since then, it looks like Orb\u00e1n\u2019s party, Fidesz, will face a well-organized opposition. According to recent polls, the opposition candidates present a real challenge to the party in power.<\/span><\/p>\n<div class=\"BlockContent col-12 lg:col-10 xl-wide:col-8 mxauto\" style=\"text-align: left;\">\n<p><span style=\"color: #000080;\">Four years ago, Fidesz won a supermajority in Parliament even though it received less than 50% of the actual votes\u2014a quirk in Hungary\u2019s election rules that, like America\u2019s electoral college system, can similarly override the popular vote. Fidesz\u2019s victory was due in large part to the still hot-button issue of the 2015 migrant crisis, which it exploited through a long-running campaign against George Soros, whom it portrayed as the architect of a \u201cplan\u201d to overwhelm Christian Europe with refugees \u201cfrom Africa and the Middle East\u201d (read: Blacks and Muslims). Its two-thirds majority allowed Fidesz to push through a number of\u00a0<a style=\"color: #000080;\" href=\"https:\/\/www.tabletmag.com\/sections\/news\/articles\/orbans-long-march-through-hungary\">important<\/a>\u00a0<a style=\"color: #000080;\" href=\"https:\/\/www.tabletmag.com\/sections\/news\/articles\/a-letter-from-budapest\">constitutional changes<\/a>\u00a0to its advantage.<\/span><\/p>\n<\/div>\n<div class=\"BlockContent col-12 lg:col-10 xl-wide:col-8 mxauto\" style=\"text-align: left;\">\n<p><span style=\"color: #000080;\">The other reason for Fidesz\u2019s victory in 2018 was that the opposition parties were splintered, allowing for a \u201cdivide and conquer\u201d strategy. Calls for a coalition of the opposition parties against Fidesz, notably by the highly respected philosopher Agnes Heller, fell on deaf ears back then, largely because the left-leaning parties could not bring themselves to form an alliance with the right-wing party, Jobbik. Founded in 2003, Jobbik in its early years was notorious for its racist and rabidly nationalist pronouncements. Starting in 2017, however, it began to moderate its positions, so that today it is considered to be to the left of Fidesz. Jobbik\u2019s most rabid members broke off from the party after the 2018 elections and founded their own party, Our Homeland (<em>Mi Haz\u00e1nk<\/em>), which is polling at about 3%-4% in the upcoming elections. Jobbik, meanwhile, has become what one Hungarian friend calls \u201cpresentable in good society\u201d (<em>szalonk\u00e9pes<\/em>). It is now the second-ranking member, in terms of numbers, of the six-party coalition that constitutes the united opposition, known as \u201cUnited for Hungary\u201d (<em>Egys\u00e9gben Magyarorsz\u00e1g\u00e9rt<\/em>, or EM). Agnes Heller, who survived the Holocaust as a teenager and died in 2019 at age 90, must be turning happily in her grave. She always believed that a united opposition against Fidesz was necessary, even if it meant an alliance with Jobbik.<\/span><\/p>\n<\/div>\n<div class=\"BlockContent col-12 lg:col-10 xl-wide:col-8 mxauto\" style=\"text-align: left;\">\n<p><span style=\"color: #000080;\">Aside from Jobbik, the other members of the alliance are all left or left-leaning. The largest member is the DK (Democratic Coalition) party, split off from the Socialists, whose head is the former Socialist Prime Minister Ferenc Gyurcs\u00e1ny (2004-09). Then there is the Socialist Party (MSZP) itself, which is now smaller than Jobbik and is allied with a tiny party named P\u00e1rbesz\u00e9d (Dialogue); Momentum, a largely urban, liberal party formed in 2018 that attracts many young people and intellectuals; and the Green party, LMP (the acronym stands for \u201cPolitics Can be Different\u201d).<\/span><\/p>\n<\/div>\n<div class=\"BlockContent col-12 lg:col-10 xl-wide:col-8 mxauto\" style=\"text-align: left;\">\n<p><span style=\"color: #000080;\">Excluded from the alliance, and not expected to receive enough votes to enter Parliament (a minimum of 5% of the total vote is required), are the ultra-right \u201cOur Homeland\u201d party and the surreally named \u201cHungarian Two-Tailed Dog Party\u201d (MKKP), whose slogan is \u201cEternal Life, Free Beer, Reduced Taxes,\u201d and whose absurdist humor has an actual following (about 2%), largely because of its anti-corruption stance critical of the Orb\u00e1n regime. In a January 2022 poll, Fidesz (with its partner KDNP, a Christian Democratic party) stood at 38%, while the united opposition had 36%. In February the numbers shifted somewhat in Fidesz\u2019s favor, 39% to 32% respectively. In both polls, 20% of respondents\u00a0<a style=\"color: #000080;\" href=\"https:\/\/hvg.hu\/valasztas2022\">declared<\/a>\u00a0themselves undecided.<\/span><\/p>\n<\/div>\n<div class=\"BlockContent col-12 lg:col-10 xl-wide:col-8 mxauto\">\n<p style=\"text-align: left;\"><span style=\"color: #000080;\">Clearly, then, the undecideds will decide the election. One clever move by the opposition alliance was to designate a prime minister candidate, P\u00e9ter M\u00e1rki-Zay, who it hopes will appeal to a large swath of voters, including the rural and small-town electorate that has consistently voted for Orb\u00e1n. Although Fidesz has tried to paint M\u00e1rki-Zay as a socialist and \u201cGyurcs\u00e1ny\u2019s man\u201d (the former prime minister is unpopular among many voters, who remember the corruption under his watch), it\u2019s almost comical to think of the coalition candidate as a left-winger.<\/span><\/p>\n<p style=\"text-align: left;\"><span style=\"color: #000080;\">Unaffiliated with any party (he recently founded a movement he calls \u201cEverybody\u2019s Hungary Movement\u201d), M\u00e1rki-Zay, 49, is a Roman Catholic from a conservative family, the father of seven children, an electrical engineer, and a marketing specialist who also holds a doctorate in economic history from a Hungarian university; he spent five years in Canada and the United States, working for large corporations. Perhaps most importantly from the opposition\u2019s perspective, he is not seen as a big-city intellectual, despite his years abroad and his fluency in several languages. He was born and raised in a small southern city on the Great Hungarian Plain, whose name is virtually unpronounceable by any but \u201ctrue\u201d Hungarians. The population of H\u00f3dmez\u0151v\u00e1s\u00e1rhely (Hoed-mezuh-vah-shar-hey) is approximately 45,000; compared to cities like Debrecen (population 200,000), Miskolc (165,000), or Szeged (162,000), not to mention Budapest (1.8 million), H\u00f3dmez\u0151v\u00e1s\u00e1rhely is practically an oversized village. M\u00e1rki-Zay has been its mayor since 2017, when he was drafted to run in a by-election after the sitting mayor died, and was reelected in 2018. That has been his only political experience until now.<\/span><\/p>\n<p style=\"text-align: center;\"><img decoding=\"async\" class=\"aligncenter\" src=\"https:\/\/tablet-mag-images.b-cdn.net\/production\/db709376c7fd3f8eb14493fc966b52f5983300f9-2130x1214.png?w=1200&amp;q=70&amp;auto=format&amp;dpr=1\" width=\"100%\" \/><span style=\"color: #808080;\"><em>\u2018Let Hungary Belong to All of Us!\u2019MARKIZAYPETER.HU<\/em><\/span><\/p>\n<p style=\"text-align: left;\"><span style=\"color: #000080;\">In his TV appearances, M\u00e1rki-Zay comes across as forthright and well-spoken, an energetic and attractive candidate who affirms his love of Hungary even while proclaiming his solidarity with the European Union, which Orb\u00e1n prides himself on defying (while simultaneously accepting its generous subsidies). M\u00e1rki-Zay, along with the rest of the opposition coalition, regularly attacks the Orb\u00e1n regime for its corruption and its infringement of democratic norms, both of which have been\u00a0<a style=\"color: #000080;\" href=\"https:\/\/www.imdb.com\/title\/tt13970398\/\">amply documented<\/a>. Since the 2018 election, the governing party, with its two-thirds majority, has sought to take over the judiciary and the universities, in addition to completely quashing the free press. It has not fully succeeded until now, but has accomplished many of its goals toward what Orb\u00e1n calls \u201cilliberal democracy.\u201d According to M\u00e1rki-Zay, the \u201csilent majority\u201d in Hungary, to which he is appealing, is only silent because it is afraid.<\/span><\/p>\n<blockquote>\n<p style=\"text-align: left;\"><strong>According to M\u00e1rki-Zay, Hungary\u2019s \u2018silent majority\u2019 is only silent because it is afraid.<\/strong><\/p>\n<\/blockquote>\n<div class=\"BlockContent col-12 lg:col-10 xl-wide:col-8 mxauto\">\n<p style=\"text-align: left;\"><span style=\"color: #000080;\">The opposition\u2019s other strategy that may prove successful is its distribution of various parliamentary candidates from different parties according to the political preferences of each district. In the northeast, around the city of Debrecen, for example, an area known for its conservatism, many of the opposition candidates are from Jobbik, while in the areas around Budapest the candidates tend to be from Momentum or the DK. Whereas in earlier elections these parties would have split the opposition votes among themselves, the broad opposition coalition allows them to back each other, despite their real political differences. As a kind of coalition anthem, they have adopted Patti Smith\u2019s \u201cThe People Have the Power,\u201d which is often sung at rallies (in Hungarian, of course). Patti Smith, for her part, has sent them a\u00a0<a style=\"color: #000080;\" href=\"https:\/\/telex.hu\/belfold\/2022\/03\/15\/patti-smith-videouzenet-az-ellenzeki-esemenyre\">video<\/a>\u00a0of encouragement.<\/span><\/p>\n<\/div>\n<div class=\"BlockContent col-12 lg:col-10 xl-wide:col-8 mxauto\" style=\"text-align: left;\">\n<p><span style=\"color: #000080;\">Still, it would be a mistake to underestimate the campaigning power of Fidesz. Among its tried and true campaign methods is that of the \u201cnational consultation,\u201d designed to mobilize voters around a perceived impending threat by asking them pointed questions that already contain an answer. In the run-up to the 2018 election, for example, voters were sent a questionnaire in the mail about the threat of migrants. A typical question ran as follows: \u201cAre you in favor of Soros\u2019 plan to flood Europe with African and Middle Eastern refugees, forcing sovereign nations to accept them and give them money? Answer Yes or No.\u201d<\/span><\/p>\n<\/div>\n<div class=\"BlockContent col-12 lg:col-10 xl-wide:col-8 mxauto\">\n<p style=\"text-align: left;\"><span style=\"color: #000080;\">This year, the subject has changed but the tactic remains the same. In the April 3 election, voters will be presented with a referendum (more consequential, and binding, than a mere national consultation) consisting of four questions on the subject of \u201cchild protection\u201d: Question 1: Are you in favor of teaching minor children in educational institutions about sexual orientation, without their parents\u2019 consent? Question 2: Are you in favor of popularizing sex change treatments for minor children? Question 3: Are you in favor of introducing minor children to unlimited sexual content in the media that will influence their development? Question 4: Are you in favor of presenting media content about sex change? Not to be outdone by the absurdity of the Fidesz questions, the Two-Tailed Dog Party has recommended that voters choose both YES and NO on each one.<\/span><\/p>\n<p style=\"text-align: center;\"><img decoding=\"async\" class=\"aligncenter\" src=\"https:\/\/tablet-mag-images.b-cdn.net\/production\/a836f1415436b295e80ec0c27555b96e93d3a10d-1366x1368.png?w=1200&amp;q=70&amp;auto=format&amp;dpr=1\" width=\"100%\" \/><span style=\"color: #808080;\"><em>\u2018Let\u2019s Protect the Children!\u2019 campaign poster from the Orb\u00e1n government<\/em><\/span><\/p>\n<div class=\"ArticleView__content-switch bradford text-article-body-md font-300 mxauto\">\n<div class=\"BlockContent col-12 lg:col-10 xl-wide:col-8 mxauto\">\n<p style=\"text-align: left;\"><span style=\"color: #000080;\">In fact, the issue of \u201cchild protection\u201d (from LGBTQ issues) was already exploited by the government last year, when it passed a law against sex education in schools, provoking an outcry and accusations of bigotry from the European Union. The law conflated nontraditional sexual orientation, specifically homosexuality, with pedophilia. But just as George Soros proved to be an effective scapegoat in 2018, with posters to match, so the scapegoating of LGBTQ people should prove effective this year. That at least appears to be the hope of the Orb\u00e1n government, which has plastered huge posters all over the country showing a mother holding her little girl close to her chest. \u201cLet\u2019s Protect The Children!\u201d runs the headline above the photo; below it is the message, \u201cLet\u2019s vote No on April 3.\u201d<\/span><\/p>\n<\/div>\n<div class=\"BlockContent col-12 lg:col-10 xl-wide:col-8 mxauto\">\n<p style=\"text-align: left;\"><span style=\"color: #000080;\">Perhaps the biggest unknown at the moment is how the war in Ukraine will affect voters, especially among the undecideds. On the one hand, Orb\u00e1n\u2019s longtime pro-Russia stance and his proclaimed admiration for Vladimir Putin\u2014which he is now having to walk back\u2014may turn voters toward the opposition coalition, whose members are loudly and unanimously affirming solidarity with Ukraine. (At a recent coalition campaign meeting, every candidate wore a blue and yellow ribbon.) Orb\u00e1n, for his part, has to walk a tightrope, approving of sanctions against Russia as a member of the EU but also trying to reassure Fidesz\u2019s base, to which he has been preaching a pro-Russia message for many years.<\/span><\/p>\n<\/div>\n<div class=\"BlockContent col-12 lg:col-10 xl-wide:col-8 mxauto\">\n<p style=\"text-align: left;\"><span style=\"color: #000080;\">On the other hand, it\u2019s possible that undecided voters will turn toward the party in power in April, on the grounds that it\u2019s not safe to change horses in the middle of a major international crisis. Orb\u00e1n is helped by the fact that the EU, which has caused Hungary trouble recently over regulatory infringements pertaining to human rights, is now too busy with the Ukraine crisis to pursue punitive actions against a member state\u2014not to mention that Orb\u00e1n may have exacted promises from the EU in exchange for his support of the union\u2019s sanctions against Russia. At the very least, however, the united opposition can hope to prevent Fidesz from obtaining another supermajority, thus preventing any more \u201cilliberal\u201d changes to the constitution.<\/span><\/p>\n<\/div>\n<div class=\"BlockContent col-12 lg:col-10 xl-wide:col-8 mxauto\">\n<p style=\"text-align: left;\"><span style=\"color: #000080;\">As readers have undoubtedly guessed by now, my own vote on Sunday is not undecided. I am grateful to have a chance to express my opinion as a newly documented citizen of my native country, where, despite its autocratic tendencies, elections have so far been free and fair. Even \u201cilliberal democracy\u201d in Hungary is better than the totalitarianism that prevailed until 1989. For one thing, it makes possible a hope for peaceful change.<\/span><\/p>\n<hr \/>\n<\/div>\n<\/div>\n<div class=\"AuthorBioBlock col-12 lg:col-10 xl-wide:col-8 w100 mt6 mxauto\">\n<div class=\"AuthorBioBlock__container graebenbach mt1_5 text-section-details-sm font-300 color-red\">\n<p style=\"text-align: left;\"><span style=\"color: #808080;\"><em><strong>Susan Rubin Suleiman<\/strong> is\u00a0<span style=\"text-decoration: underline;\"><strong><a style=\"color: #808080; text-decoration: underline;\" href=\"https:\/\/rll-faculty.fas.harvard.edu\/susanrubinsuleiman\">professor emerita<\/a><\/strong><\/span>\u00a0at Harvard University and the author, most recently, of\u00a0<span style=\"text-decoration: underline;\"><strong><a style=\"color: #808080; text-decoration: underline;\" href=\"https:\/\/yalebooks.yale.edu\/book\/9780300171969\/nemirovsky-question\">The N\u00e9mirovsky Question: The Life, Death, and Legacy of a Jewish Writer in Twentieth-Century France<\/a>.<\/strong><\/span><\/em><\/span><\/p>\n<\/div>\n<\/div>\n<hr style=\"height: 15px; background: #d0e6fa; width: 100%;\" \/>\n<div id=\"content\" class=\"content-alignment\">\n<div id=\"watch-description\" class=\"yt-uix-button-panel\">\n<div id=\"watch-description-text\" style=\"text-align: center;\">\n<p><em>Zawarto\u015b\u0107 publikowanych artyku\u0142\u00f3w i materia\u0142\u00f3w nie reprezentuje pogl\u0105d\u00f3w ani opinii Reunion&#8217;68,<\/em><em><br \/>\nani te\u017c webmastera Blogu Reunion&#8217;68, chyba ze jest to wyra\u017anie zaznaczone.<br \/>\nTwoje uwagi, linki, w\u0142asne artyku\u0142y lub wiadomo\u015bci prze\u015blij na adres:<br \/>\n<\/em><span style=\"color: #000080;\"><strong><em><a style=\"color: #000080;\" href=\"mailto:webmaster@reunion68.com\"><span style=\"text-decoration: underline;\">webmaster@reunion68.com<\/span><\/a><\/em><\/strong><\/span><\/p>\n<\/div>\n<\/div>\n<\/div>\n<hr style=\"width: 100%;\" \/>\n<\/div>\n<\/div>\n<\/div>\n","protected":false},"excerpt":{"rendered":"<p>Decision on the Danube SUSAN RUBIN SULEIMAN Fidesz election billboard in Mosonmagyarovar displays, from left, leader of the opposition P\u00e9ter M\u00e1rki-Zay, former Prime Minister Ferenc Gyurcs\u00e1ny, and Prime Minister Viktor Orb\u00e1n. Hungary will hold its parliamentary election on April 3, 2022.TOMAS TKACIK\/SOPA IMAGES\/LIGHTROCKET VIA GETTY IMAGES I reclaimed my Hungarian citizenship just in time to [&hellip;]<\/p>\n","protected":false},"author":1,"featured_media":0,"comment_status":"closed","ping_status":"closed","sticky":false,"template":"","format":"standard","meta":[],"categories":[6],"tags":[26,24],"_links":{"self":[{"href":"https:\/\/www.reunion68.se\/index.php?rest_route=\/wp\/v2\/posts\/94243"}],"collection":[{"href":"https:\/\/www.reunion68.se\/index.php?rest_route=\/wp\/v2\/posts"}],"about":[{"href":"https:\/\/www.reunion68.se\/index.php?rest_route=\/wp\/v2\/types\/post"}],"author":[{"embeddable":true,"href":"https:\/\/www.reunion68.se\/index.php?rest_route=\/wp\/v2\/users\/1"}],"replies":[{"embeddable":true,"href":"https:\/\/www.reunion68.se\/index.php?rest_route=%2Fwp%2Fv2%2Fcomments&post=94243"}],"version-history":[{"count":8,"href":"https:\/\/www.reunion68.se\/index.php?rest_route=\/wp\/v2\/posts\/94243\/revisions"}],"predecessor-version":[{"id":94272,"href":"https:\/\/www.reunion68.se\/index.php?rest_route=\/wp\/v2\/posts\/94243\/revisions\/94272"}],"wp:attachment":[{"href":"https:\/\/www.reunion68.se\/index.php?rest_route=%2Fwp%2Fv2%2Fmedia&parent=94243"}],"wp:term":[{"taxonomy":"category","embeddable":true,"href":"https:\/\/www.reunion68.se\/index.php?rest_route=%2Fwp%2Fv2%2Fcategories&post=94243"},{"taxonomy":"post_tag","embeddable":true,"href":"https:\/\/www.reunion68.se\/index.php?rest_route=%2Fwp%2Fv2%2Ftags&post=94243"}],"curies":[{"name":"wp","href":"https:\/\/api.w.org\/{rel}","templated":true}]}}