{"id":94247,"date":"2025-03-11T17:09:28","date_gmt":"2025-03-11T15:09:28","guid":{"rendered":"http:\/\/www.reunion68.se\/?p=94247"},"modified":"2025-03-11T11:41:01","modified_gmt":"2025-03-11T09:41:01","slug":"10-09-69","status":"publish","type":"post","link":"https:\/\/www.reunion68.se\/?p=94247","title":{"rendered":"Klaus Bachmann: W niemieckiej telewizji to nie armia rosyjska naje\u017cd\u017ca Ukrain\u0119"},"content":{"rendered":"<p style=\"text-align: center;\"><img decoding=\"async\" class=\"aligncenter\" src=\"https:\/\/bi.im-g.pl\/im\/9d\/f3\/1a\/z28258461V,Rekruci-Bundeswehry-przygotowuja-sie-do-cwiczen-w-.jpg\" width=\"100%\" \/><span style=\"color: #808080;\"><em>Rekruci Bundeswehry przygotowuj\u0105 si\u0119 do \u0107wicze\u0144 w terenie (Fot. BE&amp;W)<\/em><\/span><\/p>\n<hr \/>\n<h5 style=\"text-align: center;\"><a href=\"https:\/\/wyborcza.pl\/\" target=\"_blank\" rel=\"noopener noreferrer\"><img decoding=\"async\" class=\"center alignleft\" src=\"http:\/\/www.reunion68.com\/Biuletyn\/img\/wyborcza-wolna.png\" alt=\"\" width=\"35%\" \/><\/a><span style=\"text-decoration: underline; color: #000080;\"><strong><a style=\"color: #000080; text-decoration: underline;\" href=\"https:\/\/wyborcza.pl\/magazyn\/7,124059,28275313,klaus-bachmann-w-niemieckiej-telewizji-to-nie-armia-rosyjska.html\" target=\"_blank\" rel=\"noopener noreferrer\">W niemieckiej telewizji to nie armia rosyjska naje\u017cd\u017ca Ukrain\u0119<\/a><\/strong><\/span><\/h5>\n<p style=\"text-align: center;\"><span style=\"color: #000000;\"><strong>[ 3 Kwiecien 2022 ]<br \/>\nKlaus Bachmann<\/strong><\/span><\/p>\n<hr style=\"height: 15px; background: #d0e6fa; width: 100%;\" \/>\n<h4 style=\"text-align: center;\"><span style=\"color: #808080;\"><strong>W polskich mediach &#8211; obecnie niemal wszystkich, niezale\u017cnie od opcji &#8211; Ukrai\u0144cy dzielnie i bohatersko walcz\u0105 i, ku uciesze Polak\u00f3w, zabijaj\u0105 du\u017co Rosjan. W Niemczech aspekt militarny jest maksymalnie wyciszony<\/strong><\/span><\/h4>\n<p>.<\/p>\n<p class=\"art_paragraph\" style=\"text-align: left;\"><span style=\"color: #000080;\">Wiosna 2014 roku. Berlin. Na p\u00f3\u0142wyspie Krym pojawiaj\u0105 si\u0119 bojownicy w mundurach bez oznak, transporty wojskowe bez numer\u00f3w rejestracyjnych, \u017co\u0142nierze niewiadomego pochodzenia zajmuj\u0105 budynek parlamentu. Referendum, wniosek o przyj\u0119cie do Federacji Rosyjskiej. W \u0141uga\u0144sku i Doniecku bojownicy napadaj\u0105 na posterunki ukrai\u0144skiej policji, autobusy z rosyjskimi rejestracjami wo\u017c\u0105 \u201eturyst\u00f3w&#8221; z Rosji do ukrai\u0144skich obwod\u00f3w, aby tam demonstrowali przeciwko przej\u0119ciu w\u0142adzy przez rz\u0105d tymczasowy w Kijowie. Media rosyjskie pisz\u0105 o faszystowskim puczu w Kijowie. W Moskwie t\u0142umy \u015bwi\u0119tuj\u0105 powr\u00f3t Krymu do macierzy.<\/span><\/p>\n<div class=\"paywall\">\n<p class=\"art_paragraph\" style=\"text-align: left;\"><span style=\"color: #000080;\">Na ulicach Berlina pojawiaj\u0105 si\u0119 pierwsze skupiska ludzi, kt\u00f3rzy protestuj\u0105: przeciwko \u201emainstreamowi medi\u00f3w&#8221;, kt\u00f3ry przedstawia Rosj\u0119 jako agresora, przeciwko Stanom Zjednoczonym, kt\u00f3re stoj\u0105 za euromajdanem i \u201eprowokowa\u0142y Rosj\u0119&#8221;. W talk-show w publicznej telewizji kr\u00f3luje symetryzm: dw\u00f3ch dyskutant\u00f3w broni racji rosyjskich, dw\u00f3ch ukrai\u0144skich. Z tym drugim nurtem jest problem: s\u0105 w Niemczech znawcy Ukrainy, ale ma\u0142o medialni i dziennikarze ich nie znaj\u0105. Obro\u0144cy Rosji s\u0105 medialni i znani od lat, i wcale nie jest to tylko Gerhard Schr\u00f6der: Alexander Rahr, kt\u00f3ry raz wyst\u0119puje jako ekspert towarzystwa polityki zagranicznej (cho\u0107 jednocze\u015bnie pracuje dla Gazpromu), raz jako przedstawiciel jakiej\u015b organizacji pozarz\u0105dowej, dziennikarka i wyk\u0142adowczyni Gabrielle Krohne-Schmalz, ale te\u017c politycy z pierwszych stron gazet, g\u0142\u00f3wnie z SPD \u2013 Matthias Platzeck, premier Brandenburgii (SPD), i Klaus von Dohnanyi, by\u0142y nadburmistrz Hamburga, a nawet powa\u017cany by\u0142y kanclerz Helmut Schmidt, wydawca \u201eDie Zeit&#8221;. Wszyscy wzywaj\u0105 do moderacji \u2013 nie dlatego, \u017ce boj\u0105 si\u0119 Rosji czy wojny, po prostu nie widz\u0105 \u017cadnej radykalizacji Putina, \u201erozumiej\u0105&#8221; jego ogl\u0105d \u015bwiata, uwa\u017caj\u0105, \u017ce \u201eRosja ma prawo strzec swojego bezpiecze\u0144stwa&#8221;. Kiedy pojawiaj\u0105 si\u0119 \u017c\u0105dania ostrzejszych sankcji, wskazuj\u0105 na moralne i historyczne zobowi\u0105zania Niemiec wobec Rosji wynikaj\u0105ce z \u201eogromu zbrodni&#8221;, jakich hitlerowcy tam dokonali. Argumenty geopolityczne i moralne ca\u0142kowicie abstrahuj\u0105 od sytuacji wewn\u0119trznej Rosji.<\/span><\/p>\n<p class=\"art_paragraph\" style=\"text-align: left;\"><span style=\"color: #000080;\">To jedna strona medalu. Druga strona to stosunek do Ukrainy. Ona nie uchodzi za ofiar\u0119, lecz jest \u201estron\u0105 w konflikcie&#8221;. W tym konflikcie Niemcy moderuj\u0105, najpierw na w\u0142asn\u0105 r\u0119k\u0119, potem w ramach formatu normandzkiego. Formu\u0142a normandzka jest u\u0142omna, ale nie dlatego, \u017ce tam nie ma Polski (innych kraj\u00f3w regionu te\u017c nie), lecz dlatego, \u017ce tam nie ma USA, jedynego pa\u0144stwa, kt\u00f3re mog\u0142oby skutecznie negocjowa\u0107 z Rosj\u0105. Format normandzki, zamiast rozwi\u0105za\u0107 konflikt, zamra\u017ca go. Dobre i to, bo jest mniej ofiar, Ukraina zyska czas na budow\u0119 armii, reformy, wzmocnienie pa\u0144stwa. Ale nie w tym rzecz, lecz w tym, jak niemiecka dyplomacja negocjuje.<\/span><\/p>\n<h5 class=\"art_sub_title\" style=\"text-align: left;\"><strong>Niemcy usi\u0142uj\u0105 pojedna\u0107, chocia\u017c nikt si\u0119 nie k\u0142\u00f3ci<\/strong><\/h5>\n<p class=\"art_paragraph\" style=\"text-align: left;\"><span style=\"color: #000080;\">Sta\u0142y element propagandy rosyjskiej to Ukraina jako \u201eg\u0142\u0119boko podzielony kraj&#8221;, w kt\u00f3rym \u201eprorosyjski wsch\u00f3d&#8221; walczy z \u201eprozachodnim zachodem&#8221;. Wed\u0142ug tej narracji separatyzm, d\u0105\u017cenie do po\u0142\u0105czenia z Rosj\u0105 to tak samo autentyczne i uprawnione tendencje polityczne jak separatyzm katalo\u0144ski albo flamandzki. Problem w tym, \u017ce w \u015bwietle sonda\u017cy sprzed 2014 roku tendencje separatystyczne w Donbasie s\u0105 faktycznie nieco silniejsze ni\u017c w innych cz\u0119\u015bciach kraju, ale \u2013 poza Krymem \u2013 mniejszo\u015bciowe i pokojowe. Nikt nie chce tych region\u00f3w oderwa\u0107 pod Ukrainy, separatyzm w Donbasie to nostalgia starszego pokolenia za ZSRR. Nawet na Krymie, gdzie w latach 90. faktycznie by\u0142 silny nurt separatystyczny, mieszka\u0144cy poni\u017cej wieku emerytalnego wiedz\u0105, \u017ce z rosyjskim paszportem grozi im rekrutacja do wojska. Rosja prowadzi wojny, Ukraina nie. W Rosji rozstrzeliwuj\u0105 parlament, na Ukrainie jest spok\u00f3j. Dlatego przej\u0119cie w\u0142adzy w Donbasie i na Krymie musia\u0142o si\u0119 odbywa\u0107 przemoc\u0105, za pomoc\u0105 \u201ezielonych ludzik\u00f3w&#8221;.<\/span><\/p>\n<p class=\"art_paragraph\" style=\"text-align: left;\"><span style=\"color: #000080;\">Lecz poniewa\u017c kalka o \u201eg\u0142\u0119boko podzielonym kraju&#8221; zast\u0119puje realn\u0105 wiedz\u0119 o Ukrainie, niemieccy dyplomaci organizuj\u0105 i sponsoruj\u0105 we wschodniej Ukrainie \u201ekonferencje pojednania&#8221;, na kt\u00f3rych w\u0142adze samorz\u0105dowe, przedstawiciele rz\u0105du centralnego, organizacji pozarz\u0105dowych i administracji obwodowej maj\u0105 si\u0119 pojedna\u0107. Dziwi\u0105 si\u0119, kiedy nikt nie chce si\u0119 pojedna\u0107, a\u017c dochodz\u0105 do s\u0142usznego wniosku, \u017ce uczestnicy wcale nie s\u0105 skonfliktowani.<\/span><\/p>\n<p class=\"art_paragraph\" style=\"text-align: left;\"><span style=\"color: #000080;\">Za tym nieco absurdalnym eksportem niemieckiego \u201esoft power&#8221; kryje si\u0119 powa\u017cny problem: w Niemczech ka\u017cdy co\u015b wie o Rosji i ka\u017cdy ma jak\u0105\u015b opini\u0119 o Rosji. Cz\u0119sto to kalki historyczne, nieuporz\u0105dkowane strz\u0119py zaczerpni\u0119te z film\u00f3w, folder\u00f3w reklamowych agencji turystycznych, seriali, dziwna mieszanka przes\u0105d\u00f3w, l\u0119k\u00f3w, respektu i zwyczajnego kiczu.<\/span><\/p>\n<div id=\"banC1\" style=\"text-align: left;\"><\/div>\n<p class=\"art_paragraph\" style=\"text-align: left;\"><span style=\"color: #000080;\">Ale to podstawa, na kt\u00f3rej mo\u017cna budowa\u0107. Rosyjska propaganda i Russlandversteher maj\u0105 do czego nawi\u0105za\u0107. O Ukrainie nikt nic nie wie. Na jej temat nie ma ani wiedzy, ani narracji, ani nawet kiczu. W Polsce mamy historyczny kicz oparty na Sienkiewiczu, uto\u017csamianie Ukrainy z Galicj\u0105, narracj\u0119 o \u201enacjonalistach ukrai\u0144skich&#8221;, o \u201erezunach Bandery&#8221;, o Siczy\u00a0Zaporoskiej i o Chmielnickim. W Niemczech ma\u0142o kto wie, gdzie Ukraina le\u017cy na mapie.<\/span><\/p>\n<p class=\"art_paragraph\" style=\"text-align: left;\"><span style=\"color: #000080;\">Kiedy zaczyna si\u0119 krwawa faza euromajdanu, przylatuj\u0105 niemieccy dziennikarzy z Moskwy (i nieliczni z Polski), bo w Kijowie sta\u0142ych korespondent\u00f3w nie ma. Spikerzy w publicznej telewizji wymawiaj\u0105 nazwiska ukrai\u0144skich polityk\u00f3w i nazwy miejscowo\u015bci, jakby one le\u017ca\u0142y w Rosji. Do dzi\u015b nikt nie jest w stanie wymawia\u0107 Lwiw, prawie wszyscy uciekaj\u0105 si\u0119 do \u201eLemberg&#8221;. W debatach telewizyjnych ani razu nie widzia\u0142em historyka specjalizuj\u0105cego si\u0119 w historii Ukrainy, zaprasza si\u0119 tam polityk\u00f3w pochodzenia ukrai\u0144skiego (socjalizowanych w Niemczech) albo, odk\u0105d jeden zosta\u0142 merem Kijowa, braci Kliczko, bo m\u00f3wi\u0105 dobrze po niemiecku i s\u0105 celebrytami.<\/span><\/p>\n<p class=\"art_paragraph\" style=\"text-align: left;\"><span style=\"color: #000080;\">A\u017c do tej wojny w publicznych debatach dyskutuje si\u0119 o Rosji z udzia\u0142em Rosjan (ambasadora, dziennikarzy z oficjalnych medi\u00f3w), a o Ukrainie albo z udzia\u0142em Rosjan, albo w gronie samych Niemc\u00f3w. \u201eUkraineversteher&#8221; s\u0105 na uniwersytetach, ale na dyskurs publiczny nie maj\u0105 \u017cadnego wp\u0142ywu.<\/span><\/p>\n<div id=\"banC2\" style=\"text-align: left;\"><\/div>\n<p class=\"art_paragraph\" style=\"text-align: left;\"><span style=\"color: #000080;\">Dla telewizji walki w Donbasie to konflikt mi\u0119dzy dwiema r\u00f3wnoprawnymi stronami. W jednej z nielicznych debat z udzia\u0142em ambasadora Ukrainy moderatorka pyta go uszczypliwie: \u201eAle ukrai\u0144ska armia strzela te\u017c do Rosjan, prawda?&#8221;. To ma r\u00f3wnowa\u017cy\u0107 jego twierdzenie, \u017ce to Rosja atakuje, a Ukraina si\u0119 broni.<\/span><\/p>\n<p class=\"art_paragraph\" style=\"text-align: left;\"><span style=\"color: #000080;\">Udziela si\u0119 to dyplomatom i politykom: raz po raz wzywaj\u0105 obie strony konfliktu \u201edo zachowania pokoju&#8221;, \u201eumiarkowania&#8221; i \u201epowrotu do negocjacji&#8221;. Podczas niekt\u00f3rych debat w Bundestagu mo\u017cna mie\u0107 wra\u017cenie, \u017ce Rosja okupuje cz\u0119\u015b\u0107 terytorium Ukrainy, a Ukraina cz\u0119\u015b\u0107 terytorium Rosji. Taki symetryzm by\u0142by uprawniony, gdyby Niemcy by\u0142y neutralnym rozjemc\u0105, tak jak p\u00f3\u017aniej w wojnie domowej w Libii. Ale Niemcy s\u0105 cz\u0142onkiem NATO i UE, kt\u00f3re nak\u0142adaj\u0105 sankcje na Rosj\u0119 i wspieraj\u0105 Ukrain\u0119.<\/span><\/p>\n<h5 class=\"art_sub_title\" style=\"text-align: left;\"><strong>Z talibami si\u0119 walczy, z Rosjanami rozmawia<\/strong><\/h5>\n<p class=\"art_paragraph\" style=\"text-align: left;\"><span style=\"color: #000080;\">Wiara, \u017ce poprzez handel mo\u017cna nie tylko okie\u0142zna\u0107 Rosj\u0119, ale j\u0105 nawet stopniowo demokratyzowa\u0107, \u017ce \u201edialog&#8221; jest remedium na ka\u017cd\u0105 agresj\u0119 i \u017ce rozwi\u0105zaniem ka\u017cdego, nawet najkrwawszego konfliktu musi by\u0107 dyplomacja, \u0142\u0105czy\u0142a gabinety Schr\u00f6dera i Merkel. W retoryce, bo w praktyce Niemcy uczestniczy\u0142y w si\u0142owych rozwi\u0105zaniach kryzys\u00f3w w Afganistanie, w by\u0142ej Jugos\u0142awii, w Libii, w Mali, a gdy Rosja anektuje Krym, instruktorzy Bundeswehry szkol\u0105 kurdyjskich bojownik\u00f3w i dostarcz\u0105 im bro\u0144 przeciwko tzw. Pa\u0144stwu Islamskiemu.<\/span><\/p>\n<p class=\"art_paragraph\" style=\"text-align: left;\"><span style=\"color: #000080;\">Najwyra\u017aniej dialog nie jest jedynym sposobem radzenia sobie z Miloszeviciem, talibami, eksbojownikami Kaddafiego i d\u017cihadystami. Ale z Rosj\u0105 mo\u017cna tylko rozmawia\u0107, cho\u0107 truje przeciwnik\u00f3w za granic\u0105, cenzuruje media, prze\u015bladuje organizacje pozarz\u0105dowe, zamyka niemieckie fundacje w Moskwie, bombarduje Syri\u0119, wspiera partie skrajnie prawicowe i skrajnie lewicowe w Europie i utrzymuje krwawe dyktatury w swoim s\u0105siedztwie.<\/span><\/p>\n<p class=\"art_paragraph\" style=\"text-align: left;\"><span style=\"color: #000080;\">Tego \u2013 mimo uzale\u017cnienia od ropy i gazu \u2013 nie da si\u0119 t\u0142umaczy\u0107 interesem ekonomicznym, przynajmniej nie na poziomie pa\u0144stwa. Pod wzgl\u0119dem inwestycji i obrot\u00f3w handlowych Rosja dla Niemiec by\u0142a i jest kar\u0142em. W 2013 r. import z Rosji stanowi\u0142 2,8 proc. ca\u0142ego importu Niemiec. Z Holandii Niemcy importowa\u0142y trzy razy wi\u0119cej, a do niej eksportowa\u0142y prawie dwa razy wi\u0119cej ni\u017c do Rosji. Handel Niemiec z W\u0142ochami, Holandi\u0105 albo Polsk\u0105 jest wi\u0119kszy ni\u017c z Rosj\u0105, podobnie jest z inwestycjami zagranicznymi. Gdyby to interesy by\u0142y decyduj\u0105ce, niemieckie rz\u0105dy i opinia publiczna powinny by\u0107 proameryka\u0144skie, prochi\u0144skie i profrancuskie, bo te kraje odbieraj\u0105 najwi\u0119cej niemieckich produkt\u00f3w.<\/span><\/p>\n<h5 class=\"art_sub_title\" style=\"text-align: left;\"><strong>Czego ucz\u0105 si\u0119 niemieckie dzieci<\/strong><\/h5>\n<p class=\"art_paragraph\" style=\"text-align: left;\"><span style=\"color: #000080;\">Najwa\u017cniejsza przyczyna, dla kt\u00f3rej wszystkie niemieckie rz\u0105dy po 1990 r. siedzia\u0142y okrakiem na barykadzie mi\u0119dzy Rosj\u0105 i Zachodem, to sentymenty historyczne, historyczny i kulturowy kicz, kt\u00f3remu ulegaj\u0105 nawet dziennikarze i intelektuali\u015bci krytyczni wobec polityki rosyjskiej. Z tego powodu mo\u017cna by\u0142o w tej samej stacji ogl\u0105da\u0107 newsy o prze\u015bladowaniu Memoria\u0142u, zamordowaniu Borysa Niemcowa i ucieczce jego c\u00f3rki do Niemiec \u2013 a potem prze\u017cywa\u0107 rejs po Wo\u0142dze z dziennikarzem, kt\u00f3ry rozprawia o g\u0142\u0119boko\u015bci rosyjskiej duszy, malowniczo\u015bci krajobrazu, przedstawiaj\u0105c bied\u0119 rosyjskiej prowincji jako dow\u00f3d przywi\u0105zania jej mieszka\u0144c\u00f3w do przyrody i prostego \u017cycia.<\/span><\/p>\n<p class=\"art_paragraph\" style=\"text-align: left;\"><span style=\"color: #000080;\">Nic podobnego nie by\u0142o i nie ma o Ukrainie. Nie ma wycieczek po Dnieprze lub Dniestrze, nie ma reporta\u017cy o nieko\u0144cz\u0105cej si\u0119 przestrzeni ukrai\u0144skich step\u00f3w, a kiedy w jakim\u015b prowincjonalnym niemieckim miasteczku ch\u00f3r kozacki przyci\u0105ga t\u0142umy, to zawsze ch\u00f3r rosyjski, koniecznie znad Donu, bo o ukrai\u0144skich Kozakach, o ukrai\u0144skiej Siczy przeci\u0119tny Niemiec nie ma szans si\u0119 dowiedzie\u0107. Ukrai\u0144ska kultura wywo\u0142uje co najwy\u017cej zdumienie, \u017ce w og\u00f3le istnieje. To, \u017ce Rosja jest wielka, wieczna i zas\u0142uguje na respekt, nie ulega w\u0105tpliwo\u015bci. Retoryczne pytanie, czy Ukraina w og\u00f3le istnieje jako pa\u0144stwo, zada\u0142 po aneksji Krymu nikt inny ni\u017c by\u0142y kanclerz Helmut Schmidt.<\/span><\/p>\n<p class=\"art_paragraph\" style=\"text-align: left;\"><span style=\"color: #000080;\">Po cz\u0119\u015bci to skutek prostego faktu, \u017ce w najnowszej historii Europy Rosja odgrywa\u0142a wi\u0119ksz\u0105 rol\u0119 w koncercie mocarstw. O carycy Katarzynie Wielkiej, Piotrze Wielkim i Miko\u0142aju II niemieckie dzieci ucz\u0105 si\u0119 w szkole. O Rusi Kijowskiej, utworze \u201eS\u0142owo o wyprawie Igora&#8221; i Jaros\u0142awie M\u0105drym nie dowiaduj\u0105 si\u0119 nic. Niemiecka polityka historyczna rezerwuje bowiem dla obu narod\u00f3w do\u015b\u0107 szczeg\u00f3lne miejsce.<\/span><\/p>\n<p class=\"art_paragraph\" style=\"text-align: left;\"><span style=\"color: #000080;\">Du\u017ca cz\u0119\u015b\u0107 socjaldemokrat\u00f3w i praktycznie ca\u0142a skrajna lewica sw\u00f3j dawny podziw dla obozu post\u0119pu i sprawiedliwo\u015bci spo\u0142ecznej przenios\u0142y na Rosj\u0119 Jelcyna, Putina i Miedwiediewa, wypieraj\u0105c przy tym ostr\u0105 krytyk\u0119 socjaldemokrat\u00f3w, socjalist\u00f3w i komunist\u00f3w w Republice Weimarskiej wobec rewolucji bolszewickiej. Skrajna lewica rokrocznie obchodzi rocznic\u0119 zab\u00f3jstwa R\u00f3\u017cy Luksemburg przez skrajnie prawicowych cz\u0142onk\u00f3w Freikorps, ale woli zapomnie\u0107, \u017ce ta sama R\u00f3\u017ca Luksemburg krytykowa\u0142a prze\u015bladowania oponent\u00f3w i dysydent\u00f3w przez bolszewik\u00f3w. Do dzi\u015b do lewicy nie dotar\u0142o, \u017ce wojna Putina to awantura wszcz\u0119ta przez bardzo w\u0105skie i wy\u0142\u0105cznie m\u0119skie grono zgorzknia\u0142ych, nacjonalistycznych starc\u00f3w, kt\u00f3rzy przekre\u015blaj\u0105 przysz\u0142o\u015b\u0107 otwartych na \u015bwiat m\u0142odych Rosjan i Ukrai\u0144c\u00f3w. Analiza genderowa, tak popularna w Die Linke, ca\u0142kowicie zawiod\u0142a: w systemie politycznym Ukrainy, od rz\u0105du, przez media, a\u017c do wojska, m\u0142ode kobiety odgrywaj\u0105 o wiele wi\u0119ksz\u0105 rol\u0119 ni\u017c w Rosji, gdzie w\u0142adze prze\u015bladuj\u0105 feministki, ludzi LGBT, promuj\u0105 szowinizm i wspieraj\u0105 za granic\u0105 patriarchalne partie. Wielu lewicowc\u00f3w nie widzi na Ukrainie oddolnych ruch\u00f3w, pluralizmu w mediach i w kulturze, lecz wy\u0142\u0105cznie pu\u0142k Azow.<\/span><\/p>\n<h5 class=\"art_sub_title\" style=\"text-align: left;\"><strong>Bo w II wojnie Ukrai\u0144c\u00f3w popierali faszy\u015bci<\/strong><\/h5>\n<p class=\"art_paragraph\" style=\"text-align: left;\"><span style=\"color: #000080;\">Uwielbienie Rosji jako kontynuatorki rosyjskiego imperium przez konserwatyst\u00f3w jest podobnie wybi\u00f3rcze: kiedy po dymisji Bismarcka z kanclerstwa Niemcy przestali upatrywa\u0107 w Rosji partnera gwarantuj\u0105cego r\u00f3wnowag\u0119 si\u0142 w Europie, z prorosyjsk\u0105 tradycj\u0105 konserwatywn\u0105 zacz\u0105\u0142 konkurowa\u0107 nowy nurt, kt\u00f3ry patrzy\u0142 na Rosj\u0119 jako na giganta o glinianych nogach, kt\u00f3ry pod presj\u0105 konflikt\u00f3w narodowo\u015bciowych mo\u017ce si\u0119 w ka\u017cdej chwili rozpa\u015b\u0107. On odpowiada za to, \u017ce Druga i Trzecia Rzesza stara\u0142y si\u0119 wspiera\u0107 irredenty w Rosji. W tych momentach niemiecka polityka zacz\u0119\u0142a dostrzega\u0107 Ukrain\u0119 i Ukrai\u0144c\u00f3w \u2013 nie jako podmiot, ale jako narz\u0119dzie do rozbicia Rosji, pozbawienia jej dost\u0119pu do czarnoziemu i tworzenia strefy buforowej. To sprawi\u0142o, \u017ce po II wojnie proukrai\u0144ski nurt w niemieckiej polityce jest zdyskredytowany, a ukrai\u0144ski ruch narodowy pojawia si\u0119 wy\u0142\u0105cznie w kontek\u015bcie kolaboracji z nazizmem i wsp\u00f3\u0142udzia\u0142u w Holocau\u015bcie. Ten w\u0105tek pojawia si\u0119 po 2014 r. w prorosyjskich publikacjach: w konflikcie rosyjsko-ukrai\u0144skim racja musi by\u0107 po stronie Rosji, poniewa\u017c dwa pokolenia wstecz nazi\u015bci popierali Ukrai\u0144c\u00f3w przeciwko Rosji.<\/span><\/p>\n<p class=\"art_paragraph\" style=\"text-align: left;\"><span style=\"color: #000080;\">To brzmi nieco groteskowo, ale odwo\u0142uje si\u0119 do innego, znacznie bardziej popularnego pogl\u0105du, zgodnie z kt\u00f3rym Niemcy musz\u0105 okaza\u0107 Rosji Putina wdzi\u0119czno\u015b\u0107, poniewa\u017c Niemcy hitlerowskie kiedy\u015b napad\u0142y na ZSRR, ZSRR wyzwoli\u0142 Niemcy od nazist\u00f3w, a potem zgodzi\u0142 si\u0119 na zjednoczenie Niemiec. Ten aspekt przewija si\u0119 przez wypowiedzi i przem\u00f3wienia polityk\u00f3w z prawa i z lewa, tak jakby Ukraina, druga pod wzgl\u0119dem wa\u017cno\u015bci republika zwi\u0105zkowa, nie mia\u0142a nic wsp\u00f3lnego z ZSRR. Dopiero teraz dziennikarze i politycy odkrywaj\u0105, \u017ce geopolityczna s\u0142abo\u015b\u0107 Ukrainy by\u0142a te\u017c wynikiem presji Zachodu, aby przekaza\u0107 Rosji ca\u0142y wsp\u00f3lny radziecki arsena\u0142 j\u0105drowy.<\/span><\/p>\n<h5 class=\"art_sub_title\" style=\"text-align: left;\"><strong>Rosyjscy Niemcy nie s\u0105 prorosyjscy<\/strong><\/h5>\n<p class=\"art_paragraph\" style=\"text-align: left;\"><span style=\"color: #000080;\">To wybi\u00f3rczy podziw dla Rosji Putina jako Rosji w og\u00f3le, uto\u017csamianie Rosji z ZSRR i pomylenie Putina z Gorbaczowem mieszaj\u0105 si\u0119 w przypadku niekt\u00f3rych kraj\u00f3w zwi\u0105zkowych z interesami.<\/span><\/p>\n<p class=\"art_paragraph\" style=\"text-align: left;\"><span style=\"color: #000080;\">Ze wzgl\u0119du na dawne wi\u0119zi gospodarcze NRD z ZSRR sankcje na Rosj\u0119 po aneksji Krymu odbija\u0142y si\u0119 asymetrycznie na wschodzie Niemiec i na Bawarii \u2013 to t\u0142umaczy, dlaczego premierzy Bawarii, Brandenburgii, Turyngii, Meklemburgii-Pomorza Przedniego i Saksonii cz\u0119sto opowiadali si\u0119 za ich wygaszaniem. Ale w przypadku wschodnich land\u00f3w jest co\u015b wi\u0119cej: sonda\u017ce pokazuj\u0105, \u017ce nieufno\u015b\u0107 wobec Berlina, wobec establishmentu, medi\u00f3w i uchod\u017ac\u00f3w idzie w parze z poparciem dla Rosji. Nie tylko w Polsce antyszczepionkowcy s\u0105 cz\u0119sto prorosyjscy \u2013 skrajna prawica, zwolennicy prawicowo-populistycznej Alternatywy dla Niemiec i demonstranci PEGIDY maj\u0105 tak autorytarne pogl\u0105dy, \u017ce zamordyzm Putina im imponuje bardziej ni\u017c liberalny, zdecentralizowany \u0142ad RFN. Za to \u201erosyjscy Niemcy&#8221; \u2013 emigranci, kt\u00f3rzy w r\u00f3\u017cnych okresach, g\u0142\u00f3wnie podczas rozpadu ZSRR, emigrowali z Rosji i Kazachstanu na \u201eniemieckich papierach&#8221; \u2013 s\u0105 mniej podatni na rosyjsk\u0105 propagand\u0119, ni\u017c g\u0142osi stereotyp. Sonda\u017c z 2016 r. ujawni\u0142 prorosyjskie tendencje tylko u 17 proc. ankietowanych emigrant\u00f3w z Rosji. Wi\u0119kszo\u015b\u0107 jest apolityczna, nawet je\u015bli nadal \u017cyje bardziej w rosyjskiej ni\u017c w niemieckiej kulturze.<\/span><\/p>\n<h5 class=\"art_sub_title\" style=\"text-align: left;\"><strong>Lobbysta mija sekretarza stanu<\/strong><\/h5>\n<p class=\"art_paragraph\" style=\"text-align: left;\"><span style=\"color: #000080;\">Niemiecka i polska opinia publiczna bardzo du\u017co uwagi po\u015bwi\u0119ca\u0142y spektakularnym przypadkom rosyjskiego lobbingu. Na wie\u015b\u0107 o kolejnych wyczynach by\u0142ego kanclerza Schr\u00f6dera i jego kolejnej \u017cony internauci dostaj\u0105 piany, a media ch\u0119tnie rozg\u0142aszaj\u0105 wypowiedzi skrajnie prawicowych i lewicowych pos\u0142\u00f3w, kt\u00f3rzy powielaj\u0105 rosyjsk\u0105 propagand\u0119. Jeszcze na pocz\u0105tku marca, kiedy ju\u017c 145 pa\u0144stw na \u015bwiecie pot\u0119pi\u0142o Rosj\u0119, kiedy cywile umierali w Kijowie i Mariupolu pod bombami, pose\u0142 do Bundestagu z ramienia AfD oznajmi\u0142 w \u201eKomsomolskiej Prawdzie&#8221;, \u017ce \u201ew Niemczech \u017cadnej demokracji nie ma&#8221;.<\/span><\/p>\n<p class=\"art_paragraph\" style=\"text-align: left;\"><span style=\"color: #000080;\">Lecz to przyk\u0142ady odosobnione, cho\u0107 spektakularne, a autorzy takich wypowiedzi nigdy nie mieli wp\u0142ywu na polityk\u0119 rz\u0105du. Dot\u0105d Die Linke wsp\u00f3\u0142rz\u0105dzi\u0142a jedynie na szczeblu land\u00f3w, nigdy nie mia\u0142a przedstawiciela w rz\u0105dzie federalnym, a AfD jest wsz\u0119dzie w opozycji.<\/span><\/p>\n<p class=\"art_paragraph\" style=\"text-align: left;\"><span style=\"color: #000080;\">Problem jest gdzie indziej. Lobby Control, jedna z najwi\u0119kszych organizacji monitoruj\u0105cych lobbing, opisuje go tak: \u201eBrak przejrzysto\u015bci prowadzi do tego, \u017ce przy kontrowersyjnych projektach jak Nord Stream II w centrum uwagi stoj\u0105 jedynie pojedyncze osoby, jak Schr\u00f6der, a nie ca\u0142a sie\u0107 lobbystyczna w\u0142\u0105cznie z politykami r\u00f3\u017cnych partii&#8221;. Kiedy w po\u0142owie lat 80. jeden z najwi\u0119kszych niemieckich lobbyst\u00f3w zosta\u0142 zatrzymany pod zarzutem korupcji, zrelatywizowa\u0142 swoje czyny jako \u201epiel\u0119gnowanie bo\u0144skiego krajobrazu&#8221;: rozdawa\u0142 got\u00f3wk\u0119 na prawo i na lewo, aby swojej firmie zapewni\u0107 przychylne ustawodawstwo i pos\u0142uch w odpowiednich ministerstwach. Tu jest pies pogrzebany i dzi\u015b: nie w skrajnych wyst\u0119pach pojedynczych polityk\u00f3w, lecz w systematycznym \u201epiel\u0119gnowaniu krajobrazu berli\u0144skiego&#8221; przez rosyjski przemys\u0142 gazowy i Kreml. Nie trzeba wertowa\u0107 tajnych dokument\u00f3w, mo\u017cna to obserwowa\u0107 na ulicach Berlina. Id\u0105c od ministerstwa spraw zagranicznych do urz\u0119du kanclerskiego, miniemy kilka dyskretnych, ale niezmiernie wp\u0142ywowych organizacji zajmuj\u0105cych si\u0119 \u201eprzyja\u017ani\u0105&#8221;, \u201ewsp\u00f3\u0142prac\u0105&#8221;, \u201edialogiem&#8221; i \u201eporozumieniem&#8221; mi\u0119dzy Niemcami i Rosj\u0105, wszystkie w bardzo eleganckich biurach w ekstremalnie drogich nieruchomo\u015bciach. I tak blisko o\u015brodk\u00f3w decyzji, \u017ce z ministrami i sekretarzami stanu lobby\u015bci mog\u0105 si\u0119 spotka\u0107 po drodze do pracy.<\/span><\/p>\n<p class=\"art_paragraph\" style=\"text-align: left;\"><span style=\"color: #000080;\">Organizacje pozarz\u0105dowe monitoruj\u0105ce lobbing i ochron\u0119 \u015brodowiska od dawna \u015bledz\u0105 powi\u0105zania przemys\u0142u gazowego ze \u015bwiatem polityki. Dzi\u0119ki temu wiemy, kto i dlaczego forsowa\u0142 uznanie gazu za \u201etechnologi\u0119 przej\u015bciow\u0105&#8221; transformacji energetycznej albo op\u00f3\u017ania\u0142 rozbudow\u0119 farm wiatrowych. Te same raporty mo\u017cna jednak te\u017c wykorzysta\u0107 do ujawnienia powi\u0105za\u0144 \u015bwiata polityki z Kremlem i rosyjskimi sp\u00f3\u0142kami energetycznymi. Lobbing za gazem to niemal to samo co lobbing za Rosj\u0105 i wsz\u0119dzie, gdzie si\u0119 szuka interes\u00f3w gazowych, natrafia si\u0119 na Gazprom. Rzadko to powi\u0105zanie bezpo\u015brednie, cz\u0119sto sp\u00f3\u0142ki stoj\u0105ce za Nord Stream II po prostu p\u0105czkowa\u0142y, tworz\u0105c sp\u00f3\u0142ki c\u00f3rki, kt\u00f3re zak\u0142ada\u0142y instytuty naukowe, a te organizowa\u0142y spotkania decydent\u00f3w i lobbyst\u00f3w albo opracowywa\u0142y studia i raporty, z kt\u00f3rych wynika ekologiczna i klimatyczna wy\u017cszo\u015b\u0107 gazu nad atomem i odnawialnymi rodzajami energii.<\/span><\/p>\n<h5 class=\"art_sub_title\" style=\"text-align: left;\"><strong>Minister zamawia analiz\u0119 w sp\u00f3\u0142ce Nord Stream II<\/strong><\/h5>\n<p class=\"art_paragraph\" style=\"text-align: left;\"><span style=\"color: #000080;\">Niekt\u00f3re z tych firm mia\u0142y nawet umow\u0119 o doradztwo z ministerstwem gospodarki. Ostatni minister gospodarki i jeden z najbli\u017cszych polityk\u00f3w Merkel, Peter Altmaier, zam\u00f3wi\u0142 nawet \u201enaukow\u0105&#8221; analiz\u0119 w sp\u00f3\u0142ce Nord Stream II, kt\u00f3ra prognozowa\u0142a wzrost popytu na gaz ziemny. Ujawni\u0142a to Umwelthilfe, wielka organizacja ochrony \u015brodowiska. Altmaier, obecnie pose\u0142 chadecji, nie jest marginesem, kilkana\u015bcie lat pracowa\u0142 w samym sercu w\u0142adzy jako minister gospodarki, szef urz\u0119du kanclerskiego i minister ochrony \u015brodowiska.<\/span><\/p>\n<p class=\"art_paragraph\" style=\"text-align: left;\"><span style=\"color: #000080;\">Jedna z tych sp\u00f3\u0142ek, za\u0142o\u017conych m.in. przez Gazprom, to Zukunft Gas z bud\u017cetem 10 mln euro rocznie, w kt\u00f3rej radach konsultacyjnej i nadzorczej zasiadali chadecy i socjaldemokraci. W\u015br\u00f3d nich Friedbert Pfl\u00fcger, znany chadek, by\u0142y sekretarz ministerstwa obrony, rzecznik CDU ds. rozbrojenia i by\u0142y rzecznik prezydenta Richarda von Weizs\u00e4ckera. W latach 90. cz\u0119sto bywa\u0142 w Polsce, gdzie wspiera\u0142 przyj\u0119cie Polski do NATO. Ostatnio by\u0142 partnerem w kancelarii prawnej, kt\u00f3ra doradza\u0142a Nord Stream II.<\/span><\/p>\n<p class=\"art_paragraph\" style=\"text-align: left;\"><span style=\"color: #000080;\">Politycy, kt\u00f3rzy zasiadaj\u0105 w radach Zukunft Gas, zasiadaj\u0105 te\u017c w Forum Rosyjsko-Niemieckim, Gospodarczym Forum Rosyjsko-Niemieckim i w niemiecko-rosyjskiej izbie handlu zagranicznego. W ten spos\u00f3b w Berlinie i w stolicach wielu kraj\u00f3w zwi\u0105zkowych powsta\u0142 biotop, w kt\u00f3rym wsp\u00f3\u0142istniej\u0105 wp\u0142ywy rosyjskie, gospodarcze interesy, polityka zagraniczna i interesy partyjne. Wszystko jest przewa\u017cnie legalne (kilka \u015bledztw w sprawie korupcji chadeckich polityk\u00f3w dotyczy Kazachstanu, nie Rosji), ale na tyle nieprzejrzyste, \u017ce nawet Lobby Control nie mo\u017ce ustali\u0107, kiedy np. Friedbert Pfl\u00fcger wyst\u0119puje jako by\u0142y polityk, a kiedy jako naukowiec lub lobbysta. W raportach Lobby Control i Corporate Europe Observatory przewijaj\u0105 si\u0119 nazwiska by\u0142ego niemieckiego ambasadora w Polsce Franka Elbego, pos\u0142\u00f3w FDP, by\u0142ego komisarza UE G\u00fcnthera \u00d6ttingera i by\u0142ego ministra spraw zagranicznych Sigmara Gabriela.<\/span><\/p>\n<h5 class=\"art_sub_title\" style=\"text-align: left;\"><strong>Kilkana\u015bcie godzin z kanclerzem<\/strong><\/h5>\n<p class=\"art_paragraph\"><span style=\"color: #000080;\">Mo\u017cna tak\u0105 list\u0119 rozpisa\u0107 na kilka stron albo zrobi\u0107 z niej kolejn\u0105 demaskatorsk\u0105 ksi\u0105\u017ck\u0119. Nie w tym rzecz. Lobbing jest tak stary jak polityka i prorosyjskie czy gazowe lobby nie r\u00f3\u017cni\u0105 si\u0119 zbytnio od innych grup nacisku. Pies jest pogrzebany gdzie indziej: ten lobbing jest w r\u0119kach kilku du\u017cych koncern\u00f3w handluj\u0105cych i inwestuj\u0105cych w Rosji, kt\u00f3re zawsze mia\u0142y otwarte drzwi do urz\u0119du kanclerskiego. To jest g\u0142\u00f3wny pow\u00f3d prorosyjskiej polityki niemieckich rz\u0105d\u00f3w: nie interesy gospodarcze Niemiec, lecz interesy w\u0105skiej grupy du\u017cych koncern\u00f3w.<\/span><\/p>\n<p class=\"art_paragraph\"><span style=\"color: #000080;\">Jak pokazuj\u0105 wyci\u0105gi z list delegacji urz\u0119du kanclerskiego i MSZ, z ministrem i z kanclerzem przedstawiciele tych koncern\u00f3w lataj\u0105 niemal wsz\u0119dzie: na Bliski Wsch\u00f3d, do USA, do Chin, do Moskwy. Podczas podr\u00f3\u017cy siedz\u0105 kilkana\u015bcie godzin w samolocie z kanclerzem albo ministrem. To sytuacja, o kt\u00f3rej zwykli lobby\u015bci, sp\u0119dzaj\u0105cy lata na posiedzeniach komisji i grup roboczych w Brukseli, mog\u0105 tylko marzy\u0107. Ale na tym nie koniec. Raporty pokazuj\u0105 te\u017c bardzo \u017cywy efekt \u201edrzwi obrotowych&#8221;: politycy po odej\u015bciu z urz\u0119du przechodz\u0105 na lepiej p\u0142atne posady doradcze i do rad nadzorczych, a dyrektorzy koncern\u00f3w kandyduj\u0105 do Bundestagu albo zaczynaj\u0105 pracowa\u0107 w ministerstwach.<\/span><\/p>\n<p class=\"art_paragraph\"><span style=\"color: #000080;\">W tym polityczno-biznesowym biotopie w Berlinie krzy\u017cuj\u0105 si\u0119 wp\u0142ywy rosyjskie, chi\u0144skie (do\u015b\u0107 nie\u015bmia\u0142e) i ameryka\u0144skie. Paradoksalnie rzecznicy wsp\u00f3\u0142pracy transatlantyckiej i rzecznicy Nord Stream II to cz\u0119sto te same osoby, jak pokazuj\u0105 przyk\u0142ady Pfl\u00fcgera (CDU) i Gabriela (SPD). Jednego pa\u0144stwa nie by\u0142o i nie ma w tym biotopie: Ukrainy.<\/span><\/p>\n<h5 class=\"art_sub_title\" style=\"text-align: left;\"><strong>Ambasador Melnyk kontra setki lobbyst\u00f3w<\/strong><\/h5>\n<p class=\"art_paragraph\" style=\"text-align: left;\"><span style=\"color: #000080;\">W Berlinie nie ma ani Forum Niemiecko-Ukrai\u0144skiego, ani organizacji lobbystycznych Ukrainy, kt\u00f3re mog\u0142yby si\u0119 por\u00f3wna\u0107 z niemiecko-rosyjskim biotopem.<\/span><\/p>\n<p class=\"art_paragraph\" style=\"text-align: left;\"><span style=\"color: #000080;\">Jest za to ukrai\u0144ski cz\u0142owiek orkiestra, ambasador Andrij Melnyk, kt\u00f3ry m\u00f3wi biegle i prawie bez akcentu po niemiecku, nie boi si\u0119 ani kamer, ani sprzeciwu i kt\u00f3ry niczym karabin maszynowy wypuszcza oskar\u017cenia, apele, wo\u0142a o pomoc, a kiedy niemiecki rz\u0105d co\u015b robi dla Ukrainy, to natychmiast go chwali i \u017c\u0105da, aby robi\u0142 dwa razy wi\u0119cej. Melnyk jest wsz\u0119dzie: w Bundestagu, w telewizji, w talk-show, w tabloidach, wsz\u0119dzie tam, gdzie s\u0105 mikrofony, kamery, demonstranci. Stosuje moralny szanta\u017c, odwo\u0142uj\u0105c si\u0119 do niemieckiego poczucia winy: Niemcy s\u0105 wdzi\u0119czni ZSRR za zjednoczenie? Ukraina te\u017c nale\u017ca\u0142a do ZSRR. Niemcy maj\u0105 wyrzuty sumienia, bo Hitler napad\u0142 na ZSRR \u2013 na Ukrain\u0119 te\u017c napad\u0142. Armia Czerwona wyzwoli\u0142a Niemcy od nazist\u00f3w? Wiedz\u0105 Niemcy, ilu czerwonoarmist\u00f3w by\u0142o Ukrai\u0144cami?<\/span><\/p>\n<p class=\"art_paragraph\" style=\"text-align: left;\"><span style=\"color: #000080;\">W ten spos\u00f3b do Niemiec powoli dociera przekaz, kt\u00f3ry w USA przechyli\u0142 szal\u0119 na korzy\u015b\u0107 Ukrainy \u2013 narracja, kt\u00f3ra k\u0142adzie nacisk na rol\u0119 Ukrainy jako ofiary obcych totalitaryzm\u00f3w.<\/span><\/p>\n<p class=\"art_paragraph\" style=\"text-align: left;\"><span style=\"color: #000080;\">W tej narracji ukrai\u0144skie ofiary niemieckiej okupacji, Wielkiego G\u0142odu w latach 30. i panowania ZSRR s\u0105 wa\u017cniejsze ni\u017c SS Galizien albo UPA. \u0141atwo rozpozna\u0107 w tej narracji pi\u00f3ra Anne Applebaum i Timothy\u2019ego Snydera: Rosja jako najwi\u0119ksze europejskie zagro\u017cenie dla wolno\u015bci i Ukraina jako ofiara totalitaryzm\u00f3w. W ostatnich o\u015bmiu latach wpisa\u0142o si\u0119 to \u015bwietnie w ponadpartyjny konsensus antyrosyjski, jaki \u0142\u0105czy znaczn\u0105 cz\u0119\u015b\u0107 Republikan\u00f3w z Demokratami, i kt\u00f3ry podwa\u017cy\u0142 jedynie Trump. Teraz ta narracja zakorzenia si\u0119 powoli w niemieckim dyskursie o Ukrainie i zlewa si\u0119 w dyskurs, w kt\u00f3rym Ukraina jest ofiar\u0105.<\/span><\/p>\n<h5 class=\"art_sub_title\" style=\"text-align: left;\"><strong>Jak Waszyngton sta\u0142 si\u0119 ukrai\u0144ski<\/strong><\/h5>\n<p class=\"art_paragraph\" style=\"text-align: left;\"><span style=\"color: #000080;\">W polskich mediach \u2013 obecnie niemal wszystkich, niezale\u017cnie od opcji \u2013 Ukrai\u0144cy dzielnie i bohatersko walcz\u0105 i, ku uciesze Polak\u00f3w, zabijaj\u0105 du\u017co Rosjan. W Niemczech aspekt militarny jest maksymalnie wyciszony, dominuje narracja, kt\u00f3ra przedstawia Ukrain\u0119 i Ukrai\u0144c\u00f3w jako ofiary wojny. Telewizja nie pokazuje walcz\u0105cych \u017co\u0142nierzy, lecz cierpi\u0105cych, uciekaj\u0105cych, umieraj\u0105cych uchod\u017ac\u00f3w, p\u0142acz\u0105ce kobiety, dzieci, staruszk\u00f3w w schronach, bombardowane szko\u0142y. Putin jest agresorem, ale to nie jego armia nawiedza Ukrain\u0119, lecz mityczna \u201ewojna&#8221;. Ona jest bezosobowa, nieuchwytna, jest losem, z\u0142em absolutnym. W Polsce ta wojna jest sprawiedliwa, je\u015bli wygra j\u0105 Ukraina. Dlatego Polacy demonstruj\u0105 przeciwko Rosji, a Niemcy przeciwko wojnie.<\/span><\/p>\n<p class=\"art_paragraph\" style=\"text-align: left;\"><span style=\"color: #000080;\">Ale razem z tym paternalistycznym dyskursem przenika do medi\u00f3w niemieckich narracja ameryka\u0144ska.<\/span><\/p>\n<p class=\"art_paragraph\" style=\"text-align: left;\"><span style=\"color: #000080;\">Jej sukces nie bierze si\u0119 znik\u0105d. Tak jak w Berlinie powsta\u0142 niemiecko-rosyjski biotop, tak w Waszyngtonie powsta\u0142 ameryka\u0144sko-ukrai\u0144ski. Po 2014 r. ukrai\u0144ski sektor naftowy, oligarchowie i dyplomacja zacz\u0119li inwestowa\u0107 w kancelarie prawnicze, firmy lobbingowe, lansowa\u0107 swoje narracje w mediach, robili podchody do senator\u00f3w i kongresmen\u00f3w. Ta sie\u0107 przetrwa\u0142a ataki Trumpa na Ze\u0142enskiego i Bidena i dzi\u015b zbiera owoce. W samym tylko 2021 r. lobby\u015bci zalewali polityk\u00f3w, media i think tanki czterokrotnie wi\u0119ksz\u0105 liczb\u0105 petycji, list\u00f3w i wiadomo\u015bci ni\u017c najwi\u0119ksza zagraniczna grupa nacisku w Waszyngtonie, za kt\u00f3r\u0105 stoi Arabia Saudyjska. Ukrai\u0144ski lobbing by\u0142 skuteczniejszy ni\u017c rosyjski, mimo \u017ce firmy pracuj\u0105ce na rzecz Ukrainy wyda\u0142y na to oko\u0142o 2 milion\u00f3w dol., a rosyjskie 35 milion\u00f3w.<\/span><\/p>\n<p class=\"art_paragraph\" style=\"text-align: left;\"><span style=\"color: #000080;\">W Berlinie, gdzie dzia\u0142a jedna agencja reprezentuj\u0105ca interesy ukrai\u0144skiego i polskiego lobby gazowego, ukrai\u0144ski lobbing by\u0142 w tym czasie prawie niewidoczny. W Stanach Ukrai\u0144cy lobbowali za poparciem dla Ukrainy, za sankcjami przeciwko Nord Stream II i przeciwko Rosji, a teraz na rzecz strefy zakazu lot\u00f3w i wi\u0119kszych dostaw broni. Kiedy administracja Bidena wycofa\u0142a sankcje przeciwko Nord Stream II, Ukrai\u0144cy namierzyli 300 cz\u0142onk\u00f3w Senatu i Izby Reprezentant\u00f3w z listami, w kt\u00f3rych obalili ka\u017cdy z argument\u00f3w Bidena oddzielnie, spotykali si\u0119 z dziennikarzami, domagali si\u0119 wi\u0119cej poparcia dla Ukrainy i usztywnienia stanowiska administracji wobec Rosji. G\u0142\u00f3wne role w tej kampanii przypad\u0142y think tankowi Atlantic Council, republika\u0144skiemu Heritage Institute i fundacji Wiktora Pinczuka, jednego z najbogatszych oligarch\u00f3w. W Stanach ta kampania trafi\u0142a na \u017cyzn\u0105 gleb\u0119, bo ukrai\u0144ski soft power krzy\u017cowa\u0142 si\u0119 z interesami przemys\u0142u zbrojeniowego i sektora gazowego, kt\u00f3ry liczy na to, za czym lobbowa\u0142 ju\u017c Trump: \u017ce Europejczycy odetn\u0105 tani rosyjski gaz i zaczn\u0105 kupowa\u0107 dro\u017cszy skroplony z USA.<\/span><\/p>\n<h5 class=\"art_sub_title\" style=\"text-align: left;\"><strong>Oni s\u0105 tacy jak my?!<\/strong><\/h5>\n<p class=\"art_paragraph\" style=\"text-align: left;\"><span style=\"color: #000080;\">W jedn\u0105 dob\u0119 Putin przewr\u00f3ci\u0142 niemieckie my\u015blenie do g\u00f3ry nogami. Nowy rz\u0105d zrezygnowa\u0142 z dywidendy pokoju na rzecz bezprecedensowego programu remilitaryzacji. Mo\u017ce liczy\u0107 na poparcie opozycyjnej chadecji, kt\u00f3ra b\u0119dzie pilnowa\u0142a, aby \u015brodki przeznaczone na modernizacj\u0119 Bundeswehry nie w\u0119drowa\u0142y na \u201ecywilne cele&#8221;, jak pomoc rozwojowa, dyplomacja kulturalna albo kolejne \u201ekonferencje pojednania&#8221;.<\/span><\/p>\n<p class=\"art_paragraph\" style=\"text-align: left;\"><span style=\"color: #000080;\">Zmian\u0119, kt\u00f3r\u0105 zapowiedzia\u0142 kanclerz Scholz, popiera du\u017ca wi\u0119kszo\u015b\u0107 ankietowanych. Je\u015bli Rosja dalej b\u0119dzie eskalowa\u0107, na przyk\u0142ad bombarduj\u0105c zachodni\u0105 Ukrain\u0119, niszcz\u0105c Odess\u0119 albo stosuj\u0105c bro\u0144 biologiczn\u0105, chemiczn\u0105 albo taktyczn\u0105 j\u0105drow\u0105 \u2013 nikt nie b\u0119dzie si\u0119 ju\u017c zastanawia\u0107 nad spo\u0142ecznymi skutkami zaostrzenia sankcji. Wtedy Niemcy przestan\u0105 demonstrowa\u0107 przeciwko wojnie i zaczn\u0105 marzn\u0105\u0107 za Ukrain\u0119.<\/span><\/p>\n<p class=\"art_paragraph\" style=\"text-align: left;\"><span style=\"color: #000080;\">Ukraina ju\u017c zostanie w zbiorowej pami\u0119ci Niemc\u00f3w. Przed wojn\u0105 le\u017ca\u0142a gdzie\u015b na wschodzie Europy, jak Bia\u0142oru\u015b, Mo\u0142dawia albo Kazachstan. Teraz mamy \u201ewojn\u0119 w \u015brodku&#8221; albo nawet w \u201esercu&#8221; Europy. W ten spos\u00f3b Ukraina zosta\u0142a przesuni\u0119ta na zach\u00f3d i nale\u017cy teraz do Europy.<\/span><\/p>\n<p class=\"art_paragraph\" style=\"text-align: left;\"><span style=\"color: #000080;\">Wojna utopi\u0142a te\u017c berli\u0144ski biotop: rzecznicy porozumienia, dialogu i \u201epolitycznych rozwi\u0105za\u0144&#8221; chowaj\u0105 g\u0142ow\u0119 w piasek i czekaj\u0105, a\u017c szturm si\u0119 uspokoi. Niekt\u00f3rzy, jak pos\u0142anka Lewicy Amira Mohamed Ali, przyznaj\u0105 si\u0119 do b\u0142\u0119du. Partia rozwa\u017ca wykre\u015blenie z programu postulatu wyj\u015bcia Niemiec z NATO. Matthias Platzeck, by\u0142y premier Brandenburgii, ust\u0105pi\u0142 jako przewodnicz\u0105cy Forum Niemiecko-Rosyjskiego i przyzna\u0142, \u017ce si\u0119 kompletnie myli\u0142. Mniej wiarygodny okaza\u0142 si\u0119 wyst\u0119p premier Meklemburgii-Pomorza Przedniego, kt\u00f3ra za\u0142o\u017cy\u0142a specjaln\u0105 fundacj\u0119, aby omin\u0105\u0107 ameryka\u0144skie sankcje przeciwko Nord Stream II. Kiedy zadeklarowa\u0142a solidarno\u015b\u0107 z Ukrain\u0105 na Twitterze, spotka\u0142a si\u0119 ze w\u015bciek\u0142ymi reakcjami.<\/span><\/p>\n<h5 class=\"art_sub_title\" style=\"text-align: left;\"><strong>Nowe Niemcy. Niekoniecznie milsze<\/strong><\/h5>\n<p class=\"art_paragraph\" style=\"text-align: left;\"><span style=\"color: #000080;\">Im d\u0142u\u017cej trwaj\u0105 sankcje, tym bardziej s\u0142abn\u0105 interesy zwi\u0105zane z Rosj\u0105 \u2013 w\u0105skie grono wielkich koncern\u00f3w znajdzie alternatywne rynki zbytu. Jednocze\u015bnie przekierowanie tak du\u017cych pieni\u0119dzy do przemys\u0142u zbrojeniowego i Bundeswehry tworzy nowe lobby, kt\u00f3re b\u0119dzie walczy\u0142o o utrzymanie status quo \u2013 podobnie jak w Stanach i Rosji kompleksy wojskowe utrzymuj\u0105 armie lobbyst\u00f3w, aby przekona\u0107 decydent\u00f3w do ci\u0105g\u0142ej modernizacji armii. Tabu ju\u017c nie ma: pierwszy nowy zakup to F-35 potrzebne do dzielenia si\u0119 broni\u0105 j\u0105drow\u0105 z Amerykanami \u2013 z czego i socjaldemokraci, i Zieloni chcieli si\u0119 wycofa\u0107 przed wyborami. Teraz dyskutuje si\u0119 nawet o powrocie do powszechnego poboru. Sp\u00f3r o to, czy Niemcy mog\u0105 u\u017cywa\u0107 dron\u00f3w bojowych, mo\u017cna ju\u017c uzna\u0107 za zamkni\u0119ty.<\/span><\/p>\n<p class=\"art_paragraph\" style=\"text-align: left;\"><span style=\"color: #000080;\">Na naszych oczach powstaje nowe pa\u0144stwo. Niekoniecznie bardziej sympatyczne ni\u017c to, kt\u00f3re by\u0142o. Ale w ko\u0144cu do Niemc\u00f3w dotar\u0142o, \u017ce wojna nadal jest narz\u0119dziem prowadzenia polityki.<\/span><\/p>\n<\/div>\n<hr style=\"height: 15px; background: #d0e6fa; width: 100%;\" \/>\n<div id=\"content\" class=\"content-alignment\">\n<div id=\"watch-description\" class=\"yt-uix-button-panel\">\n<div id=\"watch-description-text\" style=\"text-align: center;\">\n<p><em>Zawarto\u015b\u0107 publikowanych artyku\u0142\u00f3w i materia\u0142\u00f3w nie reprezentuje pogl\u0105d\u00f3w ani opinii Reunion&#8217;68,<\/em><em><br \/>\nani te\u017c webmastera Blogu Reunion&#8217;68, chyba ze jest to wyra\u017anie zaznaczone.<br \/>\nTwoje uwagi, linki, w\u0142asne artyku\u0142y lub wiadomo\u015bci prze\u015blij na adres:<br \/>\n<\/em><span style=\"color: #000080;\"><strong><em><a style=\"color: #000080;\" href=\"mailto:webmaster@reunion68.com\"><span style=\"text-decoration: underline;\">webmaster@reunion68.com<\/span><\/a><\/em><\/strong><\/span><\/p>\n<\/div>\n<\/div>\n<\/div>\n<hr style=\"width: 100%;\" \/>\n","protected":false},"excerpt":{"rendered":"<p>Rekruci Bundeswehry przygotowuj\u0105 si\u0119 do \u0107wicze\u0144 w terenie (Fot. BE&amp;W) W niemieckiej telewizji to nie armia rosyjska naje\u017cd\u017ca Ukrain\u0119 [ 3 Kwiecien 2022 ] Klaus Bachmann W polskich mediach &#8211; obecnie niemal wszystkich, niezale\u017cnie od opcji &#8211; Ukrai\u0144cy dzielnie i bohatersko walcz\u0105 i, ku uciesze Polak\u00f3w, zabijaj\u0105 du\u017co Rosjan. W Niemczech aspekt militarny jest maksymalnie [&hellip;]<\/p>\n","protected":false},"author":1,"featured_media":0,"comment_status":"closed","ping_status":"closed","sticky":false,"template":"","format":"standard","meta":[],"categories":[6],"tags":[26,24],"_links":{"self":[{"href":"https:\/\/www.reunion68.se\/index.php?rest_route=\/wp\/v2\/posts\/94247"}],"collection":[{"href":"https:\/\/www.reunion68.se\/index.php?rest_route=\/wp\/v2\/posts"}],"about":[{"href":"https:\/\/www.reunion68.se\/index.php?rest_route=\/wp\/v2\/types\/post"}],"author":[{"embeddable":true,"href":"https:\/\/www.reunion68.se\/index.php?rest_route=\/wp\/v2\/users\/1"}],"replies":[{"embeddable":true,"href":"https:\/\/www.reunion68.se\/index.php?rest_route=%2Fwp%2Fv2%2Fcomments&post=94247"}],"version-history":[{"count":6,"href":"https:\/\/www.reunion68.se\/index.php?rest_route=\/wp\/v2\/posts\/94247\/revisions"}],"predecessor-version":[{"id":119761,"href":"https:\/\/www.reunion68.se\/index.php?rest_route=\/wp\/v2\/posts\/94247\/revisions\/119761"}],"wp:attachment":[{"href":"https:\/\/www.reunion68.se\/index.php?rest_route=%2Fwp%2Fv2%2Fmedia&parent=94247"}],"wp:term":[{"taxonomy":"category","embeddable":true,"href":"https:\/\/www.reunion68.se\/index.php?rest_route=%2Fwp%2Fv2%2Fcategories&post=94247"},{"taxonomy":"post_tag","embeddable":true,"href":"https:\/\/www.reunion68.se\/index.php?rest_route=%2Fwp%2Fv2%2Ftags&post=94247"}],"curies":[{"name":"wp","href":"https:\/\/api.w.org\/{rel}","templated":true}]}}