{"id":94410,"date":"2022-04-19T17:09:55","date_gmt":"2022-04-19T15:09:55","guid":{"rendered":"http:\/\/www.reunion68.se\/?p=94410"},"modified":"2022-04-19T08:32:09","modified_gmt":"2022-04-19T06:32:09","slug":"18-09-63","status":"publish","type":"post","link":"https:\/\/www.reunion68.se\/?p=94410","title":{"rendered":"Rocznica powstania w getcie warszawskim"},"content":{"rendered":"<p><img decoding=\"async\" src=\"https:\/\/polin.pl\/sites\/default\/files\/2022-03\/010222_POLIN_0214_eye_0.jpg\" width=\"100%\" \/><\/p>\n<hr \/>\n<h5 style=\"text-align: center;\"><a href=\"https:\/\/polin.pl\/\" target=\"_blank\" rel=\"noopener noreferrer\"><img decoding=\"async\" class=\"center alignleft\" src=\"https:\/\/polin.pl\/themes\/custom\/polin_theme\/images\/284_0.png\" alt=\"\" width=\"35%\" \/><\/a><span style=\"text-decoration: underline; color: #000080;\"><strong><a style=\"color: #000080; text-decoration: underline;\" href=\"https:\/\/polin.pl\/pl\/akcja-zonkile-2022\" target=\"_blank\" rel=\"noopener noreferrer\">Akcja spo\u0142eczno-edukacyjna \u017bonkile 2022<\/a><\/strong><\/span><\/h5>\n<p style=\"text-align: center;\"><span style=\"color: #000000;\"><strong>Muzeum Polin<\/strong><\/span><\/p>\n<hr style=\"height: 15px; background: #d0e6fa; width: 100%;\" \/>\n<h4 class=\"cke-text-lead\" style=\"text-align: center;\"><span style=\"color: #808080;\"><strong>Zach\u0119camy do udzia\u0142u w dziesi\u0105tej, jubileuszowej, akcji spo\u0142eczno-edukacyjnej \u017bonkile. Ze wzgl\u0119du na pandemi\u0119, trzeci rok z rz\u0119du dzia\u0142amy zar\u00f3wno w Internecie, jak i w terenie. Tematem przewodnim akcji jest mi\u0142o\u015b\u0107. 19 kwietnia 2022 zach\u0119camy do przypi\u0119cia \u017conkila na znak, \u017ce #\u0141\u0105czyNasPami\u0119\u0107.<\/strong><\/span><\/h4>\n<h5 style=\"text-align: left;\"><span style=\"color: #000080;\">Akcj\u0119 \u017bonkile wspieraj\u0105 w tym roku tak\u017ce nowi ambasadorzy i ambasadorki: Irena Santor, Krzysztof Gonciarz, Eliza Rycembel, Janusz Gajos, Andrzej Piaseczny i Aleksandra Pop\u0142awska oraz nasi wspaniali wolontariusze \u2013 Dariusz, Joanna i Weronika.<\/span><\/h5>\n<h5 style=\"text-align: left;\"><strong>Mi\u0142o\u015b\u0107 motywem przewodnim akcji \u017bonkile<\/strong><\/h5>\n<div>\n<p style=\"text-align: left;\"><span style=\"color: #000080;\">Marek Edelman, jeden z przyw\u00f3dc\u00f3w powstania, pyta\u0142 w ksi\u0105\u017cce &#8220;I by\u0142a mi\u0142o\u015b\u0107 w getcie&#8221;: &#8220;Dlaczego nikt mnie nie pyta, czy w getcie by\u0142a mi\u0142o\u015b\u0107&#8221;? Dlaczego nikogo to nie interesuje?&#8221;. Podczas tej edycji akcji \u017bonkile zastanowimy si\u0119 nie tylko nad zadanym przez Edelmana pytaniem, ale r\u00f3wnie\u017c nad tym, czym by\u0142a i co znaczy\u0142a mi\u0142o\u015b\u0107 w getcie warszawskim. Opowiemy o tym, jak wiele mia\u0142a oblicz: od mi\u0142o\u015bci rodzicielskiej, przez mi\u0142o\u015b\u0107 do przyjaci\u00f3\u0142, idei a\u017c po mi\u0142o\u015b\u0107 romantyczn\u0105.<\/span><\/p>\n<p style=\"text-align: left;\"><span style=\"color: #000080;\">Podkre\u015blimy r\u00f3wnie\u017c znaczenie \u2013 niezwykle ponadczasowych i uniwersalnych \u2013 stan\u00f3w emocjonalnych czy postaw maj\u0105cych z mi\u0142o\u015bci\u0105 wiele wsp\u00f3lnego: empatii, wra\u017cliwo\u015bci na krzywd\u0119 innych, po\u015bwi\u0119cenia na rzecz potrzebuj\u0105cych. Tak\u017ce w tym przypadku towarzyszy\u0107 nam b\u0119d\u0105 s\u0142owa Edelmana: &#8220;Nienawi\u015b\u0107 jest \u0142atwa. Mi\u0142o\u015b\u0107 wymaga wysi\u0142ku i po\u015bwi\u0119cenia&#8221;.<\/span><\/p>\n<p><strong>Tegoroczna akcja \u017bonkile odbywa si\u0119 w czasie, gdy w naszej cz\u0119\u015bci kontynentu zn\u00f3w gin\u0105 ludzie \u2013 gdy ponownie mordowani s\u0105 m\u0119\u017cczy\u017ani, kobiety i dzieci. Chcemy, by udzia\u0142 w kampanii odbywaj\u0105cej si\u0119 pod has\u0142em mi\u0142o\u015bci by\u0142 tak\u017ce form\u0105 manifestacji naszego sprzeciwu przeciwko wojnie, przeciwko wszelkiej agresji. Pami\u0119taj\u0105c o s\u0142owach Mariana Turskiego, \u017ce Auschwitz nie spad\u0142o z nieba, chcemy solidaryzowa\u0107 si\u0119 z tymi, kt\u00f3rzy walcz\u0105 o sw\u00f3j kraj, swoj\u0105 godno\u015b\u0107 i swoich najbli\u017cszych.<\/strong><\/p>\n<p style=\"text-align: left;\"><span style=\"color: #000080;\">Dlatego program towarzysz\u0105cy akcji spo\u0142eczno-edukacyjnej \u017bonkile skoncentrowali\u015bmy w\u0142a\u015bnie wok\u00f3\u0142 mi\u0142o\u015bci. 19 kwietnia odb\u0119dzie si\u0119 prapremiera (BRAK MIEJSC) monodramu &#8220;Mama zawsze wraca&#8221; na podstawie ksi\u0105\u017cki Agaty Tuszy\u0144skiej. Kolejne spektakle zagramy 20 i 21 kwietnia.\u00a0<a style=\"color: #000080;\" href=\"https:\/\/bilety.polin.pl\/termin.html?id_grupy=12&amp;data=2022-04-20\" target=\"_blank\" rel=\"noopener noreferrer\">KUP BILET NA SPEKTAKL &gt;&gt;<\/a><\/span><\/p>\n<p style=\"text-align: left;\"><span style=\"color: #000080;\"><a style=\"color: #000080;\" href=\"https:\/\/polin.pl\/pl\/akcja-zonkile-2022-program-obchodow\">Poznaj pe\u0142ny program wydarze\u0144 jubileuszowej akcji \u017bonkile &gt;&gt;<\/a><\/span><\/p>\n<p style=\"text-align: left;\"><span style=\"color: #000080;\">Przygotowali\u015bmy r\u00f3wnie\u017c\u00a0<a style=\"color: #000080;\" href=\"https:\/\/polin.pl\/pl\/akcja-zonkile-w-szkolach-bibliotekach-i-instytucjach-kultury\">pakiet materia\u0142\u00f3w edukacyjnych<\/a>\u00a0dla ka\u017cdej grupy wiekowej dzieci i m\u0142odzie\u017cy. Materia\u0142y pomog\u0105 w\u0142\u0105czy\u0107 si\u0119 w obchody 19 kwietnia. Wszystkie tre\u015bci s\u0105 dost\u0119pne dla os\u00f3b z niepe\u0142nosprawno\u015bciami.<\/span><\/p>\n<p class=\"cke-text-lead\" style=\"text-align: left;\"><span style=\"color: #000080;\"><a style=\"color: #000080;\" href=\"https:\/\/polin.pl\/pl\/akcja-zonkile-2022\">Jak do\u0142\u0105czy\u0107 do akcji \u017bonkile? \/ Sk\u0105d wzi\u0105\u0107 rocznicowy \u017conkil? &gt;&gt;<\/a><\/span><\/p>\n<p><strong>Mural przy metrze Centrum<\/strong><\/p>\n<p style=\"text-align: left;\"><span style=\"color: #000080;\">Od 18 do 30 kwietnia przy metrze Centrum b\u0119dziecie mogli zobaczy\u0107 mural upami\u0119tniaj\u0105cy osoby, kt\u00f3rych historie na r\u00f3\u017cne sposoby \u0142\u0105cz\u0105 si\u0119 z tegorocznym has\u0142em kampanii: Alin\u0119 Margolis-Edelman, Ann\u0119 Braude-Heller, \u00a0Stefani\u0119 Wilczy\u0144sk\u0105, Pol\u0119 Lifszyc, Marysi\u0119 Ajzensztadt, Cywi\u0119 Lubetkin i Icchaka Cukiermana, Iren\u0119 Sendler i Adama Celnikiera, Gel\u0119 Seksztajn i Izraela Lichtensztajna, Stanis\u0142awa Chmielewskiego oraz W\u0142adys\u0142awa Bergmana.<\/span><\/p>\n<p><strong>Zach\u0119camy Was do publikowania zdj\u0119\u0107 \u017conkili i naklejek w mediach spo\u0142eczno\u015bciowych. Nie zapomnijcie o hashtagach: #\u0141\u0105czyNasPami\u0119\u0107 oraz #Akcja\u017bonkile, a tak\u017ce o oznaczeniu profilu @polinmuseum.<\/strong><\/p>\n<p style=\"text-align: left;\"><span style=\"color: #000080;\">W tym roku wspieraj\u0105 nas: Ambasada RP w Buenos Aires, Instytut Polski w Tel Avivie, Centrum Dialogu im. Marka Edelmana.<\/span><\/p>\n<p><img decoding=\"async\" src=\"https:\/\/polin.pl\/sites\/default\/files\/logo_book\/logotypy_akcja-zonkile-2022.jpg\" alt=\"Logotypy organizator\u00f3w i partner\u00f3w akcji \u017bonkile\" width=\"100%\" data-entity-type=\"file\" data-entity-uuid=\"1dc5c28d-e22c-4f4a-91a8-a656f447c9ca\" \/><\/p>\n<hr style=\"height: 15px; background: #d0e6fa; width: 100%;\" \/>\n<div id=\"content\" class=\"content-alignment\">\n<div id=\"watch-description\" class=\"yt-uix-button-panel\">\n<div id=\"watch-description-text\" style=\"text-align: center;\">\n<p><em>Zawarto\u015b\u0107 publikowanych artyku\u0142\u00f3w i materia\u0142\u00f3w nie reprezentuje pogl\u0105d\u00f3w ani opinii Reunion&#8217;68,<\/em><em><br \/>\nani te\u017c webmastera Blogu Reunion&#8217;68, chyba ze jest to wyra\u017anie zaznaczone.<br \/>\nTwoje uwagi, linki, w\u0142asne artyku\u0142y lub wiadomo\u015bci prze\u015blij na adres:<br \/>\n<\/em><span style=\"color: #000080;\"><strong><em><a style=\"color: #000080;\" href=\"mailto:webmaster@reunion68.com\"><span style=\"text-decoration: underline;\">webmaster@reunion68.com<\/span><\/a><\/em><\/strong><\/span><\/p>\n<\/div>\n<\/div>\n<\/div>\n<hr style=\"height: 25px; background: #000000; width: 100%;\" \/>\n<h5 style=\"text-align: center;\"><a href=\"https:\/\/polin.pl\/\" target=\"_blank\" rel=\"noopener noreferrer\"><img decoding=\"async\" class=\"center alignleft\" src=\"https:\/\/polin.pl\/themes\/custom\/polin_theme\/images\/284_0.png\" alt=\"\" width=\"35%\" \/><\/a><span style=\"text-decoration: underline; color: #000080;\"><strong><a style=\"color: #000080; text-decoration: underline;\" href=\"https:\/\/polin.pl\/pl\/80-rocznica-powstania-w-getcie-warszawskim\" target=\"_blank\" rel=\"noopener noreferrer\">80. rocznica powstania w getcie warszawskim<\/a><\/strong><\/span><\/h5>\n<p style=\"text-align: center;\"><span style=\"color: #000000;\"><strong>POLIN<\/strong><\/span><\/p>\n<hr style=\"height: 15px; background: #d0e6fa; width: 100%;\" \/>\n<p style=\"text-align: center;\"><img decoding=\"async\" class=\"node-image-aspectratio aligncenter\" title=\"\" src=\"https:\/\/polin.pl\/sites\/default\/files\/styles\/isohead_8\/public\/2021-12\/MHZP_B20_1_2_a_c_1_002.jpeg\" alt=\"P\u0142on\u0105ce getto warszawskie widziane z kamienicy przy ul. Jasnej 16 (1943 r.).\" width=\"100%\" \/><span style=\"color: #808080;\"><em><span style=\"text-align: center;\">P\u0141ON\u0104CE GETTO WARSZAWSKIE WIDZIANE Z KAMIENICY PRZY UL. JASNEJ 16 (1943 R.). FOT. MUZEUM HISTORII \u017bYD\u00d3W POLSKICH<\/span><\/em><\/span><\/p>\n<div class=\"clearfix text-formatted field field--name-body field--type-text-with-summary field--label-hidden field__item\">\n<p class=\"cke-text-lead\" style=\"text-align: left;\"><span style=\"color: #000080;\">Ludzkim jest ba\u0107 si\u0119, ludzkim jest cierpie\u0107, ludzkim jest przeciwstawia\u0107 si\u0119 z\u0142u. W 2023 roku zapraszamy na wystaw\u0119, kt\u00f3r\u0105 wsp\u00f3lnie z Centrum Bada\u0144 nad Zag\u0142ad\u0105 \u017byd\u00f3w pragniemy upami\u0119tni\u0107 80. rocznic\u0119 powstania w getcie warszawskim.<\/span><\/p>\n<p style=\"text-align: left;\"><span style=\"color: #000080;\">19 kwietnia 1943 roku Niemcy rozpocz\u0119li ostateczn\u0105 likwidacj\u0119 getta w Warszawie. Kilkaset bojowniczek i bojowc\u00f3w \u017cydowskiego podziemia odpowiedzia\u0142o zbrojnym oporem. Wybuch\u0142o powstanie.<\/span><\/p>\n<p style=\"text-align: left;\"><span style=\"color: #000080;\">Pozostali mieszka\u0144cy getta, oko\u0142o 50 tysi\u0119cy &#8220;cywilnych&#8221; \u017byd\u00f3w przez wiele tygodni ukrywa\u0142o si\u0119 w kryj\u00f3wkach i bunkrach. Pomimo rozpaczy, samotno\u015bci, g\u0142odu, pragnienia i strachu walczyli o ka\u017cdy kolejny &#8220;dzie\u0144, godzin\u0119, minut\u0119&#8221;. Ich cichy op\u00f3r by\u0142 tak samo wa\u017cny, jak ten z broni\u0105 w r\u0119ku. Przez wiele dni pozostali nieuchwytni \u2013 zeszli do podziemi i nie podporz\u0105dkowali si\u0119 rozkazom Niemc\u00f3w. To o nich, o &#8220;nieuchwytnych&#8221;, opowiada wystawa.<\/span><\/p>\n<p style=\"text-align: left;\"><span style=\"color: #000080;\">Poka\u017cemy, jak wygl\u0105da\u0142o codzienne \u017cycie w bunkrze, w jakich warunkach przebywano i z kim dzielono przestrze\u0144 kryj\u00f3wki, jak radzono sobie z rutynowymi czynno\u015bciami i potrzebami. Postaramy si\u0119 &#8220;dotkn\u0105\u0107&#8221; fizyczno\u015bci bycia w bunkrze: ciemno\u015bci, gor\u0105ca p\u0142on\u0105cych mur\u00f3w, braku przestrzeni i powietrza, d\u017awi\u0119k\u00f3w, kt\u00f3re cz\u0119sto by\u0142y jedynym sposobem pozyskania informacji o tym, co dzia\u0142o si\u0119 na powierzchni.<\/span><\/p>\n<p style=\"text-align: left;\"><span style=\"color: #000080;\">Opowiemy o kszta\u0142towaniu si\u0119 relacji mi\u0119dzy ukrywaj\u0105cymi si\u0119 oraz o ich uczuciach i emocjach. Z jednej strony \u2013 o konfliktach, strachu, chwilach paniki, braku nadziei, poczuciu opuszczenia i zoboj\u0119tnienia \u015bwiata na ich los oraz \u015bwiadomo\u015bci przegranego \u017cycia; z drugiej \u2013 o potrzebie mi\u0142o\u015bci, blisko\u015bci i sprawczo\u015bci, o braniu odpowiedzialno\u015bci za innych. Ch\u0119\u0107 \u017cycia, ocalenia siebie i swoich bliskich, tworzenie wsp\u00f3lnoty, kt\u00f3rej cz\u0142onkowie wspieraj\u0105 si\u0119 i chroni\u0105 si\u0119 nawzajem, to tak\u017ce jeden ze sposob\u00f3w sprzeciwiania si\u0119 z\u0142u.<\/span><\/p>\n<p style=\"text-align: left;\"><span style=\"color: #000080;\">Wystawa, cho\u0107 dotyczy\u0107 b\u0119dzie historycznego czasu i wydarze\u0144, poruszy uniwersalne dylematy, postawy i uczucia, postawi pytania wa\u017cne we wsp\u00f3\u0142czesnym \u015bwiecie. Jak zachowujemy si\u0119 w obliczu \u015bmierci? Gdzie jest granica mi\u0119dzy walk\u0105 o \u017cycie a poddaniem si\u0119? Co czuj\u0105 ludzie wyrzuceni poza nawias spo\u0142ecze\u0144stwa, otoczeni oboj\u0119tno\u015bci\u0105 lub wzgard\u0105, &#8220;ton\u0105cy&#8221;, jak pisa\u0142o o sobie wielu bohater\u00f3w i bohaterek, dla kt\u00f3rych nie ma ratunku? W jaki spos\u00f3b mo\u017cemy sprzeciwi\u0107 si\u0119 z\u0142u, da\u0107 mu odp\u00f3r? Czym jest oboj\u0119tno\u015b\u0107 i do czego prowadzi? Czy towarzyszy nam wstyd wobec bycia \u015bwiadkiem cierpienia innych?<\/span><\/p>\n<p style=\"text-align: left;\"><span style=\"color: #000080;\">G\u0142\u00f3wnym materia\u0142em na wystawie b\u0119d\u0105 \u015bwiadectwa \u017byd\u00f3w ukrywaj\u0105cych si\u0119 w bunkrach w getcie oraz po stronie aryjskiej. Wszystkie inne przedmioty, pami\u0105tki zosta\u0142y zniszczone, spalone. Dlatego s\u0142owa maj\u0105 na tej wystawie szczeg\u00f3ln\u0105 moc i funkcj\u0119. Nie tylko przekazuj\u0105 prze\u017cycia, emocje i do\u015bwiadczenia ich autor\u00f3w, ale stanowi\u0105 tak\u017ce wyj\u0105tkowe \u015bwiadectwo, cz\u0119sto jedyny \u015blad, kt\u00f3ry pozosta\u0142 po tych ludziach.<\/span><\/p>\n<ul>\n<li style=\"list-style-type: none;\">\n<ul>\n<li><strong>Autorka koncepcji wystawy:\u00a0<\/strong>prof. Barbara Engelking<\/li>\n<li><strong>Kuratorka:\u00a0<\/strong>Zuzanna Schnepf-Ko\u0142acz<\/li>\n<li><strong>Kuratorka organizacyjna:\u00a0<\/strong>Agata Polak.<\/li>\n<\/ul>\n<\/li>\n<\/ul>\n<p>.<\/p>\n<div id=\"content\" class=\"content-alignment\">\n<div id=\"watch-description\" class=\"yt-uix-button-panel\">\n<div id=\"watch-description-text\" style=\"text-align: center;\">\n<p><iframe loading=\"lazy\" title=\"YouTube video player\" src=\"https:\/\/www.youtube.com\/embed\/rGF5ppcCO-U\" width=\"680\" height=\"400\" frameborder=\"0\" allowfullscreen=\"allowfullscreen\"><\/iframe><\/p>\n<\/div>\n<\/div>\n<\/div>\n<p>.<br \/>\n<img decoding=\"async\" class=\"aligncenter\" title=\"\" src=\"https:\/\/polin.pl\/sites\/default\/files\/styles\/isocell_4_2\/public\/pictures\/2013_budynek_wojciech_krynski_020.jpg?h=dcd917cc&amp;itok=XcWqANVH\" alt=\"Muzeum POLIN, budynek, widok na \u015bcian\u0119 z ogromnym oknem. Przed budynkiem drzewa\" width=\"100%\" \/><\/p>\n<p style=\"text-align: center;\"><span style=\"color: #000080;\">Darowizny na cele statutowe Muzeum POLIN<\/span><\/p>\n<p style=\"text-align: center;\"><span style=\"color: #000080;\">Dzisiaj ka\u017cdy mo\u017ce w\u0142\u0105czy\u0107 si\u0119 w dzie\u0142o wsparcia Muzeum POLIN!<\/span><\/p>\n<\/div>\n<hr \/>\n<div id=\"block-zalozyciele\" class=\"block block-block-content block-block-content5b0a0f1e-ecf1-4f1e-a1c0-42b00cf102aa\">\n<div class=\"field field--name-field-images field--type-entity-reference-revisions field--label-hidden field__items\">\n<div class=\"field__item fid-0\">\n<div class=\"paragraph paragraph--type--image-with-link paragraph--view-mode--default\">\n<div class=\"field field--name-field-image field--type-image field--label-hidden field__item\"><img decoding=\"async\" loading=\"lazy\" class=\"alignleft\" src=\"https:\/\/polin.pl\/sites\/default\/files\/2021-11\/miasto%20sto%C5%82eczne%20warszawa%201%20kopia_0.png\" alt=\"Miasto Sto\u0142eczne Warszawa\" width=\"132\" height=\"56\" \/><\/div>\n<\/div>\n<\/div>\n<div class=\"field__item fid-1\">\n<div class=\"paragraph paragraph--type--image-with-link paragraph--view-mode--default\">\n<div class=\"field field--name-field-image field--type-image field--label-hidden field__item\"><img decoding=\"async\" loading=\"lazy\" class=\"alignleft\" src=\"https:\/\/polin.pl\/sites\/default\/files\/2021-11\/MKiDN_kolor.jpg\" alt=\"Ministerstwo Kultury, Dziedzictwa Narodowego i Sportu\" width=\"149\" height=\"62\" \/><\/div>\n<\/div>\n<\/div>\n<div class=\"field__item fid-2\">\n<div class=\"paragraph paragraph--type--image-with-link paragraph--view-mode--default\">\n<div class=\"field field--name-field-image field--type-image field--label-hidden field__item\"><img decoding=\"async\" loading=\"lazy\" class=\"alignleft\" src=\"https:\/\/polin.pl\/sites\/default\/files\/2021-09\/szik-logo_0.png\" alt=\"Stowarzyszenie \u017bydowski Instytut Historyczny w Polsce\" width=\"166\" height=\"38\" \/><\/div>\n<\/div>\n<\/div>\n<\/div>\n<\/div>\n<div id=\"block-nagrody\" class=\"block block-block-content block-block-contentee24876f-794f-4e65-99bd-251038443356\">\n<div class=\"field field--name-field-images field--type-entity-reference-revisions field--label-hidden field__items\">\n<div class=\"field__item fid-0\">\n<div class=\"paragraph paragraph--type--image-with-link paragraph--view-mode--default\">\n<div class=\"field field--name-field-image field--type-image field--label-hidden field__item\"><img decoding=\"async\" loading=\"lazy\" class=\"alignleft\" src=\"https:\/\/polin.pl\/sites\/default\/files\/2020-01\/ema_2016_en.png\" alt=\"European Museum Academy Award 2016\" width=\"121\" height=\"43\" \/><\/div>\n<\/div>\n<\/div>\n<div class=\"field__item fid-1\">\n<div class=\"paragraph paragraph--type--image-with-link paragraph--view-mode--default\">\n<div class=\"field field--name-field-image field--type-image field--label-hidden field__item\"><img decoding=\"async\" loading=\"lazy\" class=\"alignleft\" src=\"https:\/\/polin.pl\/sites\/default\/files\/2020-01\/emya_pl.png\" alt=\"EMYA 2016\" width=\"119\" height=\"47\" \/><\/div>\n<\/div>\n<\/div>\n<div class=\"field__item fid-2\">\n<div class=\"paragraph paragraph--type--image-with-link paragraph--view-mode--default\">\n<div><\/div>\n<div class=\"field field--name-field-image field--type-image field--label-hidden field__item\"><img decoding=\"async\" loading=\"lazy\" class=\"alignleft\" src=\"https:\/\/polin.pl\/sites\/default\/files\/2020-01\/ENlogo_en_1.png\" alt=\"Europa Nostra\" width=\"38\" height=\"67\" \/><\/div>\n<\/div>\n<\/div>\n<div class=\"field__item fid-3\">\n<div class=\"paragraph paragraph--type--image-with-link paragraph--view-mode--default\">\n<div><\/div>\n<div class=\"field field--name-field-image field--type-image field--label-hidden field__item\"><img decoding=\"async\" loading=\"lazy\" class=\"alignleft\" src=\"https:\/\/polin.pl\/sites\/default\/files\/2020-01\/Effie_black_logo_1c.jpg\" alt=\"Nagrody effie poland\" width=\"45\" height=\"59\" \/><\/div>\n<\/div>\n<\/div>\n<\/div>\n<\/div>\n<div class=\"clearfix text-formatted field field--name-body field--type-text-with-summary field--label-hidden field__item\">\n<hr style=\"height: 15px; background: #d0e6fa; width: 100%;\" \/>\n<div id=\"content\" class=\"content-alignment\">\n<div id=\"watch-description\" class=\"yt-uix-button-panel\">\n<div id=\"watch-description-text\" style=\"text-align: center;\">\n<p><em>Zawarto\u015b\u0107 publikowanych artyku\u0142\u00f3w i materia\u0142\u00f3w nie reprezentuje pogl\u0105d\u00f3w ani opinii Reunion&#8217;68,<\/em><em><br \/>\nani te\u017c webmastera Blogu Reunion&#8217;68, chyba ze jest to wyra\u017anie zaznaczone.<br \/>\nTwoje uwagi, linki, w\u0142asne artyku\u0142y lub wiadomo\u015bci prze\u015blij na adres:<br \/>\n<\/em><span style=\"color: #000080;\"><strong><em><a style=\"color: #000080;\" href=\"mailto:webmaster@reunion68.com\"><span style=\"text-decoration: underline;\">webmaster@reunion68.com<\/span><\/a><\/em><\/strong><\/span><\/p>\n<\/div>\n<\/div>\n<\/div>\n<hr style=\"width: 100%;\" \/>\n<\/div>\n<\/div>\n","protected":false},"excerpt":{"rendered":"<p>Akcja spo\u0142eczno-edukacyjna \u017bonkile 2022 Muzeum Polin Zach\u0119camy do udzia\u0142u w dziesi\u0105tej, jubileuszowej, akcji spo\u0142eczno-edukacyjnej \u017bonkile. Ze wzgl\u0119du na pandemi\u0119, trzeci rok z rz\u0119du dzia\u0142amy zar\u00f3wno w Internecie, jak i w terenie. Tematem przewodnim akcji jest mi\u0142o\u015b\u0107. 19 kwietnia 2022 zach\u0119camy do przypi\u0119cia \u017conkila na znak, \u017ce #\u0141\u0105czyNasPami\u0119\u0107. Akcj\u0119 \u017bonkile wspieraj\u0105 w tym roku tak\u017ce nowi [&hellip;]<\/p>\n","protected":false},"author":1,"featured_media":0,"comment_status":"closed","ping_status":"closed","sticky":false,"template":"","format":"standard","meta":[],"categories":[6],"tags":[26,24],"_links":{"self":[{"href":"https:\/\/www.reunion68.se\/index.php?rest_route=\/wp\/v2\/posts\/94410"}],"collection":[{"href":"https:\/\/www.reunion68.se\/index.php?rest_route=\/wp\/v2\/posts"}],"about":[{"href":"https:\/\/www.reunion68.se\/index.php?rest_route=\/wp\/v2\/types\/post"}],"author":[{"embeddable":true,"href":"https:\/\/www.reunion68.se\/index.php?rest_route=\/wp\/v2\/users\/1"}],"replies":[{"embeddable":true,"href":"https:\/\/www.reunion68.se\/index.php?rest_route=%2Fwp%2Fv2%2Fcomments&post=94410"}],"version-history":[{"count":25,"href":"https:\/\/www.reunion68.se\/index.php?rest_route=\/wp\/v2\/posts\/94410\/revisions"}],"predecessor-version":[{"id":94695,"href":"https:\/\/www.reunion68.se\/index.php?rest_route=\/wp\/v2\/posts\/94410\/revisions\/94695"}],"wp:attachment":[{"href":"https:\/\/www.reunion68.se\/index.php?rest_route=%2Fwp%2Fv2%2Fmedia&parent=94410"}],"wp:term":[{"taxonomy":"category","embeddable":true,"href":"https:\/\/www.reunion68.se\/index.php?rest_route=%2Fwp%2Fv2%2Fcategories&post=94410"},{"taxonomy":"post_tag","embeddable":true,"href":"https:\/\/www.reunion68.se\/index.php?rest_route=%2Fwp%2Fv2%2Ftags&post=94410"}],"curies":[{"name":"wp","href":"https:\/\/api.w.org\/{rel}","templated":true}]}}