{"id":94414,"date":"2022-04-10T17:00:01","date_gmt":"2022-04-10T15:00:01","guid":{"rendered":"http:\/\/www.reunion68.se\/?p=94414"},"modified":"2022-04-10T07:37:53","modified_gmt":"2022-04-10T05:37:53","slug":"18-00-67","status":"publish","type":"post","link":"https:\/\/www.reunion68.se\/?p=94414","title":{"rendered":"Artifact on Display at German Museum to Return to Jewish Heirs, Decades After Seizure by Nazis"},"content":{"rendered":"<h5 style=\"text-align: center;\"><a href=\"https:\/\/www.algemeiner.com\/\" target=\"_blank\" rel=\"noopener noreferrer\"><img decoding=\"async\" class=\"center alignleft\" src=\"http:\/\/www.reunion68.com\/Biuletyn\/img\/algem.png\" alt=\"\" width=\"35%\" \/><\/a><span style=\"text-decoration: underline; color: #000080;\"><span><strong><a style=\"color: #000080; text-decoration: underline;\" href=\"https:\/\/www.algemeiner.com\/2022\/04\/08\/artifact-on-display-at-german-museum-to-return-to-jewish-heirs-decades-after-seizure-by-nazis\/\" target=\"_blank\" rel=\"noopener noreferrer\">Artifact on Display at German Museum to Return to Jewish Heirs, Decades After Seizure by Nazis<\/a><\/strong><\/span><\/span><\/h5>\n<p style=\"text-align: center;\"><span style=\"color: #000000;\"><strong>Shiryn Ghermezian<\/strong><\/span><\/p>\n<hr style=\"height: 15px; background: #d0e6fa; width: 100%;\" \/>\n<p style=\"text-align: center;\"><img decoding=\"async\" class=\"aligncenter\" src=\"https:\/\/www.algemeiner.com\/wp-content\/uploads\/2021\/11\/2020-04-20T141111Z_89481011_RC2E8G9KZ6P5_RTRMADP_3_HEALTH-CORONAVIRUS-HOLOCAUST-MEMORIAL-EVE-2.jpg\" width=\"100%\" \/><span style=\"color: #808080;\"><em>A general view shows part of an exhibition at the Yad Vashem World Holocaust Remembrance Center in Jerusalem, before beginning of Israel\u2019s annual Holocaust Remembrance Day, as the centre is closed following the coronavirus disease (COVID-19) restrictions around the country, April 20, 2020 REUTERS\/ Ronen Zvulun<\/em><\/span><\/p>\n<p style=\"text-align: left;\"><span style=\"color: #000080;\">The descendants of a German Jewish woman will be given restitution for silverware forcibly taken from her by the Nazis in Munich, after intervention by the magazine of\u00a0<a style=\"color: #000080;\" href=\"https:\/\/www.bnaibrith.org\/in-the-news\/questions-raised-by-bnai-brith-magazine-win-the-release-of-jewish-artifact-in-german-museum\" target=\"_blank\" rel=\"noopener noreferrer\">B\u2019nai B\u2019rith International<\/a>, the Jewish organization said on Thursday.<\/span><\/p>\n<p style=\"text-align: left;\"><span style=\"color: #000080;\">Hermine Bernheimer \u2014who was born and raised in G\u00f6ppingen, Germany, and later moved to Munich \u2014 was adhering to a 1939 Nazi order that Jews must turn over precious metal objects to their local pawn shops when she reliquished a silver cup she owned, according to\u00a0<em>B\u2019nai B\u2019rith Magazine.<\/em>\u00a0She was later deported to the Theresienstadt concentration camp and murdered.<\/span><\/p>\n<p style=\"text-align: left;\"><span style=\"color: #000080;\">Her great-niece Naomi Karp first learned about the silver cup in January 2020 from Dr. Matthias Weniger, head of provenance research at the Bavarian National Museum in Munich, which had the item held in storage for decades. Karp proved her relationship to Bernheimer, but she and her extended family had been waiting since April 2021 for the Bavarian Ministry of Science and the Arts to sign paperwork releasing the item to Bernheimer\u2019s family.<\/span><\/p>\n<p style=\"text-align: left;\"><span style=\"color: #000080;\">After\u00a0<em>B\u2019nai B\u2019rith Magazine\u2019s<\/em>\u00a0Dina Gold reached out to the ministry, asking why the objects were still being held by the national museum, the ministry signed the paperwork last month. Bernheimer\u2019s family has decided to give the cup to the Jewish Museum in Goppingen.<\/span><\/p>\n<p style=\"text-align: left;\"><span style=\"color: #000080;\">\u201cI\u2019m thrilled that the logjam has been broken and grateful for Dina\u2019s help,\u201d Karp said.<\/span><\/p>\n<p style=\"text-align: left;\"><span style=\"color: #000080;\">Weniger commented, \u201cThere can never be a truly happy ending after all that\u2019s happened. But I look forward to handing the cup, at Naomi and her family\u2019s request, to the Jewish Museum in<strong>\u00a0<\/strong>G\u00f6ppingen, to be a permanent memory of Hermine\u2019s terrible fate and that of so many others.\u201d<\/span><\/p>\n<p style=\"text-align: left;\"><span style=\"color: #000080;\">B\u2019nai B\u2019rith said more details about Bernheimer\u2019s silver cup and its history will be featured in magazine\u2019s winter edition.<\/span><\/p>\n<hr style=\"height: 15px; background: #d0e6fa; width: 100%;\" \/>\n<div id=\"content\" class=\"content-alignment\">\n<div id=\"watch-description\" class=\"yt-uix-button-panel\">\n<div id=\"watch-description-text\" style=\"text-align: center;\">\n<p><em>Zawarto\u015b\u0107 publikowanych artyku\u0142\u00f3w i materia\u0142\u00f3w nie reprezentuje pogl\u0105d\u00f3w ani opinii Reunion&#8217;68,<\/em><em><br \/>\nani te\u017c webmastera Blogu Reunion&#8217;68, chyba ze jest to wyra\u017anie zaznaczone.<br \/>\nTwoje uwagi, linki, w\u0142asne artyku\u0142y lub wiadomo\u015bci prze\u015blij na adres:<br \/>\n<\/em><span style=\"color: #000080;\"><strong><em><a style=\"color: #000080;\" href=\"mailto:webmaster@reunion68.com\"><span style=\"text-decoration: underline;\">webmaster@reunion68.com<\/span><\/a><\/em><\/strong><\/span><\/p>\n<\/div>\n<\/div>\n<\/div>\n<hr style=\"width: 100%;\" \/>\n","protected":false},"excerpt":{"rendered":"<p>Artifact on Display at German Museum to Return to Jewish Heirs, Decades After Seizure by Nazis Shiryn Ghermezian A general view shows part of an exhibition at the Yad Vashem World Holocaust Remembrance Center in Jerusalem, before beginning of Israel\u2019s annual Holocaust Remembrance Day, as the centre is closed following the coronavirus disease (COVID-19) restrictions [&hellip;]<\/p>\n","protected":false},"author":1,"featured_media":0,"comment_status":"closed","ping_status":"closed","sticky":false,"template":"","format":"standard","meta":[],"categories":[6],"tags":[26,24],"_links":{"self":[{"href":"https:\/\/www.reunion68.se\/index.php?rest_route=\/wp\/v2\/posts\/94414"}],"collection":[{"href":"https:\/\/www.reunion68.se\/index.php?rest_route=\/wp\/v2\/posts"}],"about":[{"href":"https:\/\/www.reunion68.se\/index.php?rest_route=\/wp\/v2\/types\/post"}],"author":[{"embeddable":true,"href":"https:\/\/www.reunion68.se\/index.php?rest_route=\/wp\/v2\/users\/1"}],"replies":[{"embeddable":true,"href":"https:\/\/www.reunion68.se\/index.php?rest_route=%2Fwp%2Fv2%2Fcomments&post=94414"}],"version-history":[{"count":4,"href":"https:\/\/www.reunion68.se\/index.php?rest_route=\/wp\/v2\/posts\/94414\/revisions"}],"predecessor-version":[{"id":94426,"href":"https:\/\/www.reunion68.se\/index.php?rest_route=\/wp\/v2\/posts\/94414\/revisions\/94426"}],"wp:attachment":[{"href":"https:\/\/www.reunion68.se\/index.php?rest_route=%2Fwp%2Fv2%2Fmedia&parent=94414"}],"wp:term":[{"taxonomy":"category","embeddable":true,"href":"https:\/\/www.reunion68.se\/index.php?rest_route=%2Fwp%2Fv2%2Fcategories&post=94414"},{"taxonomy":"post_tag","embeddable":true,"href":"https:\/\/www.reunion68.se\/index.php?rest_route=%2Fwp%2Fv2%2Ftags&post=94414"}],"curies":[{"name":"wp","href":"https:\/\/api.w.org\/{rel}","templated":true}]}}