{"id":94445,"date":"2022-04-12T17:05:30","date_gmt":"2022-04-12T15:05:30","guid":{"rendered":"http:\/\/www.reunion68.se\/?p=94445"},"modified":"2022-04-12T07:55:45","modified_gmt":"2022-04-12T05:55:45","slug":"20-05-78","status":"publish","type":"post","link":"https:\/\/www.reunion68.se\/?p=94445","title":{"rendered":"Worse Than Wrong: The Danger of Misleading Headlines About Terror Wave in Israel"},"content":{"rendered":"<h5 style=\"text-align: center;\"><a href=\"\/\/www.algemeiner.com\/\" target=\"_blank\" rel=\"noopener noreferrer\"><img decoding=\"async\" class=\"center alignleft\" src=\"http:\/\/www.reunion68.com\/Biuletyn\/img\/algem.png\" alt=\"\" width=\"35%\" \/><\/a><span style=\"text-decoration: underline; color: #000080;\"><span><strong><a style=\"color: #000080; text-decoration: underline;\" href=\"https:\/\/www.algemeiner.com\/2022\/04\/11\/worse-than-wrong-the-danger-of-misleading-headlines-about-terror-wave-in-israel\/\" target=\"_blank\" rel=\"noopener noreferrer\">Worse Than Wrong: The Danger of Misleading Headlines About Terror Wave in Israel<\/a><\/strong><\/span><\/span><\/h5>\n<p style=\"text-align: center;\"><span style=\"color: #000000;\"><strong>Gidon Ben-Zvi<\/strong><\/span><\/p>\n<hr style=\"height: 15px; background: #d0e6fa; width: 100%;\" \/>\n<p style=\"text-align: center;\"><img decoding=\"async\" class=\"aligncenter\" src=\"https:\/\/www.algemeiner.com\/wp-content\/uploads\/2022\/03\/2022-03-29T175256Z_1_LYNXNPEI2S101_RTROPTP_4_ISRAEL-PALESTINIANS-VIOLENCE-1.jpg\" width=\"100%\" \/><span style=\"color: #808080;\"><em>Israeli security and medical personnel secure the scene of an attack in which people were killed by a gunman on a main street in Bnei Brak, near Tel Aviv, Israel, March 29, 2022. Photo: Reuters\/Nir Elias<\/em><\/span><\/p>\n<p style=\"text-align: left;\"><span style=\"color: #000080;\">Battling media bias begins at the top: the headline.<\/span><\/p>\n<p style=\"text-align: left;\"><span style=\"color: #000080;\">A shooting on Dizengoff Street in central Tel Aviv on April 7 by a Palestinian assailant that left three people dead and 15 wounded, was the latest attack to roil Israel as part of a terror wave. Thursday night\u2019s was the fourth deadly occurrence in less than three weeks.<\/span><\/p>\n<p style=\"text-align: left;\"><span style=\"color: #000080;\">Together,\u00a0<a style=\"color: #000080;\" href=\"https:\/\/www.jpost.com\/breaking-news\/article-703568\" target=\"_blank\" rel=\"noopener noreferrer\">14 people<\/a>\u00a0have been killed.<\/span><\/p>\n<p style=\"text-align: left;\"><span style=\"color: #000080;\">But while Israel tries to defend itself from an onslaught \u2014 which is a direct result of incitement by\u00a0<a style=\"color: #000080;\" href=\"https:\/\/www.timesofisrael.com\/why-lone-wolves-behind-latest-terror-spree-pose-such-a-challenge-to-israeli-intel\/\" target=\"_blank\" rel=\"noopener noreferrer\">radical Islamist<\/a>\u00a0and\u00a0<a style=\"color: #000080;\" href=\"https:\/\/honestreporting.com\/palestinian-incitement-laid-bare-hamas-murders-israeli-child-calls-on-allah-to-burn-jews-video\/\" target=\"_blank\" rel=\"noopener noreferrer\">terrorist elements<\/a>\u00a0urging Palestinian youths to\u00a0<a style=\"color: #000080;\" href=\"https:\/\/www.jpost.com\/middle-east\/eu-study-finds-incitement-in-palestinian-textbooks-remains-unpublished-670505\" target=\"_blank\" rel=\"noopener noreferrer\">murder Jews<\/a>\u00a0\u2014 news headlines around the world are misleading readers about what\u2019s really going on.<\/span><\/p>\n<p><img decoding=\"async\" src=\"https:\/\/honestreporting.com\/wp-content\/uploads\/2022\/04\/LA-Times-1024x197.png\" width=\"100%\" border=\"1\" \/><\/p>\n<p>.<\/p>\n<p style=\"text-align: left;\"><span style=\"color: #000080;\">The problem with \u200b\u200b\u200b\u200b\u200b\u200b\u200b\u200b\u200b\u200b\u200b\u200b\u200b\u200b\u200b\u200b\u200b\u200b\u200b\u200b\u200b\u200b\u200b\u200b\u200b\u200b\u200b\u200b\u200b\u200b\u200b\u200b\u200b\u200b\u200b\u200b\u200bthese headlines is that they do not convey the true picture, even if they aren\u2019t outright false.<\/span><\/p>\n<p style=\"text-align: left;\"><span style=\"color: #000080;\">As a result, readers are left unable to fully conceptualize actual events, and may instead be left with inaccurate \u201cimpressions.\u201d<\/span><\/p>\n<p style=\"text-align: left;\"><span style=\"color: #000080;\">Enter our organization, which tackles such \u201cstealth\u201d bias on a daily basis.<\/span><\/p>\n<p style=\"text-align: left;\"><span style=\"color: #000080;\">For example, an otherwise well-researched and well-written April 6 article published by\u00a0<em>The Daily Express,<\/em>\u00a0originally had this misleading title: \u201c<em>Israel\u2019s Naftali Bennet seeks control of social media to prevent \u2018new wave of terrorism.\u2019\u201d<\/em><\/span><\/p>\n<p><img decoding=\"async\" src=\"https:\/\/honestreporting.com\/wp-content\/uploads\/2022\/04\/EXPRESS-HEADLINE-FINAL.jpg\" width=\"100%\" border=\"1\" \/><\/p>\n<p style=\"text-align: left;\"><span style=\"color: #000080;\">While the piece notes that social media platforms are being used to incite violence against Israelis, the assertion that Jerusalem is seeking to clamp down on all social media use is incorrect.<\/span><\/p>\n<p style=\"text-align: left;\"><span style=\"color: #000080;\">One can make the case that the headline implied that Israel is sliding towards authoritarianism.<\/span><\/p>\n<p style=\"text-align: left;\"><span style=\"color: #000080;\">This implication, however, is belied by data.<\/span><\/p>\n<p style=\"text-align: left;\"><span style=\"color: #000080;\">Israel was recently ranked above Italy, Spain, and the United States in a\u00a0<span style=\"text-decoration: underline;\"><strong><a style=\"color: #000080; text-decoration: underline;\" href=\"https:\/\/www.thejc.com\/news\/israel\/israel-ranks-above-spain-italy-and-us-for-democracy-in-new-ranking-5thm78K0h6XhdVKV066TwE\" target=\"_blank\" rel=\"noopener noreferrer\">respected global index of democratic values<\/a><\/strong><\/span>. The latest edition of the annual Democracy Index from the prestigious Economist Intelligence Unit (EIU) gave Israel 7.97 points out of a maximum of ten, just behind France (7.99 points) and Britain (8.1 points).<\/span><\/p>\n<p style=\"text-align: left;\"><span style=\"color: #000080;\">Even while Israel is being forced to contend with a wave of terrorism, the country remains a modern, Western-orientated, liberal democracy.<\/span><\/p>\n<p style=\"text-align: left;\"><span style=\"color: #000080;\">After we contacted editors at\u00a0<em>The Daily Express<\/em>\u00a0to clarify this point, the original headline was amended to:<\/span><\/p>\n<p>.<br \/>\n<img decoding=\"async\" src=\"https:\/\/honestreporting.com\/wp-content\/uploads\/2022\/04\/UPDATED-Daily-Express-Headline.jpg\" width=\"100%\" border=\"1\" \/><\/p>\n<div class=\"elementor elementor-323780 elementor-location-single\" data-elementor-type=\"section\" data-elementor-id=\"323780\">\n<div class=\"elementor-section-wrap\">\n<section class=\"elementor-section elementor-top-section elementor-element elementor-element-74e18c8 elementor-section-full_width homepage_newsletter_form elementor-section-height-default elementor-section-height-default\" data-id=\"74e18c8\" data-element_type=\"section\">\n<div class=\"elementor-container elementor-column-gap-no\">\n<div class=\"elementor-row\">\n<div class=\"elementor-column elementor-col-100 elementor-top-column elementor-element elementor-element-7862794\" data-id=\"7862794\" data-element_type=\"column\" data-settings=\"{&quot;background_background&quot;:&quot;classic&quot;}\">\n<div class=\"elementor-column-wrap elementor-element-populated\">\n<div class=\"elementor-widget-wrap\">\n<section class=\"elementor-section elementor-inner-section elementor-element elementor-element-500ba0b elementor-section-full_width elementor-section-height-default elementor-section-height-default\" data-id=\"500ba0b\" data-element_type=\"section\">\n<div class=\"elementor-container elementor-column-gap-no\">\n<div class=\"elementor-row\">\n<div class=\"elementor-column elementor-col-100 elementor-inner-column elementor-element elementor-element-0d630e4\" data-id=\"0d630e4\" data-element_type=\"column\">\n<div class=\"elementor-column-wrap elementor-element-populated\">\n<div class=\"elementor-widget-wrap\">\n<div class=\"elementor-element elementor-element-4159a03 elementor-widget elementor-widget-heading\" data-id=\"4159a03\" data-element_type=\"widget\" data-widget_type=\"heading.default\">\n<div class=\"elementor-widget-container\">\n<p style=\"text-align: left;\"><span style=\"color: #000080;\">Relatedly, the UK Board of Deputies announced that it was\u00a0<a style=\"color: #000080;\" href=\"https:\/\/www.thejc.com\/news\/news\/board-of-deputies-makes-formal-complaint-to-guardian-over-israel-terror-attack-coverage-4JdjTdBVF8WxDFyy8X8Ja4\" target=\"_blank\" rel=\"noopener noreferrer\">filing a formal complaint<\/a>\u00a0against\u00a0<em>The Guardian<\/em>\u00a0over its headline about the Tel Aviv terror attack. Additionally, the\u00a0<a style=\"color: #000080;\" href=\"https:\/\/twitter.com\/idanroll\/status\/1512322968168419329?s=21&amp;t=LziKkz2f43nJ7ET7zuh_tw\" target=\"_blank\" rel=\"noopener noreferrer\">Israeli Foreign Ministry<\/a>\u00a0and others on\u00a0<a style=\"color: #000080;\" href=\"https:\/\/twitter.com\/YosephHaddad\" target=\"_blank\" rel=\"noopener noreferrer\">social media<\/a>\u00a0came together to shine a spotlight on the breach on Thursday night of journalistic ethics by many news organizations.<\/span><\/p>\n<p style=\"text-align: left;\"><span style=\"color: #000080;\">By publishing ambiguous headlines \u2014 that is, failing to make clear that Thursday\u2019s incident in Tel Aviv was an act of terror \u2014 media outlets are effectively framing developments in accordance with certain narratives, not actual events.<\/span><\/p>\n<p style=\"text-align: left;\"><span style=\"color: #000080;\">Yet, it is the role of the media to report just the facts, wherever they may lead. Otherwise, news organizations risk influencing or even fully shaping a reader\u2019s views about a certain topic or issue.<\/span><\/p>\n<p style=\"text-align: left;\"><span style=\"color: #000080;\">This is not news. It is editorializing, and there is a time and place for that.<\/span><\/p>\n<p style=\"text-align: left;\"><span style=\"color: #000080;\">At a time when roughly 8 in 10 Americans get their news<a style=\"color: #000080;\" href=\"https:\/\/www.pewresearch.org\/fact-tank\/2021\/01\/12\/more-than-eight-in-ten-americans-get-news-from-digital-devices\/\" target=\"_blank\" rel=\"noopener noreferrer\">\u00a0from digital devices<\/a>, headlines are often the first and last thing people read regardless of the story.<\/span><\/p>\n<p style=\"text-align: left;\"><span style=\"color: #000080;\">A\u00a0<a style=\"color: #000080;\" href=\"https:\/\/reutersinstitute.politics.ox.ac.uk\/sites\/default\/files\/News%20Alerts%20and%20the%20Battle%20for%20the%20Lockscreen.pdf\" target=\"_blank\" rel=\"noopener noreferrer\">study<\/a>\u00a0focusing on mobile phone app updates, or \u201cpushes\u201d as they are often called in the industry, found that \u201cpeople click on the alert about half the time.\u201d<\/span><\/p>\n<p style=\"text-align: left;\"><span style=\"color: #000080;\">Given the way in which news is consumed, some 8 out of 10 people\u00a0<a style=\"color: #000080;\" href=\"https:\/\/moz.com\/blog\/5-data-insights-into-the-headlines-readers-click\" target=\"_blank\" rel=\"noopener noreferrer\">read an article\u2019s headline<\/a>\u00a0and get no further.<\/span><\/p>\n<p style=\"text-align: left;\"><span style=\"color: #000080;\">Headlines are also the part of a news item that tends to be\u00a0<a style=\"color: #000080;\" href=\"https:\/\/mwdg.delaware.gov\/files\/2015\/03\/Power-of-a-Good-Headline-mwdg-.pdf\" target=\"_blank\" rel=\"noopener noreferrer\">shared most on social media<\/a>.<\/span><\/p>\n<p style=\"text-align: left;\"><span style=\"color: #000080;\">Accordingly, by failing to adequately convey the facts about Israel\u2019s latest battle against terror \u2014 especially in headlines \u2014\u00a0 news organizations are warping the real situation and, as a corollary, diminishing the threat and consequences of terrorism not only to the Jewish state, but to every nation across the globe.<\/span><\/p>\n<hr \/>\n<\/div>\n<\/div>\n<\/div>\n<\/div>\n<\/div>\n<\/div>\n<\/div>\n<\/section>\n<\/div>\n<\/div>\n<\/div>\n<\/div>\n<\/div>\n<\/section>\n<\/div>\n<\/div>\n<div style=\"text-align: left;\"><i><span style=\"color: #808080;\">The author is a contributor to HonestReporting, a Jerusalem-based media watchdog with a focus on antisemitism and anti-Israel bias \u2014 where a version of this article<\/span><a href=\"https:\/\/honestreporting.com\/as-bad-as-wrong-the-danger-of-misleading-headlines-about-israels-terror-wave\/\" target=\"_blank\" rel=\"noopener noreferrer\" data-saferedirecturl=\"https:\/\/www.google.com\/url?q=https:\/\/honestreporting.com\/its-not-the-economy-axios-article-diagnoses-intra-palestinian-violence-as-ailment-prescribes-wrong-remedy\/&amp;source=gmail&amp;ust=1649742212130000&amp;usg=AOvVaw3oHJ76nX24UbKizmQorFhZ\"><span style=\"color: #808080;\">\u00a0first appeared.<\/span><\/a><\/i><\/div>\n<hr style=\"height: 15px; background: #d0e6fa; width: 100%;\" \/>\n<div id=\"content\" class=\"content-alignment\">\n<div id=\"watch-description\" class=\"yt-uix-button-panel\">\n<div id=\"watch-description-text\" style=\"text-align: center;\">\n<p><em>Zawarto\u015b\u0107 publikowanych artyku\u0142\u00f3w i materia\u0142\u00f3w nie reprezentuje pogl\u0105d\u00f3w ani opinii Reunion&#8217;68,<\/em><em><br \/>\nani te\u017c webmastera Blogu Reunion&#8217;68, chyba ze jest to wyra\u017anie zaznaczone.<br \/>\nTwoje uwagi, linki, w\u0142asne artyku\u0142y lub wiadomo\u015bci prze\u015blij na adres:<br \/>\n<\/em><span style=\"color: #000080;\"><strong><em><a style=\"color: #000080;\" href=\"mailto:webmaster@reunion68.com\"><span style=\"text-decoration: underline;\">webmaster@reunion68.com<\/span><\/a><\/em><\/strong><\/span><\/p>\n<\/div>\n<\/div>\n<\/div>\n<hr style=\"width: 100%;\" \/>\n","protected":false},"excerpt":{"rendered":"<p>Worse Than Wrong: The Danger of Misleading Headlines About Terror Wave in Israel Gidon Ben-Zvi Israeli security and medical personnel secure the scene of an attack in which people were killed by a gunman on a main street in Bnei Brak, near Tel Aviv, Israel, March 29, 2022. Photo: Reuters\/Nir Elias Battling media bias begins [&hellip;]<\/p>\n","protected":false},"author":1,"featured_media":0,"comment_status":"closed","ping_status":"closed","sticky":false,"template":"","format":"standard","meta":[],"categories":[3],"tags":[26,24],"_links":{"self":[{"href":"https:\/\/www.reunion68.se\/index.php?rest_route=\/wp\/v2\/posts\/94445"}],"collection":[{"href":"https:\/\/www.reunion68.se\/index.php?rest_route=\/wp\/v2\/posts"}],"about":[{"href":"https:\/\/www.reunion68.se\/index.php?rest_route=\/wp\/v2\/types\/post"}],"author":[{"embeddable":true,"href":"https:\/\/www.reunion68.se\/index.php?rest_route=\/wp\/v2\/users\/1"}],"replies":[{"embeddable":true,"href":"https:\/\/www.reunion68.se\/index.php?rest_route=%2Fwp%2Fv2%2Fcomments&post=94445"}],"version-history":[{"count":10,"href":"https:\/\/www.reunion68.se\/index.php?rest_route=\/wp\/v2\/posts\/94445\/revisions"}],"predecessor-version":[{"id":94481,"href":"https:\/\/www.reunion68.se\/index.php?rest_route=\/wp\/v2\/posts\/94445\/revisions\/94481"}],"wp:attachment":[{"href":"https:\/\/www.reunion68.se\/index.php?rest_route=%2Fwp%2Fv2%2Fmedia&parent=94445"}],"wp:term":[{"taxonomy":"category","embeddable":true,"href":"https:\/\/www.reunion68.se\/index.php?rest_route=%2Fwp%2Fv2%2Fcategories&post=94445"},{"taxonomy":"post_tag","embeddable":true,"href":"https:\/\/www.reunion68.se\/index.php?rest_route=%2Fwp%2Fv2%2Ftags&post=94445"}],"curies":[{"name":"wp","href":"https:\/\/api.w.org\/{rel}","templated":true}]}}