{"id":94490,"date":"2022-04-13T17:00:00","date_gmt":"2022-04-13T15:00:00","guid":{"rendered":"http:\/\/www.reunion68.se\/?p=94490"},"modified":"2022-04-13T07:54:53","modified_gmt":"2022-04-13T05:54:53","slug":"22-05-76","status":"publish","type":"post","link":"https:\/\/www.reunion68.se\/?p=94490","title":{"rendered":"80. rocznica zbrodni katy\u0144skiej"},"content":{"rendered":"<p style=\"text-align: center;\"><img decoding=\"async\" class=\"aligncenter\" src=\"https:\/\/www.polin.pl\/sites\/default\/files\/styles\/isohead_8\/public\/2020-03\/Bundesarchiv_Bild_183-B23992%2C_Katyn%2C_%C3%96ffnung_der_Massengr%C3%A4ber%2C_polnische_Dienstmarke.jpg?itok=yNLfP3Xj\" width=\"100%\"><span style=\"color: #808080;\"><em>ODNALEZIONE W KATYNIU: NIE\u015aMIERTELNIK I PAMI\u0104TKOWY MEDALIK CHRZCIELNY, FOT. BUNDESARCHIV, BILD 183-B23992 \/ CC-BY-SA 3.0 \/ WIKIMEDIA COMMONS<\/em><\/span><\/p>\n<hr>\n<h5 style=\"text-align: center;\"><a href=\"https:\/\/www.polin.pl\/\" target=\"_blank\" rel=\"noopener noreferrer\"><img decoding=\"async\" class=\"center alignleft\" src=\"https:\/\/www.polin.pl\/themes\/custom\/polin_theme\/images\/284_0.png\" alt=\"\" width=\"35%\"><\/a><span style=\"text-decoration: underline; color: #000080;\"><strong><a style=\"color: #000080; text-decoration: underline;\" href=\"https:\/\/www.polin.pl\/pl\/rocznica-zbrodni-katynskiej\" target=\"_blank\" rel=\"noopener noreferrer\">80. rocznica zbrodni katy\u0144skiej<\/a><\/strong><\/span><\/h5>\n<p style=\"text-align: center;\"><span style=\"color: #000000;\"><strong>POLIN<\/strong><\/span><\/p>\n<hr style=\"height: 15px; background: #d0e6fa; width: 100%;\">\n<h4 class=\"cke-text-lead\" style=\"text-align: center;\"><span style=\"color: #808080;\"><strong>Trzeciego kwietnia 1940 r. z obozu dla je\u0144c\u00f3w wojennych w Kozielsku wyruszy\u0142 w kierunku Smole\u0144ska pierwszy transport polskich oficer\u00f3w. Dzie\u0144 lub dwa dni p\u00f3\u017aniej zostali rozstrzelani w lesie katy\u0144skim.<\/strong><\/span><\/h4>\n<p style=\"text-align: left;\"><span style=\"color: #000080;\">W ten spos\u00f3b rozpocz\u0119\u0142a si\u0119 realizacja podj\u0119tej 5 marca 1940 r. przez najwy\u017csze kierownictwo partii komunistycznej ZSRR ze Stalinem na czele decyzji o wymordowaniu polskich je\u0144c\u00f3w wojennych i wi\u0119\u017ani\u00f3w politycznych.&nbsp;<\/span><\/p>\n<p style=\"text-align: left;\"><span style=\"color: #000080;\">Ofiarami zbrodni katy\u0144skiej pad\u0142o, wedle dzisiejszej wiedzy, 14546 je\u0144c\u00f3w wojennych \u2013 oficer\u00f3w Wojska Polskiego i policjant\u00f3w wzi\u0119tych do niewoli sowieckiej we wrze\u015bniu 1939 r. \u2013 oraz 7305 wi\u0119\u017ani\u00f3w politycznych. Wszyscy zostali zabici strza\u0142em w ty\u0142 g\u0142owy przez kat\u00f3w ze stalinowskiej policji politycznej, NKWD.<\/span><\/p>\n<p style=\"text-align: left;\"><span style=\"color: #000080;\">Masowe groby oficer\u00f3w z Kozielska i Starobielska znajduj\u0105 si\u0119 w Katyniu i Charkowie, a policjant\u00f3w z obozu w Ostaszkowie \u2013 w Miednoje pod Twerem. W 2000 r. powsta\u0142y tam polskie cmentarze wojenne, gdzie pomordowani je\u0144cy znale\u017ali godne upami\u0119tnienie. Znacznie mniej wiadomo o losach rozstrzelanych wi\u0119\u017ani\u00f3w politycznych.<\/span><\/p>\n<p style=\"text-align: left;\"><span style=\"color: #000080;\">Znamy zaledwie po\u0142ow\u0119 ich nazwisk i jedno z zapewne kilku miejsc spoczynku: w Bykowni pod Kijowem, gdzie na otwartym w 2012 r. cmentarzu wojennym symbolicznie upami\u0119tniono wszystkich wi\u0119\u017ani\u00f3w straconych na sowieckiej Ukrainie. Inne prawdopodobne miejsce poch\u00f3wku wi\u0119\u017ani\u00f3w to Kuropaty pod Mi\u0144skiem; w przypadku Bia\u0142orusi nie mamy nawet listy pomordowanych.<\/span><\/p>\n<p style=\"text-align: left;\"><span style=\"color: #000080;\">Trzecia \u2013 po\u015brednia \u2013 kategoria ofiar zbrodni katy\u0144skiej to najbli\u017csi zabitych. Na zasadzie odpowiedzialno\u015bci zbiorowej ponad 60 tys. cz\u0142onk\u00f3w rodzin rozstrzelanych wi\u0119\u017ani\u00f3w zosta\u0142o 13 kwietnia 1940 r. deportowanych do p\u00f3\u0142nocnego Kazachstanu.<\/span><\/p>\n<p style=\"text-align: left;\"><span style=\"color: #000080;\">W\u015br\u00f3d ofiar zbrodni katy\u0144skiej byli te\u017c polscy \u017bydzi. Najbardziej znana posta\u0107 to Baruch Steinberg, od 1933 r. naczelny rabin Wojska Polskiego. Od m\u0142odo\u015bci zwi\u0105zany z ruchem pi\u0142sudczykowskim, cz\u0142onek Polskiej Organizacji Wojskowej, obro\u0144ca Lwowa. Wys\u0142any z Kozielska transportem z 11 lub 12 kwietnia 1940 r. i zabity w Katyniu.<\/span><\/p>\n<p style=\"text-align: left;\"><span style=\"color: #000080;\">Wed\u0142ug najbardziej miarodajnych ustale\u0144 Benjamina Meirtchaka, w\u015br\u00f3d pomordowanych je\u0144c\u00f3w by\u0142o 438 os\u00f3b \u017cydowskiego pochodzenia (231 zabitych w Katyniu, 188 w Charkowie i 19 w Twerze). Najwi\u0119ksz\u0105 grup\u0119, ponad 5 procent, stanowili \u017bydzi w\u015br\u00f3d zabitych wojskowych. Byli to najcz\u0119\u015bciej oficerowie rezerwy, wykonuj\u0105cy r\u00f3\u017cne zawody inteligenckie: lekarze, farmaceuci, in\u017cynierowie, prawnicy.<\/span><\/p>\n<p style=\"text-align: left;\"><span style=\"color: #000080;\">O wiele mniej wiemy o pomordowanych wi\u0119\u017aniach. Na licz\u0105cej 3435 os\u00f3b li\u015bcie rozstrzelanych na Ukrainie jest ponad 200 \u017byd\u00f3w (o ile mo\u017cna o tym s\u0105dzi\u0107 po brzmieniu imienia, imienia ojca i nazwiska). Wielu z nich to reprezentanci elit spo\u0142ecznych i politycznych \u2013 adwokaci, kupcy, dzia\u0142acze \u017cydowskich organizacji i partii politycznych, a tak\u017ce oficerowie rezerwy, gdy\u017c tych kt\u00f3rzy nie trafili do niewoli, NKWD aresztowa\u0142 i osadza\u0142 w wi\u0119zieniach. Ale s\u0105 tam r\u00f3wnie\u017c osoby podejrzewane przez NKWD o dzia\u0142alno\u015b\u0107 agenturaln\u0105 w ruchu komunistycznym na rzecz przedwojennej polskiej policji politycznej.<\/span><\/p>\n<p style=\"text-align: left;\"><span style=\"color: #000080;\">W\u015br\u00f3d \u017byd\u00f3w \u2013 cywilnych ofiar zbrodni katy\u0144skiej warto przypomnie\u0107 nazwisko Wiktora Chajesa, dzia\u0142acza niepodleg\u0142o\u015bciowego, przedwojennego wiceprezydenta Lwowa i za\u0142o\u017cyciela tamtejszego Muzeum \u017bydowskiego.&nbsp;<\/span><\/p>\n<hr>\n<p style=\"text-align: left;\"><span style=\"color: #808080;\"><em>\u0179r\u00f3d\u0142o:<\/em><\/span><\/p>\n<ol>\n<li style=\"text-align: left;\"><span style=\"color: #808080;\"><em><strong>Benjamin Meirtchak<\/strong>, \u017bydzi \u2013 \u017co\u0142nierze wojsk polskich polegli na frontach II wojny \u015bwiatowej, Wyd. Bellona, Warszawa 2001.<\/em><\/span><\/li>\n<li style=\"text-align: left;\"><span style=\"color: #808080;\"><em><strong>\u015aladem zbrodni katy\u0144skie<\/strong>j, opr. Zuzanna Gajowniczek, wyd. MSW, Warszawa 1998.<\/em><\/span><\/li>\n<\/ol>\n<hr style=\"height: 15px; background: #d0e6fa; width: 100%;\">\n<div id=\"content\" class=\"content-alignment\">\n<div id=\"watch-description\" class=\"yt-uix-button-panel\">\n<div id=\"watch-description-text\" style=\"text-align: center;\">\n<p><em>Zawarto\u015b\u0107 publikowanych artyku\u0142\u00f3w i materia\u0142\u00f3w nie reprezentuje pogl\u0105d\u00f3w ani opinii Reunion&#8217;68,<\/em><em><br \/>\nani te\u017c webmastera Blogu Reunion&#8217;68, chyba ze jest to wyra\u017anie zaznaczone.<br \/>\nTwoje uwagi, linki, w\u0142asne artyku\u0142y lub wiadomo\u015bci prze\u015blij na adres:<br \/>\n<\/em><span style=\"color: #000080;\"><strong><em><a style=\"color: #000080;\" href=\"mailto:webmaster@reunion68.com\"><span style=\"text-decoration: underline;\">webmaster@reunion68.com<\/span><\/a><\/em><\/strong><\/span><\/p>\n<\/div>\n<\/div>\n<\/div>\n<hr style=\"width: 100%;\">\n","protected":false},"excerpt":{"rendered":"<p>ODNALEZIONE W KATYNIU: NIE\u015aMIERTELNIK I PAMI\u0104TKOWY MEDALIK CHRZCIELNY, FOT. BUNDESARCHIV, BILD 183-B23992 \/ CC-BY-SA 3.0 \/ WIKIMEDIA COMMONS 80. rocznica zbrodni katy\u0144skiej POLIN Trzeciego kwietnia 1940 r. z obozu dla je\u0144c\u00f3w wojennych w Kozielsku wyruszy\u0142 w kierunku Smole\u0144ska pierwszy transport polskich oficer\u00f3w. Dzie\u0144 lub dwa dni p\u00f3\u017aniej zostali rozstrzelani w lesie katy\u0144skim. W ten spos\u00f3b [&hellip;]<\/p>\n","protected":false},"author":1,"featured_media":0,"comment_status":"closed","ping_status":"closed","sticky":false,"template":"","format":"standard","meta":[],"categories":[6],"tags":[26,24],"_links":{"self":[{"href":"https:\/\/www.reunion68.se\/index.php?rest_route=\/wp\/v2\/posts\/94490"}],"collection":[{"href":"https:\/\/www.reunion68.se\/index.php?rest_route=\/wp\/v2\/posts"}],"about":[{"href":"https:\/\/www.reunion68.se\/index.php?rest_route=\/wp\/v2\/types\/post"}],"author":[{"embeddable":true,"href":"https:\/\/www.reunion68.se\/index.php?rest_route=\/wp\/v2\/users\/1"}],"replies":[{"embeddable":true,"href":"https:\/\/www.reunion68.se\/index.php?rest_route=%2Fwp%2Fv2%2Fcomments&post=94490"}],"version-history":[{"count":4,"href":"https:\/\/www.reunion68.se\/index.php?rest_route=\/wp\/v2\/posts\/94490\/revisions"}],"predecessor-version":[{"id":94507,"href":"https:\/\/www.reunion68.se\/index.php?rest_route=\/wp\/v2\/posts\/94490\/revisions\/94507"}],"wp:attachment":[{"href":"https:\/\/www.reunion68.se\/index.php?rest_route=%2Fwp%2Fv2%2Fmedia&parent=94490"}],"wp:term":[{"taxonomy":"category","embeddable":true,"href":"https:\/\/www.reunion68.se\/index.php?rest_route=%2Fwp%2Fv2%2Fcategories&post=94490"},{"taxonomy":"post_tag","embeddable":true,"href":"https:\/\/www.reunion68.se\/index.php?rest_route=%2Fwp%2Fv2%2Ftags&post=94490"}],"curies":[{"name":"wp","href":"https:\/\/api.w.org\/{rel}","templated":true}]}}