{"id":9451,"date":"2014-11-23T19:05:32","date_gmt":"2014-11-23T17:05:32","guid":{"rendered":"http:\/\/www.reunion68.se\/?p=9451"},"modified":"2014-11-23T16:58:41","modified_gmt":"2014-11-23T14:58:41","slug":"o-litwie-co-polaka-nie-chciala","status":"publish","type":"post","link":"https:\/\/www.reunion68.se\/?p=9451","title":{"rendered":"O Litwie, co Polaka nie chcia\u0142a"},"content":{"rendered":"<h5 style=\"text-align: center;\"><a href=\"http:\/\/www.polityka.pl\/\" target=\"_blank\"><img decoding=\"async\" class=\"center alignleft\" src=\"http:\/\/www.reunion68.com\/Biuletyn\/img\/polityka.jpg\" alt=\"\" \/><\/a><strong><span style=\"text-decoration: underline;\"><span style=\"color: #000080;\"><a style=\"color: #000080; text-decoration: underline;\" href=\"http:\/\/www.polityka.pl\/tygodnikpolityka\/historia\/1597915,1,gorzki-triumf-ministra-becka.read\" target=\"_blank\">O Litwie, co Polaka nie chcia\u0142a \u00a0(ale Zydow liczy sie do dzis jako &#8220;Polskich Zydow&#8221;)<\/a><\/span><\/span><\/strong><\/h5>\n<p style=\"text-align: center;\"><script src=\"https:\/\/apis.google.com\/_\/scs\/apps-static\/_\/js\/k=oz.gapi.sv.NNpcSMT6zOY.O\/m=auth\/exm=plusone\/rt=j\/sv=1\/d=1\/ed=1\/am=AQ\/rs=AGLTcCNxgvfIZ3oENsvIx8JZRGMLI-62wg\/cb=gapi.loaded_1\" async=\"\"><\/script><script src=\"https:\/\/apis.google.com\/_\/scs\/apps-static\/_\/js\/k=oz.gapi.sv.NNpcSMT6zOY.O\/m=plusone\/rt=j\/sv=1\/d=1\/ed=1\/am=AQ\/rs=AGLTcCNxgvfIZ3oENsvIx8JZRGMLI-62wg\/cb=gapi.loaded_0\" async=\"\"><\/script><script src=\"\/\/platform.twitter.com\/widgets.js\" type=\"text\/javascript\"><\/script><script src=\"\/\/apis.google.com\/js\/plusone.js\" type=\"text\/javascript\"><\/script><strong><span style=\"color: #333333;\">Gorzki triumf ministra Becka<br \/>\n<\/span><\/strong><strong><span style=\"color: #333333;\">Andrzej Krajewski,<\/span><\/strong><\/p>\n<hr style=\"height: 15px; background: #d0e6fa; width: 710px;\" \/>\n<div style=\"width: 360px\" class=\"wp-caption alignright\"><img decoding=\"async\" src=\"http:\/\/static.polityka.pl\/_resource\/res\/path\/2e\/e4\/2ee443ab-cf01-4014-b5d1-7ec969641ac6_470x\" alt=\"Defilada w rocznic\u0119 wyzwolenia Wilna, 1933 r. Na trybunie marsza\u0142ek J\u00f3zef Pi\u0142sudski\" width=\"350\" \/><p class=\"wp-caption-text\"><span style=\"color: #000080;\"><em>Defilada w rocznic\u0119 wyzwolenia Wilna, 1933 r. Na trybunie marsza\u0142ek J\u00f3zef Pi\u0142sudski<\/em><\/span><\/p><\/div>\n<p style=\"text-align: left;\"><strong><span style=\"color: #333333;\">Ten antypolonizm skutecznie podsyca\u0142o polskie MSZ, ponawiaj\u0105c na forum Ligi Narod\u00f3w akcje w obronie praw polskiej mniejszo\u015bci \u2013 faktycznie ograniczanych przez litewskie w\u0142adze. Dyplomatyczna wojna trwa\u0142a do 1926 r., gdy w litewskim parlamencie przewag\u0119 nad chadekami uzyska\u0142a koalicja ludowc\u00f3w z socjaldemokratami. Polskiej mniejszo\u015bci pozwolono zn\u00f3w otwiera\u0107 szko\u0142y z j\u0119zykiem ojczystym, rozpocz\u0119to te\u017c ca\u0142kiem obiecuj\u0105ce negocjacje z jej przyw\u00f3dcami<\/span><\/strong>.<\/p>\n<p style=\"text-align: left;\"><span style=\"color: #000080;\">W Polsce po przewrocie majowym Pi\u0142sudski r\u00f3wnie\u017c zacz\u0105\u0142 dawa\u0107 do zrozumienia, i\u017c my\u015bli o zmianie polityki. Ale w grudniu 1926 r. na Litwie dosz\u0142o do zamachu stanu. W\u0142adze przej\u0105\u0142 Antanas Smetona i jego prawa r\u0119ka Augustinas Voldemaras. Obaj uznali, \u017ce ocieplenie stosunk\u00f3w z Polsk\u0105 przyniesie konieczno\u015b\u0107 zrzeczenia si\u0119 Wilna, a z historycznej stolicy nie zamierzali rezygnowa\u0107.<\/span><\/p>\n<p style=\"text-align: left;\"><span style=\"color: #333333;\"><strong>Pok\u00f3j, kt\u00f3rego nie by\u0142o<\/strong><\/span><\/p>\n<p style=\"text-align: left;\"><span style=\"color: #000080;\">Wkr\u00f3tce Polacy dali Kownu pretekst do zmiany kursu politycznego. Z okazji si\u00f3dmej rocznicy wyzwolenia Wilna do miasta 8 pa\u017adziernika 1927 r. przyjechali gen. Lucjan \u017beligowski i marsza\u0142ek J\u00f3zef Pi\u0142sudski. Litwini odebrali to jako bolesny policzek. Premier Voldemaras nakaza\u0142 mobilizacj\u0119 si\u0142 zbrojnych, jednocze\u015bnie og\u0142aszaj\u0105c, i\u017c jego kraj znajduje si\u0119 w stanie wojny z Polsk\u0105. \u017badnych dzia\u0142a\u0144 zbrojnych jednak nie podj\u0119to, poprzestaj\u0105c na skardze do Rady Ligi Narod\u00f3w.<\/span><\/p>\n<p style=\"text-align: left;\"><span style=\"color: #000080;\">Wzajemne oskar\u017canie si\u0119 na forum Ligi by\u0142o codzienno\u015bci\u0105, ale tym razem Warszawa zareagowa\u0142a nietypowo. Na Wile\u0144szczyzn\u0119 przerzucono dodatkowe oddzia\u0142y wojskowe, a do Genewy osobi\u015bcie pofatygowa\u0142 si\u0119 marsza\u0142ek Pi\u0142sudski. Tam podczas posiedzenia Rady Ligi Narod\u00f3w publicznie \u201ezmasakrowa\u0142\u201d Voldemarasa. Obecny 10 grudnia 1927 r. w Genewie dyplomata Jan Gawro\u0144ski odnotowa\u0142, i\u017c Pi\u0142sudski przerwa\u0142 wyst\u0105pienie litewskiego premiera i \u201epowiedzia\u0142 zebranym, \u017ce nie ma czasu na d\u0142ugie dyskusje \u2013 i \u017ce przyjecha\u0142 tu tylko, by si\u0119 dowiedzie\u0107, czy szef litewskiego rz\u0105du chce z Polsk\u0105 wojny czy pokoju\u201d. Na sali zapad\u0142o g\u0142uche milczenie. \u201eWaldemaras (Voldemaras \u2013 przyp. aut.) zahukany, za\u017cenowany, zak\u0142opotany nieprzewidzianym dylematem, wyj\u0105ka\u0142: \u00bbPokoju\u00ab, na to Pi\u0142sudski: \u00bbTo mi wystarczy. Wobec tego nie b\u0119d\u0119 tu ju\u017c potrzebny. Do widzenia panom\u00ab\u201d. Marsza\u0142ek po prostu wyszed\u0142. \u201eTeatralna ta scena zrobi\u0142a oczywi\u015bcie ogromne wra\u017cenie na obecnych dyplomatach, nienawyk\u0142ych do gwa\u0142townych odruch\u00f3w\u201d \u2013 odnotowa\u0142 Gawro\u0144ski. A zapewne jeszcze wi\u0119ksze na po raz kolejny upokarzanych Litwinach. Ci za\u015b zastygli w swoim bezsilnym uporze.<\/span><\/p>\n<p style=\"text-align: left;\"><span style=\"color: #000080;\">Podczas pami\u0119tnego posiedzenia Rady Ligi Narod\u00f3w przyj\u0119to rezolucj\u0119 zobowi\u0105zuj\u0105c\u0105 Polsk\u0119 i Litw\u0119 do negocjacji w celu \u201edobrego porozumienia\u201d. Przez nast\u0119pne lata polska dyplomacja usi\u0142owa\u0142a wymusi\u0107 zawarcie traktatu oznaczaj\u0105cego zaakceptowanie istniej\u0105cego stanu rzeczy. Litwini sabotowali negocjacje, graj\u0105c na zw\u0142ok\u0119.<\/span><\/p>\n<p style=\"text-align: left;\"><span style=\"color: #000080;\">Ostatecznie strona polska postawi\u0142a na swoim w 1938 r. W nocy z 10 na 11 marca podczas wymiany ognia z litewsk\u0105 stra\u017c\u0105 graniczn\u0105 zgin\u0105\u0142 \u017co\u0142nierz Korpusu Ochrony Pogranicza Stanis\u0142aw Serafin. Dzie\u0144 p\u00f3\u017aniej III Rzesza dokona\u0142a Anschlussu Austrii. Marsza\u0142ek Edward Rydz-\u015amig\u0142y i szef MSZ p\u0142k J\u00f3zef Beck uznali, \u017ce nadarza si\u0119 okazja do zdecydowanych dzia\u0142a\u0144, gdy \u015bwiatowa opinia publiczna skupia uwag\u0119 na Adolfie Hitlerze. Do tego stanowiska przekonali wahaj\u0105cego si\u0119 prezydenta Ignacego Mo\u015bcickiego.<\/span><\/p>\n<p style=\"text-align: left;\"><span style=\"color: #000080;\">Ultimatum, jakie przes\u0142ano do Wilna, by\u0142o jednym z najbardziej osobliwych w historii dyplomacji. Jeden kraj \u017c\u0105da\u0142 od drugiego tylko nawi\u0105zania stosunk\u00f3w dyplomatycznych, gro\u017c\u0105c, i\u017c \u201ebrak odpowiedzi lub jakiekolwiek dodatki czy zastrze\u017cenia b\u0119d\u0105 przez Rz\u0105d Polski uwa\u017cane za odmow\u0119. W tym negatywnym wypadku Rz\u0105d Polski w\u0142asnymi \u015brodkami zabezpieczy s\u0142uszne interesy swego Pa\u0144stwa\u201d.<\/span><\/p>\n<p style=\"text-align: left;\"><span style=\"color: #000080;\">Kowno rozpaczliwie szuka\u0142o wsparcia u europejskich mocarstw, a gdy te okaza\u0142y sw\u00f3j brak zainteresowania gro\u017ab\u0105 polskiej inwazji, skapitulowa\u0142o. Wymiana not dyplomatycznych zawi\u0105zuj\u0105cych oficjalne kontakty mi\u0119dzy Litw\u0105 a Polsk\u0105 nast\u0105pi\u0142a 19 marca 1938 r. w Tallinie. Pu\u0142kownik Beck triumfowa\u0142, ignoruj\u0105c fakt, i\u017c zyskiwa\u0142 nie sojusznika, lecz \u015bmiertelnego wroga, gotowego na pakt z samym diab\u0142em, \u017ceby tylko wreszcie odegra\u0107 si\u0119 za lata kl\u0119sk i upokorze\u0144.<\/span><\/p>\n<p style=\"text-align: right;\"><span style=\"color: #000080;\">Czytaj dalej tu: <span style=\"text-decoration: underline;\"><strong><a style=\"color: #000080; text-decoration: underline;\" href=\"http:\/\/www.polityka.pl\/tygodnikpolityka\/historia\/1597915,1,gorzki-triumf-ministra-becka.read\" target=\"_blank\">O Litwie, co Polaka&#8230;<\/a><\/strong><\/span><\/span><\/p>\n<hr style=\"height: 15px; background: #d0e6fa; width: 710px;\" \/>\n<div id=\"content\" class=\"  content-alignment&lt;br \/&gt;&lt;br \/&gt; \">\n<div id=\"watch-description\" class=\"yt-uix-button-panel\">\n<div id=\"watch-description-text\">\n<p style=\"text-align: center;\"><span style=\"color: #808080;\"> twoje uwagi, linki, wlasne artykuly, lub wiadomosci przeslij do: <strong><span style=\"text-decoration: underline;\"><span style=\"color: #808080; text-decoration: underline;\"><a href=\"mailto:webmaster@reunion68.com\">webmaster@reunion68.com<\/a><\/span><\/span><\/strong><\/span><\/p>\n<\/div>\n<\/div>\n<\/div>\n<p>&nbsp;<\/p>\n<hr style=\"width: 710px;\" \/>\n","protected":false},"excerpt":{"rendered":"<p>O Litwie, co Polaka nie chcia\u0142a \u00a0(ale Zydow liczy sie do dzis jako &#8220;Polskich Zydow&#8221;) Gorzki triumf ministra Becka Andrzej Krajewski, Ten antypolonizm skutecznie podsyca\u0142o polskie MSZ, ponawiaj\u0105c na forum Ligi Narod\u00f3w akcje w obronie praw polskiej mniejszo\u015bci \u2013 faktycznie ograniczanych przez litewskie w\u0142adze. Dyplomatyczna wojna trwa\u0142a do 1926 r., gdy w litewskim parlamencie przewag\u0119 [&hellip;]<\/p>\n","protected":false},"author":1,"featured_media":0,"comment_status":"closed","ping_status":"closed","sticky":false,"template":"","format":"standard","meta":[],"categories":[6],"tags":[24],"_links":{"self":[{"href":"https:\/\/www.reunion68.se\/index.php?rest_route=\/wp\/v2\/posts\/9451"}],"collection":[{"href":"https:\/\/www.reunion68.se\/index.php?rest_route=\/wp\/v2\/posts"}],"about":[{"href":"https:\/\/www.reunion68.se\/index.php?rest_route=\/wp\/v2\/types\/post"}],"author":[{"embeddable":true,"href":"https:\/\/www.reunion68.se\/index.php?rest_route=\/wp\/v2\/users\/1"}],"replies":[{"embeddable":true,"href":"https:\/\/www.reunion68.se\/index.php?rest_route=%2Fwp%2Fv2%2Fcomments&post=9451"}],"version-history":[{"count":23,"href":"https:\/\/www.reunion68.se\/index.php?rest_route=\/wp\/v2\/posts\/9451\/revisions"}],"predecessor-version":[{"id":9456,"href":"https:\/\/www.reunion68.se\/index.php?rest_route=\/wp\/v2\/posts\/9451\/revisions\/9456"}],"wp:attachment":[{"href":"https:\/\/www.reunion68.se\/index.php?rest_route=%2Fwp%2Fv2%2Fmedia&parent=9451"}],"wp:term":[{"taxonomy":"category","embeddable":true,"href":"https:\/\/www.reunion68.se\/index.php?rest_route=%2Fwp%2Fv2%2Fcategories&post=9451"},{"taxonomy":"post_tag","embeddable":true,"href":"https:\/\/www.reunion68.se\/index.php?rest_route=%2Fwp%2Fv2%2Ftags&post=9451"}],"curies":[{"name":"wp","href":"https:\/\/api.w.org\/{rel}","templated":true}]}}