{"id":94514,"date":"2022-04-23T17:05:24","date_gmt":"2022-04-23T15:05:24","guid":{"rendered":"http:\/\/www.reunion68.se\/?p=94514"},"modified":"2022-04-17T18:13:51","modified_gmt":"2022-04-17T16:13:51","slug":"23-05-71","status":"publish","type":"post","link":"https:\/\/www.reunion68.se\/?p=94514","title":{"rendered":"Why does NYC still honor two French Nazi collaborators? &#8211; opinion"},"content":{"rendered":"<h5 style=\"text-align: center;\"><a href=\"https:\/\/www.jpost.com\/\" target=\"_blank\" rel=\"noopener noreferrer\"><img decoding=\"async\" class=\"center alignleft\" src=\"http:\/\/www.reunion68.com\/Biuletyn\/img\/jpost.png\" alt=\"\" width=\"35%\"><\/a><span style=\"text-decoration: underline; color: #000080;\"><strong><a style=\"color: #000080; text-decoration: underline;\" href=\"https:\/\/www.jpost.com\/opinion\/article-704113\" target=\"_blank\" rel=\"noopener noreferrer\">Why does NYC still honor two French Nazi collaborators? &#8211; opinion<\/a><\/strong><\/span><\/h5>\n<p style=\"text-align: center;\"><span style=\"color: #000000;\"><strong>MENACHEM Z. ROSENSAFT\/JTA<\/strong><\/span><\/p>\n<hr style=\"height: 15px; background: #d0e6fa; width: 100%;\">\n<h5 style=\"text-align: center;\"><strong>Two people honored by New York City were accused of dispatching tens of thousands of people to be killed in gas chambers.<\/strong><\/h5>\n<p style=\"text-align: center;\">\n<img decoding=\"async\" src=\"https:\/\/images.jpost.com\/image\/upload\/f_auto,fl_lossy\/t_JD_ArticleMainImageFaceDetect\/479844\" width=\"100%\"><span style=\"color: #808080;\"><em>A Nazi armband with a swastika displayed in the Deutsches Historisches Museum, Berlin, Germany \/ (photo credit: Wikimedia Commons)<\/em><\/span><\/p>\n<p style=\"text-align: left;\"><span style=\"color: #000080;\">Statues of Presidents Thomas Jefferson and Theodore Roosevelt were recently removed from, respectively, the&nbsp;<a style=\"color: #000080;\" href=\"https:\/\/www.jpost.com\/breaking-news\/article-703956\" target=\"_blank\" rel=\"noopener noreferrer\">New York City<\/a>&nbsp;Council chamber at City Hall and the entrance to the American Museum of Natural History on Central Park West. Municipal officials, acting amidst a wave of sensitivity to historical slights, noted Jefferson\u2019s role as a slaveholder and the Roosevelt statue\u2019s demeaning depiction of&nbsp;<a style=\"color: #000080;\" href=\"https:\/\/www.jpost.com\/international\/israeli-native-american-partnership-brings-clean-water-to-navajo-nation-673225\" target=\"_blank\" rel=\"noopener noreferrer\">Native Americans<\/a>.<\/span><\/p>\n<p style=\"text-align: left;\"><span style=\"color: #000080;\">Regardless of their shortcomings, neither US president has ever been accused of dispatching tens of thousands of people to be killed in gas chambers. But two people honored by New York City have been.<\/span><\/p>\n<p style=\"text-align: left;\"><span style=\"color: #000080;\">For most of the past two decades, plaques honoring Philippe P\u00e9tain and Pierre Laval, under whose watch as leaders of the Hitler-allied Vichy regime approximately 77,000 Jews living in France were murdered, have been on prominent display in New York City.<\/span><\/p>\n<p style=\"text-align: left;\"><span style=\"color: #000080;\">The P\u00e9tain\/Laval government promulgated draconian antisemitic laws, \u201caryanized\u201d or seized Jewish property and rounded up thousands of Jews for deportation from France to Nazi death camps in German-occupied Poland.<\/span><\/p>\n<p style=\"text-align: left;\"><span style=\"color: #000080;\">Yet black granite markers engraved with P\u00e9tain\u2019s and Laval\u2019s names remain untouched on Broadway\u2019s Canyon of Heroes in lower Manhattan.<\/span><\/p>\n<p style=\"text-align: left;\"><span style=\"color: #000080;\">The P\u00e9tain and Laval plaques and 204 others embedded in the sidewalks between Battery Park and Chambers Street commemorate individuals and groups celebrated with ticker-tape parades beginning in 1886. On Oct. 22, 1931, Laval, then prime minister of France, starred in his parade. Four days later, Marshal P\u00e9tain, the French army\u2019s commander-in-chief at the end of World War I, was escorted up Broadway by 2,000 uniformed men and three bands.<\/span><\/p>\n<p style=\"text-align: left;\"><span style=\"color: #000080;\">At that time, neither of them had yet descended into ignominy; that happened during World War II. Both were tried for treason in 1945, found guilty and sentenced to death. Laval was executed but P\u00e9tain\u2019s sentence was commuted to life imprisonment.<\/span><\/p>\n<p style=\"text-align: left;\"><span style=\"color: #000080;\">The plaques, however, were installed in 2004 \u2014 not 1931 \u2014 by which time P\u00e9tain and Laval had been notorious for over 60 years. Imposing these blights on the New York City landscape in the first place didn\u2019t appear to ring alarm bells \u2014 a fact that speaks volumes in and of itself.<\/span><\/p>\n<p style=\"text-align: left;\"><span style=\"color: #000080;\">Serge Klarsfeld, one of France\u2019s most prominent authorities on the Holocaust, revealed in 2010 that P\u00e9tain, the chief of state of Vichy France from 1940 until 1944, had personally and significantly worsened conditions for Jews in France: A draft of his government\u2019s first Law on the Status of the Jews (\u201cStatut des Juifs\u201d) of October 1940, which defined who was Jewish and which excluded Jews from large segments of French public life, included P\u00e9tain\u2019s handwritten notations making the law ever more strict.<\/span><\/p>\n<p style=\"text-align: left;\"><span style=\"color: #000080;\">For his part, Laval, the head of the Vichy government, told German and other correspondents at a news conference in September 1942 that he intended to continue deporting alien Jews \u2014 that is, refugees and other Jews who did not hold French citizenship \u2014 from France. \u201cNo man and nothing,\u201d Laval declared, \u201ccan sway me from my determination to rid France of alien Jews and send them back where they came from.\u201d<\/span><\/p>\n<p style=\"text-align: left;\"><span style=\"color: #000080;\">What\u2019s more, while most of the Jews sent from France to the Nazi death camps were indeed foreign or stateless Jews, large numbers of native French Jews were deported and killed as well.<\/span><\/p>\n<p style=\"text-align: left;\"><span style=\"color: #000080;\">Symbolism matters. A lot. And for better or worse, P\u00e9tain and Laval have come to epitomize Nazi collaboration at its worst. In France, no one except for ultra-right political extremists like \u00c9ric Zemmour \u2014 a reactionary (and, unfortunately, Jewish) fringe candidate who finished a distant fourth in Sunday\u2019s first round of French presidential elections \u2014 wants to have anything to do with either of them. The last French street bearing P\u00e9tain\u2019s name, in the village of Tremblois-l\u00e8s-Carignan, was renamed in 2011.<\/span><\/p>\n<p style=\"text-align: left;\"><span style=\"color: #000080;\">In 2017, with Confederate monuments coming down across the United States, attempts were made to have the P\u00e9tain and Laval plaques removed from Lower Manhattan. At first, then-Mayor Bill de Blasio agreed, tweeting that \u201cthe commemoration for Nazi collaborator Philippe P\u00e9tain in the Canyon of Heroes will be one of the first we remove.\u201d<\/span><\/p>\n<p style=\"text-align: left;\"><span style=\"color: #000080;\">His resolve did not last. In January 2018, the Mayoral Advisory Commission on City Art, Monuments, and Markers recommended that the P\u00e9tain plaque should stay where it is, arguing that \u201cif a marker is accurate, and not celebratory of egregious values or actions, it should not be removed.\u201d<\/span><\/p>\n<p style=\"text-align: left;\"><span style=\"color: #000080;\">The commission did throw a bone of sorts to those who were offended by the P\u00e9tain plaque. It suggested \u201cre-contextualizing\u201d it by adding explanatory texts so as to \u201creframe\u201d the markers \u201cas a teachable moment.\u201d It is not clear whether the commission discussed the Laval plaque at all.<\/span><\/p>\n<p style=\"text-align: left;\"><span style=\"color: #000080;\">Four years later, not only are the P\u00e9tain and Laval markers still there, but no \u201ccontextualizing\u201d content has been added. These two Holocaust enablers with blood on their hands continue to receive equal billing with the likes of Winston Churchill, Dwight D. Eisenhower, David Ben-Gurion, Queen Elizabeth II, Charles de Gaulle and Nelson Mandela.<\/span><\/p>\n<p style=\"text-align: left;\"><span style=\"color: #000080;\">I am not taking issue here with the removal of the Jefferson and Roosevelt statues. But if they were taken away, what possible rationale can there be for not doing the same to the P\u00e9tain and Laval plaques?<\/span><\/p>\n<p style=\"text-align: left;\"><span style=\"color: #000080;\">Petain and Laval, incidentally, are not the only World War II villains to be glorified in the United States. The Von Braun Center in Huntsville, Alabama, is named for Wernher von Braun, who, prior to reinventing himself as a key architect of the American space program in the 1950s and 1960s, was a Nazi major who lethally exploited inmates at the Dora-Mittelbau concentration camp to manufacture the Third Reich\u2019s V-2 ballistic missiles. A large bust of von Braun stands prominently outside NASA\u2019s Marshall Space Flight Center, also in Huntsville. My father, who was imprisoned at Dora for several months, said that conditions there were worse than he experienced at Auschwitz.<\/span><\/p>\n<p style=\"text-align: left;\"><span style=\"color: #000080;\">As the son of two survivors of Auschwitz and Bergen-Belsen, I urge Mayor Eric Adams to take a fresh, hard look at the obscenity of heroizing two antisemitic Nazi collaborators on the streets of New York City, and fervently hope that he will have these markers removed without further delay. It\u2019s the morally right thing to do.<\/span><\/p>\n<hr style=\"height: 15px; background: #d0e6fa; width: 100%;\">\n<div id=\"content\" class=\"content-alignment\">\n<div id=\"watch-description\" class=\"yt-uix-button-panel\">\n<div id=\"watch-description-text\" style=\"text-align: center;\">\n<p><em>Zawarto\u015b\u0107 publikowanych artyku\u0142\u00f3w i materia\u0142\u00f3w nie reprezentuje pogl\u0105d\u00f3w ani opinii Reunion&#8217;68,<\/em><em><br \/>\nani te\u017c webmastera Blogu Reunion&#8217;68, chyba ze jest to wyra\u017anie zaznaczone.<br \/>\nTwoje uwagi, linki, w\u0142asne artyku\u0142y lub wiadomo\u015bci prze\u015blij na adres:<br \/>\n<\/em><span style=\"color: #000080;\"><strong><em><a style=\"color: #000080;\" href=\"mailto:webmaster@reunion68.com\"><span style=\"text-decoration: underline;\">webmaster@reunion68.com<\/span><\/a><\/em><\/strong><\/span><\/p>\n<\/div>\n<\/div>\n<\/div>\n<hr style=\"width: 100%;\">\n","protected":false},"excerpt":{"rendered":"<p>Why does NYC still honor two French Nazi collaborators? &#8211; opinion MENACHEM Z. ROSENSAFT\/JTA Two people honored by New York City were accused of dispatching tens of thousands of people to be killed in gas chambers. A Nazi armband with a swastika displayed in the Deutsches Historisches Museum, Berlin, Germany \/ (photo credit: Wikimedia Commons) [&hellip;]<\/p>\n","protected":false},"author":1,"featured_media":0,"comment_status":"closed","ping_status":"closed","sticky":false,"template":"","format":"standard","meta":[],"categories":[3],"tags":[26,24],"_links":{"self":[{"href":"https:\/\/www.reunion68.se\/index.php?rest_route=\/wp\/v2\/posts\/94514"}],"collection":[{"href":"https:\/\/www.reunion68.se\/index.php?rest_route=\/wp\/v2\/posts"}],"about":[{"href":"https:\/\/www.reunion68.se\/index.php?rest_route=\/wp\/v2\/types\/post"}],"author":[{"embeddable":true,"href":"https:\/\/www.reunion68.se\/index.php?rest_route=\/wp\/v2\/users\/1"}],"replies":[{"embeddable":true,"href":"https:\/\/www.reunion68.se\/index.php?rest_route=%2Fwp%2Fv2%2Fcomments&post=94514"}],"version-history":[{"count":5,"href":"https:\/\/www.reunion68.se\/index.php?rest_route=\/wp\/v2\/posts\/94514\/revisions"}],"predecessor-version":[{"id":94603,"href":"https:\/\/www.reunion68.se\/index.php?rest_route=\/wp\/v2\/posts\/94514\/revisions\/94603"}],"wp:attachment":[{"href":"https:\/\/www.reunion68.se\/index.php?rest_route=%2Fwp%2Fv2%2Fmedia&parent=94514"}],"wp:term":[{"taxonomy":"category","embeddable":true,"href":"https:\/\/www.reunion68.se\/index.php?rest_route=%2Fwp%2Fv2%2Fcategories&post=94514"},{"taxonomy":"post_tag","embeddable":true,"href":"https:\/\/www.reunion68.se\/index.php?rest_route=%2Fwp%2Fv2%2Ftags&post=94514"}],"curies":[{"name":"wp","href":"https:\/\/api.w.org\/{rel}","templated":true}]}}