{"id":94601,"date":"2022-04-23T17:00:57","date_gmt":"2022-04-23T15:00:57","guid":{"rendered":"http:\/\/www.reunion68.se\/?p=94601"},"modified":"2022-04-17T18:26:37","modified_gmt":"2022-04-17T16:26:37","slug":"23-00-70","status":"publish","type":"post","link":"https:\/\/www.reunion68.se\/?p=94601","title":{"rendered":"Liev Schreiber to Star in Series on Dutch Woman Who Sheltered Anne Frank\u2019s Family During Holocaust"},"content":{"rendered":"<h5 style=\"text-align: center;\"><a href=\"https:\/\/www.algemeiner.com\/\" target=\"_blank\" rel=\"noopener noreferrer\"><img decoding=\"async\" class=\"center alignleft\" src=\"http:\/\/www.reunion68.com\/Biuletyn\/img\/algem.png\" alt=\"\" width=\"35%\" \/><\/a><span style=\"text-decoration: underline; color: #000080;\"><span><strong><a style=\"color: #000080; text-decoration: underline;\" href=\"https:\/\/www.algemeiner.com\/2022\/04\/15\/liev-schreiber-to-star-in-series-about-dutch-woman-who-sheltered-anne-franks-family-during-holocaust\/\" target=\"_blank\" rel=\"noopener noreferrer\">Liev Schreiber to Star in Series on Dutch Woman Who Sheltered Anne Frank\u2019s Family During Holocaust<\/a><\/strong><\/span><\/span><\/h5>\n<p style=\"text-align: center;\"><span style=\"color: #000000;\"><strong>Shiryn Ghermezian<\/strong><\/span><\/p>\n<hr style=\"height: 15px; background: #d0e6fa; width: 100%;\" \/>\n<p style=\"text-align: center;\"><img decoding=\"async\" class=\"aligncenter\" src=\"https:\/\/www.algemeiner.com\/wp-content\/uploads\/2022\/04\/Liev_Schreiber_by_Gage_Skidmore_2-1.jpg\" width=\"100%\" \/><span style=\"color: #808080;\"><em>Actor Liev Schreiber. Photo: Gage Skidmore\/Wikimedia Commons.<\/em><\/span><\/p>\n<p style=\"text-align: left;\"><span style=\"color: #000080;\">Jewish actor Liev Schreiber will co-star in an upcoming Disney+ and National Geographic limited series about the true story of Miep Gies, the Dutch woman who sheltered Anne Frank and her family during World War II and also hid the young Holocaust victim\u2019s diary from the Nazis.<\/span><\/p>\n<p style=\"text-align: left;\"><span style=\"color: #000080;\">Schrieber will play Otto Frank, Anne\u2019s father, in the upcoming series \u201cA Small Light,\u201d which will also star Joe Cole (\u201cPeaky Blinders\u201d) and Jewish actress Bel Powley (\u201cThe Diary of a Teenage Girl\u201d) in the lead role, according to\u00a0<a style=\"color: #000080;\" href=\"https:\/\/deadline.com\/2022\/04\/bel-powley-a-small-light-liev-schreiber-joe-cole-disney-plus-limited-series-anne-frank-1235001123\/\" target=\"_blank\" rel=\"noopener noreferrer\"><em>Deadline<\/em><\/a>. The eight-episode series is being backed by ABC Signature and Israel\u2019s Keshet Studios. Work will begin on the limited series over the summer in Prague and Amsterdam.<\/span><\/p>\n<p style=\"text-align: left;\"><span style=\"color: #000080;\">Powley will play Gies, Otto\u2019s faithful secretary who agreed to hide him and his family from the Nazis in Amsterdam. Gies and her husband Jan (played by Cole) cared for the Franks and four others as they hid for two years in a secret annex in the attic of Otto\u2019s company Opekta. The couple told no one of their efforts while living under Nazi occupation in the Netherlands, as they coped with the struggles of daily life and a new marriage.<\/span><\/p>\n<p style=\"text-align: left;\"><span style=\"color: #000080;\">Gies found Anne\u2019s diary after the Frank family was arrested by the Nazis, and kept it until she could return it to Otto after World War II. Otto was the only member of his family to survive the Holocaust.<\/span><\/p>\n<p style=\"text-align: left;\"><span style=\"color: #000080;\">The show\u2019s title references a quotation by Miep, who said, \u201cI don\u2019t like being called a hero because no one should ever think you have to be special to help others. Even an ordinary secretary or a housewife or a teenager can turn on a small light in a dark room.\u201d She died in 2010 at the age of 100.<\/span><\/p>\n<p style=\"text-align: left;\"><span style=\"color: #000080;\">The series\u2019 co-writers, \u201cGrey\u2019s Anatomy\u201d veterans Joan Rater and Tony Phelan, will also serve as co-executive producers and showrunners, according to\u00a0<em>Deadline.<\/em>\u00a0Susanna Fogel will direct the pilot and other episodes, and will executive producer with Keshet Studios\u2019 Peter Traugott; Keshet International\u2019s Alon Shtruzman; and Keshet Media Group\u2019s Avi Nir.<\/span><\/p>\n<hr style=\"height: 15px; background: #d0e6fa; width: 100%;\" \/>\n<div id=\"content\" class=\"content-alignment\">\n<div id=\"watch-description\" class=\"yt-uix-button-panel\">\n<div id=\"watch-description-text\" style=\"text-align: center;\">\n<p><em>Zawarto\u015b\u0107 publikowanych artyku\u0142\u00f3w i materia\u0142\u00f3w nie reprezentuje pogl\u0105d\u00f3w ani opinii Reunion&#8217;68,<\/em><em><br \/>\nani te\u017c webmastera Blogu Reunion&#8217;68, chyba ze jest to wyra\u017anie zaznaczone.<br \/>\nTwoje uwagi, linki, w\u0142asne artyku\u0142y lub wiadomo\u015bci prze\u015blij na adres:<br \/>\n<\/em><span style=\"color: #000080;\"><strong><em><a style=\"color: #000080;\" href=\"mailto:webmaster@reunion68.com\"><span style=\"text-decoration: underline;\">webmaster@reunion68.com<\/span><\/a><\/em><\/strong><\/span><\/p>\n<\/div>\n<\/div>\n<\/div>\n<hr style=\"width: 100%;\" \/>\n","protected":false},"excerpt":{"rendered":"<p>Liev Schreiber to Star in Series on Dutch Woman Who Sheltered Anne Frank\u2019s Family During Holocaust Shiryn Ghermezian Actor Liev Schreiber. Photo: Gage Skidmore\/Wikimedia Commons. Jewish actor Liev Schreiber will co-star in an upcoming Disney+ and National Geographic limited series about the true story of Miep Gies, the Dutch woman who sheltered Anne Frank and [&hellip;]<\/p>\n","protected":false},"author":1,"featured_media":0,"comment_status":"closed","ping_status":"closed","sticky":false,"template":"","format":"standard","meta":[],"categories":[6],"tags":[26,24],"_links":{"self":[{"href":"https:\/\/www.reunion68.se\/index.php?rest_route=\/wp\/v2\/posts\/94601"}],"collection":[{"href":"https:\/\/www.reunion68.se\/index.php?rest_route=\/wp\/v2\/posts"}],"about":[{"href":"https:\/\/www.reunion68.se\/index.php?rest_route=\/wp\/v2\/types\/post"}],"author":[{"embeddable":true,"href":"https:\/\/www.reunion68.se\/index.php?rest_route=\/wp\/v2\/users\/1"}],"replies":[{"embeddable":true,"href":"https:\/\/www.reunion68.se\/index.php?rest_route=%2Fwp%2Fv2%2Fcomments&post=94601"}],"version-history":[{"count":4,"href":"https:\/\/www.reunion68.se\/index.php?rest_route=\/wp\/v2\/posts\/94601\/revisions"}],"predecessor-version":[{"id":94618,"href":"https:\/\/www.reunion68.se\/index.php?rest_route=\/wp\/v2\/posts\/94601\/revisions\/94618"}],"wp:attachment":[{"href":"https:\/\/www.reunion68.se\/index.php?rest_route=%2Fwp%2Fv2%2Fmedia&parent=94601"}],"wp:term":[{"taxonomy":"category","embeddable":true,"href":"https:\/\/www.reunion68.se\/index.php?rest_route=%2Fwp%2Fv2%2Fcategories&post=94601"},{"taxonomy":"post_tag","embeddable":true,"href":"https:\/\/www.reunion68.se\/index.php?rest_route=%2Fwp%2Fv2%2Ftags&post=94601"}],"curies":[{"name":"wp","href":"https:\/\/api.w.org\/{rel}","templated":true}]}}