{"id":94610,"date":"2022-04-18T17:09:29","date_gmt":"2022-04-18T15:09:29","guid":{"rendered":"http:\/\/www.reunion68.se\/?p=94610"},"modified":"2022-04-18T06:08:47","modified_gmt":"2022-04-18T04:08:47","slug":"26-09-69","status":"publish","type":"post","link":"https:\/\/www.reunion68.se\/?p=94610","title":{"rendered":"Europa kocha Palesty\u0144czyk\u00f3w i udaje, \u017ce nie wie dlaczego"},"content":{"rendered":"<p style=\"text-align: center;\"><img decoding=\"async\" class=\"aligncenter\" src=\"https:\/\/www.audiatur-online.ch\/wp-content\/uploads\/2021\/02\/EYENaf-XYAE3qZj-696x392.jpg\" width=\"100%\"><span style=\"color: #808080;\"><em>Dalal Mughrabi \u2013 wz\u00f3r osobowy dla palesty\u0144skich dzieci, odpowiedzialna za zamordowanie 38 pasa\u017cer\u00f3w autobusu, w tym trzyna\u015bciorga dzieci. (\u0179r\u00f3d\u0142o zdj\u0119cia: MEMRI)<\/em><\/span><\/p>\n<hr>\n<h5 style=\"text-align: center;\"><a href=\"http:\/\/www.listyznaszegosadu.pl\/\" target=\"_blank\" rel=\"noopener noreferrer\"><img decoding=\"async\" class=\"center alignleft\" src=\"http:\/\/www.reunion68.com\/Biuletyn\/img\/z-naszego.jpg\" alt=\"\" width=\"50%\"><\/a><span style=\"text-decoration: underline; color: #000080;\"><strong><a style=\"color: #000080; text-decoration: underline;\" href=\"http:\/\/www.listyznaszegosadu.pl\/notatki\/europa-kocha-palestynczykalw-i-udaje-ze-nie-wie-dlaczego\" target=\"_blank\" rel=\"noopener noreferrer\">Europa kocha Palesty\u0144czyk\u00f3w i udaje, \u017ce nie wie dlaczego<\/a><\/strong><\/span><\/h5>\n<p style=\"text-align: center;\"><span style=\"color: #000000;\"><strong>Andrzej Koraszewski<\/strong><\/span><\/p>\n<hr style=\"height: 15px; background: #d0e6fa; width: 100%;\">\n<div class=\"templateArticleIngress\">\n<p class=\"p1\" style=\"text-align: left;\"><span style=\"color: #000080;\">Komisja Eurpejska zablokowa\u0142a drobnych 200 milion\u00f3w euro przeznaczone dla utrzymanka, czyli nazywanego \u201eprezydentem\u201d dyktatora Autonomii Palesty\u0144skiej. Utrzymanek utrzymuje si\u0119 na swojej pozycji do\u017cywotniego prezydenta Palesty\u0144czyk\u00f3w dzi\u0119ki \u0142askawemu wsparciu Europy i Ameryki, ale r\u00f3wnie\u017c Izraela, wszyscy bowiem s\u0105 g\u0142\u0119boko przekonani, \u017ce utrzymanek dobrze podtrzymuje mit o d\u0105\u017ceniu Palesty\u0144czyk\u00f3w do pokoju, do rozwi\u0105zania w postaci dw\u00f3ch pa\u0144stw i (oczywi\u015bcie) do dobrobytu samych Palesty\u0144czyk\u00f3w.&nbsp;<\/span><\/p>\n<p class=\"p1\" style=\"text-align: left;\"><span style=\"color: #000080;\">W to ostatnie najmniej wierz\u0105 sami Palesty\u0144czycy, wi\u0119c nie ma mowy o \u017cadnych wyborach, bo na wygranie takich wybor\u00f3w Abbas nie ma najmniejszych szans. Europa i Ameryka doskonale to rozumiej\u0105 i nie maj\u0105 pretensji do utrzymanka, \u017ce si\u0119 przy w\u0142adzy utrzymuje bez takich dziwactw jak wybory.<\/span><\/p>\n<\/div>\n<p style=\"text-align: left;\"><span style=\"color: #000080;\">Mo\u017ce nie wszystko w Ameryce i Europie o Autonomii wiedz\u0105, ale znaj\u0105 sonda\u017ce i orientuj\u0105 si\u0119, \u017ce w wolnych wyborach nie tylko Abbas musia\u0142by przegra\u0107, ale jego miejsce zaj\u0105\u0142by cz\u0142owiek, kt\u00f3ry prawdopodobnie odm\u00f3wi\u0142by udawania, \u017ce chce pokoju z Izraelem i rozwi\u0105zania w postaci dw\u00f3ch pa\u0144stw, a bez takiego udawania trudno Palesty\u0144czykom okazywa\u0107 mi\u0142o\u015b\u0107 i udziela\u0107 wsparcie. Mahmoud Abbas wzorem swojego poprzednika, Arafata, odrzuci\u0142 wszystkie propozycje pokoju, jednak od czasu do czasu zapewnia, \u017ce my\u015bli o tej sprawie, a winni, \u017ce my\u015bli tak rzadko, s\u0105 oczywi\u015bcie \u017bydzi i Europa ca\u0142ym sercem zgadza si\u0119 z tym wnioskiem, bo przecie logiczny.&nbsp; &nbsp;<\/span><\/p>\n<div class=\"templateArticleBrodtext\">\n<p style=\"text-align: left;\"><span style=\"color: #000080;\">Komisja Europejska wstrzyma\u0142a g\u0142upie 200 milion\u00f3w euro z powodu k\u0142opotliwych raport\u00f3w na temat gloryfikuj\u0105cych terror podr\u0119cznik\u00f3w szkolnych. Wraca ta sprawa na tapet\u0119 od lat i wypada co\u015b zrobi\u0107, \u017ceby nie m\u00f3wili, \u017ce Europa nic si\u0119 nie robi. Zapad\u0142a zatem decyzja z pe\u0142n\u0105 \u015bwiadomo\u015bci\u0105, \u017ce jak si\u0119 zabierze tu, to da si\u0119 gdzie indziej i utrzymankowi nie ub\u0119dzie. Niestety na inteligencj\u0119 cz\u0142onk\u00f3w nie mo\u017cna liczy\u0107, nie wszyscy rozumiej\u0105, jak dzia\u0142aj\u0105 mechanizmy wsparcia, i pi\u0119tnastu minstr\u00f3w spraw zagranicznych skierowa\u0142o do Oliv\u00e9ra V\u00e1rhelyiego, unijnego komisarza ds. wspierania i rozszerzania wsparcia, pismo z wyrazami g\u0142\u0119bokiego zaniepokojenia zamro\u017ceniem&nbsp; datku z powodu g\u0142upich obaw o zach\u0119canie w podr\u0119cznikach dzieci i m\u0142odzie\u017cy do terroru.&nbsp;&nbsp;&nbsp;&nbsp;&nbsp;&nbsp;&nbsp;&nbsp;&nbsp;&nbsp;&nbsp;<\/span><\/p>\n<p style=\"text-align: left;\"><span style=\"color: #000080;\">Jak si\u0119 dowiadujemy ze strony <a style=\"color: #000080;\" href=\"https:\/\/honestreporting.com\/european-foreign-ministers-provide-cover-for-media-pleading-for-pa-funding-while-ignoring-schoolbooks-that-call-israel-satanic-and-tell-kids-to-die-as-martyrs\/?fbclid=IwAR1wKOhE_yDxrO-5PerQ1d5P0PhBfLqMENtRdx48gNbJYeHssIbnC_Jniag\"><span style=\"text-decoration: underline;\"><strong>Honest Reporting<\/strong><\/span><\/a>, pismo podpisane przez ministr\u00f3w spraw zagranicznych Irlandii, Belgii, Cypru, Estonii, Finlandii, Francji, Grecji, \u0141otwy, Litwy, Luksemburga, Malty, Polski, Portugalii, Hiszpanii i Szwecji, stwierdza:<\/span><\/p>\n<blockquote><p><strong><em>Pragniemy ponownie wyrazi\u0107 nasze zaniepokojenie ci\u0105g\u0142ym op\u00f3\u017anieniem w wyp\u0142acie pomocy UE dla Palestyny na rok 2021 z powodu wniosk\u00f3w Komisji, aby uzale\u017cni\u0107 finansowanie od reformy sektora edukacji [\u2026]<\/em><\/strong><\/p>\n<p><strong><em>Wprowadzenie warunk\u00f3w w czasie, gdy Autonomia Palesty\u0144ska jest ju\u017c zaanga\u017cowana w ambitny program reformy edukacji, grozi os\u0142abieniem, a nawet odwr\u00f3ceniem dotychczasowych post\u0119p\u00f3w i mo\u017ce zaszkodzi\u0107 naszemu tocz\u0105cemu si\u0119 dialogowi z Palesty\u0144czykami w tej sprawie i w innych. Ponadto konieczne jest, aby\u015bmy zrobili wszystko, co w naszej mocy, aby wzmocni\u0107 umiarkowane g\u0142osy w stosunku do bardziej radykalnych\u201d.<\/em><\/strong><\/p><\/blockquote>\n<p style=\"text-align: left;\"><span style=\"color: #000080;\">Spr\u00f3bujmy to prze\u0142o\u017cy\u0107 na bardziej zrozumia\u0142y j\u0119zyk. Ministrowie informuj\u0105, \u017ce doskonale wiedz\u0105, i\u017c utrzymanek zajmuje si\u0119 kszta\u0142ceniem m\u0142odego pokolenia Palesty\u0144czyk\u00f3w do terroru, ale jest na tyle umiarkowany i dobrze wychowany, \u017ce nie m\u00f3wi tego po angielsku, wi\u0119c nie powinni\u015bmy wysy\u0142a\u0107 sygna\u0142\u00f3w, \u017ce wiemy, co m\u00f3wi po arabsku, bo to robi bardzo z\u0142e wra\u017cenie. Wsp\u00f3\u0142czujemy Palesty\u0144czykom, \u017ce im Izraelczycy przeszkadzaj\u0105 w zabijaniu \u017byd\u00f3w, ale przecie\u017c nie m\u00f3wimy tego g\u0142o\u015bno.<\/span><\/p>\n<p style=\"text-align: left;\"><span style=\"color: #000080;\">Co mo\u017ce by\u0107 z\u0142ego w nauczaniu palesty\u0144skich dzieci religii? Dlaczego mamy kara\u0107 pok\u00f3j mi\u0142uj\u0105cego Abbasa za to, \u017ce w palesty\u0144skich szko\u0142ach finansowanych przez Organizacj\u0119 Narod\u00f3w Zjednoczonych naucza si\u0119, \u017ce najpi\u0119kniejszym celem w \u017cyciu jest \u015bmier\u0107 w trakcie zabijania niewiernych, \u017ce Izrael jest \u201eszata\u0144ski\u201d i ukrad\u0142 Palesty\u0144czykom ich staro\u017cytn\u0105 histor\u0119, \u017ce \u017bydzi s\u0105 podst\u0119pni i nigdy nie wolno im wierzy\u0107, \u017ce ci, kt\u00f3rzy przeprowadzaj\u0105 ataki terrorystyczne, s\u0105 najwi\u0119kszymi bohaterami?<\/span><\/p>\n<p style=\"text-align: left;\"><span style=\"color: #000080;\">Czy to ma by\u0107 pow\u00f3d, dla kt\u00f3rego, my, Europejczycy, mamy wyrzeka\u0107 si\u0119 naszej tradycji i odmawia\u0107 sobie wsp\u00f3\u0142czucia i szczodro\u015bci dla Palesty\u0144czyk\u00f3w? Czasami s\u0142yszymy podst\u0119pne i nieuczciwe pytania, kt\u00f3rym Palesty\u0144czykom wsp\u00f3\u0142czujemy. Oczekuje si\u0119 od nas wsp\u00f3\u0142czucia dla jakich\u015b Palesty\u0144czyk\u00f3w, kt\u00f3rzy rzekomo gin\u0105 pod bombami Assada, albo dla tych, kt\u00f3rzy podobno nie maj\u0105 \u017cadnych praw w Libanie, albo dla tych, kt\u00f3rzy maj\u0105 ograniczone prawa w Jordanii, mo\u017ce jeszcze ka\u017c\u0105 nam si\u0119 przejmowa\u0107 tym, \u017ce s\u0105 obozy dla \u201epalesty\u0144skich uchod\u017ac\u00f3w\u201d na terytoriach palesty\u0144skich w Gazie oraz w Judeii i Samarii? To s\u0105 skandaliczne wykr\u0119ty ludzi, kt\u00f3rzy pr\u00f3buj\u0105 odwraca\u0107 uwag\u0119 od tego, co dla nas, Europejczyk\u00f3w, jest najwa\u017cniejsze.<\/span><\/p>\n<p style=\"text-align: left;\"><span style=\"color: #000080;\">I co z tego, \u017ce przesy\u0142ane utrzymankowi pieni\u0105dze s\u0105 systematycznie rozkradane? Spe\u0142niaj\u0105 przecie\u017c sw\u00f3j najwa\u017cniejszy cel. Rozkwit palesty\u0144skiej gopspodarki, dobrobyt palesty\u0144skiego spo\u0142ecze\u0144stwa spowodowa\u0142by wy\u0142\u0105cznie rozleniwienie, os\u0142abienie walki prowadzonej przez Organizacj\u0119 Wyzwolenia Palestyny (jak r\u00f3wnie\u017c Hamas i Palesty\u0144ski D\u017cihad). &nbsp;&nbsp;&nbsp;&nbsp;&nbsp;&nbsp;&nbsp;&nbsp;&nbsp;<\/span><\/p>\n<p style=\"text-align: left;\"><span style=\"color: #000080;\">Europa kocha wy\u0142\u0105cznie tych Palesty\u0144czyk\u00f3w, kt\u00f3rzy deklaruj\u0105, \u017ce b\u0119d\u0105 walczy\u0107 o \u201ewoln\u0105 Palestyn\u0119\u201d jak d\u0142ugo chocia\u017c jeden \u017byd kala swoimi stopami Ziemi\u0119 \u015awi\u0119t\u0105. (A to przecie\u017c zgadza si\u0119 z d\u0142ug\u0105 tradycj\u0105 Watykanu, Aten, Brukseli, Pary\u017ca, Madrytu i Warszawy.) Wielu zaprotestuje twierdz\u0105c uparcie, \u017ce wsp\u00f3\u0142czuj\u0105cymi Europejczykami kieruje dobre serce i obrona praw cz\u0142owieka, poczucie sprawiedliwo\u015bci i d\u0105\u017cenie do pokoju.<\/span><\/p>\n<p style=\"text-align: left;\"><span style=\"color: #000080;\">No c\u00f3\u017c, jak ka\u017cdy mog\u0119 by\u0107 w b\u0142\u0119dzie, a moja opinia mo\u017ce by\u0107 krzywdz\u0105ca. Nies\u0142usznie mog\u0119 kojarzy\u0107 t\u0119 mi\u0142o\u015b\u0107 do Palesty\u0144czyk\u00f3w (ale tylko do tych umiarkowanych jak Abbas, i skrzywdzonych jak Hamas, Palesty\u0144czyk\u00f3w) z histori\u0105 Ko\u015bcio\u0142a katolickiego, z histori\u0105 cerkwii prawos\u0142awnej, z histori\u0105 ko\u015bcio\u0142\u00f3w protestanckich, z tym gdzie powsta\u0142y <em>Protoko\u0142y m\u0119drc\u00f3w Syjonu<\/em>&nbsp;i gdzie napisano&nbsp;<em>Mein Kampf,&nbsp;<\/em>mo\u017ce nies\u0142usznie kojarz\u0119 zapa\u0142 ministra Zbigniewa Raua do podpisania tego listu z protestem z faktem, \u017ce w komunistycznej Polsce by\u0142y obozy treningowe dla bandyt\u00f3w Arafata, a po uwolnieniu si\u0119 od komunizmu kolejne rz\u0105dy wszystkich kolor\u00f3w nadal z zapa\u0142em popiera\u0142y wszystkie antysemickie rezolucje ONZ. Teraz przecie\u017c robili\u015bmy to i robimy nadal, \u017ceby by\u0107 dobrymi Europejczykami. (Pewnie dlatego nie zauwa\u017ca tych praktyk prasa rz\u0105dowa, opozycyjna i ta, udaj\u0105ca rzetelne dziennikarstwo. Pewnie dlatego tak popieramy piel\u0119gowanie europejskich tradycji przez USA.) Politycy i dziennikarze uczciwie wierz\u0105, \u017ce chc\u0105 pokoju i rozwi\u0105zania w postaci dw\u00f3ch pa\u0144stw. W trosce o swoj\u0105 uczciw\u0105 wiar\u0119 odmawiaj\u0105 informowania, co znajduje si\u0119 w palesty\u0144skich podr\u0119cznikach, w trosce o swoj\u0105 wiar\u0119 odmawiaj\u0105 informowania o aresztowaniach palesty\u0144skich zwolennik\u00f3w pokoju z Izraelem, w trosce o swoj\u0105 wiar\u0119 odmawiaj\u0105 informowania o niebotycznej korupcji w Gazie i na obszarach Autonomii Palesty\u0144skiej, n\u0119dza Palesty\u0144czyk\u00f3w jest oczywi\u015bcie win\u0105 \u017byd\u00f3w, bo jak\u017ceby inaczej. Przecie\u017c \u017cadne pa\u0144stwo na \u015bwiecie nie dosta\u0142o takiej ilo\u015bci pomocy zagranicznej jak Palesty\u0144czycy.<\/span><\/p>\n<p><span style=\"color: #000080;\">A mo\u017ce cz\u0119\u015bci\u0105 wyja\u015bnienia jest ten list pi\u0119tnastu europejskich ministr\u00f3w?<\/span><\/p>\n<\/div>\n<hr style=\"height: 15px; background: #d0e6fa; width: 100%;\">\n<div id=\"content\" class=\"content-alignment\">\n<div id=\"watch-description\" class=\"yt-uix-button-panel\">\n<div id=\"watch-description-text\" style=\"text-align: center;\">\n<p><em>Zawarto\u015b\u0107 publikowanych artyku\u0142\u00f3w i materia\u0142\u00f3w nie reprezentuje pogl\u0105d\u00f3w ani opinii Reunion&#8217;68,<\/em><em><br \/>\nani te\u017c webmastera Blogu Reunion&#8217;68, chyba ze jest to wyra\u017anie zaznaczone.<br \/>\nTwoje uwagi, linki, w\u0142asne artyku\u0142y lub wiadomo\u015bci prze\u015blij na adres:<br \/>\n<\/em><span style=\"color: #000080;\"><strong><em><a style=\"color: #000080;\" href=\"mailto:webmaster@reunion68.com\"><span style=\"text-decoration: underline;\">webmaster@reunion68.com<\/span><\/a><\/em><\/strong><\/span><\/p>\n<\/div>\n<\/div>\n<\/div>\n<hr style=\"width: 100%;\">\n","protected":false},"excerpt":{"rendered":"<p>Dalal Mughrabi \u2013 wz\u00f3r osobowy dla palesty\u0144skich dzieci, odpowiedzialna za zamordowanie 38 pasa\u017cer\u00f3w autobusu, w tym trzyna\u015bciorga dzieci. (\u0179r\u00f3d\u0142o zdj\u0119cia: MEMRI) Europa kocha Palesty\u0144czyk\u00f3w i udaje, \u017ce nie wie dlaczego Andrzej Koraszewski Komisja Eurpejska zablokowa\u0142a drobnych 200 milion\u00f3w euro przeznaczone dla utrzymanka, czyli nazywanego \u201eprezydentem\u201d dyktatora Autonomii Palesty\u0144skiej. Utrzymanek utrzymuje si\u0119 na swojej pozycji do\u017cywotniego [&hellip;]<\/p>\n","protected":false},"author":1,"featured_media":0,"comment_status":"closed","ping_status":"closed","sticky":false,"template":"","format":"standard","meta":[],"categories":[6],"tags":[26,24],"_links":{"self":[{"href":"https:\/\/www.reunion68.se\/index.php?rest_route=\/wp\/v2\/posts\/94610"}],"collection":[{"href":"https:\/\/www.reunion68.se\/index.php?rest_route=\/wp\/v2\/posts"}],"about":[{"href":"https:\/\/www.reunion68.se\/index.php?rest_route=\/wp\/v2\/types\/post"}],"author":[{"embeddable":true,"href":"https:\/\/www.reunion68.se\/index.php?rest_route=\/wp\/v2\/users\/1"}],"replies":[{"embeddable":true,"href":"https:\/\/www.reunion68.se\/index.php?rest_route=%2Fwp%2Fv2%2Fcomments&post=94610"}],"version-history":[{"count":4,"href":"https:\/\/www.reunion68.se\/index.php?rest_route=\/wp\/v2\/posts\/94610\/revisions"}],"predecessor-version":[{"id":94643,"href":"https:\/\/www.reunion68.se\/index.php?rest_route=\/wp\/v2\/posts\/94610\/revisions\/94643"}],"wp:attachment":[{"href":"https:\/\/www.reunion68.se\/index.php?rest_route=%2Fwp%2Fv2%2Fmedia&parent=94610"}],"wp:term":[{"taxonomy":"category","embeddable":true,"href":"https:\/\/www.reunion68.se\/index.php?rest_route=%2Fwp%2Fv2%2Fcategories&post=94610"},{"taxonomy":"post_tag","embeddable":true,"href":"https:\/\/www.reunion68.se\/index.php?rest_route=%2Fwp%2Fv2%2Ftags&post=94610"}],"curies":[{"name":"wp","href":"https:\/\/api.w.org\/{rel}","templated":true}]}}