{"id":94673,"date":"2022-04-29T17:09:54","date_gmt":"2022-04-29T15:09:54","guid":{"rendered":"http:\/\/www.reunion68.se\/?p=94673"},"modified":"2022-04-20T08:11:10","modified_gmt":"2022-04-20T06:11:10","slug":"28-09-72","status":"publish","type":"post","link":"https:\/\/www.reunion68.se\/?p=94673","title":{"rendered":"Wina i odpowiedzialno\u015b\u0107"},"content":{"rendered":"<p><img decoding=\"async\" src=\"https:\/\/studioopinii.pl\/wp-content\/uploads\/2022\/04\/11291157.jpg\" width=\"100%\"><\/p>\n<hr>\n<h5 style=\"text-align: center;\"><a href=\"https:\/\/studioopinii.pl\/\" target=\"_blank\" rel=\"noopener noreferrer\"><img decoding=\"async\" class=\"center alignleft\" src=\"http:\/\/www.reunion68.com\/Biuletyn\/img\/studio.png\" alt=\"\" width=\"50%\"><\/a><span style=\"text-decoration: underline; color: #000080;\"><strong><a style=\"color: #000080; text-decoration: underline;\" href=\"https:\/\/studioopinii.pl\/archiwa\/220552\" target=\"_blank\" rel=\"noopener noreferrer\">Wina i odpowiedzialno\u015b\u0107<\/a><\/strong><\/span><\/h5>\n<p style=\"text-align: center;\"><span style=\"color: #000000;\"><strong>Jerzy Kranz<\/strong><\/span><\/p>\n<hr style=\"height: 15px; background: #d0e6fa; width: 100%;\">\n<h1 style=\"text-align: center;\">I.<\/h1>\n<p class=\"has-drop-cap has-custom-weight has-custom-lineheight\" style=\"text-align: left;\">W<span style=\"color: #000080;\">&nbsp;tle dramatycznego konfliktu zbrojnego w&nbsp;Ukrainie oraz&nbsp;agresji dokonanej przez&nbsp;Rosj\u0119 pojawiaj\u0105 si\u0119 tak\u017ce pytania dotycz\u0105ce konkretnych zbrodni wojennych i&nbsp;zbrodni przeciwko ludzko\u015bci, kt\u00f3rych&nbsp;dokonuj\u0105 wykonawcy planu prezydenta Putina \u2013 od&nbsp;najwy\u017cszego do&nbsp;najni\u017cszego szczebla.<\/span><\/p>\n<p style=\"text-align: left;\"><span style=\"color: #000080;\">\u201eJego Pow\u015bci\u0105gliwo\u015b\u0107\u201d papie\u017c Franciszek wyr\u00f3\u017cni\u0142 si\u0119 w&nbsp;tym kontek\u015bcie nie&nbsp;tylko&nbsp;(nie)dyplomatycznymi przemilczeniami co&nbsp;do&nbsp;sprawc\u00f3w agresji i&nbsp;zbrodni, ale&nbsp;zauwa\u017cy\u0142: Niech&nbsp;Pan zmi\u0142uje si\u0119 nad&nbsp;nami, nad&nbsp;ka\u017cdym z&nbsp;nas. Wszyscy jeste\u015bmy winni!<\/span><\/p>\n<p class=\"has-custom-weight\" style=\"text-align: left;\"><span style=\"color: #000080;\">Przypomina si\u0119 tu&nbsp;aforyzm Stanis\u0142awa Jerzego Leca: pomy\u015bl, zanim pomy\u015blisz!<\/span><\/p>\n<p style=\"text-align: left;\"><span style=\"color: #000080;\">W&nbsp;Berlinie, na&nbsp;tle ujawnionych w&nbsp;Ukrainie zbrodni rosyjskich hord, zatriumfowa\u0142a demokracja w&nbsp;postaci demonstracji udrapowanych w&nbsp;rosyjskie flagi kilkuset samochod\u00f3w, kt\u00f3rych&nbsp;kierowcy protestowali przeciwko obra\u017caniu wielu niewinnych Rosjan. Prezydent RFN zgodzi\u0142 si\u0119 natomiast patronowa\u0107 swoistemu \u201ekoncertowi pojednania\u201d w&nbsp;Berlinie z&nbsp;udzia\u0142em wielu rosyjskich wykonawc\u00f3w. Zw\u0142aszcza w&nbsp;Niemczech, nie&nbsp;powinno si\u0119 zabrakn\u0105\u0107 pytania o&nbsp;Fingerspitzengef\u00fchl.<\/span><\/p>\n<p style=\"text-align: left;\"><span style=\"color: #000080;\">A&nbsp;mo\u017ce warto si\u0119 chwil\u0119 zastanowi\u0107, czy&nbsp;potwornych zbrodni dokonuj\u0105 tylko&nbsp;Putin, \u0141awrow i&nbsp;Szojgu, czy&nbsp;te\u017c zwykli Rosjanie? Czy&nbsp;uzale\u017cnia\u0107 sankcje od&nbsp;tego, kt\u00f3ry&nbsp;Rosjanin g\u0142osowa\u0142 na&nbsp;Putina, a&nbsp;kt\u00f3ry&nbsp;przeciw? Czy&nbsp;w&nbsp;ka\u017cdych okoliczno\u015bciach promowa\u0107 rosyjski repertuar i&nbsp;rosyjskich artyst\u00f3w?<\/span><\/p>\n<p style=\"text-align: left;\"><span style=\"color: #000080;\">Wreszcie w&nbsp;innym kontek\u015bcie, czy&nbsp;go\u015bcinna i&nbsp;pomocna postaw wielu Polak\u00f3w wobec ukrai\u0144skich uchod\u017ac\u00f3w zdo\u0142a uchyli\u0107 odpowiedzialno\u015b\u0107 za&nbsp;amoralne i&nbsp;naruszaj\u0105ce prawo mi\u0119dzynarodowe dzia\u0142ania w\u0142adz polskich na&nbsp;granicy polsko\u2013bia\u0142oruskiej.<\/span><\/p>\n<p style=\"text-align: left;\"><span style=\"color: #000080;\">Last but not least, nie&nbsp;spos\u00f3b nie&nbsp;dostrzec ostentacyjnego i&nbsp;widocznego cienia wieloletniej polityki appeasement<a id=\"post-220552-sdfootnote1anc\" style=\"color: #000080;\"><\/a><a class=\"extlink https\" style=\"color: #000080;\" href=\"https:\/\/monitorkonstytucyjny.eu\/archiwa\/21631%22%20\/l%20%22sdfootnote1sym\">1<\/a>&nbsp;niekt\u00f3rych pa\u0144stw, kt\u00f3rej&nbsp;balastu mog\u0105 nie&nbsp;zr\u00f3wnowa\u017cy\u0107 tak&nbsp;bardzo sp\u00f3\u017anione dostawy uzbrojenia dla Ukrainy. Tym politykom, kt\u00f3rzy&nbsp;si\u0119 samook\u0142amywali i&nbsp;samooszukiwali (zw\u0142aszcza w&nbsp;tzw. formacie mi\u0144skim 2014\/2015) warto przypomnie\u0107, \u017ce&nbsp;tylko&nbsp;Adolf Hitler (Mein Kampf) dok\u0142adniej ni\u017c W\u0142adimir Putin opisa\u0142 plan swoich przysz\u0142ych dzia\u0142a\u0144.<\/span><\/p>\n<p class=\"has-custom-weight\" style=\"text-align: left;\"><span style=\"color: #000080;\">Czy&nbsp;teraz pok\u00f3j dla naszych czas\u00f3w (Chamberlain) powinien znale\u017a\u0107 si\u0119 w&nbsp;r\u0119kach stra\u017cnik\u00f3w pokoju za&nbsp;wszelk\u0105 cen\u0119? Pe\u0142zanie nie&nbsp;chroni przed&nbsp;upadkiem (chyba Cycero).<\/span><\/p>\n<p style=\"text-align: left;\"><span style=\"color: #000080;\">Takim refleksjom, ale&nbsp;zw\u0142aszcza rozgrywaj\u0105cej si\u0119 w&nbsp;Ukrainie tragedii, towarzysz\u0105 nieuchronnie pytania o&nbsp;win\u0119 i&nbsp;odpowiedzialno\u015b\u0107, zw\u0142aszcza w&nbsp;wymierz\u0119 moralnym. Pr\u00f3b\u0105 cz\u0105stkowej odpowiedzi jest poni\u017cszy tekst, na&nbsp;kt\u00f3ry&nbsp;sk\u0142adaj\u0105 si\u0119 fragmenty napisanej przeze mnie przed&nbsp;laty wi\u0119kszej ca\u0142o\u015bci dotycz\u0105cej niemieckiej winy i&nbsp;odpowiedzialno\u015bci za&nbsp;niekt\u00f3re zdarzenia z&nbsp;okresu drugiej wojny \u015bwiatowej, a&nbsp;tak\u017ce ich konsekwencje<a id=\"post-220552-sdfootnote2anc\" style=\"color: #000080;\"><\/a><a class=\"extlink https\" style=\"color: #000080;\" href=\"https:\/\/monitorkonstytucyjny.eu\/archiwa\/21631%22%20\/l%20%22sdfootnote2sym\">2<\/a>. W&nbsp;tek\u015bcie staram si\u0119 porz\u0105dkowa\u0107 i&nbsp;obja\u015bnia\u0107 niekt\u00f3re poj\u0119cia. Skojarzenia ze&nbsp;wsp\u00f3\u0142czesno\u015bci\u0105 powinny narzuci\u0107 si\u0119 same.<\/span><\/p>\n<h1 style=\"text-align: center;\"><span style=\"color: #000000;\">II.<\/span><\/h1>\n<p class=\"has-drop-cap has-custom-weight has-custom-lineheight\" style=\"text-align: left;\"><span style=\"color: #000080;\">\u015awiat zosta\u0142 podpalony w&nbsp;1939 r. przez&nbsp;narodowosocjalistyczne Niemcy, a&nbsp;ogie\u0144 rozszerza\u0142 si\u0119 stopniowo i&nbsp;nieub\u0142aganie. Wywo\u0142anie drugiej wojny \u015bwiatowej by\u0142o pocz\u0105tkiem ko\u0144ca historycznej epoki i&nbsp;kulturowej formacji w&nbsp;Europie \u015arodkowej \u2013 wydarzeniem o&nbsp;nieodwracalnych (r\u00f3wnie\u017c dla Niemiec i&nbsp;Niemc\u00f3w) skutkach. Ka\u017cde dzia\u0142anie mo\u017ce mie\u0107 nieprzewidziane i&nbsp;niepo\u017c\u0105dane konsekwencje \u2013 zar\u00f3wno dla ofiar, jak i&nbsp;dla sprawc\u00f3w.<\/span><\/p>\n<p style=\"text-align: left;\"><span style=\"color: #000080;\">Pytaj\u0105c o&nbsp;win\u0119 nie&nbsp;mamy tu&nbsp;do&nbsp;czynienia z&nbsp;win\u0105 jakiego\u015b narodu lub win\u0105 zbiorow\u0105, poniewa\u017c w&nbsp;znaczeniu prawnym b\u0105d\u017a moralnym wina musi by\u0107 indywidualizowana. W&nbsp;przypadku drugiej wojny \u015bwiatowej i&nbsp;jej skutk\u00f3w mamy natomiast do&nbsp;czynienia z&nbsp;odpowiedzialno\u015bci\u0105 Niemiec i&nbsp;Niemc\u00f3w. W&nbsp;tym kontek\u015bcie wina i&nbsp;odpowiedzialno\u015b\u0107 to&nbsp;zr\u00f3\u017cnicowane kategorie.<\/span><\/p>\n<p style=\"text-align: left;\"><span style=\"color: #000080;\">W&nbsp;tym wzgl\u0119dzie dostrzegamy z&nbsp;jednej strony win\u0119 i&nbsp;odpowiedzialno\u015b\u0107 jednostek (karnoprawn\u0105, polityczn\u0105 lub moraln\u0105), z&nbsp;drugiej mi\u0119dzynarodowoprawn\u0105 odpowiedzialno\u015b\u0107 pa\u0144stwa, a&nbsp;z&nbsp;trzeciej polityczn\u0105 i&nbsp;historyczn\u0105 odpowiedzialno\u015b\u0107 narod\u00f3w (spo\u0142ecze\u0144stw). Wa\u017cne jest, aby rozr\u00f3\u017cnia\u0107 aspekt indywidualny i&nbsp;zbiorowy, prawny i&nbsp;historyczno-polityczny.<\/span><\/p>\n<h4 style=\"text-align: left;\"><span style=\"color: #000000;\">Karl Jaspers przedstawi\u0142 w&nbsp;1946 r. cztery kategorie winy<a id=\"post-220552-sdfootnote3anc\" style=\"color: #000000;\"><\/a><a class=\"extlink https\" style=\"color: #000000;\" href=\"https:\/\/monitorkonstytucyjny.eu\/archiwa\/21631%22%20\/l%20%22sdfootnote3sym\">3<\/a>:<\/span><\/h4>\n<ul style=\"text-align: left;\">\n<li><span style=\"color: #000000;\"><strong>win\u0119 kryminaln\u0105 z&nbsp;tytu\u0142u udowodnionego naruszenia przez&nbsp;jednostk\u0119 obowi\u0105zuj\u0105cych norm prawnych,<\/strong><\/span><\/li>\n<li><span style=\"color: #000000;\"><strong>win\u0119 polityczn\u0105 z&nbsp;tytu\u0142u dzia\u0142a\u0144 przyw\u00f3dc\u00f3w i&nbsp;organ\u00f3w pa\u0144stwa,<\/strong><\/span><\/li>\n<li><span style=\"color: #000000;\"><strong>win\u0119 moraln\u0105 za&nbsp;dzia\u0142ania w&nbsp;ramach wykonywania zada\u0144 struktury pa\u0144stwowej, w&nbsp;tym r\u00f3wnie\u017c za&nbsp;dzia\u0142anie na&nbsp;rozkaz,<\/strong><\/span><\/li>\n<li><span style=\"color: #000000;\"><strong>win\u0119 metafizyczn\u0105 z&nbsp;tytu\u0142u wsp\u00f3\u0142odpowiedzialno\u015bci za&nbsp;wszelkie z\u0142o, zw\u0142aszcza za&nbsp;przest\u0119pstwa dokonane w&nbsp;obecno\u015bci jednostki lub za&nbsp;jej wiedz\u0105.<\/strong><\/span><\/li>\n<\/ul>\n<p style=\"text-align: left;\"><span style=\"color: #000080;\">Instancj\u0105 oceniaj\u0105c\u0105 i&nbsp;rozstrzygaj\u0105c\u0105 jest w&nbsp;pierwszym przypadku s\u0105d, w&nbsp;drugim w\u0142adza polityczna (np.&nbsp;zwyci\u0119zca w&nbsp;przypadku wojny), w&nbsp;trzecim w\u0142asne sumienie, w&nbsp;czwartym za\u015b B\u00f3g. W&nbsp;przedstawionej przez&nbsp;niego kategoryzacji nale\u017ca\u0142oby w&nbsp;jednym lub drugim przypadku zast\u0105pi\u0107 poj\u0119cie winy s\u0142owem odpowiedzialno\u015b\u0107.<\/span><\/p>\n<p style=\"text-align: left;\"><span style=\"color: #000080;\">O&nbsp;ile sprawcami s\u0105&nbsp;zawsze konkretne osoby, o&nbsp;tyle ich dzia\u0142ania nie&nbsp;zawsze wynikaj\u0105 z&nbsp;indywidualnego zamiaru lub wyboru, lecz&nbsp;ze&nbsp;zorganizowanej przez&nbsp;pa\u0144stwo struktury przest\u0119pczych dzia\u0142a\u0144. Innymi s\u0142owy, niezale\u017cnie od&nbsp;pojedynczych przest\u0119pc\u00f3w istnieje jeszcze pa\u0144stwowy (narodowosocjalistyczny, faszystowski, komunistyczny) system zorganizowanej zbrodni. Odpowiedzialno\u015b\u0107 prawn\u0105 ponosz\u0105 zatem pa\u0144stwo, sprawcy bezpo\u015bredni oraz&nbsp;sprawcy\u2013organizatorzy systemu.<\/span><\/p>\n<p style=\"text-align: left;\"><span style=\"color: #000080;\">Przest\u0119pstwa pope\u0142niane s\u0105&nbsp;przez&nbsp;jednostki, kt\u00f3re po&nbsp;stwierdzeniu ich winy odpowiadaj\u0105 karnie i&nbsp;podlegaj\u0105 karze. Konieczne jest tu&nbsp;okre\u015blenie zakresu winy, przy czym wyr\u00f3\u017cni\u0107 mo\u017cna \u2013 przyk\u0142adowo \u2013 zamiar umy\u015blny, wsp\u00f3\u0142udzia\u0142, pomocnictwo. Tego rodzaju indywidualizacja nie&nbsp;jest zawsze \u0142atwa, zw\u0142aszcza gdy&nbsp;chodzi o&nbsp;masowe zbrodnie. Spraw\u0105 indywidualnej winy zajmuj\u0105 si\u0119 przede wszystkim s\u0105dy karne \u2013 krajowe lub mi\u0119dzynarodowe. Prekursorem wsp\u00f3\u0142czesnego Mi\u0119dzynarodowego Trybuna\u0142u Karnego (MTK) by\u0142 Mi\u0119dzynarodowy Trybuna\u0142 Wojskowy, przed&nbsp;kt\u00f3rym&nbsp;prowadzono tzw. procesy norymberskie.<\/span><\/p>\n<h1 style=\"text-align: center;\"><span style=\"color: #000000;\">III.<\/span><\/h1>\n<p class=\"has-drop-cap has-custom-weight has-custom-lineheight\" style=\"text-align: left;\"><span style=\"color: #000080;\">Odpowiedzialno\u015b\u0107 pa\u0144stwa r\u00f3\u017cni si\u0119 od&nbsp;odpowiedzialno\u015bci karnoprawnej ze&nbsp;wzgl\u0119du na&nbsp;odmienno\u015bci mi\u0119dzy systemem prawa mi\u0119dzynarodowego a&nbsp;systemami krajowymi, a&nbsp;tak\u017ce na&nbsp;specyfik\u0119 sprawcy, kt\u00f3rym&nbsp;jest pa\u0144stwo, a&nbsp;nie&nbsp;jednostka (co&nbsp;nie&nbsp;wyklucza odpowiedzialno\u015bci karnoprawnej tej&nbsp;ostatniej). Zgodnie z&nbsp;zasad\u0105 kontynuacji pa\u0144stwa, zmiana ustroju lub rz\u0105du nie&nbsp;zwalnia od&nbsp;odpowiedzialno\u015bci mi\u0119dzynarodowoprawnej.<\/span><\/p>\n<p style=\"text-align: left;\"><span style=\"color: #000080;\">W&nbsp;przypadku mi\u0119dzynarodowoprawnej odpowiedzialno\u015bci pa\u0144stwa konieczne jest przypisanie mu&nbsp;(attribution) konkretnych dzia\u0142a\u0144, naruszaj\u0105cych prawo mi\u0119dzynarodowe<a id=\"post-220552-sdfootnote4anc\" style=\"color: #000080;\"><\/a><a class=\"extlink https\" style=\"color: #000080;\" href=\"https:\/\/monitorkonstytucyjny.eu\/archiwa\/21631%22%20\/l%20%22sdfootnote4sym\">4<\/a>. Odpowiedzialno\u015b\u0107 ta&nbsp;mo\u017ce wynika\u0107 z&nbsp;zamierzonych i&nbsp;kontrolowanych dzia\u0142a\u0144 jego organ\u00f3w (effective\/overall control), braku nale\u017cytej staranno\u015bci (due diligence), czy&nbsp;te\u017c ewentualnie z&nbsp;kryteri\u00f3w obiektywnych (strict liability). Kwestie dowodowe nie&nbsp;nale\u017c\u0105 tu&nbsp;do&nbsp;naj\u0142atwiejszych.<\/span><\/p>\n<p style=\"text-align: left;\"><span style=\"color: #000080;\">Odpowiedzialno\u015b\u0107 ta&nbsp;konkretyzuje si\u0119 z&nbsp;regu\u0142y traktatowo i&nbsp;przyjmuje posta\u0107 reparacji, restytucji lub satysfakcji (wymiar finansowy, rzeczowy, symboliczny). Ma&nbsp;ona w&nbsp;istocie rzeczy charakter odszkodowawczy, dyscyplinuj\u0105cy i&nbsp;prewencyjny. Te&nbsp;prawne formy odpowiedzialno\u015bci pa\u0144stwa nie&nbsp;przes\u0105dzaj\u0105 jednak automatycznie o&nbsp;ocenie moralnej i&nbsp;historyczno\u2013politycznej.<\/span><\/p>\n<p style=\"text-align: left;\"><span style=\"color: #000080;\">Niekiedy mo\u017cliwe jest pozwanie jednego pa\u0144stwa przez&nbsp;drugie przed&nbsp;Mi\u0119dzynarodowym Trybuna\u0142em Sprawiedliwo\u015bci (MTS) jednak tylko&nbsp;wtedy, gdy&nbsp;pozwane pa\u0144stwo wyrazi\u0142o wcze\u015bniej na&nbsp;to&nbsp;zgod\u0119. Innymi s\u0142owy, nie&nbsp;istnieje w&nbsp;relacjach mi\u0119dzynarodowych jaki\u015b s\u0105d powszechny, a&nbsp;dla pozwania pa\u0144stwa niezb\u0119dna jest zawsze konkretna podstawa prawna. Zauwa\u017cmy, \u017ce&nbsp;r\u00f3wnie\u017c jurysdykcja mi\u0119dzynarodowych s\u0105d\u00f3w karnych nie&nbsp;ma&nbsp;charakteru powszechnego.<\/span><\/p>\n<p style=\"text-align: left;\"><span style=\"color: #000080;\">Mi\u0119dzynarodowoprawna odpowiedzialno\u015b\u0107 pa\u0144stwa wywo\u0142uje w&nbsp;nieunikniony spos\u00f3b skutki dla jego ludno\u015bci, kt\u00f3ra&nbsp;dzieli jego losy zar\u00f3wno w&nbsp;czasach pokoju, jak i&nbsp;wojny. I&nbsp;tak&nbsp;po&nbsp;przegranej wojnie ludno\u015b\u0107 cierpi z&nbsp;powodu zniszcze\u0144 szeroko poj\u0119tej infrastruktury oraz&nbsp;uczestniczy w&nbsp;reparacjach wojennych, na&nbsp;kt\u00f3re pracowa\u0107 musz\u0105 zar\u00f3wno winni, jak i&nbsp;niewinni \u2013 niezale\u017cnie od&nbsp;tego, czy&nbsp;g\u0142osowali na&nbsp;Hitlera, czy&nbsp;te\u017c byli w&nbsp;opozycji. Dochodzi te\u017c cz\u0119sto do&nbsp;zmiany granic pa\u0144stwa, co&nbsp;nie&nbsp;pozostaje bez&nbsp;skutk\u00f3w dla obywateli. Nie&nbsp;oznacza to&nbsp;jednak, i\u017c&nbsp;wspomniane \u015brodki mia\u0142yby by\u0107 r\u00f3wnoznaczne ze&nbsp;zbiorow\u0105 win\u0105 lub kar\u0105, poniewa\u017c dla tej&nbsp;odpowiedzialno\u015bci wina poszczeg\u00f3lnych os\u00f3b pozostaje bez&nbsp;znaczenia (nale\u017cy do&nbsp;zindywidualizowanej sfery prawa karnego).<\/span><\/p>\n<h1 style=\"text-align: center;\"><span style=\"color: #000000;\">IV.<\/span><\/h1>\n<p class=\"has-drop-cap has-custom-weight has-custom-lineheight\" style=\"text-align: left;\"><span style=\"color: #000080;\">W&nbsp;poni\u017cszych rozwa\u017caniach koncentrujemy si\u0119 jednak na&nbsp;kwestii odpowiedzialno\u015bci historyczno-politycznej (pozaprawnej) narodu oraz&nbsp;pa\u0144stwa.<\/span><\/p>\n<p style=\"text-align: left;\"><span style=\"color: #000080;\">Nar\u00f3d (zorganizowany z&nbsp;regu\u0142y w&nbsp;formie pa\u0144stwowej) jest zbiorowo\u015bci\u0105 jednostek po\u0142\u0105czon\u0105 wsp\u00f3ln\u0105 przesz\u0142o\u015bci\u0105, kultur\u0105 i&nbsp;tradycj\u0105. Nar\u00f3d w&nbsp;tym znaczeniu to&nbsp;solidarna wsp\u00f3lnota los\u00f3w pokole\u0144, kt\u00f3rej&nbsp;nie&nbsp;mo\u017cna sobie dowolnie wybra\u0107. Indywidualna wina nie&nbsp;ma&nbsp;tu&nbsp;znaczenia, a&nbsp;zbiorowy aspekt odpowiedzialno\u015bci pozaprawnej wynika z&nbsp;faktu, \u017ce&nbsp;w\u0142adza jako sformalizowany wyraz narodowej (pa\u0144stwowej) substancji decyduje o&nbsp;losach narodu, o&nbsp;wojnie i&nbsp;pokoju.<\/span><\/p>\n<p style=\"text-align: left;\"><span style=\"color: #000080;\">W&nbsp;tym przypadku nie&nbsp;chodzi o&nbsp;przypisanie winy ca\u0142emu narodowi, lecz&nbsp;o&nbsp;zbiorowe poczucie odpowiedzialno\u015bci za&nbsp;pa\u0144stwo. Bez&nbsp;znaczenia jest, czy&nbsp;ca\u0142y nar\u00f3d, czy&nbsp;te\u017c tylko&nbsp;jego cz\u0119\u015b\u0107 popiera\u0142y dzia\u0142ania w\u0142adzy lub mia\u0142y \u015bwiadomo\u015b\u0107 jej przest\u0119pczych zamiar\u00f3w. Znana z&nbsp;powojennych Niemiec tzw. \u0142aska p\u00f3\u017anego urodzenia (czyli w&nbsp;istocie dzieci\u0119cego wieku w&nbsp;momencie naruszenia prawa przez&nbsp;pa\u0144stwo) nie&nbsp;odgrywa tu&nbsp;\u017cadnej roli. Przyznanie si\u0119 do&nbsp;zbiorowej, historyczno-politycznej odpowiedzialno\u015bci ma&nbsp;w&nbsp;gruncie rzeczy prowadzi\u0107 do&nbsp;kolektywnego odzyskania poczucia humanizmu.<\/span><\/p>\n<p style=\"text-align: left;\"><span style=\"color: #000080;\">Nie&nbsp;wszyscy Niemcy popierali narodowy socjalizm, nie&nbsp;wszyscy Polacy byli zwolennikami komunistycznej dyktatury. Mimo to&nbsp;oba narody niezale\u017cnie od&nbsp;win poszczeg\u00f3lnych os\u00f3b ponosz\u0105 do&nbsp;dzi\u015b konsekwencje dzia\u0142a\u0144 tych re\u017cim\u00f3w. W&nbsp;tym wariancie odpowiedzialno\u015bci jednostka jest cz\u0119\u015bci\u0105 wi\u0119kszej ca\u0142o\u015bci, czyli narodu, kt\u00f3ry&nbsp;odpowiada (pozaprawnie) za&nbsp;niegodne lub nielegalne dzia\u0142ania macierzystego pa\u0144stwa, jako struktury organizuj\u0105cej i&nbsp;planuj\u0105cej.<\/span><\/p>\n<p style=\"text-align: left;\"><span style=\"color: #000080;\">W&nbsp;omawianym kontek\u015bcie mamy do&nbsp;czynienia z&nbsp;odpowiedzialno\u015bci\u0105 narodu zar\u00f3wno za&nbsp;przesz\u0142o\u015b\u0107, jak i&nbsp;za&nbsp;kszta\u0142towanie przysz\u0142o\u015bci, za&nbsp;okres wojny i&nbsp;czas pokoju. Przybiera ona okre\u015blone formy zbiorowe takie jak wstyd, \u017cal, przebaczenie, wspomnienie, milczenie, ale&nbsp;te\u017c dum\u0119. Niemcy, Polacy lub Francuzi identyfikuj\u0105 si\u0119 zazwyczaj z&nbsp;historycznie pojmowanym narodem \u2013 jego kl\u0119skami i&nbsp;sukcesami. \u017byj\u0105cy obywatele (lud) przyznaj\u0105 si\u0119 do&nbsp;odpowiedzialno\u015bci narodowej za&nbsp;czyny wsp\u00f3\u0142czesne, jak i&nbsp;niechlubne zdarzenia z&nbsp;dalszej przesz\u0142o\u015bci (dzie\u0142o przodk\u00f3w).<\/span><\/p>\n<p style=\"text-align: left;\"><span style=\"color: #000080;\">Te&nbsp;uczucia maj\u0105 cz\u0119sto odcie\u0144 moralny, zw\u0142aszcza w&nbsp;przypadku zbrodni pope\u0142nionych przez&nbsp;organy pa\u0144stwa na&nbsp;innych narodach lub grupach. Aspekt ten jest s\u0142abszy w&nbsp;przypadku b\u0142\u0119dnej polityki gospodarczej rz\u0105du lub zadowolenia z&nbsp;sukces\u00f3w narodowej dru\u017cyny sportowej, chocia\u017c dalej ma&nbsp;charakter zbiorowy. Wyrazy dumy albo&nbsp;odpowiedzialno\u015bci historyczno-politycznej narodu nie&nbsp;musz\u0105 by\u0107 podzielane przez&nbsp;wszystkich (referenda by\u0142yby tu&nbsp;ca\u0142kowicie zbyteczne). Wyra\u017caj\u0105 je&nbsp;cz\u0119sto postacie reprezentuj\u0105ce nar\u00f3d w&nbsp;mniej lub bardziej formalny spos\u00f3b.<\/span><\/p>\n<h1 style=\"text-align: center;\"><span style=\"color: #000000;\">V.<\/span><\/h1>\n<p class=\"has-drop-cap has-custom-weight has-custom-lineheight\" style=\"text-align: left;\"><span style=\"color: #000080;\">W&nbsp;debacie publicznej pojawiaj\u0105 si\u0119 takie poj\u0119cia jak ubolewanie, przeprosiny, wybaczenie oraz&nbsp;pojednanie<a id=\"post-220552-sdfootnote5anc\" style=\"color: #000080;\"><\/a><a class=\"extlink https\" style=\"color: #000080;\" href=\"https:\/\/monitorkonstytucyjny.eu\/archiwa\/21631%22%20\/l%20%22sdfootnote5sym\">5<\/a>. Mog\u0105 one mie\u0107 wymiar indywidualny (mi\u0119dzy sprawc\u0105 a&nbsp;ofiar\u0105) oraz&nbsp;zbiorowy (mi\u0119dzy pa\u0144stwami\/narodami\/grupami spo\u0142ecznymi). Mimo pewnych podobie\u0144stw trzeba te&nbsp;p\u0142aszczyzny rozdzieli\u0107 ze&nbsp;wzgl\u0119du na&nbsp;ich specyfik\u0119. W&nbsp;naszych rozwa\u017caniach koncentrujemy si\u0119 na&nbsp;aspekcie zbiorowym, czyli pomijaj\u0105c indywidualn\u0105 win\u0119 i&nbsp;kar\u0119 (zw\u0142aszcza w&nbsp;znaczeniu prawnym) nawi\u0105zujemy do&nbsp;odpowiedzialno\u015bci historyczno-politycznej.<\/span><\/p>\n<h4 style=\"text-align: left;\"><span style=\"color: #000000;\">Zdaniem Anny Wolff\u2013Pow\u0119skiej:<\/span><\/h4>\n<blockquote class=\"wp-block-quote\"><p><strong><span style=\"color: #000000;\">Przebaczenie musi poprzedzi\u0107 dojrza\u0142a refleksja, u\u015bwiadomienie sobie w\u0142asnej winy i&nbsp;\u015bwiadomo\u015b\u0107, \u017ce&nbsp;bez&nbsp;przebaczenia nie&nbsp;ma&nbsp;szansy na&nbsp;zmian\u0119. [\u2026] Przebaczanie skierowane jest w&nbsp;przesz\u0142o\u015b\u0107. Oznacza prac\u0119 nad&nbsp;pami\u0119ci\u0105, kt\u00f3ra&nbsp;nie&nbsp;jest zapomnieniem, lecz&nbsp;swoist\u0105 terapi\u0105 \u2013 uwolnieniem si\u0119 od&nbsp;obsesji, wrogo\u015bci i&nbsp;ch\u0119ci rewan\u017cu. Wybaczanie, jak m\u00f3wi Paul Ricoeur, ma&nbsp;warto\u015b\u0107 lecznicz\u0105 \u2013 \u2018niszczy d\u0142ug\u2019. Pojednanie natomiast zwr\u00f3cone jest w&nbsp;przysz\u0142o\u015b\u0107. Stanowi wyraz odpowiedzialno\u015bci za&nbsp;pokojowe wsp\u00f3\u0142\u017cycie nast\u0119pnych pokole\u0144. Jest odej\u015bciem od&nbsp;koncentracji uwagi na&nbsp;sobie i&nbsp;skierowaniem si\u0119 ku&nbsp;dobru og\u00f3\u0142u<a class=\"extlink https\" style=\"color: #000000;\" href=\"https:\/\/monitorkonstytucyjny.eu\/archiwa\/21631%22%20\/l%20%22sdfootnote6sym\">6<\/a>.<\/span><\/strong><\/p><\/blockquote>\n<p style=\"text-align: left;\"><span style=\"color: #000080;\">Zbiorowe wybaczenie jest aktem pozaprawnym, w&nbsp;kt\u00f3rym&nbsp;dana grupa (spo\u0142ecze\u0144stwo, nar\u00f3d) przyznaje si\u0119 publicznie do&nbsp;uczynionego z\u0142a, \u017ca\u0142uje\/ubolewa i&nbsp;prosi o&nbsp;wybaczenie. Z&nbsp;kolei pojednanie wynika ze&nbsp;spo\u0142ecznej potrzeby i&nbsp;troski o&nbsp;przysz\u0142o\u015b\u0107. Terminy te&nbsp;maj\u0105 wymiar moralny i&nbsp;polityczny, a&nbsp;nie&nbsp;finansowy lub rzeczowy (jak w&nbsp;przypadku reparacji lub restytucji). Debata na&nbsp;temat politycznych i&nbsp;historycznych aspekt\u00f3w nie&nbsp;wymaga, by&nbsp;panowa\u0142a w&nbsp;tym zakresie po&nbsp;obu stronach ca\u0142kowita zgoda jako warunek niezb\u0119dny i&nbsp;konieczny dla wybaczenia i&nbsp;pojednania.<\/span><\/p>\n<p style=\"text-align: left;\"><span style=\"color: #000080;\">Niezale\u017cnie od&nbsp;pr\u00f3by zdefiniowania poj\u0119\u0107, odpowiedzi na&nbsp;niekt\u00f3re pytania pozostaj\u0105 otwarte. Przyk\u0142adowo: czy&nbsp;istniej\u0105 winy niewybaczalne?<a id=\"post-220552-sdfootnote7anc\" style=\"color: #000080;\"><\/a><a class=\"extlink https\" style=\"color: #000080;\" href=\"https:\/\/monitorkonstytucyjny.eu\/archiwa\/21631%22%20\/l%20%22sdfootnote7sym\">7<\/a>&nbsp;Czy&nbsp;pro\u015bba o&nbsp;wybaczenie winna stanowi\u0107 faz\u0119 ko\u0144cow\u0105 procesu pojednania (wszak pod&nbsp;warunkiem wcze\u015bniejszego wyra\u017cenia skruchy i&nbsp;\u017calu), czy&nbsp;te\u017c mia\u0142aby by\u0107 pocz\u0105tkiem pojednania? Czy&nbsp;mo\u017cliwe jest pojednanie bez&nbsp;wybaczenia? Czy&nbsp;wybaczenie zawsze prowadzi do&nbsp;pojednania?<\/span><\/p>\n<p style=\"text-align: left;\"><span style=\"color: #000080;\">Trzeba uwzgl\u0119dni\u0107, \u017ce&nbsp;wybaczenie i&nbsp;pojednanie przynios\u0105 owoce tylko&nbsp;wtedy, gdy&nbsp;opiera\u0107 si\u0119 b\u0119d\u0105 na&nbsp;w&nbsp;miar\u0119 szerokim konsensie spo\u0142ecznym, dialogu w&nbsp;prawdzie oraz&nbsp;wtedy, gdy&nbsp;zostan\u0105 zaakceptowane przez&nbsp;obie strony<a id=\"post-220552-sdfootnote8anc\" style=\"color: #000080;\"><\/a><a class=\"extlink https\" style=\"color: #000080;\" href=\"https:\/\/monitorkonstytucyjny.eu\/archiwa\/21631%22%20\/l%20%22sdfootnote8sym\">8<\/a>. W&nbsp;przeciwnym razie pozostan\u0105 tylko&nbsp;pustymi sloganami.<\/span><\/p>\n<h1 style=\"text-align: center;\"><span style=\"color: #000000;\">VI.<\/span><\/h1>\n<p class=\"has-drop-cap has-custom-weight has-custom-lineheight\" style=\"text-align: left;\">P<span style=\"color: #000080;\">rzedstawione powy\u017cej kwestie winy i&nbsp;odpowiedzialno\u015bci jednostek, narod\u00f3w i&nbsp;pa\u0144stw s\u0105&nbsp;w&nbsp;praktyce niezwykle skomplikowane. Ka\u017cdy nar\u00f3d musi rozliczy\u0107 si\u0119 z&nbsp;w\u0142asn\u0105 przesz\u0142o\u015bci\u0105, co&nbsp;nie&nbsp;zawsze jest \u0142atwe, zw\u0142aszcza przy braku demokratycznych struktur.<\/span><\/p>\n<p style=\"text-align: left;\"><span style=\"color: #000080;\">W&nbsp;dziejach ka\u017cdego narodu s\u0105&nbsp;chwile, w&nbsp;kt\u00f3rych&nbsp;pasywno\u015b\u0107, a&nbsp;zw\u0142aszcza \u201eg\u0142o\u015bne\u201d milczenie, prowadzi do&nbsp;historyczno-politycznej odpowiedzialno\u015bci za&nbsp;z\u0142o. Dyktatorzy i&nbsp;przest\u0119pcy korzystaj\u0105 skwapliwie z&nbsp;bierno\u015bci obywateli, a&nbsp;tak\u017ce z&nbsp;tzw. realnej polityki demokratycznych pa\u0144stw. Podzieli\u0107 nale\u017cy pogl\u0105d Gesine Schwan, \u017ce&nbsp;psychologiczne i&nbsp;moralne skutki przemilcze\u0144 szkodz\u0105 kolejnym pokoleniom<a id=\"post-220552-sdfootnote9anc\" style=\"color: #000080;\"><\/a><a class=\"extlink https\" style=\"color: #000080;\" href=\"https:\/\/monitorkonstytucyjny.eu\/archiwa\/21631%22%20\/l%20%22sdfootnote9sym\">9<\/a>.<\/span><\/p>\n<p class=\"has-custom-weight\" style=\"text-align: left;\"><span style=\"color: #000080;\">Prezydent RFN, Richard von Weizs\u00e4cker, stwierdzi\u0142 w&nbsp;swoim przem\u00f3wieniu z&nbsp;8 maja 1985 r.:<\/span><\/p>\n<blockquote class=\"wp-block-quote\">\n<p style=\"text-align: left;\"><span style=\"color: #000000;\"><strong>My&nbsp;wszyscy \u2013 winni albo&nbsp;niewinni, starzy albo&nbsp;m\u0142odzi \u2013 musimy przyj\u0105\u0107 dziedzictwo przesz\u0142o\u015bci. Nas wszystkich dotykaj\u0105 jej skutki, za&nbsp;kt\u00f3re ponosimy odpowiedzialno\u015b\u0107. [\u2026] Nie&nbsp;chodzi o&nbsp;to, by&nbsp;przezwyci\u0119\u017cy\u0107 przesz\u0142o\u015b\u0107, co&nbsp;jest niemo\u017cliwe. Nie&nbsp;mo\u017cna jej zmieni\u0107 ani uzna\u0107 za&nbsp;nieby\u0142\u0105. Kto zamyka oczy na&nbsp;przesz\u0142o\u015b\u0107, ten staje si\u0119 \u015blepy na&nbsp;tera\u017aniejszo\u015b\u0107. Kto nie&nbsp;chce pami\u0119ta\u0107 o&nbsp;nieludzkich zachowaniach, ten staje si\u0119 podatny na&nbsp;zara\u017cenie nowymi zagro\u017ceniami. [\u2026] Z&nbsp;tego te\u017c wzgl\u0119du musimy zrozumie\u0107, i\u017c&nbsp;pami\u0119\u0107 jest przes\u0142ank\u0105 pojednania<a class=\"extlink https\" style=\"color: #000000;\" href=\"https:\/\/monitorkonstytucyjny.eu\/archiwa\/21631%22%20\/l%20%22sdfootnote10sym\">10<\/a>.<\/strong><\/span><\/p>\n<\/blockquote>\n<p style=\"text-align: left;\"><span style=\"color: #000080;\">W&nbsp;kontek\u015bcie postaw Polak\u00f3w wobec eksterminacji \u017byd\u00f3w w&nbsp;czasie drugiej wojny \u015bwiatowej warto te\u017c przypomnie\u0107 g\u0142os Jana B\u0142o\u0144skiego:<\/span><\/p>\n<blockquote class=\"wp-block-quote\"><p><span style=\"color: #000000;\"><strong>Kraj ojczysty nie&nbsp;jest hotelem, w&nbsp;kt\u00f3rym&nbsp;do\u015b\u0107 sprz\u0105tn\u0105\u0107 brudy po&nbsp;przypadkowych go\u015bciach. Zbudowany jest przede wszystkim z&nbsp;pami\u0119ci, inaczej m\u00f3wi\u0105c, jeste\u015bmy sob\u0105 tylko&nbsp;dzi\u0119ki pami\u0119ci o&nbsp;przesz\u0142o\u015bci. T\u0105&nbsp;przesz\u0142o\u015bci\u0105 nie&nbsp;mo\u017cemy dowolnie rozporz\u0105dza\u0107, chocia\u017c \u2013 jako jednostki \u2013 nie&nbsp;jeste\u015bmy za&nbsp;t\u0119&nbsp;przesz\u0142o\u015b\u0107 bezpo\u015brednio odpowiedzialni. Musimy nosi\u0107 j\u0105&nbsp;w&nbsp;sobie, chocia\u017c bywa to&nbsp;przykre czy&nbsp;bolesne. [\u2026] Musimy ca\u0142kiem szczerze, ca\u0142kiem uczciwie stan\u0105\u0107 wobec pytania o&nbsp;wsp\u00f3\u0142odpowiedzialno\u015b\u0107. Nie&nbsp;ma&nbsp;co&nbsp;ukrywa\u0107: to&nbsp;jest jedno z&nbsp;najbole\u015bniejszych pyta\u0144, przed&nbsp;kt\u00f3rym&nbsp;mo\u017cemy stan\u0105\u0107. [\u2026] Wsp\u00f3\u0142udzia\u0142 i&nbsp;wsp\u00f3\u0142wina to&nbsp;nie&nbsp;jest to&nbsp;samo. Mo\u017cna by\u0107 wsp\u00f3\u0142winnym, nie&nbsp;bior\u0105c udzia\u0142u w&nbsp;zbrodni. Najpierw przez&nbsp;zaniechanie czy&nbsp;przeciwdzia\u0142anie niedostateczne. A&nbsp;kto mo\u017ce powiedzie\u0107, \u017ce&nbsp;by\u0142o ono w&nbsp;Polsce dostateczne? W\u0142a\u015bnie dlatego, \u017ce&nbsp;dostateczne nie&nbsp;by\u0142o, sk\u0142adamy ho\u0142d i&nbsp;otaczamy czci\u0105 tych wszystkich, kt\u00f3rzy&nbsp;to&nbsp;heroiczne ryzyko podj\u0119li. Chocia\u017c dziwnie to&nbsp;zabrzmi, nie&nbsp;wykluczone, \u017ce&nbsp;ta&nbsp;wsp\u00f3\u0142wina przez&nbsp;zaniechanie jest mniej istotna dla naszego pytania. Gdyby\u015bmy bowiem \u2013 w&nbsp;przesz\u0142o\u015bci \u2013 post\u0119powali m\u0105drzej, szlachetniej, bardziej po&nbsp;chrze\u015bcija\u0144sku, ludob\u00f3jstwo by\u0142oby zapewne \u2018mniej do&nbsp;pomy\u015blenia\u2019, by\u0142oby prawdopodobnie utrudnione, a&nbsp;ju\u017c niew\u0105tpliwie spotka\u0142oby si\u0119 ze&nbsp;znaczniejszym oporem. Inaczej m\u00f3wi\u0105c, nie&nbsp;zarazi\u0142oby oboj\u0119tno\u015bci\u0105 i&nbsp;zdziczeniem spo\u0142ecze\u0144stwa (spo\u0142ecze\u0144stw), w&nbsp;kt\u00f3rych&nbsp;przytomno\u015bci mia\u0142o miejsce<a class=\"extlink https\" style=\"color: #000000;\" href=\"https:\/\/monitorkonstytucyjny.eu\/archiwa\/21631%22%20\/l%20%22sdfootnote11sym\">11<\/a>.<\/strong><\/span><\/p><\/blockquote>\n<p style=\"text-align: left;\"><span style=\"color: #000080;\">W&nbsp;kontek\u015bcie rozwa\u017ca\u0144 B\u0142o\u0144skiego nale\u017ca\u0142oby jedynie zast\u0105pi\u0107 termin \u201ewsp\u00f3\u0142wina\u201d trafniejszym s\u0142owem \u201ewsp\u00f3\u0142odpowiedzialno\u015b\u0107\u201d.<\/span><\/p>\n<h1 style=\"text-align: center;\"><span style=\"color: #000000;\">VII.<\/span><\/h1>\n<p class=\"has-drop-cap has-custom-weight has-custom-lineheight\" style=\"text-align: left;\"><span style=\"color: #000080;\">Kieruj\u0105c si\u0119 szale\u0144czym pomys\u0142em opanowania Europy Niemcy dokona\u0142y agresji nie&nbsp;tylko&nbsp;na&nbsp;Polsk\u0119, lecz&nbsp;na&nbsp;wiele innych pa\u0144stw. Niekt\u00f3re z&nbsp;nich mia\u0142y by\u0107 wymazane z&nbsp;mapy \u015bwiata. Dzia\u0142ania te&nbsp;nakierowane by\u0142y zw\u0142aszcza na&nbsp;eksterminacj\u0119 ludno\u015bci cywilnej. Sami Niemcy spowodowali tragiczne dla innych, ale&nbsp;r\u00f3wnie\u017c dla siebie samych konsekwencje.<\/span><\/p>\n<blockquote class=\"wp-block-quote\"><p><strong><span style=\"color: #000000;\">Kto \u015bwiadomie i&nbsp;lekkomy\u015blnie wy\u0142amuje si\u0119 z&nbsp;mi\u0119dzynarodowoprawnego porz\u0105dku, tak&nbsp;jak Niemcy w&nbsp;czasach Hitlera, ten narusza nie&nbsp;tylko&nbsp;konkretne normy, lecz&nbsp;stawia ca\u0142y ten porz\u0105dek pod&nbsp;znakiem zapytania, a&nbsp;tym samym nara\u017ca si\u0119 sam na&nbsp;pozbawienie go&nbsp;ochrony przez&nbsp;normy tego porz\u0105dku. Po&nbsp;takim naruszeniu pokoju musi doj\u015b\u0107 na&nbsp;nowo do&nbsp;jego przywr\u00f3cenia i&nbsp;wzajemnego poszanowania prawa. Nie&nbsp;mo\u017cna tego jednak z&nbsp;g\u00f3ry zak\u0142ada\u0107, traktowa\u0107 jako pewnik, a&nbsp;zw\u0142aszcza uzasadnia\u0107 tym w\u0142asnych \u017c\u0105da\u0144. Pok\u00f3j jest w\u00f3wczas mo\u017cliwy tylko&nbsp;na&nbsp;warunkach, na&nbsp;jakich da si\u0119 go&nbsp;osi\u0105gn\u0105\u0107<a class=\"extlink https\" style=\"color: #000000;\" href=\"https:\/\/monitorkonstytucyjny.eu\/archiwa\/21631%22%20\/l%20%22sdfootnote12sym\">12<\/a>.<\/span><\/strong><\/p><\/blockquote>\n<p style=\"text-align: left;\"><span style=\"color: #000080;\">Rozpocz\u0119cie wojny przez&nbsp;Niemcy okaza\u0142o si\u0119 pocz\u0105tkiem ko\u0144ca pewnej epoki i&nbsp;poci\u0105gn\u0119\u0142o za&nbsp;sob\u0105 nieodwracalne zdarzenia i&nbsp;procesy. Powr\u00f3t do&nbsp;status quo ante by\u0142 w&nbsp;1945 r. niemo\u017cliwy.<\/span><\/p>\n<p style=\"text-align: left;\"><span style=\"color: #000080;\">Indywidualna percepcja zdarze\u0144 oraz&nbsp;indywidualna wina r\u00f3\u017cni\u0105 si\u0119 od&nbsp;mi\u0119dzynarodowoprawnej odpowiedzialno\u015bci pa\u0144stwa i&nbsp;odpowiedzialno\u015bci polityczno\u2013historycznej narodu. Los obywateli pa\u0144stwa jest w&nbsp;znacznym stopniu konsekwencj\u0105 odpowiedzialno\u015bci pa\u0144stwa.<\/span><\/p>\n<p class=\"has-custom-weight\" style=\"text-align: left;\"><span style=\"color: #000080;\">Warto o&nbsp;tym wszystkim pami\u0119ta\u0107 tak\u017ce dzi\u015b \u2013 Anno Domini 2022.<\/span><\/p>\n<hr>\n<p class=\"has-text-align-right has-custom-font\" style=\"text-align: left;\"><span style=\"color: #808080;\"><em><strong>Jerzy Kranz<\/strong> &#8211;&nbsp; Profesor Akademii Leona Ko\u017ami\u0144skiego,<\/em><\/span><br \/>\n<span style=\"color: #808080;\"><em>b.&nbsp;dyrektor departamentu prawnego i&nbsp;b.&nbsp;podsekretarz stanu w&nbsp;MSZ,<\/em><\/span><br \/>\n<span style=\"color: #808080;\"><em>b.&nbsp;ambasador w&nbsp;RFN<a id=\"post-220552-sdfootnote1sym\" style=\"color: #808080;\"><\/a><\/em><\/span><\/p>\n<p class=\"has-text-align-right\" style=\"text-align: left;\"><span style=\"color: #808080;\"><em><a class=\"extlink\" style=\"color: #808080;\" href=\"http:\/\/monitorkonstytucyjny.eu\/\"><strong>Monitor Konstytucyjny<\/strong><\/a><\/em><\/span><\/p>\n<div class=\"su-divider su-divider-style-default\" style=\"text-align: left;\"><span style=\"color: #808080;\"><em><a style=\"color: #808080;\" href=\"https:\/\/studioopinii.pl\/archiwa\/220552#\">Przejd\u017a na&nbsp;pocz\u0105tek strony<\/a><\/em><\/span><\/div>\n<p style=\"text-align: left;\"><span style=\"color: #808080;\"><em><a class=\"extlink https\" style=\"color: #808080;\" href=\"https:\/\/monitorkonstytucyjny.eu\/archiwa\/21631%22%20\/l%20%22sdfootnote1anc\">1<\/a>&nbsp;J. Kranz, Ma\u0142y poradnik historyczny na&nbsp;okoliczno\u015b\u0107 wizyty rosyjskich si\u0142 pokojowych w&nbsp;rejonie Doniecka i&nbsp;\u0141uga\u0144ska \u2013 cz\u0119\u015b\u0107 1 (22\/02\/2022) \u2013&nbsp;<a class=\"extlink https\" style=\"color: #808080;\" href=\"https:\/\/monitorkonstytucyjny.eu\/archiwa\/21082\">https:\/\/monitorkonstytucyjny.eu\/archiwa\/21082<\/a>&nbsp;oraz&nbsp;cz\u0119\u015b\u0107 2 (26\/02\/2022) \u2013&nbsp;<a class=\"extlink https\" style=\"color: #808080;\" href=\"https:\/\/monitorkonstytucyjny.eu\/archiwa\/21123\">https:\/\/monitorkonstytucyjny.eu\/archiwa\/21123<\/a><a id=\"post-220552-sdfootnote2sym\" style=\"color: #808080;\"><\/a><\/em><\/span><\/p>\n<p style=\"text-align: left;\"><span style=\"color: #808080;\"><em><a class=\"extlink https\" style=\"color: #808080;\" href=\"https:\/\/monitorkonstytucyjny.eu\/archiwa\/21631%22%20\/l%20%22sdfootnote2anc\">2<\/a>&nbsp;Wysiedlenie ludno\u015bci niemieckiej w&nbsp;wyniku II&nbsp;wojny \u015bwiatowej: krzywda czy&nbsp;bezprawie?, Warszawa 2013 \u2013&nbsp;<a class=\"extlink https\" style=\"color: #808080;\" href=\"https:\/\/www.academia.edu\/5352451\/Wysiedlenie_ludno%C5%9Bci_niemieckiej_w_wyniku_II_wojny_%C5%9Bwiatowej_krzywda_czy_bezprawie\">https:\/\/www.academia.edu\/5352451\/Wysiedlenie_ludno%C5%9Bci_niemieckiej_w_wyniku_II_wojny_%C5%9Bwiatowej_krzywda_czy_bezprawie<\/a>&nbsp;(uaktualniona wersja angielska \u2013 Wollt ihr den totalen Krieg? Political, Moral and Legal Aspects of the Resettlement of German Population After World War II&nbsp;\u2013&nbsp;<a class=\"extlink https\" style=\"color: #808080;\" href=\"https:\/\/www.academia.edu\/42224936\/Wollt_ihr_den_totalen_Krieg_Political_Moral_and_Legal_Aspects_of_the_Resettlement_of_German_Population_After_World_War_II\">https:\/\/www.academia.edu\/42224936\/Wollt_ihr_den_totalen_Krieg_Political_Moral_and_Legal_Aspects_of_the_Resettlement_of_German_Population_After_World_War_II<\/a>&nbsp;)<a id=\"post-220552-sdfootnote3sym\" style=\"color: #808080;\"><\/a><\/em><\/span><\/p>\n<p style=\"text-align: left;\"><span style=\"color: #808080;\"><em><a class=\"extlink https\" style=\"color: #808080;\" href=\"https:\/\/monitorkonstytucyjny.eu\/archiwa\/21631%22%20\/l%20%22sdfootnote3anc\">3<\/a>&nbsp;K. Jaspers, Problem winy. O&nbsp;politycznej odpowiedzialno\u015bci Niemiec, Krak\u00f3w 2018 [Die Schuldfrage, Heidelberg\u2013Z\u00fcrich 1946].<a id=\"post-220552-sdfootnote4sym\" style=\"color: #808080;\"><\/a><\/em><\/span><\/p>\n<p style=\"text-align: left;\"><span style=\"color: #808080;\"><em><a class=\"extlink https\" style=\"color: #808080;\" href=\"https:\/\/monitorkonstytucyjny.eu\/archiwa\/21631%22%20\/l%20%22sdfootnote4anc\">4<\/a>&nbsp;International Law Commission. Articles on&nbsp;Responsibility of States for Internationally Wrongful Acts (2001).<a id=\"post-220552-sdfootnote5sym\" style=\"color: #808080;\"><\/a><\/em><\/span><\/p>\n<p style=\"text-align: left;\"><span style=\"color: #808080;\"><em><a class=\"extlink https\" style=\"color: #808080;\" href=\"https:\/\/monitorkonstytucyjny.eu\/archiwa\/21631%22%20\/l%20%22sdfootnote5anc\">5<\/a>&nbsp;O&nbsp;problemie winy i&nbsp;wybaczenia zob. A. Wolff\u2013Pow\u0119ska, Pami\u0119\u0107 \u2013 brzemi\u0119 i&nbsp;uwolnienie. Niemcy wobec nazistowskiej przesz\u0142o\u015bci (1945\u20132010), Pozna\u0144 2011, s. 135\u2013156.<a id=\"post-220552-sdfootnote6sym\" style=\"color: #808080;\"><\/a><\/em><\/span><\/p>\n<p style=\"text-align: left;\"><span style=\"color: #808080;\"><em><a class=\"extlink https\" style=\"color: #808080;\" href=\"https:\/\/monitorkonstytucyjny.eu\/archiwa\/21631%22%20\/l%20%22sdfootnote6anc\">6<\/a>&nbsp;A. Wolff\u2013Pow\u0119ska, Wielki dar przebaczenia, Gazeta Wyborcza, 12\u201313 listopada 2005 r.<a id=\"post-220552-sdfootnote7sym\" style=\"color: #808080;\"><\/a><\/em><\/span><\/p>\n<p style=\"text-align: left;\"><span style=\"color: #808080;\"><em><a class=\"extlink https\" style=\"color: #808080;\" href=\"https:\/\/monitorkonstytucyjny.eu\/archiwa\/21631%22%20\/l%20%22sdfootnote7anc\">7<\/a>&nbsp;Zob. S. Wiesenthal, S\u0142onecznik. Opowie\u015b\u0107 i&nbsp;komentarze, Warszawa 2000.<a id=\"post-220552-sdfootnote8sym\" style=\"color: #808080;\"><\/a><\/em><\/span><\/p>\n<p style=\"text-align: left;\"><span style=\"color: #808080;\"><em><a class=\"extlink https\" style=\"color: #808080;\" href=\"https:\/\/monitorkonstytucyjny.eu\/archiwa\/21631%22%20\/l%20%22sdfootnote8anc\">8<\/a>&nbsp;Co&nbsp;do&nbsp;relacji polsko\u2013rosyjskich zob. Wsp\u00f3lne przes\u0142anie Przewodnicz\u0105cego Konferencji Episkopatu Polski, Arcybiskupa J\u00f3zefa Michalika, Metropolity Przemyskiego, i&nbsp;Zwierzchnika Rosyjskiego Ko\u015bcio\u0142a Prawos\u0142awnego Patriarchy Moskiewskiego i&nbsp;Ca\u0142ej Rusi, Cyryla, do&nbsp;narod\u00f3w Polski i&nbsp;Rosji, Warszawa, 17 sierpnia 2012 r. Co&nbsp;do&nbsp;relacji polsko\u2013ukrai\u0144skich zob. Wsp\u00f3lna rzymskokatolicko\u2013greckokatolicka deklaracja w&nbsp;sprawie zbrodni wo\u0142y\u0144skiej (28 czerwca 2013 r.); zob. te\u017c Or\u0119dzie Synodu Biskup\u00f3w Ukrai\u0144skiej Cerkwi Greckokatolickiej do&nbsp;wiernych i&nbsp;wszystkich ludzi dobrej woli z&nbsp;okazji 70. rocznicy tragedii wo\u0142y\u0144skiej, Gazeta Wyborcza, 18 marca 2013 r.<a id=\"post-220552-sdfootnote9sym\" style=\"color: #808080;\"><\/a><\/em><\/span><\/p>\n<p style=\"text-align: left;\"><span style=\"color: #808080;\"><em><a class=\"extlink https\" style=\"color: #808080;\" href=\"https:\/\/monitorkonstytucyjny.eu\/archiwa\/21631%22%20\/l%20%22sdfootnote9anc\">9<\/a>&nbsp;G. Schwan, Politik und Schuld. Die zerst\u00f6rerische Macht des Schweigens, Frankfurt am&nbsp;Main 1997.<a id=\"post-220552-sdfootnote10sym\" style=\"color: #808080;\"><\/a><\/em><\/span><\/p>\n<p style=\"text-align: left;\"><span style=\"color: #808080;\"><em><a class=\"extlink https\" style=\"color: #808080;\" href=\"https:\/\/monitorkonstytucyjny.eu\/archiwa\/21631%22%20\/l%20%22sdfootnote10anc\">10<\/a>&nbsp;Przem\u00f3wienie Prezydenta RFN (Richard von Weizs\u00e4cker) z&nbsp;okazji 40. rocznicy zako\u0144czenia drugiej wojny \u015bwiatowej, 8 maja 1985, Berlin.<a id=\"post-220552-sdfootnote11sym\" style=\"color: #808080;\"><\/a><\/em><\/span><\/p>\n<p style=\"text-align: left;\"><span style=\"color: #808080;\"><em><a class=\"extlink https\" style=\"color: #808080;\" href=\"https:\/\/monitorkonstytucyjny.eu\/archiwa\/21631%22%20\/l%20%22sdfootnote11anc\">11<\/a>&nbsp;J. B\u0142o\u0144ski, Biedni Polacy patrz\u0105 na&nbsp;getto, Tygodnik Powszechny nr&nbsp;2\/1987 (11 stycznia 1987 r.).<a id=\"post-220552-sdfootnote12sym\" style=\"color: #808080;\"><\/a><\/em><\/span><\/p>\n<p style=\"text-align: left;\"><span style=\"color: #808080;\"><em><a class=\"extlink https\" style=\"color: #808080;\" href=\"https:\/\/monitorkonstytucyjny.eu\/archiwa\/21631%22%20\/l%20%22sdfootnote12anc\">12<\/a>&nbsp;Ein Memorandum deutscher Katholiken zu den polnisch\u2013deutschen Fragen (Das Bensberger Memorandum) vom 2. M\u00e4rz 1968, Mainz 1968, s. 13\u201314.<\/em><\/span><\/p>\n<hr style=\"height: 15px; background: #d0e6fa; width: 100%;\">\n<div id=\"content\" class=\"content-alignment\">\n<div id=\"watch-description\" class=\"yt-uix-button-panel\">\n<div id=\"watch-description-text\" style=\"text-align: center;\">\n<p><em>Zawarto\u015b\u0107 publikowanych artyku\u0142\u00f3w i materia\u0142\u00f3w nie reprezentuje pogl\u0105d\u00f3w ani opinii Reunion&#8217;68,<\/em><em><br \/>\nani te\u017c webmastera Blogu Reunion&#8217;68, chyba ze jest to wyra\u017anie zaznaczone.<br \/>\nTwoje uwagi, linki, w\u0142asne artyku\u0142y lub wiadomo\u015bci prze\u015blij na adres:<br \/>\n<\/em><span style=\"color: #000080;\"><strong><em><a style=\"color: #000080;\" href=\"mailto:webmaster@reunion68.com\"><span style=\"text-decoration: underline;\">webmaster@reunion68.com<\/span><\/a><\/em><\/strong><\/span><\/p>\n<\/div>\n<\/div>\n<\/div>\n<hr style=\"width: 100%;\">\n","protected":false},"excerpt":{"rendered":"<p>Wina i odpowiedzialno\u015b\u0107 Jerzy Kranz I. W&nbsp;tle dramatycznego konfliktu zbrojnego w&nbsp;Ukrainie oraz&nbsp;agresji dokonanej przez&nbsp;Rosj\u0119 pojawiaj\u0105 si\u0119 tak\u017ce pytania dotycz\u0105ce konkretnych zbrodni wojennych i&nbsp;zbrodni przeciwko ludzko\u015bci, kt\u00f3rych&nbsp;dokonuj\u0105 wykonawcy planu prezydenta Putina \u2013 od&nbsp;najwy\u017cszego do&nbsp;najni\u017cszego szczebla. \u201eJego Pow\u015bci\u0105gliwo\u015b\u0107\u201d papie\u017c Franciszek wyr\u00f3\u017cni\u0142 si\u0119 w&nbsp;tym kontek\u015bcie nie&nbsp;tylko&nbsp;(nie)dyplomatycznymi przemilczeniami co&nbsp;do&nbsp;sprawc\u00f3w agresji i&nbsp;zbrodni, ale&nbsp;zauwa\u017cy\u0142: Niech&nbsp;Pan zmi\u0142uje si\u0119 nad&nbsp;nami, nad&nbsp;ka\u017cdym z&nbsp;nas. Wszyscy [&hellip;]<\/p>\n","protected":false},"author":1,"featured_media":0,"comment_status":"closed","ping_status":"closed","sticky":false,"template":"","format":"standard","meta":[],"categories":[6],"tags":[26,24],"_links":{"self":[{"href":"https:\/\/www.reunion68.se\/index.php?rest_route=\/wp\/v2\/posts\/94673"}],"collection":[{"href":"https:\/\/www.reunion68.se\/index.php?rest_route=\/wp\/v2\/posts"}],"about":[{"href":"https:\/\/www.reunion68.se\/index.php?rest_route=\/wp\/v2\/types\/post"}],"author":[{"embeddable":true,"href":"https:\/\/www.reunion68.se\/index.php?rest_route=\/wp\/v2\/users\/1"}],"replies":[{"embeddable":true,"href":"https:\/\/www.reunion68.se\/index.php?rest_route=%2Fwp%2Fv2%2Fcomments&post=94673"}],"version-history":[{"count":10,"href":"https:\/\/www.reunion68.se\/index.php?rest_route=\/wp\/v2\/posts\/94673\/revisions"}],"predecessor-version":[{"id":94686,"href":"https:\/\/www.reunion68.se\/index.php?rest_route=\/wp\/v2\/posts\/94673\/revisions\/94686"}],"wp:attachment":[{"href":"https:\/\/www.reunion68.se\/index.php?rest_route=%2Fwp%2Fv2%2Fmedia&parent=94673"}],"wp:term":[{"taxonomy":"category","embeddable":true,"href":"https:\/\/www.reunion68.se\/index.php?rest_route=%2Fwp%2Fv2%2Fcategories&post=94673"},{"taxonomy":"post_tag","embeddable":true,"href":"https:\/\/www.reunion68.se\/index.php?rest_route=%2Fwp%2Fv2%2Ftags&post=94673"}],"curies":[{"name":"wp","href":"https:\/\/api.w.org\/{rel}","templated":true}]}}