{"id":94708,"date":"2022-05-29T17:00:09","date_gmt":"2022-05-29T15:00:09","guid":{"rendered":"http:\/\/www.reunion68.se\/?p=94708"},"modified":"2022-05-28T09:08:10","modified_gmt":"2022-05-28T07:08:10","slug":"29-00-67","status":"publish","type":"post","link":"https:\/\/www.reunion68.se\/?p=94708","title":{"rendered":"Symphonic Poem \u2018Auschwitz\u2019 by Greek Holocaust Survivor to Debut at Carnegie Hall Concert"},"content":{"rendered":"<h5 style=\"text-align: center;\"><a href=\"https:\/\/www.algemeiner.com\/\" target=\"_blank\" rel=\"noopener noreferrer\"><img decoding=\"async\" class=\"center alignleft\" src=\"http:\/\/www.reunion68.com\/Biuletyn\/img\/algem.png\" alt=\"\" width=\"35%\"><\/a><span style=\"text-decoration: underline; color: #000080;\"><span><strong><a style=\"color: #000080; text-decoration: underline;\" href=\"https:\/\/www.algemeiner.com\/2022\/04\/19\/symphonic-poem-auschwitz-by-greek-holocaust-survivor-to-debut-at-carnegie-hall-concert\/\" target=\"_blank\" rel=\"noopener noreferrer\">Symphonic Poem \u2018Auschwitz\u2019 by Greek Holocaust Survivor to Debut at Carnegie Hall Concert<\/a><\/strong><\/span><\/span><\/h5>\n<p style=\"text-align: center;\"><span style=\"color: #000000;\"><strong>Shiryn Ghermezian<\/strong><\/span><\/p>\n<hr style=\"height: 15px; background: #d0e6fa; width: 100%;\">\n<p style=\"text-align: center;\"><img decoding=\"async\" class=\"aligncenter\" src=\"https:\/\/www.algemeiner.com\/wp-content\/uploads\/2022\/04\/Carnegie_Hall_at_Night-1.jpg\" width=\"100%\"><span style=\"color: #808080;\"><em>Carnegie Hall. Photo: StrangeTraveler\/Wikimedia Commons.<\/em><\/span><\/p>\n<p style=\"text-align: left;\"><span style=\"color: #000080;\">A symphonic poem written by an Auschwitz survivor from Greece, who wrote the orchestral music in honor of those killed during the Holocaust, will make its debut at Carnegie Hall in New York City on Wednesday.<\/span><\/p>\n<p style=\"text-align: left;\"><span style=\"color: #000080;\">Michel Assael wrote the symphonic poem \u201cAuschwitz\u201d in 1947, after being freed from the Nazi extermination camp, but it will heard for the first time publicly&nbsp;<a style=\"color: #000080;\" href=\"https:\/\/www.carnegiehall.org\/Calendar\/2022\/04\/20\/Hymns-from-Auschwitz-A-Tribute-to-Viktor-Ullman-and-Michel-Assael-0800PM\" target=\"_blank\" rel=\"noopener noreferrer\">this week<\/a>.<\/span><\/p>\n<p style=\"text-align: left;\"><span style=\"color: #000080;\">The Carnegie Hall concert is sponsored by the Holocaust Memorial and Tolerance Center of Nassau County, and also pays tribute to Austrian composer and conductor Viktor Ullmann, who was killed in the gas chambers at Auschwitz. The event will honor two Holocaust victims \u2014 one who survived and one who was murdered.<\/span><\/p>\n<p style=\"text-align: left;\"><span style=\"color: #000080;\">\u201cIt\u2019s powerful. The first few minutes feels very unresolved and that must be the fear in the beginning of what he was trying to express,\u201d Assael\u2019s daughter, Deborah Assael-Migliore, told&nbsp;<a style=\"color: #000080;\" href=\"https:\/\/www.cbsnews.com\/newyork\/news\/holocaust-survivor-freed-from-auschwitz-writes-symphonic-poem-that-will-be-performed-wednesday-at-carnegie-hall\/\" target=\"_blank\" rel=\"noopener noreferrer\"><em>CBS News<\/em><\/a>&nbsp;after hearing her father\u2019s 100-plus-page work during a rehearsal. \u201cHis whole experience of what he told me when I was growing up, all the stories I\u2019m hearing in his musical language.\u201d<\/span><\/p>\n<p style=\"text-align: left;\"><span style=\"color: #000080;\">Assael, a Jewish musician and composer from Salonika, Greece, was deported to Auschwitz in 1943, where he played the accordion in an orchestra of prisoners. Assael\u2019s two sisters also survived the war because they were musicians performing in the group.<\/span><\/p>\n<p style=\"text-align: left;\"><span style=\"color: #000080;\">Dr. Albert Menache, a physician and fellow prisoner at Auschwitz, also played in the orchestra and recommended for Assael to join the group. After his liberation, Dr. Menache wrote a memoir, which inspired Assael to pen a score in memory of all the victims of the Holocaust. The score remained in a box since 1946, never transcribed or performed, until its recent rediscovery. Both Assael and Menache moved to New York after the war.<\/span><\/p>\n<p style=\"text-align: left;\"><span style=\"color: #000080;\">\u201cFor me, personally, I knew my father more as a bandleader, which is how he knew the entire community I grew up in, yet this is a validation of his skills as a serious composer,\u201d Assael-Migliore said to&nbsp;<em>CBS<\/em>&nbsp;about her father\u2019s work. \u201cOn some level, after he wrote a certain amount of composition, he gave up composing. So for this to happen, it\u2019s like his moment. His moment is here and it\u2019s at Carnegie Hall.\u201d<\/span><\/p>\n<hr style=\"height: 15px; background: #d0e6fa; width: 100%;\">\n<div id=\"content\" class=\"content-alignment\">\n<div id=\"watch-description\" class=\"yt-uix-button-panel\">\n<div id=\"watch-description-text\" style=\"text-align: center;\">\n<p><em>Zawarto\u015b\u0107 publikowanych artyku\u0142\u00f3w i materia\u0142\u00f3w nie reprezentuje pogl\u0105d\u00f3w ani opinii Reunion&#8217;68,<\/em><em><br \/>\nani te\u017c webmastera Blogu Reunion&#8217;68, chyba ze jest to wyra\u017anie zaznaczone.<br \/>\nTwoje uwagi, linki, w\u0142asne artyku\u0142y lub wiadomo\u015bci prze\u015blij na adres:<br \/>\n<\/em><span style=\"color: #000080;\"><strong><em><a style=\"color: #000080;\" href=\"mailto:webmaster@reunion68.com\"><span style=\"text-decoration: underline;\">webmaster@reunion68.com<\/span><\/a><\/em><\/strong><\/span><\/p>\n<\/div>\n<\/div>\n<\/div>\n<hr style=\"width: 100%;\">\n","protected":false},"excerpt":{"rendered":"<p>Symphonic Poem \u2018Auschwitz\u2019 by Greek Holocaust Survivor to Debut at Carnegie Hall Concert Shiryn Ghermezian Carnegie Hall. Photo: StrangeTraveler\/Wikimedia Commons. A symphonic poem written by an Auschwitz survivor from Greece, who wrote the orchestral music in honor of those killed during the Holocaust, will make its debut at Carnegie Hall in New York City on [&hellip;]<\/p>\n","protected":false},"author":1,"featured_media":0,"comment_status":"closed","ping_status":"closed","sticky":false,"template":"","format":"standard","meta":[],"categories":[6],"tags":[26,24],"_links":{"self":[{"href":"https:\/\/www.reunion68.se\/index.php?rest_route=\/wp\/v2\/posts\/94708"}],"collection":[{"href":"https:\/\/www.reunion68.se\/index.php?rest_route=\/wp\/v2\/posts"}],"about":[{"href":"https:\/\/www.reunion68.se\/index.php?rest_route=\/wp\/v2\/types\/post"}],"author":[{"embeddable":true,"href":"https:\/\/www.reunion68.se\/index.php?rest_route=\/wp\/v2\/users\/1"}],"replies":[{"embeddable":true,"href":"https:\/\/www.reunion68.se\/index.php?rest_route=%2Fwp%2Fv2%2Fcomments&post=94708"}],"version-history":[{"count":4,"href":"https:\/\/www.reunion68.se\/index.php?rest_route=\/wp\/v2\/posts\/94708\/revisions"}],"predecessor-version":[{"id":94963,"href":"https:\/\/www.reunion68.se\/index.php?rest_route=\/wp\/v2\/posts\/94708\/revisions\/94963"}],"wp:attachment":[{"href":"https:\/\/www.reunion68.se\/index.php?rest_route=%2Fwp%2Fv2%2Fmedia&parent=94708"}],"wp:term":[{"taxonomy":"category","embeddable":true,"href":"https:\/\/www.reunion68.se\/index.php?rest_route=%2Fwp%2Fv2%2Fcategories&post=94708"},{"taxonomy":"post_tag","embeddable":true,"href":"https:\/\/www.reunion68.se\/index.php?rest_route=%2Fwp%2Fv2%2Ftags&post=94708"}],"curies":[{"name":"wp","href":"https:\/\/api.w.org\/{rel}","templated":true}]}}