{"id":9475,"date":"2014-11-24T19:00:16","date_gmt":"2014-11-24T17:00:16","guid":{"rendered":"http:\/\/www.reunion68.se\/?p=9475"},"modified":"2014-11-24T16:07:10","modified_gmt":"2014-11-24T14:07:10","slug":"9475","status":"publish","type":"post","link":"https:\/\/www.reunion68.se\/?p=9475","title":{"rendered":"Czy na cmentarzu \u017cydowskim w Grodzisku Maz. powstanie osiedle?"},"content":{"rendered":"<h5 style=\"text-align: center;\"><a href=\"http:\/\/www.sztetl.org.pl\/\" target=\"_blank\"><img decoding=\"async\" class=\"center alignleft\" src=\"http:\/\/www.reunion68.com\/Biuletyn\/img\/w-sz.jpg\" alt=\"\" \/><\/a><span style=\"text-decoration: underline; color: #000080;\"><span style=\"text-decoration: underline;\"><strong><a style=\"color: #000080; text-decoration: underline;\" href=\"http:\/\/www.sztetl.org.pl\/pl\/cms\/aktualnosci\/4401,czy-na-cmentarzu-zydowskim-w-grodzisku-maz-powstanie-osiedle-\/\" target=\"_blank\">Czy na cmentarzu \u017cydowskim w Grodzisku Maz. powstanie osiedle?<\/a><\/strong><\/span><\/span><\/h5>\n<p style=\"text-align: center;\"><span style=\"color: #333333;\"><strong>Krzysztof Bielawski<\/strong><\/span><\/p>\n<hr style=\"height: 15px; background: #d0e6fa; width: 710px;\" \/>\n<div style=\"width: 360px\" class=\"wp-caption alignright\"><a href=\"http:\/\/www.sztetl.org.pl\/getimage.php?c=OBRAZY&amp;x=800&amp;y=500&amp;file=obraz_5711.jpg\"><img decoding=\"async\" src=\"http:\/\/www.sztetl.org.pl\/getimage.php?c=OBRAZY&amp;x=800&amp;y=500&amp;file=obraz_5711.jpg\" alt=\"\" width=\"350\" \/><\/a><p class=\"wp-caption-text\"><span style=\"color: #000080;\"><em>Punkt skupu z\u0142omu na cmentarzu \u017cydowskim w Grodzisku Maz. (foto: K. Bielawski)<\/em><\/span><\/p><\/div>\n<p><strong><span style=\"color: #333333;\">W pi\u0105tek burz\u0119 wywo\u0142a\u0142 nasz artyku\u0142 o bezczeszczeniu cmentarza w Sobieniach-Jeziorach. Dzi\u015b niepokoj\u0105ce wie\u015bci przekaza\u0142 nam Robert Augustyniak \u2013 spo\u0142ecznik z Grodziska Mazowieckiego.<\/span><\/strong><\/p>\n<p style=\"text-align: left;\"><span style=\"color: #000080;\">Grodziska Rada Miejska przygotowuje projekt planu zagospodarowania przestrzennego dla p\u00f3\u0142nocnej cz\u0119\u015bci miasta. Znajduje si\u0119 tam tak\u017ce cmentarz \u017cydowski.<\/span><\/p>\n<p style=\"text-align: left;\"><span style=\"color: #000080;\">Cmentarz zdewastowali Niemcy w czasie wojny. Pod koniec lat czterdziestych oko\u0142o 80% powierzchni cmentarza zaj\u0119\u0142a Gminna Sp\u00f3\u0142dzielnia \u201eSamopomoc Ch\u0142opska\u201d na sk\u0142ad maszyn i materia\u0142\u00f3w budowlanych. Przez ostatnie lata mie\u015bci\u0142 si\u0119 tam punkt skupu z\u0142omu.<\/span><\/p>\n<p style=\"text-align: left;\"><span style=\"color: #000080;\">Grodziscy radni chc\u0105 przeznaczy\u0107 ten plac pod \u201ezabudow\u0119 mieszkaniow\u0105 wielorodzinn\u0105\u201d. Wy\u0142\u0105czony jest z niej ogrodzony skrawek cmentarza, ale i tak nowe osiedle powsta\u0142oby na setkach grob\u00f3w. Prace ziemne oznacza\u0142yby ich zniszczenie. Plan zagospodarowania przestrzennego nie przewiduje r\u00f3wnie\u017c zabezpieczenia przedwojennej bramy cmentarnej z hebrajskimi napisami, kt\u00f3ra stoi teraz po\u015brodku skupu z\u0142omu.<\/span><\/p>\n<p style=\"text-align: left;\"><span style=\"color: #000080;\">Od kilku lat w Grodzisku Maz. odbywaj\u0105 s\u0105 festiwale kultury \u017cydowskiej. \u017byczliwe wsparcie organizatorom zawsze okazywa\u0142 burmistrz Grzegorz Benedykci\u0144ski. Pozostaje mie\u0107 nadziej\u0119, \u017ce nie zignoruje sprawy cmentarza w mie\u015bcie, w kt\u00f3rym w XIX w. \u017bydzi stanowili 87% mieszka\u0144c\u00f3w.<\/span><\/p>\n<p style=\"text-align: left;\"><span style=\"color: #000080;\">Robert Augustyniak chce zg\u0142osi\u0107 zastrze\u017cenia do planu zagospodarowania przestrzennego. O problemie powiadomili\u015bmy te\u017c Komisj\u0119 Rabiniczn\u0105 do spraw Cmentarzy.<\/span><\/p>\n<hr style=\"height: 15px; background: #d0e6fa; width: 710px;\" \/>\n<div id=\"content\" class=\"  content-alignment&lt;br \/&gt;&lt;br \/&gt; \">\n<div id=\"watch-description\" class=\"yt-uix-button-panel\">\n<div id=\"watch-description-text\">\n<p style=\"text-align: center;\"><span style=\"color: #808080;\"> twoje uwagi, linki, wlasne artykuly, lub wiadomosci przeslij do: <strong><span style=\"text-decoration: underline;\"><span style=\"color: #808080; text-decoration: underline;\"><a href=\"mailto:webmaster@reunion68.com\">webmaster@reunion68.com<\/a><\/span><\/span><\/strong><\/span><\/p>\n<\/div>\n<\/div>\n<\/div>\n<p>&nbsp;<\/p>\n<hr style=\"width: 710px;\" \/>\n","protected":false},"excerpt":{"rendered":"<p>Czy na cmentarzu \u017cydowskim w Grodzisku Maz. powstanie osiedle? Krzysztof Bielawski W pi\u0105tek burz\u0119 wywo\u0142a\u0142 nasz artyku\u0142 o bezczeszczeniu cmentarza w Sobieniach-Jeziorach. Dzi\u015b niepokoj\u0105ce wie\u015bci przekaza\u0142 nam Robert Augustyniak \u2013 spo\u0142ecznik z Grodziska Mazowieckiego. Grodziska Rada Miejska przygotowuje projekt planu zagospodarowania przestrzennego dla p\u00f3\u0142nocnej cz\u0119\u015bci miasta. Znajduje si\u0119 tam tak\u017ce cmentarz \u017cydowski. Cmentarz zdewastowali Niemcy [&hellip;]<\/p>\n","protected":false},"author":1,"featured_media":0,"comment_status":"closed","ping_status":"closed","sticky":false,"template":"","format":"standard","meta":[],"categories":[4],"tags":[24],"_links":{"self":[{"href":"https:\/\/www.reunion68.se\/index.php?rest_route=\/wp\/v2\/posts\/9475"}],"collection":[{"href":"https:\/\/www.reunion68.se\/index.php?rest_route=\/wp\/v2\/posts"}],"about":[{"href":"https:\/\/www.reunion68.se\/index.php?rest_route=\/wp\/v2\/types\/post"}],"author":[{"embeddable":true,"href":"https:\/\/www.reunion68.se\/index.php?rest_route=\/wp\/v2\/users\/1"}],"replies":[{"embeddable":true,"href":"https:\/\/www.reunion68.se\/index.php?rest_route=%2Fwp%2Fv2%2Fcomments&post=9475"}],"version-history":[{"count":15,"href":"https:\/\/www.reunion68.se\/index.php?rest_route=\/wp\/v2\/posts\/9475\/revisions"}],"predecessor-version":[{"id":9483,"href":"https:\/\/www.reunion68.se\/index.php?rest_route=\/wp\/v2\/posts\/9475\/revisions\/9483"}],"wp:attachment":[{"href":"https:\/\/www.reunion68.se\/index.php?rest_route=%2Fwp%2Fv2%2Fmedia&parent=9475"}],"wp:term":[{"taxonomy":"category","embeddable":true,"href":"https:\/\/www.reunion68.se\/index.php?rest_route=%2Fwp%2Fv2%2Fcategories&post=9475"},{"taxonomy":"post_tag","embeddable":true,"href":"https:\/\/www.reunion68.se\/index.php?rest_route=%2Fwp%2Fv2%2Ftags&post=9475"}],"curies":[{"name":"wp","href":"https:\/\/api.w.org\/{rel}","templated":true}]}}