{"id":94755,"date":"2022-04-24T17:09:09","date_gmt":"2022-04-24T15:09:09","guid":{"rendered":"http:\/\/www.reunion68.se\/?p=94755"},"modified":"2022-04-22T14:55:01","modified_gmt":"2022-04-22T12:55:01","slug":"01-09-63","status":"publish","type":"post","link":"https:\/\/www.reunion68.se\/?p=94755","title":{"rendered":"Wielki rosyjski energetyczny przekr\u0119t"},"content":{"rendered":"<p style=\"text-align: center;\"><img decoding=\"async\" src=\"https:\/\/www.gatestoneinstitute.org\/pics\/2273.jpg\" width=\"100%\" \/><span style=\"color: #808080;\"><em>Na zdj\u0119ciu: Rosyjski prezydent W\u0142adimir Putin przemawia na szczycie Klubu Energii podczas Mi\u0119dzynarodowego Forum Ekonomicznego w St. Petersburgu 21 czerwca 2013 roku. (Zdj\u0119cie: Michai\u0142 Klimentie\/RIA-Novosti\/AFP via Getty Images)<\/em><\/span><\/p>\n<hr \/>\n<h5 style=\"text-align: center;\"><a href=\"https:\/\/pl.gatestoneinstitute.org\/\" target=\"_blank\" rel=\"noopener noreferrer\"><img decoding=\"async\" class=\"center alignleft\" src=\"https:\/\/pl.gatestoneinstitute.org\/images\/gatestone-logo-1000.gif\" alt=\"\" width=\"50%\" \/><\/a><span style=\"text-decoration: underline; color: #000080;\"><strong><a style=\"color: #000080; text-decoration: underline;\" href=\"https:\/\/pl.gatestoneinstitute.org\/18456\/wielki-rosyjski-energetyczny-przekret\" target=\"_blank\" rel=\"noopener noreferrer\">Wielki rosyjski energetyczny przekr\u0119t<\/a><\/strong><\/span><\/h5>\n<p style=\"text-align: center;\"><span style=\"color: #000000;\"><strong> Giulio Meotti<\/strong><\/span><\/p>\n<p><span style=\"color: #808080;\">T\u0142umaczenie: <\/span><strong>Ma\u0142gorzata Koraszewska<\/strong><\/p>\n<hr style=\"height: 15px; background: #d0e6fa; width: 100%;\" \/>\n<p style=\"text-align: left;\"><span style=\"color: #000080;\">&#8220;Z szybko zbli\u017caj\u0105c\u0105 si\u0119 zim\u0105 Europa znajduje si\u0119 w kryzysie energetycznym \u2013 i polega na \u0142asce rosyjskiego dyktatora, W\u0142adimira Putina. Jest to samodzielnie sprowokowana katastrofa, kt\u00f3rej przygotowanie trwa\u0142o latami&#8221;.<\/span><\/p>\n<p style=\"text-align: left;\"><span style=\"color: #000080;\">Tak zaczyna\u0142 si\u0119\u00a0<a style=\"color: #000080;\" href=\"https:\/\/www.wsj.com\/articles\/the-wests-energy-masochism-russia-vladimir-putin-europe-11634675580\" target=\"_blank\" rel=\"noopener noreferrer\">artyku\u0142<\/a>\u00a0redakcyjny z pa\u017adziernika 2021 roku w &#8220;Wall Street Journal&#8221;, zanim Rosja zacz\u0119\u0142a gromadzi\u0107 \u017co\u0142nierzy na ukrai\u0144skiej granicy i kiedy \u017caden analityk ani think tank nie wyobra\u017ca\u0142 sobie, \u017ce to co by\u0142o w\u00f3wczas niewyobra\u017calne, jest tu\u017c za rogiem. Dalej w artykule czytamy:<\/span><\/p>\n<blockquote>\n<p style=\"text-align: left;\"><strong>&#8220;Europejscy przyw\u00f3dcy wybrali kalectwo w dziedzinie energii w imi\u0119 programu klimatycznego, kt\u00f3ry nie wp\u0142ynie na klimat, ale podnosi ceny energii, szkodzi konsumentom i przemys\u0142owi, i wzmacnia zbir\u00f3w na Kremlu.<\/strong><\/p>\n<p style=\"text-align: left;\"><strong>Wielka Brytania i Unia Europejska zobowi\u0105za\u0142y si\u0119 do zerowych emisji netto gaz\u00f3w cieplarnianych do roku 2050, do zamykania elektrowni w\u0119glowych i pakowania miliard\u00f3w w projekty s\u0142oneczne i wiatrowe. Niemcy i kilka innych kraj\u00f3w europejskich zakaza\u0142y szczelinowania. Zamieni\u0142o to przyw\u00f3dc\u00f3w europejskich w odpowiednik XVI-wiecznych \u017ceglarzy, kt\u00f3rzy modlili si\u0119 o przychylne wiatry i pogod\u0119, podczas gdy ceny energii podnosz\u0105 si\u0119 i\u00a0<a href=\"https:\/\/www.bloomberg.com\/news\/articles\/2021-10-19\/european-gas-prices-drop-on-windy-and-mild-weather-forecasts\" target=\"_blank\" rel=\"noopener noreferrer\">spadaj\u0105<\/a>\u00a0zale\u017cnie od stopnia zachmurzenia i si\u0142y wiatru.<\/strong><\/p>\n<p style=\"text-align: left;\"><strong>Niemcy zaszkodzi\u0142y sobie tak\u017ce, kiedy kanclerz Angela Merkel\u00a0<a href=\"https:\/\/apnews.com\/article\/technology-europe-government-and-politics-environment-and-nature-nuclear-power-e465171848cb6e744920367dcc142658\" target=\"_blank\" rel=\"noopener noreferrer\">postanowi\u0142a<\/a>\u00a0zlikwidowa\u0107 elektrownie j\u0105drowe, reaguj\u0105c przesadnie na wypadek w Fukushimie w 2011 roku&#8221;<\/strong><\/p>\n<\/blockquote>\n<p style=\"text-align: left;\"><span style=\"color: #000080;\">Konstantin Kosaczew, wp\u0142ywowy rosyjski ustawodawca,\u00a0<a style=\"color: #000080;\" href=\"https:\/\/www.bloomberg.com\/news\/articles\/2021-10-19\/russia-signals-europe-won-t-get-extra-gas-without-nord-stream-2\" target=\"_blank\" rel=\"noopener noreferrer\">powiedzia\u0142<\/a>\u00a0wcze\u015bniej grupie medialnej\u00a0<i>Bloomberg<\/i>, \u017ce &#8220;nie mo\u017cemy ruszy\u0107 na ratunek tylko po to, by kompensowa\u0107 koszty b\u0142\u0119d\u00f3w, kt\u00f3rych nie pope\u0142nili\u015bmy&#8221;. Taka surowa uczciwo\u015b\u0107 bole\u015bnie kontrastowa\u0142a z europejsk\u0105 naiwno\u015bci\u0105.<\/span><\/p>\n<p style=\"text-align: left;\"><span style=\"color: #000080;\">Przewodnicz\u0105ca Komisji Europejskiej, Ursula von der Leyen,\u00a0<a style=\"color: #000080;\" href=\"https:\/\/www.gatestoneinstitute.org\/18399\/activists%20from%20the%20Greta%20Thunberg-inspired%20Fridays%20for%20Future%20movement\" target=\"_blank\" rel=\"noopener noreferrer\">spotka\u0142a<\/a>\u00a0si\u0119 niedawno z aktywistami z inspirowanego przez Gret\u0119 Thunberg ruchu &#8220;Fridays for Future&#8221;, mimo odpowiedzialno\u015bci tych \u015brodowiskowc\u00f3w za energetyczny masochizm Europy, jak nazwa\u0142 to &#8220;Wall Street Journal&#8221; w innym\u00a0<a style=\"color: #000080;\" href=\"https:\/\/www.wsj.com\/articles\/a-lesson-in-energy-masochism-europe-natural-gas-russia-vladimir-putin-11646170129\" target=\"_blank\" rel=\"noopener noreferrer\">artykule redakcyjnym<\/a>.<\/span><\/p>\n<p style=\"text-align: left;\"><span style=\"color: #000080;\">Autor\u00a0<a style=\"color: #000080;\" href=\"https:\/\/www.foxnews.com\/media\/author-blasts-green-delusions-western-countries-empowered-putin-energy-advantage-europe\" target=\"_blank\" rel=\"noopener noreferrer\">Michael Shellenberger<\/a>, kt\u00f3ry tak\u017ce ostro krytykuje polityk\u0119 klimatyczn\u0105 Europy, napisa\u0142 niedawno w po\u015bcie w\u00a0<a style=\"color: #000080;\" href=\"https:\/\/bariweiss.substack.com\/p\/the-wests-green-delusions-empowered?s=r\" target=\"_blank\" rel=\"noopener noreferrer\">Substack<\/a>\u00a0zatytu\u0142owanym &#8220;Zielone urojenie Europy da\u0142o si\u0142\u0119 Putinowi&#8221;:<\/span><\/p>\n<blockquote>\n<p style=\"text-align: left;\"><strong>&#8220;Kiedy Zach\u00f3d wpad\u0142 w hipnotyczny trans o uzdrowieniu swoich stosunk\u00f3w z natur\u0105, zapobiegni\u0119ciu klimatycznej apokalipsie i oddawaniu czci nastolatce o imieniu Greta, W\u0142adimir Putin dokonywa\u0142 swoich posuni\u0119\u0107&#8221;.<\/strong><\/p>\n<\/blockquote>\n<p style=\"text-align: left;\"><span style=\"color: #000080;\">Jeden z powod\u00f3w katastrofalnych wybor\u00f3w energetycznych Niemiec \u2013 rosyjski gaz i chi\u0144skie panele s\u0142oneczne zamiast krajowej energii j\u0105drowej i produkcji paliw kopalnych &#8211; ujawni\u0142 Fabien Bougl\u00e9 w ksi\u0105\u017cce\u00a0<i>Nucl\u00e9aire, les v\u00e9rit\u00e9s cach\u00e9es<\/i>\u00a0(&#8220;Energia j\u0105drowa, ukryta prawda&#8221;). W niedawnym\u00a0<a style=\"color: #000080;\" href=\"https:\/\/www.lefigaro.fr\/vox\/societe\/crise-de-l-energie-le-livre-choc-qui-rehabilite-le-nucleaire-face-a-l-eolien-20211005\" target=\"_blank\" rel=\"noopener noreferrer\">wywiadzie<\/a>\u00a0dla &#8220;Le Figaro&#8221; powiedzia\u0142:<\/span><\/p>\n<blockquote>\n<p style=\"text-align: left;\"><strong>&#8220;Moje badania pokaza\u0142y wyra\u017anie, \u017ce Niemcy prowadzi\u0142y ekonomiczn\u0105 wojn\u0119 przeciwko francuskiej energii j\u0105drowej. W zwi\u0105zku z tym przez lata nasi s\u0105siedzi za pomoc\u0105 antynuklearnych i \u015brodowiskowych NGO starali si\u0119 oczerni\u0107 nasz przemys\u0142 j\u0105drowy na naszej ziemi, a tak\u017ce w Brukseli. Armia niemieckich lobbyst\u00f3w pracuje z Komisj\u0105 Europejsk\u0105, by nie dopu\u015bci\u0107 do wpisania francuskiej energii j\u0105drowej na list\u0119 dzia\u0142a\u0144 uznanych za &#8216;zielone&#8217; z powodu jej niskow\u0119glowej natury&#8221;.<\/strong><\/p>\n<\/blockquote>\n<p style=\"text-align: left;\"><span style=\"color: #000080;\">Jesieni\u0105 2021 roku COP26, konferencja klimatyczna ONZ, przedstawia\u0142a groteskowy spektakl: rodzaj ekologicznego Wersalu. Bogaci, pot\u0119\u017cni i cnotliwi tego \u015bwiata zgromadzili si\u0119 w Glasgow, by prawi\u0107 obywatelom zachodnich kraj\u00f3w o tym, jak bardzo szkodzimy planecie naszym stylem \u017cycia. Przybyli swoimi prywatnymi odrzutowcami, by narzeka\u0107 na emisje przemys\u0142u lotniczego. G\u0142\u00f3wny doradca naukowy brytyjskiego rz\u0105du,\u00a0<a style=\"color: #000080;\" href=\"https:\/\/www.newscientist.com\/article\/2295076-eat-less-meat-and-fly-less-to-help-climate-says-patrick-vallance\/\" target=\"_blank\" rel=\"noopener noreferrer\">Patrick Vallance<\/a>, powiedzia\u0142, \u017ce wszyscy powinni je\u015b\u0107 mniej mi\u0119sa i mniej lata\u0107 samolotami. A potem przysz\u0142a informacja, \u017ce\u00a0<a style=\"color: #000080;\" href=\"https:\/\/www.dailyrecord.co.uk\/news\/scottish-news\/private-jets-flying-cop26-blast-25338840\" target=\"_blank\" rel=\"noopener noreferrer\">400 prywatnych odrzutowc\u00f3w<\/a>\u00a0przylecia\u0142o na konferencj\u0119 klimatyczn\u0105 ONZ, przywo\u017c\u0105c mi\u0119dzynarodowych przyw\u00f3dc\u00f3w i dyrektor\u00f3w korporacji.<\/span><\/p>\n<p style=\"text-align: left;\"><span style=\"color: #000080;\">Brytyjski ksi\u0105\u017c\u0119 Karol orzek\u0142 z jednego ze swoich pa\u0142ac\u00f3w, \u017ce COP26 jest &#8220;ostatni\u0105 szans\u0105&#8221; planety. Brytyjska rodzina kr\u00f3lewska\u00a0<a style=\"color: #000080;\" href=\"https:\/\/www.independent.co.uk\/travel\/news-and-advice\/royal-family-flights-private-jet-b1827279.html\" target=\"_blank\" rel=\"noopener noreferrer\">lata\u0142a<\/a>\u00a0tak du\u017co przez ostatnich pi\u0119\u0107 lat, \u017ce mogliby dolecie\u0107 na ksi\u0119\u017cyc i z powrotem.<\/span><\/p>\n<p style=\"text-align: left;\"><span style=\"color: #000080;\">Podczas gdy Niemcy perorowa\u0142y o klimacie, &#8220;Washington Post&#8221;\u00a0<a style=\"color: #000080;\" href=\"https:\/\/www.washingtonpost.com\/world\/2021\/10\/23\/germany-coal-climate-cop26\/\" target=\"_blank\" rel=\"noopener noreferrer\">informowa\u0142<\/a>\u00a0nas o ich hipokryzji:<\/span><\/p>\n<blockquote>\n<p style=\"text-align: left;\"><strong>&#8220;Niemcy przedstawiaj\u0105 siebie jako przyw\u00f3dc\u0119 klimatycznego. Nadal jednak zr\u00f3wnuj\u0105 z ziemi\u0105 wsie dla kopalni w\u0119gla&#8230; Ziej\u0105ca, czarnobr\u0105zowa rana w ziemi, kt\u00f3ra jest niemieck\u0105 kopalni\u0105 w\u0119gla Garzweiler, ju\u017c po\u0142kn\u0119\u0142a ponad dziesi\u0119\u0107 wsi. Zburzono stare ko\u015bcio\u0142y i domy mieszkalne, i zdarto ziemi\u0119, na kt\u00f3rej by\u0142y zbudowane. Ziemia uprawna znikn\u0119\u0142a, cmentarze opr\u00f3\u017cniono&#8221;.<\/strong><\/p>\n<\/blockquote>\n<p style=\"text-align: left;\"><span style=\"color: #000080;\">Sama kopalnia L\u00fctzerath jest dwukrotnej wielko\u015bci Manhattanu. To dlatego Niemcy okre\u015bla si\u0119 jako\u00a0<a style=\"color: #000080;\" href=\"https:\/\/www.marketplace.org\/2021\/09\/15\/can-germany-europes-biggest-carbon-polluter-clean-up-its-act\/\" target=\"_blank\" rel=\"noopener noreferrer\">najbardziej zanieczyszczaj\u0105cy kraj<\/a>\u00a0w Europie. Sze\u015b\u0107 lat temu, w czasach COP21, by\u0142y polski premier, Jerzy Buzek\u00a0<a style=\"color: #000080;\" href=\"https:\/\/www.euractiv.com\/section\/climate-environment\/interview\/jerzy-buzek-let-s-not-be-hypocrites-about-coal\/\" target=\"_blank\" rel=\"noopener noreferrer\">ostrzega\u0142<\/a>\u00a0nas: &#8220;nie b\u0105d\u017amy hipokrytami: Niemcy buduj\u0105 dodatkowe kopalnie w\u0119gla, by wspiera\u0107 sektor energii odnawialnej&#8221;.<\/span><\/p>\n<p style=\"text-align: left;\"><span style=\"color: #000080;\">W listopadzie 2021 roku Thomas Friedman\u00a0<a style=\"color: #000080;\" href=\"https:\/\/www.nytimes.com\/2021\/11\/01\/opinion\/climate-glasgow-russia-china.html\" target=\"_blank\" rel=\"noopener noreferrer\">napisa\u0142<\/a>\u00a0w &#8220;New York Timesie&#8221;:<\/span><\/p>\n<blockquote>\n<p style=\"text-align: left;\"><strong>W niedawnym\u00a0<a href=\"https:\/\/diplomacy21-adelphi.wilsoncenter.org\/article\/geostrategic-competition-and-climate-change-avoiding-unmanageable\" target=\"_blank\" rel=\"noopener noreferrer\">eseju<\/a>\u00a0o rywalizacji wielkich mocarstw i zmianie klimatycznej Rob Litwak, ekspert kontroli zbroje\u0144 w Wilson Center, przypomnia\u0142 pytanie prezydenta Ronalda Reagana do Michai\u0142a Gorbaczowa, sowieckiego przyw\u00f3dcy, kiedy wybrali si\u0119 na spacer podczas szczytu w 1985 roku nad Jeziorem Genewskim.<\/strong><\/p>\n<p style=\"text-align: left;\"><strong>Jak to p\u00f3\u017aniej\u00a0<a href=\"https:\/\/charlierose.com\/videos\/12958\" target=\"_blank\" rel=\"noopener noreferrer\">uj\u0105\u0142<\/a>\u00a0Gorbaczow: &#8220;Prezydent Reagan nagle zapyta\u0142 mnie: &#8216;Co zrobiliby\u015bcie, gdyby Stany Zjednoczone zosta\u0142y nagle zaatakowane z przestrzeni kosmicznej? Czy pomogliby\u015bcie nam?'&#8221; &#8230;<\/strong><\/p>\n<p style=\"text-align: left;\"><strong>W powt\u00f3rzeniu tej historii Litwakowi chodzi\u0142o oczywi\u015bcie o to, \u017ce dzisiaj stoimy przed podobnym, \u015bwiatowym zagro\u017ceniem \u2013 nie ze strony kosmit\u00f3w, ale ze strony znacznie lepiej znanej i pozornie dobrotliwej si\u0142y: naszego klimatu.<\/strong><\/p>\n<\/blockquote>\n<p style=\"text-align: left;\"><span style=\"color: #000080;\">Tak wi\u0119c post\u0119powi ameryka\u0144scy m\u0119drcy w listopadzie marzyli o sojuszu mi\u0119dzy Zachodem, Rosj\u0105 i Chinami przeciwko globalnemu ociepleniu. Teraz, kiedy Zach\u00f3d izolowa\u0142 Rosj\u0119, najwi\u0119kszego dostawc\u0119 energii do Europy, nikt ju\u017c o tym nie m\u00f3wi.<\/span><\/p>\n<p style=\"text-align: left;\"><span style=\"color: #000080;\">Zapomniano o spotkaniu w Glasgow w styczniu.\u00a0<a style=\"color: #000080;\" href=\"https:\/\/www.reuters.com\/business\/energy\/russian-gas-crisis-stokes-europes-appetite-russian-coal-2022-02-03\/\" target=\"_blank\" rel=\"noopener noreferrer\">Import w\u0119gla<\/a>\u00a0do Unii Europejskiej ju\u017c wzr\u00f3s\u0142 o ponad 56% w por\u00f3wnaniu do roku 2021, by przeciwdzia\u0142a\u0107 kryzysowi energii. W\u00a0<a style=\"color: #000080;\" href=\"https:\/\/www.walesonline.co.uk\/news\/wales-news\/aberpergwm-colliery-given-go-ahead-22900709\" target=\"_blank\" rel=\"noopener noreferrer\">Wielkiej<\/a>\u00a0Brytanii Coal Authority udzieli\u0142 zezwolenia kopalni w Walii na podniesienie produkcji o 40 milion\u00f3w ton przez nast\u0119pne dwadzie\u015bcia lat.<\/span><\/p>\n<p style=\"text-align: left;\"><span style=\"color: #000080;\">Niemcy, kt\u00f3re zale\u017c\u0105 od rosyjskiego gazu, i kt\u00f3re maj\u0105 w rz\u0105dzie parti\u0119 Zielonych wraz z socjaldemokratami, by\u0142y w tak rozpaczliwym po\u0142o\u017ceniu, \u017ce musia\u0142y zatrzyma\u0107 zamykanie elektrowni j\u0105drowych. O zamkni\u0119ciu reaktor\u00f3w zdecydowa\u0142a \u00f3wczesna kanclerz Angela Merkel po wypadku Fukushimy. Teraz Hans-Werner Sinn, czo\u0142owy niemiecki ekonomista,\u00a0<a style=\"color: #000080;\" href=\"https:\/\/www.project-syndicate.org\/commentary\/germany-energy-shambles-dependence-on-russian-gas-by-hans-werner-sinn-2022-03\" target=\"_blank\" rel=\"noopener noreferrer\">napisa\u0142<\/a>:<\/span><\/p>\n<blockquote>\n<p style=\"text-align: left;\"><strong>&#8220;Zar\u00f3wno na kr\u00f3tk\u0105, jak na d\u0142ug\u0105 met\u0119 Niemcy nie b\u0119d\u0105 w stanie zako\u0144czy\u0107 importu rosyjskiego gazu bez wywo\u0142ania ekonomicznego chaosu&#8230; Obietnica Niemiec porzucenia w\u0119gla i atomu, tych w\u0142a\u015bnie \u017ar\u00f3de\u0142 energii, kt\u00f3re da\u0142yby krajowi pewien stopie\u0144 samowystarczalno\u015bci i autonomii, sprowadzi\u0142a na kraj wielkie niebezpiecze\u0144stwo&#8221;.<\/strong><\/p>\n<\/blockquote>\n<p style=\"text-align: left;\"><span style=\"color: #000080;\">Jak si\u0119 okazuje, Rosja\u00a0<a style=\"color: #000080;\" href=\"https:\/\/thehill.com\/opinion\/energy-environment\/596304-investigate-russias-covert-funding-of-us-anti-fossil-fuel-groups\/\" target=\"_blank\" rel=\"noopener noreferrer\">podobno<\/a>\u00a0propagowa\u0142a, (cz\u0119sto u\u017cywaj\u0105c\u00a0<a style=\"color: #000080;\" href=\"https:\/\/www.scribd.com\/document\/353439133\/Smith-Weber-Letter-to-Mnuchin-re-Russia-and-Green-Groups\" target=\"_blank\" rel=\"noopener noreferrer\">&#8220;brudnych pieni\u0119dzy&#8221; via Bermudy<\/a>\u00a0\u2013 gdzie nie trzeba wymienia\u0107 nazw darczy\u0144c\u00f3w), &#8220;zielone&#8221; kampanie przeciwko energii j\u0105drowej, by zapewni\u0107 zale\u017cno\u015b\u0107 Zachodu od importowanych z Rosji paliw kopalnych.\u00a0<a style=\"color: #000080;\" href=\"https:\/\/thehill.com\/opinion\/energy-environment\/596304-investigate-russias-covert-funding-of-us-anti-fossil-fuel-groups\/\" target=\"_blank\" rel=\"noopener noreferrer\">Wed\u0142ug<\/a>\u00a0artyku\u0142u w &#8220;The Hill&#8221;:<\/span><\/p>\n<blockquote>\n<p style=\"text-align: left;\"><strong>&#8220;W 2014 \u2013 tym samym roku, kiedy Rosja zaanektowa\u0142a Krym \u2013 \u00f3wczesny sekretarz generalny NATO, Anders Fogh Rasmussen,\u00a0<a href=\"https:\/\/www.theguardian.com\/environment\/2014\/jun\/19\/russia-secretly-working-with-environmentalists-to-oppose-fracking\" target=\"_blank\" rel=\"noopener noreferrer\">ostrzega\u0142<\/a>, \u017ce Rosja potajemnie dzia\u0142a na rzecz podwa\u017cenia produkcji paliw kopalnych w Europie i w USA&#8230;<\/strong><\/p>\n<p style=\"text-align: left;\"><strong><a href=\"https:\/\/www.theguardian.com\/environment\/2014\/jun\/19\/russia-secretly-working-with-environmentalists-to-oppose-fracking\" target=\"_blank\" rel=\"noopener noreferrer\">Wed\u0142ug &#8216;Guardiana<\/a>&#8216;, Rasmussen&#8230; m\u00f3wi\u0142 na prezentacji dla think tanku w Londynie: &#8216;Spotka\u0142em sojusznik\u00f3w, kt\u00f3rzy informuj\u0105, \u017ce Rosja, jako cz\u0119\u015b\u0107 swoich wyrafinowanych operacji informacji i dezinformacji, aktywnie anga\u017cowa\u0142a si\u0119 w prace tak zwanych organizacji pozarz\u0105dowych (NGO) \u2013 \u015brodowiskowych organizacji dzia\u0142aj\u0105cych przeciwko szczelinowaniu \u2013 by zachowa\u0107 europejsk\u0105 zale\u017cno\u015b\u0107 od importowanego z Rosji gazu'&#8221;.<\/strong><\/p>\n<\/blockquote>\n<p style=\"text-align: left;\"><span style=\"color: #000080;\">Dominique Reyni\u00e9, profesor politologii w Institut d&#8217;Etudes Politiques w Pary\u017cu, w\u00a0<a style=\"color: #000080;\" href=\"https:\/\/twitter.com\/JL7508\/status\/1497653212526096393\" target=\"_blank\" rel=\"noopener noreferrer\">wywiadzie<\/a>\u00a0dla\u00a0<i>CNews,<\/i>\u00a0powiedzia\u0142 niedawno:<\/span><\/p>\n<blockquote>\n<p style=\"text-align: left;\"><strong><i>&#8220;<\/i>Znale\u017ali\u015bmy pieni\u0105dze od Gazpromu w niekt\u00f3rych \u015brodowiskowych NGO, kt\u00f3re dostarczy\u0142y ministr\u00f3w pewnym europejskim krajom \u2013 na przyk\u0142ad, Belgii \u2013 kt\u00f3rzy nast\u0119pnie w pewnym sensie zwracali przys\u0142ug\u0119 przez obron\u0119 odej\u015bcia od energii j\u0105drowej&#8221;.<\/strong><\/p>\n<\/blockquote>\n<p style=\"text-align: left;\"><span style=\"color: #000080;\">Niemiecka Fundacja na rzecz Klimatu i Ochrony \u015arodowiska, kt\u00f3ra podobno otrzyma\u0142a ponad 17 milion\u00f3w euro od Gazpromu, tak\u017ce by\u0142a oskar\u017cona o to, \u017ce jest finansowan\u0105 z Moskwy &#8220;marionetk\u0105&#8221;, jak\u00a0<a style=\"color: #000080;\" href=\"https:\/\/www.thetimes.co.uk\/article\/german-green-group-branded-a-russian-puppet-over-nord-stream-ii-gas-pipeline-nzd9p056q\" target=\"_blank\" rel=\"noopener noreferrer\">ujawni\u0142<\/a>\u00a0&#8220;Sunday Times&#8221;.<\/span><\/p>\n<p style=\"text-align: left;\"><span style=\"color: #000080;\">Fundacj\u0119 za\u0142o\u017cy\u0142a w tym roku w Mecklenburg-Pomeranii Manuela Schwesig, socjaldemokratyczna premierka landu i sojuszniczka by\u0142ego kanclerza Niemiec,\u00a0<a style=\"color: #000080;\" href=\"https:\/\/www.ft.com\/content\/b445d9b7-7c35-4f64-8bb5-d76a5393212f\" target=\"_blank\" rel=\"noopener noreferrer\">Gerharda Schr\u00f6der<\/a>a, przewodnicz\u0105cego firm, kt\u00f3re s\u0105 w\u0142a\u015bcicielami ruroci\u0105g\u00f3w Nord Stream i Nord Stream II, zbudowanych do transportu gazu ziemnego z Rosji do Niemiec. Schr\u00f6der by\u0142 tak\u017ce cz\u0142onkiem zarz\u0105d\u00f3w wspieranych przez pa\u0144stwo rosyjskie firm energetycznych.<\/span><\/p>\n<p style=\"text-align: left;\"><span style=\"color: #000080;\">Ponadto dochodzenie przeprowadzone przez\u00a0<i><a style=\"color: #000080;\" href=\"https:\/\/unherd.com\/2021\/12\/does-the-ccp-control-extinction-rebellion\/\" target=\"_blank\" rel=\"noopener noreferrer\">Unherd<\/a><\/i>\u00a0ujawni\u0142o, \u017ce Chiny tak\u017ce finansuj\u0105 zachodnich \u015brodowiskowc\u00f3w:<\/span><\/p>\n<blockquote>\n<p style=\"text-align: left;\"><strong>&#8220;Kilka przecznic od Placu Tiananmen Square, w ogromnym splendorze Centrum Konferencyjnego Hotelu Pekin, zebra\u0142 si\u0119 we wrze\u015bniu t\u0142um wysokich rang\u0105 funkcjonariuszy partii komunistycznej, by wyg\u0142osi\u0107 jasny komunikat: przez &#8216;skupienie si\u0119 na obcinaniu emisji w\u0119glowych&#8230; Chiny b\u0119d\u0105 promowa\u0107 zielony rozw\u00f3j i nieustannie polepsza\u0107 swoj\u0105 ekologi\u0119&#8217;. Doroczne zgromadzenie og\u00f3lne Rady Chin ds. Mi\u0119dzynarodowej Kooperacji \u015arodowiska i Rozwoju (CCICED) trwa\u0142o w najlepsze&#8230;<\/strong><\/p>\n<p style=\"text-align: left;\"><strong>Istotnie, kiedy sala skwiercza\u0142a optymistyczn\u0105 ekoretoryk\u0105, mo\u017cna by\u0142o niemal zapomnie\u0107, \u017ce Chiny s\u0105 najwi\u0119kszym na \u015bwiecie \u017ar\u00f3d\u0142em gaz\u00f3w cieplarnianych \u2013 i \u017ce same nowe w\u0119glowe elektrownie, kt\u00f3re s\u0105 w trakcie budowy, maj\u0105 wi\u0119ksz\u0105 moc produkcyjn\u0105 ni\u017c wszystkie instalacje wytw\u00f3rcze energii w Wielkiej Brytanii&#8230;<\/strong><\/p>\n<p style=\"text-align: left;\"><strong>Wed\u0142ug oficjalnego\u00a0<a href=\"https:\/\/enb.iisd.org\/CCICED\/AGM2021\/summary\" target=\"_blank\" rel=\"noopener noreferrer\">raport<\/a>u z konferencji &#8216;zagraniczni cz\u0142onkowie i partnerzy komitetu chwalili chi\u0144skie ekologiczne budowanie cywilizacji i ich nowy i wi\u0119kszy wk\u0142ad w promowanie budowania czystego i pi\u0119knego \u015bwiata'&#8221;.<\/strong><\/p>\n<\/blockquote>\n<p style=\"text-align: left;\"><span style=\"color: #000080;\">Uczestniczyli w tym profesor Lord Nicholas Stern, prezes Grantham Center on Climate Change w London School of Economics, by\u0142y g\u0142\u00f3wny ekonomista Banku \u015awiatowego, doradca brytyjskiego rz\u0105du w sprawach \u015brodowiska; Kate Hampton, szefowa Children&#8217;s Investment Fund Foundation (CIFF), kt\u00f3ra jest podobno finansowana przez miliardera Christophera Hohna, wiod\u0105cego filantropa \u015brodowiskowego, oraz World Wide Fund for Nature-UK, kt\u00f3rego prezesem jest ksi\u0105\u017c\u0119 Karol.<\/span><\/p>\n<p style=\"text-align: left;\"><span style=\"color: #000080;\">Kiedy Europa stoi przed samob\u00f3jstwem energetycznym i tu\u017c przed inwazj\u0105 rosyjskich wojsk na Ukrain\u0119, o co niepokoi si\u0119 by\u0142y sekretarz stanu USA a obecnie &#8220;car klimatu&#8221;?\u00a0<a style=\"color: #000080;\" href=\"https:\/\/www.wsj.com\/articles\/john-kerrys-ukraine-emissions-climate-russia-vladimir-putin-11645736997\" target=\"_blank\" rel=\"noopener noreferrer\">Niepokoi\u0142<\/a>\u00a0si\u0119 o &#8220;olbrzymi wp\u0142yw emisyjny&#8221; wojny, jak r\u00f3wnie\u017c o to, \u017ce wojna odci\u0105gnie uwag\u0119 od walki ze zmian\u0105 klimatyczn\u0105. &#8220;Mam nadziej\u0119, \u017ce prezydent Putin pomo\u017ce nam nie zboczy\u0107 z kursu w sprawie tego, co musimy zrobi\u0107 dla klimatu&#8221; \u2013 powiedzia\u0142 do\u00a0<i><a style=\"color: #000080;\" href=\"https:\/\/www.youtube.com\/watch?v=vksGzhgYnEw&amp;t=276s\" target=\"_blank\" rel=\"noopener noreferrer\">BBC<\/a><\/i>.<\/span><\/p>\n<p style=\"text-align: left;\"><span style=\"color: #000080;\">A tutaj jest inny przekr\u0119t: Nie tylko Niemcy i\u00a0<a style=\"color: #000080;\" href=\"https:\/\/www.latribune.fr\/entreprises-finance\/industrie\/energie-environnement\/20121114trib000730981\/la-france-est-elle-au-gaz-de-schiste-ce-que-le-qatar-est-au-petrole.html\" target=\"_blank\" rel=\"noopener noreferrer\">Francja<\/a>\u00a0maj\u0105 do\u015b\u0107 rezerw, by zast\u0105pi\u0107 rosyjski gaz przez ponad 20 lat, ale ich wydobywanie jest\u00a0<a style=\"color: #000080;\" href=\"https:\/\/www.forbes.com\/sites\/arielcohen\/2022\/01\/04\/germany-and-france-clash-over-eus-new-green-classifications-for-nuclear-energy-and-natural-gas\/\" target=\"_blank\" rel=\"noopener noreferrer\">zabronione<\/a>\u00a0&#8220;z przyczyn \u015brodowiskowych&#8221;.<\/span><\/p>\n<p style=\"text-align: left;\"><span style=\"color: #000080;\">Dziennikarz\u00a0<a style=\"color: #000080;\" href=\"https:\/\/twitter.com\/ShellenbergerMD\/status\/1496960070143275019\" target=\"_blank\" rel=\"noopener noreferrer\">Michael Shellenberger<\/a>\u00a0napisa\u0142:<\/span><\/p>\n<blockquote>\n<p style=\"text-align: left;\"><strong>&#8220;Rosja u\u017cy\u0142a gospodarki wielko\u015bci po\u0142owy gospodarki Niemiec, by zako\u0144czy\u0107 epok\u0119 post-zimnowojenn\u0105 i pokona\u0107 NATO<\/strong><\/p>\n<p style=\"text-align: left;\"><strong>Zrobi\u0142a to agresj\u0105, gazem ziemnym &amp; energi\u0105 j\u0105drow\u0105<\/strong><\/p>\n<p style=\"text-align: left;\"><strong>Ameryka musi produkowa\u0107 znacznie wi\u0119cej energii j\u0105drowej, gazu ziemnego i ropy naftowej, albo liberalna, demokratyczna zachodnia cywilizacja b\u0119dzie martwa&#8221;.<\/strong><\/p>\n<\/blockquote>\n<p style=\"text-align: left;\"><span style=\"color: #000080;\">Wed\u0142ug Ulfa Poschardta w &#8220;<a style=\"color: #000080;\" href=\"https:\/\/www.welt.de\/debatte\/kommentare\/plus237115145\/Ukraine-Putin-hat-keine-Furcht-vor-dem-Westen-weil-wir-so-schwach-geworden-sind.html\" target=\"_blank\" rel=\"noopener noreferrer\">Die Welt<\/a>&#8220;:<\/span><\/p>\n<blockquote>\n<p style=\"text-align: left;\"><strong>&#8220;W\u0142adimir Putin mo\u017ce robi\u0107 to, co chce, tylko dlatego, \u017ce widzi s\u0142abo\u015bci Zachodu: Europa, a Niemcy w szczeg\u00f3lno\u015bci, sta\u0142y si\u0119 dekadenckie, patrz\u0105 z wy\u017cszo\u015bci\u0105 na tych, kt\u00f3rzy osi\u0105gaj\u0105 najlepsze rezultaty i poddaj\u0105 si\u0119 naiwnie urojeniom\u00a0<i>zeitgeistu<\/i>&#8230; Putin patrzy na Niemcy i widzi federaln\u0105 republik\u0119 klaun\u00f3w. A klaun\u00f3w si\u0119 nie boi&#8221;.<\/strong><\/p>\n<\/blockquote>\n<p style=\"text-align: left;\"><span style=\"color: #000080;\">Teraz Europa pr\u00f3buje zredukowa\u0107 swoj\u0105 zale\u017cno\u015b\u0107 od rosyjskiego gazu. Ale co przyjdzie potem?<\/span><\/p>\n<hr style=\"height: 15px; background: #d0e6fa; width: 100%;\" \/>\n<div id=\"content\" class=\"content-alignment\">\n<div id=\"watch-description\" class=\"yt-uix-button-panel\">\n<div id=\"watch-description-text\" style=\"text-align: center;\">\n<p><em>Zawarto\u015b\u0107 publikowanych artyku\u0142\u00f3w i materia\u0142\u00f3w nie reprezentuje pogl\u0105d\u00f3w ani opinii Reunion&#8217;68,<\/em><em><br \/>\nani te\u017c webmastera Blogu Reunion&#8217;68, chyba ze jest to wyra\u017anie zaznaczone.<br \/>\nTwoje uwagi, linki, w\u0142asne artyku\u0142y lub wiadomo\u015bci prze\u015blij na adres:<br \/>\n<\/em><span style=\"color: #000080;\"><strong><em><a style=\"color: #000080;\" href=\"mailto:webmaster@reunion68.com\"><span style=\"text-decoration: underline;\">webmaster@reunion68.com<\/span><\/a><\/em><\/strong><\/span><\/p>\n<\/div>\n<\/div>\n<\/div>\n<hr style=\"width: 100%;\" \/>\n","protected":false},"excerpt":{"rendered":"<p>Na zdj\u0119ciu: Rosyjski prezydent W\u0142adimir Putin przemawia na szczycie Klubu Energii podczas Mi\u0119dzynarodowego Forum Ekonomicznego w St. Petersburgu 21 czerwca 2013 roku. (Zdj\u0119cie: Michai\u0142 Klimentie\/RIA-Novosti\/AFP via Getty Images) Wielki rosyjski energetyczny przekr\u0119t Giulio Meotti T\u0142umaczenie: Ma\u0142gorzata Koraszewska &#8220;Z szybko zbli\u017caj\u0105c\u0105 si\u0119 zim\u0105 Europa znajduje si\u0119 w kryzysie energetycznym \u2013 i polega na \u0142asce rosyjskiego dyktatora, [&hellip;]<\/p>\n","protected":false},"author":1,"featured_media":0,"comment_status":"closed","ping_status":"closed","sticky":false,"template":"","format":"standard","meta":[],"categories":[6],"tags":[26,24],"_links":{"self":[{"href":"https:\/\/www.reunion68.se\/index.php?rest_route=\/wp\/v2\/posts\/94755"}],"collection":[{"href":"https:\/\/www.reunion68.se\/index.php?rest_route=\/wp\/v2\/posts"}],"about":[{"href":"https:\/\/www.reunion68.se\/index.php?rest_route=\/wp\/v2\/types\/post"}],"author":[{"embeddable":true,"href":"https:\/\/www.reunion68.se\/index.php?rest_route=\/wp\/v2\/users\/1"}],"replies":[{"embeddable":true,"href":"https:\/\/www.reunion68.se\/index.php?rest_route=%2Fwp%2Fv2%2Fcomments&post=94755"}],"version-history":[{"count":5,"href":"https:\/\/www.reunion68.se\/index.php?rest_route=\/wp\/v2\/posts\/94755\/revisions"}],"predecessor-version":[{"id":94766,"href":"https:\/\/www.reunion68.se\/index.php?rest_route=\/wp\/v2\/posts\/94755\/revisions\/94766"}],"wp:attachment":[{"href":"https:\/\/www.reunion68.se\/index.php?rest_route=%2Fwp%2Fv2%2Fmedia&parent=94755"}],"wp:term":[{"taxonomy":"category","embeddable":true,"href":"https:\/\/www.reunion68.se\/index.php?rest_route=%2Fwp%2Fv2%2Fcategories&post=94755"},{"taxonomy":"post_tag","embeddable":true,"href":"https:\/\/www.reunion68.se\/index.php?rest_route=%2Fwp%2Fv2%2Ftags&post=94755"}],"curies":[{"name":"wp","href":"https:\/\/api.w.org\/{rel}","templated":true}]}}