{"id":94821,"date":"2022-04-25T17:09:44","date_gmt":"2022-04-25T15:09:44","guid":{"rendered":"http:\/\/www.reunion68.se\/?p=94821"},"modified":"2022-04-25T06:33:45","modified_gmt":"2022-04-25T04:33:45","slug":"04-09-71","status":"publish","type":"post","link":"https:\/\/www.reunion68.se\/?p=94821","title":{"rendered":"Wspierane przez pa\u0144stwo Media Narodowe promuj\u0105 antysemick\u0105 ksi\u0105\u017ck\u0119"},"content":{"rendered":"<h5 style=\"text-align: center;\"><a href=\"https:\/\/www.rp.pl\/\" target=\"_blank\" rel=\"noopener noreferrer\"><img decoding=\"async\" class=\"center alignleft\" src=\"http:\/\/www.reunion68.com\/Biuletyn\/img\/rzecz-p.png\" alt=\"\" width=\"35%\"><\/a><span style=\"text-decoration: underline; color: #000080;\"><span><strong><a style=\"color: #000080; text-decoration: underline;\" href=\"https:\/\/www.rp.pl\/spoleczenstwo\/art36137481-wspierane-przez-panstwo-media-narodowe-promuja-antysemicka-ksiazke\" target=\"_blank\" rel=\"noopener noreferrer\">Wspierane przez pa\u0144stwo Media Narodowe promuj\u0105 antysemick\u0105 ksi\u0105\u017ck\u0119<\/a><\/strong><\/span><\/span><\/h5>\n<p style=\"text-align: center;\"><span style=\"color: #000000;\"><strong>Wiktor Ferfecki<\/strong><\/span><\/p>\n<hr style=\"height: 15px; background: #d0e6fa; width: 100%;\">\n<h5 style=\"text-align: center;\"><strong>Telewizja nale\u017c\u0105ca do stowarzyszenia dotowanego przez rz\u0105d zrobi\u0142a promocj\u0119 ksi\u0105\u017cki, wed\u0142ug kt\u00f3rej \u017bydzi to \u201eplemi\u0119 paso\u017cytnicze\u201d.<\/strong><\/h5>\n<p style=\"text-align: center;\">.<br \/>\n<img decoding=\"async\" class=\"aligncenter\" src=\"http:\/\/www.pc-feliks.net\/PUB\/poznaj.png\"><span style=\"color: #808080;\"><em>Kadr z materia\u0142u w Mediach Narodowych po\u015bwi\u0119conego ksi\u0105\u017cce &#8220;Poznaj \u017byda&#8221;<\/em><\/span><\/p>\n<p style=\"text-align: left;\"><span style=\"color: #000080;\">16 stereotypowo przedstawionych \u017byd\u00f3w, kt\u00f3rzy na ramionach maj\u0105 opaski z&nbsp;napisami m.in. \u201erzetelna prasa\u201d, \u201eLGBT\u201d albo \u201ewolne s\u0105dy\u201d \u2013 takie rysunki trafi\u0142y na ok\u0142adk\u0119 nowego wydania ksi\u0105\u017cki \u201ePoznaj \u017byda!\u201d przedwojennego publicysty Teodora Jeske-Choi\u0144skiego. Jej promocj\u0119 przeprowadzi\u0142 w&nbsp;Wielk\u0105 Sobot\u0119 kana\u0142 na YouTubie Media Narodowe.<\/span><\/p>\n<p id=\"block-id-jrZKq9VmVt\" class=\"articleBodyBlock article--paragraph\" style=\"text-align: left;\"><span style=\"color: #000080;\">Audycj\u0119 zilustrowano obrazkiem przedstawiaj\u0105cym podobny stereotypowy rysunek \u017byda. W&nbsp;programie wyst\u0105pi\u0142 wydawca ksi\u0105\u017cki Przemys\u0142aw Holocher. \u2013 \u017bydzi, kt\u00f3rzy odnosz\u0105 si\u0119 do Talmudu i&nbsp;kultury wybra\u0144stwa, sami tkwi\u0105 w&nbsp;ogromnej ciemnocie \u2013 perorowa\u0142.<\/span><\/p>\n<p id=\"block-id-4x7i8D9aol\" class=\"articleBodyBlock article--paragraph\" style=\"text-align: left;\"><span style=\"color: #000080;\">Anna Tatar ze stowarzyszenia antyfaszystowskiego Nigdy Wi\u0119cej tre\u015b\u0107 audycji uwa\u017ca za skandaliczn\u0105. \u2013 Jeske-Choi\u0144ski by\u0142 czo\u0142owym ideologiem antysemityzmu. Pochwala\u0142 m.in. wyp\u0119dzenie \u017byd\u00f3w z&nbsp;Litwy czy pogromy anty\u017cydowskie \u2013 przypomina. \u2013 Nie ma niczego z\u0142ego w&nbsp;wydawaniu tekst\u00f3w mog\u0105cych by\u0107 \u017ar\u00f3d\u0142ami historycznymi, pod warunkiem, \u017ce b\u0119d\u0105 wyposa\u017cone w&nbsp;aparat krytyczny. Jednak przedruk tekstu bez s\u0142owa komentarza jest niczym innym, jak tylko powielaniem jego tez \u2013 dodaje. Jej zdaniem \u201ePoznaj \u017byda!\u201d jest po prostu publikacj\u0105 antysemick\u0105. Zauwa\u017ca, \u017ce ju\u017c w&nbsp;jednym z&nbsp;pierwszych zda\u0144 autor nazywa \u017byd\u00f3w \u201eplemieniem paso\u017cytniczym\u201d, kt\u00f3re \u201essie nasz\u0105 krew\u201d.<\/span><\/p>\n<div id=\"block-id-nXge0YIBjP\" class=\"articleBodyBlock excerpt--article center customHeight\">\n<div class=\"excerpt w-2\/3 sm:w-54\">\n<h5 class=\"title\" style=\"text-align: left;\"><strong>Zdaniem Kalinowskiego rysunek \u017byda z garbatym nosem zapowiadaj\u0105cy program \u201ejest znanym memem\u201d<\/strong><\/h5>\n<\/div>\n<\/div>\n<p id=\"block-id-nGELHc0sTe\" class=\"articleBodyBlock article--paragraph\" style=\"text-align: left;\"><span style=\"color: #000080;\">Za\u015b Media Narodowe s\u0105 wspierane przez pa\u0144stwo. Nale\u017c\u0105 do Stowarzyszenia Marsz Niepodleg\u0142o\u015bci Roberta B\u0105kiewicza, kt\u00f3re ze Stowarzyszeniem Stra\u017c Narodowa otrzyma\u0142o 3 mln dotacji z&nbsp;Funduszu Patriotycznego, podleg\u0142ego resortowi kultury. Same Media Narodowe dosta\u0142y 198 tys. z&nbsp;Narodowego Instytutu Wolno\u015bci.<\/span><\/p>\n<p style=\"text-align: left;\"><span style=\"color: #000080;\">Czy Ministerstwo Kultury czuje si\u0119 wsp\u00f3\u0142odpowiedzialne za audycje w&nbsp;kanale? Z&nbsp;odpowiedzi, kt\u00f3re dostali\u015bmy z&nbsp;resortu, wynika, \u017ce nie. \u201eProjekty z\u0142o\u017cone w&nbsp;ramach Funduszu Patriotycznego oceniane s\u0105 przez ekspert\u00f3w wg kryteri\u00f3w zawartych w&nbsp;regulaminie funduszu. Eksperci dokonuj\u0105 oceny na podstawie tre\u015bci wniosk\u00f3w z\u0142o\u017conych w&nbsp;ramach konkursu. Ocenie merytorycznej podlegaj\u0105 ka\u017cdorazowo wy\u0142\u0105cznie zadania wskazane we wnioskach\u201d \u2013 czytamy.<\/span><\/p>\n<p id=\"block-id-SefsJpXnqz\" class=\"articleBodyBlock article--paragraph\" style=\"text-align: left;\"><span style=\"color: #000080;\">Instytut Dziedzictwa My\u015bli Narodowej, kt\u00f3ry nadzoruje Fundusz Patriotyczny, podkre\u015bla, \u017ce obecne wydanie ksi\u0105\u017cki \u201ePoznaj \u017byda!\u201d jest tylko jednym z&nbsp;wielu, a&nbsp;praca ta jest og\u00f3lnodost\u0119pna, m.in w&nbsp;formie zdigitalizowanej w&nbsp;bibliotece cyfrowej POLONA.<\/span><\/p>\n<p id=\"block-id-HCATKhdG_C\" class=\"articleBodyBlock article--paragraph\" style=\"text-align: left;\"><span style=\"color: #000080;\">Problem w&nbsp;tym, \u017ce to niejedyna kontrowersyjna audycja Medi\u00f3w Narodowych. Na pocz\u0105tku kwietnia Stowarzyszenie Nigdy Wi\u0119cej wyda\u0142o raport na temat hejtu wobec Ukrai\u0144c\u00f3w i&nbsp;powielania rosyjskiej propagandy. Sze\u015b\u0107 razy wspomina on o&nbsp;tre\u015bciach w&nbsp;Mediach Narodowych, m.in. o&nbsp;audycji z&nbsp;udzia\u0142em publicysty Marcina Masnego, kt\u00f3ry insynuowa\u0142, \u017ce w&nbsp;Ukrainie znajduj\u0105 si\u0119 \u201eameryka\u0144skie laboratoria z&nbsp;patogenami\u201d, b\u0119d\u0105ce zagro\u017ceniem dla Rosji. I&nbsp;inny publicysta Marian Miszalski rozwija\u0142 prorosyjsk\u0105 teori\u0119 spiskow\u0105, zgodnie z&nbsp;kt\u00f3r\u0105 Ukraina ma by\u0107 zasiedlona przez \u017byd\u00f3w.<\/span><\/p>\n<p id=\"block-id-ymDXWW3C12\" class=\"articleBodyBlock article--paragraph\" style=\"text-align: left;\"><span style=\"color: #000080;\">Tomasz Kalinowski, redaktor naczelny serwisu internetowego Medi\u00f3w Narodowych, podkre\u015bla jednak, \u017ce w&nbsp;\u017caden spos\u00f3b nie s\u0105 one antyukrai\u0144skie. \u2013 W&nbsp;ostatnim czasie zako\u0144czyli\u015bmy wsp\u00f3\u0142prac\u0119 z&nbsp;jednym z&nbsp;redaktor\u00f3w, kt\u00f3ry przemyca\u0142 takie tre\u015bci, a&nbsp;program z&nbsp;panem Masnym zosta\u0142 usuni\u0119ty \u2013 m\u00f3wi. Dodaje, \u017ce po pierwszym tygodniu wojny Media Narodowe przeprowadzi\u0142y charytatywn\u0105 transmisj\u0119 dla uchod\u017ac\u00f3w, zrobi\u0142y te\u017c m.in. wywiad z&nbsp;cz\u0142onkiem parlamentu ukrai\u0144skiego i&nbsp;reporta\u017c z&nbsp;Medyki.<\/span><\/p>\n<p id=\"block-id-qbrnTsvAvH\" class=\"articleBodyBlock article--paragraph\" style=\"text-align: left;\"><span style=\"color: #000080;\">A&nbsp;materia\u0142 o&nbsp;\u201ePoznaj \u017byda!\u201d? Zdaniem Kalinowskiego rysunek \u017byda z&nbsp;garbatym nosem zapowiadaj\u0105cy program \u201ejest znanym memem\u201d, wi\u0119c \u201etrzeba podej\u015b\u0107 do niego z&nbsp;dystansem\u201d.<\/span><\/p>\n<hr style=\"height: 15px; background: #d0e6fa; width: 100%;\">\n<div id=\"content\" class=\"content-alignment\">\n<div id=\"watch-description\" class=\"yt-uix-button-panel\">\n<div id=\"watch-description-text\" style=\"text-align: center;\">\n<p><em>Zawarto\u015b\u0107 publikowanych artyku\u0142\u00f3w i materia\u0142\u00f3w nie reprezentuje pogl\u0105d\u00f3w ani opinii Reunion&#8217;68,<\/em><em><br \/>\nani te\u017c webmastera Blogu Reunion&#8217;68, chyba ze jest to wyra\u017anie zaznaczone.<br \/>\nTwoje uwagi, linki, w\u0142asne artyku\u0142y lub wiadomo\u015bci prze\u015blij na adres:<br \/>\n<\/em><span style=\"color: #000080;\"><strong><em><a style=\"color: #000080;\" href=\"mailto:webmaster@reunion68.com\"><span style=\"text-decoration: underline;\">webmaster@reunion68.com<\/span><\/a><\/em><\/strong><\/span><\/p>\n<\/div>\n<\/div>\n<\/div>\n<hr style=\"width: 100%;\">\n","protected":false},"excerpt":{"rendered":"<p>Wspierane przez pa\u0144stwo Media Narodowe promuj\u0105 antysemick\u0105 ksi\u0105\u017ck\u0119 Wiktor Ferfecki Telewizja nale\u017c\u0105ca do stowarzyszenia dotowanego przez rz\u0105d zrobi\u0142a promocj\u0119 ksi\u0105\u017cki, wed\u0142ug kt\u00f3rej \u017bydzi to \u201eplemi\u0119 paso\u017cytnicze\u201d. . Kadr z materia\u0142u w Mediach Narodowych po\u015bwi\u0119conego ksi\u0105\u017cce &#8220;Poznaj \u017byda&#8221; 16 stereotypowo przedstawionych \u017byd\u00f3w, kt\u00f3rzy na ramionach maj\u0105 opaski z&nbsp;napisami m.in. \u201erzetelna prasa\u201d, \u201eLGBT\u201d albo \u201ewolne s\u0105dy\u201d \u2013 [&hellip;]<\/p>\n","protected":false},"author":1,"featured_media":0,"comment_status":"closed","ping_status":"closed","sticky":false,"template":"","format":"standard","meta":[],"categories":[6],"tags":[26,24],"_links":{"self":[{"href":"https:\/\/www.reunion68.se\/index.php?rest_route=\/wp\/v2\/posts\/94821"}],"collection":[{"href":"https:\/\/www.reunion68.se\/index.php?rest_route=\/wp\/v2\/posts"}],"about":[{"href":"https:\/\/www.reunion68.se\/index.php?rest_route=\/wp\/v2\/types\/post"}],"author":[{"embeddable":true,"href":"https:\/\/www.reunion68.se\/index.php?rest_route=\/wp\/v2\/users\/1"}],"replies":[{"embeddable":true,"href":"https:\/\/www.reunion68.se\/index.php?rest_route=%2Fwp%2Fv2%2Fcomments&post=94821"}],"version-history":[{"count":5,"href":"https:\/\/www.reunion68.se\/index.php?rest_route=\/wp\/v2\/posts\/94821\/revisions"}],"predecessor-version":[{"id":94832,"href":"https:\/\/www.reunion68.se\/index.php?rest_route=\/wp\/v2\/posts\/94821\/revisions\/94832"}],"wp:attachment":[{"href":"https:\/\/www.reunion68.se\/index.php?rest_route=%2Fwp%2Fv2%2Fmedia&parent=94821"}],"wp:term":[{"taxonomy":"category","embeddable":true,"href":"https:\/\/www.reunion68.se\/index.php?rest_route=%2Fwp%2Fv2%2Fcategories&post=94821"},{"taxonomy":"post_tag","embeddable":true,"href":"https:\/\/www.reunion68.se\/index.php?rest_route=%2Fwp%2Fv2%2Ftags&post=94821"}],"curies":[{"name":"wp","href":"https:\/\/api.w.org\/{rel}","templated":true}]}}