{"id":94854,"date":"2022-04-26T17:05:26","date_gmt":"2022-04-26T15:05:26","guid":{"rendered":"http:\/\/www.reunion68.se\/?p=94854"},"modified":"2022-04-26T07:09:11","modified_gmt":"2022-04-26T05:09:11","slug":"05-09-72","status":"publish","type":"post","link":"https:\/\/www.reunion68.se\/?p=94854","title":{"rendered":"Kaczy\u0144ski na serio rozwa\u017ca wstrzymanie p\u0142acenia sk\u0142adki do unijnego bud\u017cetu. Fogiel: Nale\u017cy dyskutowa\u0107 r\u00f3\u017cne opcje"},"content":{"rendered":"<p style=\"text-align: center;\"><img decoding=\"async\" class=\"aligncenter\" src=\"https:\/\/bi.im-g.pl\/im\/ad\/a5\/18\/z25842605V,Jaroslaw-Kaczynski.jpg\" width=\"100%\" \/><span style=\"color: #808080;\"><em>Jaroslaw Kaczynski (Fot. Dawid \u017buchowicz \/ Agencja Gazeta)<\/em><\/span><\/p>\n<hr \/>\n<h5 style=\"text-align: center;\"><a href=\"https:\/\/wyborcza.pl\/\" target=\"_blank\" rel=\"noopener noreferrer\"><img decoding=\"async\" class=\"center alignleft\" src=\"http:\/\/www.reunion68.com\/Biuletyn\/img\/wyborcza.png\" alt=\"\" width=\"35%\" \/><\/a><span style=\"text-decoration: underline; color: #000080;\"><span style=\"text-decoration: underline;\"><strong><a style=\"color: #000080; text-decoration: underline;\" href=\"https:\/\/wyborcza.pl\/7,82983,28374226,kaczynski-na-serio-rozwaza-wstrzymanie-placenia-skladki-do-unijnego.html\" target=\"_blank\" rel=\"noopener noreferrer\">Kaczy\u0144ski na serio rozwa\u017ca wstrzymanie p\u0142acenia sk\u0142adki do unijnego bud\u017cetu. Fogiel: Nale\u017cy dyskutowa\u0107 r\u00f3\u017cne opcje<\/a><\/strong><\/span><\/span><\/h5>\n<p style=\"text-align: center;\"><span style=\"color: #000000;\"><strong>Justyna Dobrosz-Oracz<\/strong><\/span><\/p>\n<hr style=\"height: 15px; background: #d0e6fa; width: 100%;\" \/>\n<h4 style=\"text-align: center;\"><span style=\"color: #808080;\"><strong>Decyzji nie ma. Ale propozycja ziobryst\u00f3w, by Polska zawiesi\u0142a sk\u0142adk\u0119 do unijnego bud\u017cetu, to nie by\u0142a samowolka. Za zamkni\u0119tymi drzwiami w obozie w\u0142adzy toczy si\u0119 sp\u00f3r, czy &#8220;w\u0142o\u017cy\u0107 kij w mrowisko&#8221;. Wideo Justyny Dobrosz-Oracz.<\/strong><\/span><\/h4>\n<div id=\"content\" class=\"content-alignment\">\n<div id=\"watch-description\" class=\"yt-uix-button-panel\">\n<div id=\"watch-description-text\" style=\"text-align: center;\">\n<p><iframe style=\"width: 680px; height: 400px; border: 0;\" src=\"https:\/\/wyborcza.pl\/WideoEmbed\/0,0.html?xx=28374208&amp;series=false\" allowfullscreen=\"allowfullscreen\"><\/iframe><\/p>\n<\/div>\n<\/div>\n<\/div>\n<p style=\"text-align: left;\"><span style=\"color: #000080;\">Oficjalnie has\u0142o rzuci\u0142a Solidarna Polska. Kilka dni temu wiceprezes partii Micha\u0142 W\u00f3jcik zapowiedzia\u0142, \u017ce ugrupowanie z\u0142o\u017cy propozycj\u0119 &#8220;wstrzymania sk\u0142adki cz\u0142onkowskiej do UE p\u0142aconej przez nasz kraj&#8221;. Doda\u0142, \u017ce je\u015bli si\u0119 nie uda, to mo\u017cna zamrozi\u0107 takie wyp\u0142aty przynajmniej cz\u0119\u015bciowo.<\/span><\/p>\n<p style=\"text-align: left;\"><span style=\"color: #000080;\">.<br \/>\n<span style=\"color: #000000;\"><strong>Pow\u00f3d?<\/strong><\/span> <span style=\"color: #800000;\"><span style=\"color: #000080;\">Zdaniem polityk\u00f3w<\/span> <strong>Unia nie przekazuje pomocy Polsce na uchod\u017ac\u00f3w z Ukrainy.<\/strong><\/span><\/span><\/p>\n<h5 class=\"art_sub_title\" style=\"text-align: left;\"><strong>Wojna w Ukrainie. Kaczy\u0144ski &#8220;nie chce si\u0119 prosi\u0107&#8221; o fundusze na uchod\u017ac\u00f3w<\/strong><\/h5>\n<div class=\"paywall\">\n<p class=\"art_paragraph\" style=\"text-align: left;\"><span style=\"color: #000080;\">A teraz fakty. Nasz kraj dosta\u0142 p\u00f3\u0142 miliarda euro zaliczki\u00a0<a class=\"art_link\" style=\"color: #000080;\" href=\"https:\/\/wyborcza.pl\/7,75399,28274615,szefowie-msw-krajow-unii-rozmawiali-o-uchodzcach-z-ukrainy.html\" rel=\"dofollow\"><span style=\"text-decoration: underline;\"><strong>funduszu REACT-EU<\/strong><\/span>,<\/a>\u00a0czyli 40 euro na uchod\u017ac\u00f3w dziennie. W sumie ma otrzyma\u0107 miliard 250 milion\u00f3w euro. Nie jest jasne, czy rz\u0105d wyst\u0105pi\u0142 do Wsp\u00f3lnoty o zupe\u0142nie\u00a0<span style=\"text-decoration: underline;\"><strong><a class=\"art_link\" style=\"color: #000080; text-decoration: underline;\" href=\"https:\/\/krakow.wyborcza.pl\/krakow\/7,44425,28210385,pieniadze-na-pomoc-uchodzcom-z-ukrainy-trafia-do-rzadu-czy.html\" rel=\"dofollow\">nowe \u015brodki<\/a>.\u00a0<\/strong><\/span><a style=\"color: #000080;\" href=\"https:\/\/wyborcza.pl\/0,128956.html?tag=Jaros%B3aw+Kaczy%F1ski#anchorLink\"><span style=\"text-decoration: underline;\"><strong>Jaros\u0142aw Kaczy\u0144sk<\/strong><\/span>i<\/a>\u00a0publicznie m\u00f3wi\u0142, \u017ce &#8220;nie b\u0119dziemy si\u0119 prosi\u0107&#8221;. 8 kwietnia w &#8220;Sednie Sprawy&#8221; Radia Plus prezes\u00a0<a style=\"color: #000080;\" href=\"https:\/\/wyborcza.pl\/0,128956.html?tag=PiS#anchorLink\"><span style=\"text-decoration: underline;\"><strong>PiS<\/strong><\/span><\/a>\u00a0przyzna\u0142, \u017ce\u00a0<span style=\"text-decoration: underline;\"><strong><a class=\"art_link\" style=\"color: #000080; text-decoration: underline;\" href=\"https:\/\/wyborcza.pl\/7,75398,27904809,ziobro-w-ft-zawiesic-wplaty-polski-do-ue-powinnismy-zawetowac.html\" rel=\"dofollow\">zawieszenie sk\u0142adki<\/a><\/strong><\/span>\u00a0do unijnego bud\u017cetu &#8220;jest do rozwa\u017cenia&#8221;.<\/span><\/p>\n<p class=\"art_paragraph\" style=\"text-align: left;\"><span style=\"color: #000080;\">Dzi\u015b zast\u0119pca rzecznika Prawa i Sprawiedliwo\u015bci pytany przez nas, czy taki drastyczny ruch wchodzi w gr\u0119 w takim momencie historii, stwierdzi\u0142: &#8220;W kontek\u015bcie niekt\u00f3rych dzia\u0142a\u0144 UE r\u00f3\u017cne opcje nale\u017cy dyskutowa\u0107. R\u00f3\u017cne propozycje s\u0105 na stole&#8221;.<\/span><\/p>\n<h5 class=\"art_sub_title\" style=\"text-align: left;\"><strong>Ziobro za wstrzymaniem sk\u0142adki cz\u0142onkowskiej do UE. Morawiecki i Duda przeciwni<\/strong><\/h5>\n<p class=\"art_paragraph\" style=\"text-align: left;\"><span style=\"color: #000080;\">Za zamkni\u0119tym drzwiami w obozie w\u0142adzy toczy si\u0119 zaciek\u0142y sp\u00f3r o zawieszenie sk\u0142adki. \u2013 Premier z prezydentem nie chc\u0105 nawet tym grozi\u0107, bo to wywr\u00f3ci negocjacje, a pieni\u0105dze z Unii s\u0105 potrzebne jak nigdy dot\u0105d \u2013 m\u00f3wi nam jeden z wa\u017cnych polityk\u00f3w partii rz\u0105dz\u0105cej.<\/span><\/p>\n<p class=\"art_paragraph\" style=\"text-align: left;\"><span style=\"color: #000080;\">Od propozycji ziobryst\u00f3w publicznie od\u017cegnuj\u0105 si\u0119\u00a0<span style=\"text-decoration: underline;\"><strong><a class=\"art_link\" style=\"color: #000080; text-decoration: underline;\" href=\"https:\/\/walbrzych.wyborcza.pl\/walbrzych\/7,178336,28352082,wojewoda-dolnoslaski-o-koniecznosci-podjecia-pracy-przez-uchodzcow.html\" rel=\"dofollow\">wsp\u00f3\u0142pracownicy Mateusza Morawieckiego.<\/a><\/strong><\/span>\u00a0\u2013 Nie rozwa\u017camy na tym etapie takiego pomys\u0142u, jeste\u015bmy zdeterminowani, \u017ceby przekona\u0107 Komisj\u0119 Europejsk\u0105, Uni\u0119 Europejsk\u0105 do\u00a0<a class=\"art_link\" style=\"color: #000080;\" href=\"https:\/\/wyborcza.pl\/7,75399,28242657,polska-prosi-o-fundusze-nie-relokacje-uchodzcow-z-ukrainy.html\" rel=\"dofollow\"><span style=\"text-decoration: underline;\"><strong>stworzenia specjalnego funduszu<\/strong><\/span>,<\/a>\u00a0z kt\u00f3rego b\u0119dziemy pomaga\u0107 Ukrainie i Ukrai\u0144com, kt\u00f3rzy uciekaj\u0105 przed rosyjsk\u0105 agresj\u0105 \u2013 powiedzia\u0142\u00a0<span style=\"text-decoration: underline;\"><strong><a style=\"color: #000080; text-decoration: underline;\" href=\"https:\/\/wyborcza.pl\/0,128956.html?tag=Micha%B3+Dworczyk#anchorLink\">Micha\u0142 Dworczyk<\/a><\/strong><\/span>\u00a0w &#8220;Porannej Rozmowie&#8221; RMF FM.<\/span><\/p>\n<h5 class=\"art_sub_title\" style=\"text-align: left;\"><strong>Miller o propozycji Solidarnej Polski: To si\u0119 na Polsce negatywnie odbije, bo na UE na pewno ni<\/strong>e<\/h5>\n<p class=\"art_paragraph\" style=\"text-align: left;\">J<span style=\"color: #000080;\">u\u017c tego rodzaju &#8220;dyskusja&#8221; mo\u017ce usztywni\u0107 Bruksel\u0119. \u2013 Sama my\u015bl o zaprzestaniu p\u0142acenia sk\u0142adki nie ma precedensu. To by by\u0142o ocenione jako sygna\u0142 o wyj\u015bciu Polski z UE. To jest dzia\u0142anie przeciwko polskiej racji stanu \u2013 komentuje\u00a0<span style=\"text-decoration: underline;\"><strong><a class=\"art_link\" style=\"color: #000080; text-decoration: underline;\" href=\"https:\/\/wyborcza.pl\/7,82983,27056409,miller-o-sojuszu-lewicy-z-pis-jestem-zniesmaczony-z-nimi-nie.html\" rel=\"dofollow\">europose\u0142 Lewicy Leszek Miller<\/a><\/strong><\/span>. Wed\u0142ug by\u0142ego premiera to i tak &#8220;nic Polsce nie da&#8221;. \u2013 O tak\u0105 kwot\u0119, jak\u0105 Polska nie wp\u0142aci do unijnego bud\u017cetu, Unia obni\u017cy p\u0142atno\u015bci Polsce. To si\u0119 tylko na nas negatywnie odbije, bo na Unii na pewno nie\u00a0\u2013 m\u00f3wi Miller.<\/span><\/p>\n<h5 class=\"art_sub_title\" style=\"text-align: left;\"><strong>PiS zwleka z uchwaleniem ustawy o likwidacji Izby Dyscyplinarnej<\/strong><\/h5>\n<p class=\"art_paragraph\" style=\"text-align: left;\"><span style=\"color: #000080;\">\u015alimacz\u0105 si\u0119 prace nad prezydenck\u0105\u00a0<a class=\"art_link\" style=\"color: #000080;\" href=\"https:\/\/wyborcza.pl\/7,75398,28306800,przeciaganie-liny-w-sprawie-sadu-najwyzszego-stawka-miliardy.html#S.DT-K.C-B.1-L.1.duzy\" rel=\"dofollow\"><span style=\"text-decoration: underline;\"><strong>ustaw\u0105 o likwidacji Izby Dyscyplinarnej<\/strong><\/span>.<\/a>\u00a0Ma ona doprowadzi\u0107 do odblokowania pieni\u0119dzy z Unii. Komisja Europejska zamrozi\u0142a ich wyp\u0142at\u0119, gdy Polska nie powstrzyma\u0142a izby przed rozpoznawaniem spraw s\u0119dziowskich, tak jak to nakaza\u0142 TSUE. <span style=\"text-decoration: underline;\"><strong>P<a class=\"art_link\" style=\"color: #000080; text-decoration: underline;\" href=\"https:\/\/wyborcza.pl\/7,75398,28356797,zweryfikowac-pozorantow-w-togach-ziobrysci-zglaszaja.html\" rel=\"dofollow\">rezydent Andrzej Duda proponuje likwidacj\u0119 izby<\/a><\/strong><\/span>. Cho\u0107 na szali jest 58 mld euro dotacji i tanich po\u017cyczek z europejskiego Funduszu Odbudowy,\u00a0<span style=\"text-decoration: underline;\"><strong><a class=\"art_link\" style=\"color: #000080; text-decoration: underline;\" href=\"https:\/\/wyborcza.pl\/7,82983,28354815,pis-dogadalo-sie-z-ziobrystami-w-sprawie-sn-terlecki.html\" rel=\"dofollow\">Solidarna Polska mno\u017cy zastrze\u017cenia.<\/a><\/strong><\/span><\/span><\/p>\n<p class=\"art_paragraph\" style=\"text-align: left;\"><span style=\"color: #000080;\">Ale Uni\u0119 atakuj\u0105 nie tylko ziobry\u015bci. \u2013 Ja mam nieodparte wra\u017cenie, \u017ce ca\u0142y czas\u00a0<span style=\"text-decoration: underline;\"><strong><a class=\"art_link\" style=\"color: #000080; text-decoration: underline;\" href=\"https:\/\/wyborcza.pl\/7,75398,28137525,europoslowie-po-alarmuja-w-sprawie-kpo-bez-zmian-pieniadze.html\" rel=\"dofollow\">kwestia akceptacji KPO<\/a><\/strong><\/span>\u00a0jest traktowana w spos\u00f3b polityczny przez KE. I to jest g\u0142\u00f3wny problem \u2013 stwierdzi\u0142 w rozmowie z &#8220;Wyborcz\u0105&#8221; zast\u0119pca rzecznika PiS Rados\u0142aw Fogiel. Nie chcia\u0142 komentowa\u0107 pog\u0142osek, \u017ce do porozumienia z Komisj\u0105 Europejsk\u0105 w sprawie Funduszu Odbudowy by\u0142o blisko, ale PiS za\u017c\u0105da\u0142o\u00a0<span style=\"text-decoration: underline;\"><strong><a class=\"art_link\" style=\"color: #000080; text-decoration: underline;\" href=\"https:\/\/wyborcza.pl\/7,75399,28334361,rzad-pogodzony-z-kara-za-turow-komisja-europejska-wystawia.html\" rel=\"dofollow\">anulowania kar za nierespektowanie wyroku TSUE w sprawie Turowa.<\/a><\/strong><\/span><\/span><\/p>\n<h5 class=\"art_sub_title\" style=\"text-align: left;\"><strong>PiS liczy\u0142o, \u017ce dzi\u0119ki dobroci Polak\u00f3w ugra swoje z Uni\u0105 Europejsk\u0105<\/strong><\/h5>\n<p class=\"art_paragraph\" style=\"text-align: left;\"><span style=\"color: #000080;\">Napi\u0119cie zn\u00f3w narasta.\u00a0<span style=\"text-decoration: underline;\"><strong><a class=\"art_link\" style=\"color: #000080; text-decoration: underline;\" href=\"https:\/\/wyborcza.pl\/7,82983,28224256,pis-liczy-ze-dzieki-dobroci-polakow-ugra-swoje-wiemy-co-zrobi.html\" rel=\"dofollow\">Prawo i Sprawiedliwo\u015b\u0107 by\u0142o przekonane, \u017ce Unia nie b\u0119dzie mia\u0142a wyj\u015bcia.<\/a><\/strong><\/span>\u00a0Skoro Polska\u00a0<a class=\"art_link\" style=\"color: #000080;\" href=\"https:\/\/wyborcza.pl\/7,75399,28234339,the-new-york-times-w-polsce-sa-uchodzcy-gorszego-sortu.html\" rel=\"dofollow\">przyjmuje uchod\u017ac\u00f3w<\/a>, to pieni\u0105dze b\u0119d\u0105 odblokowane.\u00a0<a class=\"art_link\" style=\"color: #000080;\" href=\"https:\/\/wyborcza.pl\/7,82983,28363067,tusk-wyeliminowac-antyeuropejskich-politykow-z-polskiego.html\" rel=\"dofollow\"><span style=\"text-decoration: underline;\"><strong>Gdy tak si\u0119 nie sta\u0142o, zn\u00f3w zaostrzono kurs.<\/strong><\/span>\u00a0<\/a>Na pocz\u0105tku kwietnia Kaczy\u0144ski m\u00f3wi\u0142 o &#8220;polityce nienawistnie antypolskiej, kt\u00f3ra doprowadzi Uni\u0119 do zguby&#8221;.<\/span><\/p>\n<div id=\"banC2\">\n<hr \/>\n<\/div>\n<p class=\"art_paragraph\" style=\"text-align: left;\"><span style=\"color: #808080;\"><em>Realizacja wideo: zdj\u0119cia i monta\u017c <strong>Matylda Wierietieln<\/strong><\/em><\/span><\/p>\n<\/div>\n<hr style=\"height: 15px; background: #d0e6fa; width: 100%;\" \/>\n<div id=\"content\" class=\"content-alignment\">\n<div id=\"watch-description\" class=\"yt-uix-button-panel\">\n<div id=\"watch-description-text\" style=\"text-align: center;\">\n<p><em>Zawarto\u015b\u0107 publikowanych artyku\u0142\u00f3w i materia\u0142\u00f3w nie reprezentuje pogl\u0105d\u00f3w ani opinii Reunion&#8217;68,<\/em><em><br \/>\nani te\u017c webmastera Blogu Reunion&#8217;68, chyba ze jest to wyra\u017anie zaznaczone.<br \/>\nTwoje uwagi, linki, w\u0142asne artyku\u0142y lub wiadomo\u015bci prze\u015blij na adres:<br \/>\n<\/em><span style=\"color: #000080;\"><strong><em><a style=\"color: #000080;\" href=\"mailto:webmaster@reunion68.com\"><span style=\"text-decoration: underline;\">webmaster@reunion68.com<\/span><\/a><\/em><\/strong><\/span><\/p>\n<\/div>\n<\/div>\n<\/div>\n<hr style=\"width: 100%;\" \/>\n","protected":false},"excerpt":{"rendered":"<p>Jaroslaw Kaczynski (Fot. Dawid \u017buchowicz \/ Agencja Gazeta) Kaczy\u0144ski na serio rozwa\u017ca wstrzymanie p\u0142acenia sk\u0142adki do unijnego bud\u017cetu. Fogiel: Nale\u017cy dyskutowa\u0107 r\u00f3\u017cne opcje Justyna Dobrosz-Oracz Decyzji nie ma. Ale propozycja ziobryst\u00f3w, by Polska zawiesi\u0142a sk\u0142adk\u0119 do unijnego bud\u017cetu, to nie by\u0142a samowolka. Za zamkni\u0119tymi drzwiami w obozie w\u0142adzy toczy si\u0119 sp\u00f3r, czy &#8220;w\u0142o\u017cy\u0107 kij w [&hellip;]<\/p>\n","protected":false},"author":1,"featured_media":0,"comment_status":"closed","ping_status":"closed","sticky":false,"template":"","format":"standard","meta":[],"categories":[6],"tags":[26,24],"_links":{"self":[{"href":"https:\/\/www.reunion68.se\/index.php?rest_route=\/wp\/v2\/posts\/94854"}],"collection":[{"href":"https:\/\/www.reunion68.se\/index.php?rest_route=\/wp\/v2\/posts"}],"about":[{"href":"https:\/\/www.reunion68.se\/index.php?rest_route=\/wp\/v2\/types\/post"}],"author":[{"embeddable":true,"href":"https:\/\/www.reunion68.se\/index.php?rest_route=\/wp\/v2\/users\/1"}],"replies":[{"embeddable":true,"href":"https:\/\/www.reunion68.se\/index.php?rest_route=%2Fwp%2Fv2%2Fcomments&post=94854"}],"version-history":[{"count":11,"href":"https:\/\/www.reunion68.se\/index.php?rest_route=\/wp\/v2\/posts\/94854\/revisions"}],"predecessor-version":[{"id":94869,"href":"https:\/\/www.reunion68.se\/index.php?rest_route=\/wp\/v2\/posts\/94854\/revisions\/94869"}],"wp:attachment":[{"href":"https:\/\/www.reunion68.se\/index.php?rest_route=%2Fwp%2Fv2%2Fmedia&parent=94854"}],"wp:term":[{"taxonomy":"category","embeddable":true,"href":"https:\/\/www.reunion68.se\/index.php?rest_route=%2Fwp%2Fv2%2Fcategories&post=94854"},{"taxonomy":"post_tag","embeddable":true,"href":"https:\/\/www.reunion68.se\/index.php?rest_route=%2Fwp%2Fv2%2Ftags&post=94854"}],"curies":[{"name":"wp","href":"https:\/\/api.w.org\/{rel}","templated":true}]}}