{"id":94922,"date":"2022-04-29T17:00:19","date_gmt":"2022-04-29T15:00:19","guid":{"rendered":"http:\/\/www.reunion68.se\/?p=94922"},"modified":"2022-04-29T07:52:11","modified_gmt":"2022-04-29T05:52:11","slug":"08-00-72","status":"publish","type":"post","link":"https:\/\/www.reunion68.se\/?p=94922","title":{"rendered":"British Authorities Urged to Deny Entry to Antisemitic Polish Politicians Planning to Speak at Community Event"},"content":{"rendered":"<h5 style=\"text-align: center;\"><a href=\"https:\/\/www.algemeiner.com\/\" target=\"_blank\" rel=\"noopener noreferrer\"><img decoding=\"async\" class=\"center alignleft\" src=\"http:\/\/www.reunion68.com\/Biuletyn\/img\/algem.png\" alt=\"\" width=\"35%\" \/><\/a><span style=\"text-decoration: underline; color: #000080;\"><span><strong><a style=\"color: #000080; text-decoration: underline;\" href=\"https:\/\/www.algemeiner.com\/2022\/04\/28\/british-authorities-urged-to-deny-entry-to-antisemitic-polish-politicians-planning-to-speak-at-community-event\/\" target=\"_blank\" rel=\"noopener noreferrer\">British Authorities Urged to Deny Entry to Antisemitic Polish Politicians Planning to Speak at Community Event<\/a><\/strong><\/span><\/span><\/h5>\n<p style=\"text-align: center;\"><span style=\"color: #000000;\"><strong>Ben Cohen<\/strong><\/span><\/p>\n<hr style=\"height: 15px; background: #d0e6fa; width: 100%;\" \/>\n<p style=\"text-align: center;\"><img decoding=\"async\" class=\"aligncenter\" src=\"https:\/\/www.algemeiner.com\/wp-content\/uploads\/2020\/03\/Janusz-Korwin-Mikke.jpg\" width=\"100%\" \/><span style=\"color: #808080;\"><em>Polish lawmaker Janusz Korwin-Mikke. Photo: Piotr Drabik \/ Wikimedia Commons.<\/em><\/span><\/p>\n<p style=\"text-align: left;\"><span style=\"color: #000080;\">An interfaith organization in the UK is calling on the British government to prevent the entry of two far-right Polish politicians accused of antisemitic and racist incitement.<\/span><\/p>\n<p style=\"text-align: left;\"><span style=\"color: #000080;\">In a statement on Thursday, Faith Matters highlighted the planned presence of Janusz Korwin-Mikke, a former member of the European parliament, and Konrad Berkowicz, a serving member of the Polish parliament for the far-right Konfederacja party<b>,<\/b>\u00a0at a Polish community event scheduled for Sunday in Manchester. Around 700,000 people of Polish descent live in the UK, with up to 30,000 located in the Greater Manchester region.<\/span><\/p>\n<p style=\"text-align: left;\"><span style=\"color: #000080;\">Faith Matters said it had submitted a dossier to the British Home Office that collected many of Korwin-Mikke\u2019s inflammatory statements on social media, including a recent series of tweets suggesting that atrocities committed by Russian troops in Ukrainian cities such as Mariupol and Bucha were in fact the work of Ukrainian forces.<\/span><\/p>\n<p style=\"text-align: left;\"><span style=\"color: #000080;\">Korwin-Mikke has frequently promoted crudely antisemitic material, with one posting from 2019 showing a man dressed as a Hasidic Jew laughing cynically and the accompanying message \u201cStupid Goy\u201d alongside the n-word. On previous occasions, he claimed that Adolf Hitler had been unaware of the Holocaust, opined that being a Jew or a Muslim was \u201cworse for me than race mixing,\u201d and urged the lowering of the age of consent for children on the grounds that there are \u201cgirls who are 12, 13, and completely mature.\u201d<\/span><\/p>\n<p style=\"text-align: left;\"><span style=\"color: #000080;\">In 2020, Korwin-Mikke sparked outrage when he claimed during a TV panel discussion that Jews had benefited from the murderous pogroms against them in Europe, becoming more powerful as a result of the violence. \u201cJews are now powerful because they had pogroms,\u201d he said. \u201cAs a result of pogroms, the strongest and the most gifted survived. This is a warning to antisemites: That is why Jews are powerful, because they had pogroms. There are even theories that rabbis deliberately provoke pogroms precisely so that Jews survive, and then there is natural selection.\u201d<\/span><\/p>\n<p style=\"text-align: left;\"><span style=\"color: #000080;\">Konrad Berkowicz, meanwhile, gained notoriety in 2019 when he forcibly placed a kippah on the head of a rival lawmaker during a parliamentary debate on Holocaust restitution while one of his colleagues railed against Polish politicians who allegedly \u201ckneel before the Jews.\u201d<\/span><\/p>\n<p style=\"text-align: left;\"><span style=\"color: #000080;\">The \u2018Never Again\u2019 Association, a Polish anti-racist organization, echoed Faith Matters\u2019 call on the British government to prevent Korwin-Mikke and Berkowicz from entering the country.<\/span><\/p>\n<p style=\"text-align: left;\"><span style=\"color: #000080;\">The group said it was \u201cdismayed by the planned meeting of the Polish far-right leaders in Manchester. We are seriously concerned they are going to promote their hatred and bigotry among the Polish community in the UK.\u201d<\/span><\/p>\n<p style=\"text-align: left;\"><span style=\"color: #000080;\">Polish extremists have been prevented from entering the UK in the past. In Oct. 2021, much to the chagrin of the Polish government, the British authorities denied entry to Rafal Ziemkiewicz, a columnist for the far-right weekly,\u00a0<em>Do Rzeczy,\u00a0<\/em>who has claimed that the Holocaust was a \u201cmyth.\u201d Upon landing at Heathrow Airport in London, Ziemkiewicz was informed by immigration officials that his views were \u201cat odds with British values and likely to cause offense.\u201d<\/span><\/p>\n<hr style=\"height: 15px; background: #d0e6fa; width: 100%;\" \/>\n<div id=\"content\" class=\"content-alignment\">\n<div id=\"watch-description\" class=\"yt-uix-button-panel\">\n<div id=\"watch-description-text\" style=\"text-align: center;\">\n<p><em>Zawarto\u015b\u0107 publikowanych artyku\u0142\u00f3w i materia\u0142\u00f3w nie reprezentuje pogl\u0105d\u00f3w ani opinii Reunion&#8217;68,<\/em><em><br \/>\nani te\u017c webmastera Blogu Reunion&#8217;68, chyba ze jest to wyra\u017anie zaznaczone.<br \/>\nTwoje uwagi, linki, w\u0142asne artyku\u0142y lub wiadomo\u015bci prze\u015blij na adres:<br \/>\n<\/em><span style=\"color: #000080;\"><strong><em><a style=\"color: #000080;\" href=\"mailto:webmaster@reunion68.com\"><span style=\"text-decoration: underline;\">webmaster@reunion68.com<\/span><\/a><\/em><\/strong><\/span><\/p>\n<\/div>\n<\/div>\n<\/div>\n<hr style=\"width: 100%;\" \/>\n","protected":false},"excerpt":{"rendered":"<p>British Authorities Urged to Deny Entry to Antisemitic Polish Politicians Planning to Speak at Community Event Ben Cohen Polish lawmaker Janusz Korwin-Mikke. Photo: Piotr Drabik \/ Wikimedia Commons. An interfaith organization in the UK is calling on the British government to prevent the entry of two far-right Polish politicians accused of antisemitic and racist incitement. [&hellip;]<\/p>\n","protected":false},"author":1,"featured_media":0,"comment_status":"closed","ping_status":"closed","sticky":false,"template":"","format":"standard","meta":[],"categories":[6],"tags":[26,24],"_links":{"self":[{"href":"https:\/\/www.reunion68.se\/index.php?rest_route=\/wp\/v2\/posts\/94922"}],"collection":[{"href":"https:\/\/www.reunion68.se\/index.php?rest_route=\/wp\/v2\/posts"}],"about":[{"href":"https:\/\/www.reunion68.se\/index.php?rest_route=\/wp\/v2\/types\/post"}],"author":[{"embeddable":true,"href":"https:\/\/www.reunion68.se\/index.php?rest_route=\/wp\/v2\/users\/1"}],"replies":[{"embeddable":true,"href":"https:\/\/www.reunion68.se\/index.php?rest_route=%2Fwp%2Fv2%2Fcomments&post=94922"}],"version-history":[{"count":4,"href":"https:\/\/www.reunion68.se\/index.php?rest_route=\/wp\/v2\/posts\/94922\/revisions"}],"predecessor-version":[{"id":94962,"href":"https:\/\/www.reunion68.se\/index.php?rest_route=\/wp\/v2\/posts\/94922\/revisions\/94962"}],"wp:attachment":[{"href":"https:\/\/www.reunion68.se\/index.php?rest_route=%2Fwp%2Fv2%2Fmedia&parent=94922"}],"wp:term":[{"taxonomy":"category","embeddable":true,"href":"https:\/\/www.reunion68.se\/index.php?rest_route=%2Fwp%2Fv2%2Fcategories&post=94922"},{"taxonomy":"post_tag","embeddable":true,"href":"https:\/\/www.reunion68.se\/index.php?rest_route=%2Fwp%2Fv2%2Ftags&post=94922"}],"curies":[{"name":"wp","href":"https:\/\/api.w.org\/{rel}","templated":true}]}}