{"id":95039,"date":"2022-05-03T17:09:04","date_gmt":"2022-05-03T15:09:04","guid":{"rendered":"http:\/\/www.reunion68.se\/?p=95039"},"modified":"2022-05-03T06:23:59","modified_gmt":"2022-05-03T04:23:59","slug":"12-09-59","status":"publish","type":"post","link":"https:\/\/www.reunion68.se\/?p=95039","title":{"rendered":"Dlaczego Palesty\u0144czycy \u015bwi\u0119tuj\u0105 mordowanie \u017byd\u00f3w"},"content":{"rendered":"<p style=\"text-align: center;\"><img decoding=\"async\" class=\"aligncenter\" src=\"https:\/\/www.gatestoneinstitute.org\/pics\/2311.jpg\" width=\"100%\"><span style=\"color: #808080;\"><em>\u015awi\u0119towanie, jakie odbywa\u0142o si\u0119 na Zachodnim Brzegu i w Strefie Gazy po niedawnych zamachach terrorystycznych w Izraelu, jest kolejnym sygna\u0142em radykalizacji Palesty\u0144czyk\u00f3w i ich odmowy uznania prawa Izraela do istnienia. Na zdj\u0119ciu: Gaza\u0144czycy okazuj\u0105 poparcie dla terrorysty, kt\u00f3ry zamordowa\u0142 troje ludzi w Tel Awiwie w tym tygodniu, jak r\u00f3wnie\u017c dla trzech terroryst\u00f3w z islamskiego D\u017cihadu, kt\u00f3rzy zgin\u0119li po tym, jak otwarli ogie\u0144 na izraelskich \u017co\u0142nierzy. (Zdj\u0119cie: Said Khatib\/AFP via Getty Images)<\/em><\/span><\/p>\n<hr>\n<h5 style=\"text-align: center;\"><a href=\"https:\/\/pl.gatestoneinstitute.org\/\" target=\"_blank\" rel=\"noopener noreferrer\"><img decoding=\"async\" class=\"center alignleft\" src=\"https:\/\/pl.gatestoneinstitute.org\/images\/gatestone-logo-1000.gif\" alt=\"\" width=\"35%\"><\/a><span style=\"text-decoration: underline; color: #000080;\"><span><strong><a style=\"color: #000080; text-decoration: underline;\" href=\"https:\/\/pl.gatestoneinstitute.org\/18497\/dlaczego-palestynczycy-swietuja-mordowanie-zydow\" target=\"_blank\" rel=\"noopener noreferrer\">Dlaczego Palesty\u0144czycy \u015bwi\u0119tuj\u0105 mordowanie \u017byd\u00f3w<\/a><\/strong><\/span><\/span><\/h5>\n<p style=\"text-align: center;\"><span style=\"color: #000000;\"><strong>Khaled Abu Toameh<br \/>\n<\/strong><span style=\"color: #808080;\">T\u0142umaczenie: <\/span><strong>Ma\u0142gorzata Koraszewska<\/strong><\/span><\/p>\n<hr style=\"height: 15px; background: #d0e6fa; width: 100%;\">\n<p style=\"text-align: left;\"><span style=\"color: #000080;\"><span style=\"text-decoration: underline;\"><strong><a style=\"color: #000080; text-decoration: underline;\" href=\"https:\/\/www.qudspress.com\/index.php?page=show&amp;id=77469\" target=\"_blank\" rel=\"noopener noreferrer\">\u015awi\u0119towanie<\/a><\/strong><\/span>, jakie odbywa\u0142o si\u0119 na Zachodnim Brzegu [tj. w Judei i Samarii. MK] i w Strefie Gazy po niedawnych zamachach terrorystycznych w Izraelu, jest kolejnym sygna\u0142em radykalizacji Palesty\u0144czyk\u00f3w i ich odmowy uznania prawa Izraela do istnienia.<\/span><\/p>\n<p style=\"text-align: left;\"><span style=\"color: #000080;\">Wyrazy rado\u015bci, kiedy Palesty\u0144czycy&nbsp;<a style=\"color: #000080;\" href=\"https:\/\/www.albawaba.com\/ar\/%D8%A3%D8%AE%D8%A8%D8%A7%D8%B1\/%D9%81%D9%84%D8%B3%D8%B7%D9%8A%D9%86%D9%8A%D9%88%D9%86-%D9%8A%D9%88%D8%B2%D8%B9%D9%88%D9%86-%D8%A7%D9%84%D8%AD%D9%84%D9%88%D9%89-%D9%81%D9%8A-%D8%AC%D9%86%D9%8A%D9%86-%D8%A7%D8%A8%D8%AA%D9%87%D8%A7%D8%AC%D8%A7-%D8%A8%D8%B9%D9%85%D9%84%D9%8A%D8%A9-%D8%AA%D9%84-%D8%A7%D8%A8%D9%8A%D8%A8-%D9%81%D9%8A%D8%AF%D9%8A%D9%88-1471686\" target=\"_blank\" rel=\"noopener noreferrer\">wyszli<\/a>&nbsp;na ulice, by rozdawa\u0107 s\u0142odycze i skandowa\u0107 has\u0142a poparcia dla terroryst\u00f3w, przypominaj\u0105 \u015bwi\u0119towanie, jakie mia\u0142o miejsce, kiedy iracki dyktator Saddam Husajn wystrzeli\u0142 pociski na Izrael podczas pierwszej wojny w Zatoce w 1991 roku, lub kiedy Hamas, Fatah, Palesty\u0144ski Islamski D\u017cihad i inne grupy terrorystyczne dokonywa\u0142y samob\u00f3jczych zamach\u00f3w bombowych, morduj\u0105c setki Izraelczyk\u00f3w podczas drugiej intifady, kt\u00f3ra wybuch\u0142a w 2000 roku.<\/span><\/p>\n<p style=\"text-align: left;\"><span style=\"color: #000080;\">Poza zademonstrowaniem braku szacunku dla ludzkiego \u017cycia i poparcia dla terroryst\u00f3w to \u015bwi\u0119towanie raz jeszcze dowodzi, \u017ce Palesty\u0144czyk, kt\u00f3ry morduje \u017byda, jest bohaterem, podczas gdy ten, kt\u00f3ry d\u0105\u017cy do pokoju z Izraelem, jest zdrajc\u0105.<\/span><\/p>\n<p style=\"text-align: left;\"><span style=\"color: #000080;\">Wed\u0142ug&nbsp;<a style=\"color: #000080;\" href=\"https:\/\/www.pcpsr.org\/en\/node\/902\" target=\"_blank\" rel=\"noopener noreferrer\">sonda\u017c<\/a>u opinii publicznej opublikowanego 22 marca, poparcie Palesty\u0144czyk\u00f3w dla &#8220;walki zbrojnej&#8221; przeciwko Izraelowi wzros\u0142o z 42% trzy miesi\u0105ce temu do 44%.<\/span><\/p>\n<p style=\"text-align: left;\"><span style=\"color: #000080;\">W leksykonie Palesty\u0144czyk\u00f3w &#8220;walka zbrojna&#8221; jest eufemizmem dla rozmaitych rodzaj\u00f3w terroryzmu wobec Izraela, od rzucania kamieniami do strzelania z broni palnej, zamach\u00f3w no\u017cowniczych, taranowania samochodami, salw rakietowych i bombowych zamach\u00f3w samob\u00f3jczych.<\/span><\/p>\n<p style=\"text-align: left;\"><span style=\"color: #000080;\">Sonda\u017c prowadzony przez Palesty\u0144ski O\u015brodek Bada\u0144 Polityki i Sonda\u017cy, pokaza\u0142, \u017ce wi\u0119kszo\u015b\u0107 a\u017c 70% sprzeciwia si\u0119 procesowi pokojowemu z Izraelem.<\/span><\/p>\n<p style=\"text-align: left;\"><span style=\"color: #000080;\">Gdyby nowe wybory prezydenckie odbywa\u0142y si\u0119 dzisiaj w Autonomii Palesty\u0144skiej (AP), Ismail Hanija, przyw\u00f3dca Hamasu, wspieranej przez Iran grupy terrorystycznej, kt\u00f3ra d\u0105\u017cy do zniszczenia Izraela, pokona\u0142by prezydenta AP Mahmouda Abbasa, pokazuje sonda\u017c. Ponadto wi\u0119kszo\u015b\u0107 Palesty\u0144czyk\u00f3w powiedzia\u0142a, \u017ce b\u0119d\u0105 g\u0142osowa\u0107 na Hamas w wyborach parlamentarnych.<\/span><\/p>\n<p style=\"text-align: left;\"><span style=\"color: #000080;\">73% Palesty\u0144czyk\u00f3w chce, by 86-letni Abbas odszed\u0142 ze stanowiska. Poprzednie sonda\u017ce wskazywa\u0142y, \u017ce niemal 80% spo\u0142ecze\u0144stwa chce odej\u015bcia Abbasa.<\/span><\/p>\n<p style=\"text-align: left;\"><span style=\"color: #000080;\">Podczas gdy wi\u0119kszo\u015b\u0107 Palesty\u0144czyk\u00f3w&nbsp;<a style=\"color: #000080;\" href=\"https:\/\/pcpsr.org\/en\/node\/866\" target=\"_blank\" rel=\"noopener noreferrer\">m\u00f3wi<\/a>, \u017ce chc\u0105 odej\u015bcia prezydenta ze sceny, administracja USA wydaje si\u0119 nale\u017ce\u0107 do tych nielicznych na arenie mi\u0119dzynarodowej, kt\u00f3rzy nadal uk\u0142adaj\u0105 si\u0119 z Abbasem i w nim pok\u0142adaj\u0105 nadziej\u0119 na tak zwane rozwi\u0105zanie w postaci dw\u00f3ch pa\u0144stw i pok\u00f3j z Izraelem.<\/span><\/p>\n<p style=\"text-align: left;\"><span style=\"color: #000080;\">Po ostatnim spotkaniu z Abbasem w Ramallah 27 marca sekretarz stanu USA Antony Blinken raz jeszcze&nbsp;<a style=\"color: #000080;\" href=\"https:\/\/www.state.gov\/secretary-antony-j-blinken-and-palestinian-authority-president-mahmoud-abbas-after-their-meeting\/\" target=\"_blank\" rel=\"noopener noreferrer\">powt\u00f3rzy\u0142<\/a>&nbsp;zobowi\u0105zanie administracji Bidena do &#8220;podstawowej zasady&#8221; rozwi\u0105zania w postaci dw\u00f3ch pa\u0144stw:<\/span><\/p>\n<blockquote>\n<p style=\"text-align: left;\"><strong>&#8220;Palesty\u0144czycy i Izraelczycy tak samo zas\u0142uguj\u0105 na \u017cycie z r\u00f3wn\u0105 wolno\u015bci\u0105, mo\u017cliwo\u015bciami, bezpiecze\u0144stwem i godno\u015bci\u0105, i wierzymy, \u017ce najskuteczniejszy spos\u00f3b zrealizowania tej podstawowej zasady jest przez dwa pa\u0144stwa&#8221;.<\/strong><\/p>\n<\/blockquote>\n<p style=\"text-align: left;\"><span style=\"color: #000080;\">A oto niewygodna prawda dla Blinkena: sonda\u017c przeprowadzony na jeden tydzie\u0144 przed jego przybyciem do Ramallah,&nbsp;<i>de facto<\/i>&nbsp;stolicy Palesty\u0144czyk\u00f3w, pokaza\u0142, \u017ce wi\u0119kszo\u015b\u0107 Palesty\u0144czyk\u00f3w (58%) sprzeciwia si\u0119 rozwi\u0105zaniu w postaci dw\u00f3ch pa\u0144stw. Dlaczego? Nie wierz\u0105 w prawo Izraela do istnienia.<\/span><\/p>\n<p style=\"text-align: left;\"><span style=\"color: #000080;\">Ci Palesty\u0144czycy chc\u0105 pokoju bez Izraela, nie pokoju z Izraelem. Jedyny pok\u00f3j, jaki sobie wyobra\u017caj\u0105, to ten, w kt\u00f3rym Izrael przestaje istnie\u0107.<\/span><\/p>\n<p style=\"text-align: left;\"><span style=\"color: #000080;\">Dlatego te\u017c \u2013 jak pokazuje ten i wcze\u015bniejsze sonda\u017ce \u2013 wi\u0119kszo\u015b\u0107 Palesty\u0144czyk\u00f3w popiera Hamas, kt\u00f3rego&nbsp;<a style=\"color: #000080;\" href=\"https:\/\/avalon.law.yale.edu\/20th_century\/hamas.asp\" target=\"_blank\" rel=\"noopener noreferrer\">Karta<\/a>&nbsp;otwarcie wzywa do likwidacji Izraela.<\/span><\/p>\n<p style=\"text-align: left;\"><span style=\"color: #000080;\">Dla nich jest religijnym obowi\u0105zkiem dzia\u0142anie na rzecz &#8220;wyzwolenia ca\u0142ej Palestyny, od rzeki Jordan do Morza \u015ar\u00f3dziemnego&#8221;.&nbsp;<a style=\"color: #000080;\" href=\"https:\/\/irp.fas.org\/world\/para\/docs\/880818.htm\" target=\"_blank\" rel=\"noopener noreferrer\">Artyku\u0142 11<\/a>&nbsp;Karty Hamasu stanowi:<\/span><\/p>\n<blockquote>\n<p style=\"text-align: left;\"><strong>&#8220;Islamski Ruch Oporu [Hamas] wierzy, \u017ce ziemia Palestyny jest islamskim Wakf, po\u015bwi\u0119conym przysz\u0142ym pokoleniom muzu\u0142man\u00f3w a\u017c do Dnia S\u0105du Ostatecznego. Ona, ani \u017cadna jej cz\u0119\u015b\u0107 nie mo\u017ce by\u0107 zaprzepaszczona; z niej ani \u017cadnej jej cz\u0119\u015bci nie mo\u017cna zrezygnowa\u0107&#8221;.<\/strong><\/p>\n<\/blockquote>\n<p style=\"text-align: left;\"><span style=\"color: #000080;\"><a style=\"color: #000080;\" href=\"https:\/\/irp.fas.org\/world\/para\/docs\/880818.htm\" target=\"_blank\" rel=\"noopener noreferrer\">Artyku\u0142 15<\/a>&nbsp;m\u00f3wi:<\/span><\/p>\n<blockquote>\n<p style=\"text-align: left;\"><strong>&#8220;Dzie\u0144, w kt\u00f3rym wrogowie uzurpuj\u0105 sobie muzu\u0142ma\u0144sk\u0105 ziemi\u0119, d\u017cihad [\u015bwi\u0119ta wojna] staje si\u0119 indywidualnym obowi\u0105zkiem ka\u017cdego muzu\u0142manina. W obliczu \u017cydowskiej uzurpacji Palestyny, podniesienie sztandaru d\u017cihadu jest obowi\u0105zkowe&#8221;.<\/strong><\/p>\n<\/blockquote>\n<p style=\"text-align: left;\"><span style=\"color: #000080;\"><a style=\"color: #000080;\" href=\"https:\/\/avalon.law.yale.edu\/20th_century\/hamas.asp\" target=\"_blank\" rel=\"noopener noreferrer\">Karta<\/a>&nbsp;Hamasu przypomina tak\u017ce muzu\u0142manom o s\u0142ynnym powiedzeniu proroka Mahometa:<\/span><\/p>\n<blockquote>\n<p style=\"text-align: left;\"><strong>&#8220;Dzie\u0144 S\u0105du Ostatecznego nie nadejdzie, a\u017c muzu\u0142manie b\u0119d\u0105 walczy\u0107 z \u017bydami, a \u017bydzi b\u0119d\u0105 chowa\u0107 si\u0119 za kamienie i drzewa. Kamienie i drzewa zawo\u0142aj\u0105: O muzu\u0142maninie, o s\u0142ugo Allaha, za mn\u0105 jest \u017byd, przyjd\u017a i zabij go&#8221;.<\/strong><\/p>\n<\/blockquote>\n<p style=\"text-align: left;\"><span style=\"color: #000080;\">Ponadto w sonda\u017cu stwierdzono, \u017ce olbrzymia wi\u0119kszo\u015b\u0107 Palesty\u0144czyk\u00f3w (73%) wierzy, \u017ce Koran zawiera proroctwo dotycz\u0105ce ko\u0144ca Izraela. Jednak wi\u0119kszo\u015b\u0107 (57%) nie wierzy koncepcji oznajmionej przez kilku muzu\u0142ma\u0144skich uczonych, \u017ce wersety Koranu przepowiadaj\u0105 dok\u0142adn\u0105 dat\u0119 ko\u0144ca Izraela: 2022 rok.<\/span><\/p>\n<p style=\"text-align: left;\"><span style=\"color: #000080;\">Tak wi\u0119c olbrzymia wi\u0119kszo\u015b\u0107 Palesty\u0144czyk\u00f3w jest przekonana, \u017ce Koran istotnie zawiera s\u0142owa o ko\u0144cu Izraela, tylko nie s\u0105 pewni, kiedy to si\u0119 zdarzy. To przekonanie jest jasnym wyrazem pobo\u017cnych \u017cycze\u0144 Palesty\u0144czyk\u00f3w, szczeg\u00f3lnie tych, kt\u00f3rzy wiwatuj\u0105, ta\u0144cz\u0105 i rozdaj\u0105 s\u0142odycze, by \u015bwi\u0119towa\u0107 zamachy terrorystyczne w izraelskich miastach Beer Szewa, Bnei Brak i Tel Awiw w ostatnich kilku tygodniach.<\/span><\/p>\n<p style=\"text-align: left;\"><span style=\"color: #000080;\">Chwal\u0105c obecn\u0105 fal\u0119 zamach\u00f3w terrorystycznych w Izraelu, przyw\u00f3dca Hamasu Mahmoud Zahar&nbsp;<a style=\"color: #000080;\" href=\"https:\/\/www.almanar.com.lb\/9440488\" target=\"_blank\" rel=\"noopener noreferrer\">powiedzia\u0142<\/a>&nbsp;9 kwietnia: &#8220;Te powtarzaj\u0105ce si\u0119 heroiczne operacje dowodz\u0105 wyra\u017anego faktu \u2013 \u017ce nie ma przysz\u0142o\u015bci dla \u017byd\u00f3w na naszej palesty\u0144skiej ziemi&#8221;.<\/span><\/p>\n<p style=\"text-align: left;\"><span style=\"color: #000080;\">Jak pokazuje sonda\u017c, to przyw\u00f3dc\u00f3w takich jak Zahar wol\u0105 Palesty\u0144czycy jako swojego prezydenta. Palesty\u0144ski przyw\u00f3dca, kt\u00f3ry m\u00f3wi o zniszczeniu Izraela i mordowaniu \u017byd\u00f3w, ma wi\u0119ksze szanse na wyb\u00f3r, ni\u017c taki, kt\u00f3ry m\u00f3wi, \u017ce jest przeciwny terroryzmowi i chce pracowa\u0107 na rzecz osi\u0105gni\u0119cia rozwi\u0105zania w postaci dw\u00f3ch pa\u0144stw.<\/span><\/p>\n<p style=\"text-align: left;\"><span style=\"color: #000080;\">Dla Palesty\u0144czyk\u00f3w jest du\u017co wa\u017cniejsze, by kto\u015b by\u0142 absolwentem izraelskiego wi\u0119zienia ni\u017c absolwentem dowolnego uniwersytetu. Dlatego by\u0142y premier Salam Fajjad, znany ekonomista wykszta\u0142cony w USA, zdoby\u0142 tylko dwa miejsca, kiedy jego lista stawa\u0142a do wybor\u00f3w parlamentarnych w 2006 roku. Brak popularno\u015bci Fajjada g\u0142\u00f3wnie przypisuje si\u0119 faktowi, \u017ce nigdy nie siedzia\u0142 w izraelskim wi\u0119zieniu za mordowanie lub kaleczenie \u017byd\u00f3w ani nie bra\u0142 udzia\u0142u w dzia\u0142alno\u015bci terrorystycznej przeciwko Izraelowi.<\/span><\/p>\n<p style=\"text-align: left;\"><span style=\"color: #000080;\">Jednym z powod\u00f3w tej rosn\u0105cej radykalizacji Palesty\u0144czyk\u00f3w jest w\u015bciek\u0142e pod\u017ceganie przez Abbasa i Autonomi\u0119 Palesty\u0144sk\u0105 przeciwko Izraelowi i \u017bydom.<\/span><\/p>\n<p style=\"text-align: left;\"><span style=\"color: #000080;\">W dniach i tygodniach przed pocz\u0105tkiem tej fali terroryzmu palesty\u0144scy przyw\u00f3dcy m\u00f3wili swojej ludno\u015bci, \u017ce \u017bydzi planuj\u0105 zbezcze\u015bci\u0107 i pope\u0142ni\u0107 zbrodnie wobec meczetu Al-Aksa w Jerozolimie. To takie oszczerstwa podbechtuj\u0105 terroryst\u00f3w i wzmacniaj\u0105 motywacje do mordowania \u017byd\u00f3w. Jest to tak\u017ce ten rodzaj pod\u017cegania, kt\u00f3ry pcha wi\u0119cej Palesty\u0144czyk\u00f3w w szeroko otwarte ramiona Hamasu i innych ekstremist\u00f3w.<\/span><\/p>\n<p style=\"text-align: left;\"><span style=\"color: #000080;\">Palesty\u0144czykom, kt\u00f3rzy \u015bwi\u0119tuj\u0105 mordowanie \u017byd\u00f3w, ich liderzy powiedzieli, \u017ce celem terroryzmu jest powstrzymanie Izraela przed &#8220;pope\u0142nieniem zbrodni&#8221; wobec meczetu Al-Aksa. Oczywi\u015bcie jest to kompletnie fa\u0142szywe, poniewa\u017c od pocz\u0105tku ramadanu dziesi\u0105tki tysi\u0119cy muzu\u0142ma\u0144skich wiernych swobodnie i bezpiecznie przychodzi\u0142o do tego meczetu na mod\u0142y.<\/span><\/p>\n<p style=\"text-align: left;\"><span style=\"color: #000080;\">Jest to kolejny przyk\u0142ad tego, jak palesty\u0144scy przyw\u00f3dcy radykalizuj\u0105 w\u0142asn\u0105 ludno\u015b\u0107 do punktu, w kt\u00f3rym zamordowanie m\u0142odych, \u017cydowskich m\u0119\u017cczyzn, spokojnie siedz\u0105cych w barze w centrum Tel Awiwu jest powodem publicznego \u015bwi\u0119towania. Palesty\u0144czycy zostali zradykalizowani i wyprano im m\u00f3zgi do punktu, w kt\u00f3rym s\u0142owa o pokoju z Izraelem lub rozwi\u0105zaniu w postaci dw\u00f3ch pa\u0144stw postrzegaj\u0105 jako wezwanie do mordowania.<\/span><\/p>\n<p style=\"text-align: left;\"><span style=\"color: #000080;\">Administracja Bidena tymczasem nadal udaje, \u017ce Abbas i jego rz\u0105d s\u0105 wiarygodnymi partnerami, i \u017ce Izraelczycy i Amerykanie mog\u0105 z nim negocjowa\u0107.<\/span><\/p>\n<p style=\"text-align: left;\"><span style=\"color: #000080;\">By\u0142oby bardziej po\u017cyteczne, gdyby Biden pot\u0119pi\u0142 \u015bwi\u0119towanie i publicznie naciska\u0142 na palesty\u0144skie kierownictwo, by natychmiast zatrzyma\u0142o olbrzymi\u0105 kampani\u0119 pod\u017cegania przeciwko Izraelowi i gloryfikowania Palesty\u0144czyk\u00f3w, kt\u00f3rzy morduj\u0105 \u017byd\u00f3w.<\/span><\/p>\n<p style=\"text-align: left;\"><span style=\"color: #000080;\">Ignorowanie scen rado\u015bci na palesty\u0144skiej ulicy i dalsze udawanie, \u017ce Autonomia Palesty\u0144ska jest wiarygodnym partnerem pokoju, doprowadzi tylko do wi\u0119kszej przemocy i rozlewu krwi. Pora, by administracja Bidena i inny zachodni darczy\u0144cy zacz\u0119li wali\u0107 pi\u0119\u015bci\u0105 w st\u00f3\u0142 i \u017c\u0105da\u0107 zako\u0144czenia truj\u0105cej kampanii delegitymizowania Izraela i demonizowania \u017byd\u00f3w. Do czasu, kiedy to si\u0119 zdarzy, nadal b\u0119dziemy widzie\u0107 Palesty\u0144czyk\u00f3w ta\u0144cz\u0105cych i rozdaj\u0105cych s\u0142odycze, poniewa\u017c \u017cydowska krew p\u0142ynie u ich st\u00f3p.<\/span><\/p>\n<hr style=\"height: 15px; background: #d0e6fa; width: 100%;\">\n<div id=\"content\" class=\"content-alignment\">\n<div id=\"watch-description\" class=\"yt-uix-button-panel\">\n<div id=\"watch-description-text\" style=\"text-align: center;\">\n<p><em>Zawarto\u015b\u0107 publikowanych artyku\u0142\u00f3w i materia\u0142\u00f3w nie reprezentuje pogl\u0105d\u00f3w ani opinii Reunion&#8217;68,<\/em><em><br \/>\nani te\u017c webmastera Blogu Reunion&#8217;68, chyba ze jest to wyra\u017anie zaznaczone.<br \/>\nTwoje uwagi, linki, w\u0142asne artyku\u0142y lub wiadomo\u015bci prze\u015blij na adres:<br \/>\n<\/em><span style=\"color: #000080;\"><strong><em><a style=\"color: #000080;\" href=\"mailto:webmaster@reunion68.com\"><span style=\"text-decoration: underline;\">webmaster@reunion68.com<\/span><\/a><\/em><\/strong><\/span><\/p>\n<\/div>\n<\/div>\n<\/div>\n<hr style=\"width: 100%;\">\n","protected":false},"excerpt":{"rendered":"<p>\u015awi\u0119towanie, jakie odbywa\u0142o si\u0119 na Zachodnim Brzegu i w Strefie Gazy po niedawnych zamachach terrorystycznych w Izraelu, jest kolejnym sygna\u0142em radykalizacji Palesty\u0144czyk\u00f3w i ich odmowy uznania prawa Izraela do istnienia. Na zdj\u0119ciu: Gaza\u0144czycy okazuj\u0105 poparcie dla terrorysty, kt\u00f3ry zamordowa\u0142 troje ludzi w Tel Awiwie w tym tygodniu, jak r\u00f3wnie\u017c dla trzech terroryst\u00f3w z islamskiego D\u017cihadu, [&hellip;]<\/p>\n","protected":false},"author":1,"featured_media":0,"comment_status":"closed","ping_status":"closed","sticky":false,"template":"","format":"standard","meta":[],"categories":[6],"tags":[26,24],"_links":{"self":[{"href":"https:\/\/www.reunion68.se\/index.php?rest_route=\/wp\/v2\/posts\/95039"}],"collection":[{"href":"https:\/\/www.reunion68.se\/index.php?rest_route=\/wp\/v2\/posts"}],"about":[{"href":"https:\/\/www.reunion68.se\/index.php?rest_route=\/wp\/v2\/types\/post"}],"author":[{"embeddable":true,"href":"https:\/\/www.reunion68.se\/index.php?rest_route=\/wp\/v2\/users\/1"}],"replies":[{"embeddable":true,"href":"https:\/\/www.reunion68.se\/index.php?rest_route=%2Fwp%2Fv2%2Fcomments&post=95039"}],"version-history":[{"count":5,"href":"https:\/\/www.reunion68.se\/index.php?rest_route=\/wp\/v2\/posts\/95039\/revisions"}],"predecessor-version":[{"id":95077,"href":"https:\/\/www.reunion68.se\/index.php?rest_route=\/wp\/v2\/posts\/95039\/revisions\/95077"}],"wp:attachment":[{"href":"https:\/\/www.reunion68.se\/index.php?rest_route=%2Fwp%2Fv2%2Fmedia&parent=95039"}],"wp:term":[{"taxonomy":"category","embeddable":true,"href":"https:\/\/www.reunion68.se\/index.php?rest_route=%2Fwp%2Fv2%2Fcategories&post=95039"},{"taxonomy":"post_tag","embeddable":true,"href":"https:\/\/www.reunion68.se\/index.php?rest_route=%2Fwp%2Fv2%2Ftags&post=95039"}],"curies":[{"name":"wp","href":"https:\/\/api.w.org\/{rel}","templated":true}]}}