{"id":95041,"date":"2022-05-03T17:05:39","date_gmt":"2022-05-03T15:05:39","guid":{"rendered":"http:\/\/www.reunion68.se\/?p=95041"},"modified":"2022-05-02T14:37:56","modified_gmt":"2022-05-02T12:37:56","slug":"12-05-76","status":"publish","type":"post","link":"https:\/\/www.reunion68.se\/?p=95041","title":{"rendered":"Remembrance Day: How Israel cares for the families of fallen soldiers"},"content":{"rendered":"<p><img decoding=\"async\" class=\"aligncenter\" src=\"https:\/\/static.officeholidays.com\/images\/935x475c\/israel-flag-01.jpg\" width=\"100%\" \/><\/p>\n<hr \/>\n<h5 style=\"text-align: center;\"><a href=\"https:\/\/www.jpost.com\/\" target=\"_blank\" rel=\"noopener noreferrer\"><img decoding=\"async\" class=\"center alignleft\" src=\"http:\/\/www.reunion68.com\/Biuletyn\/img\/jpost.png\" alt=\"\" width=\"35%\" \/><\/a><span style=\"text-decoration: underline; color: #000080;\"><strong><a style=\"color: #000080; text-decoration: underline;\" href=\"https:\/\/www.jpost.com\/israel-news\/article-705661\" target=\"_blank\" rel=\"noopener noreferrer\">Remembrance Day: How Israel cares for the families of fallen soldiers<\/a><\/strong><\/span><\/h5>\n<p style=\"text-align: center;\"><span style=\"color: #000000;\"><strong>ANNA AHRONHEIM<\/strong><\/span><\/p>\n<hr style=\"height: 15px; background: #d0e6fa; width: 100%;\" \/>\n<h5 style=\"text-align: center;\"><strong>The Defense Ministry&#8217;s Department of Families and Commemorations cares for all bereaved families, in Israel and abroad.<\/strong><\/h5>\n<h5 style=\"text-align: left;\">.<\/h5>\n<p style=\"text-align: center;\"><img decoding=\"async\" class=\"aligncenter\" src=\"https:\/\/images.jpost.com\/image\/upload\/f_auto,fl_lossy\/t_JD_ArticleMainImageFaceDetect\/503847\" width=\"100%\" \/><span style=\"color: #808080;\"><em>Arye Mualem \/\u00a0 (photo credit: DEFENSE MINISTRY)<\/em><\/span><\/p>\n<p style=\"text-align: left;\"><span style=\"color: #000080;\">As Israel remembers its fallen who gave their lives protecting the country throughout its 74 years of independence, the Defense Ministry\u2019s Department of Families and Commemorations is reaching out to all bereaved families, including those living abroad.<\/span><\/p>\n<p style=\"text-align: left;\"><span style=\"color: #000080;\">\u201cEveryone is with the bereaved families right now,\u201d Arye Mualem, head of the Department of Families and Commemoration, told\u00a0<em>The Jerusalem Post<\/em>. \u201cThese are complicated and sensitive days.\u201d<\/span><\/p>\n<p style=\"text-align: left;\"><span style=\"color: #000080;\">\u201c<span style=\"text-decoration: underline;\"><strong><a style=\"color: #000080; text-decoration: underline;\" href=\"https:\/\/www.jpost.com\/israel-news\/remembrance-day-israel-bows-its-head-to-honor-23928-of-its-fallen-664950\" target=\"_blank\" rel=\"noopener noreferrer\">Remembrance Day for the Fallen of Israel\u2019s Wars<\/a><\/strong><\/span>, in my eyes, is one of the most meaningful days in Israel,\u201d he said. \u201cThe whole of Israel is connected, understands and salutes those who have fallen while at the same time are embracing the families, across the country. So many citizens are standing together on this one day for a specific goal to get to cemeteries to support the bereaved families.\u201d<\/span><\/p>\n<p style=\"text-align: left;\"><span style=\"color: #000080;\">In total, 24,068 IDF soldiers, police officers, prison wardens, Shin Bet (Israel Security Agency) security service and Mossad agents have been killed since 1860 defending the pre-state Yishuv and Israel. That number also includes members of the pre-state militias and the Jewish Brigade, who served in the British army during World War II.<\/span><\/p>\n<p style=\"text-align: left;\"><span style=\"color: #000080;\">According to the National Insurance Institute, some 3,199 civilians were killed in hostilities since the establishment of the state.<\/span><\/p>\n<p style=\"text-align: center;\"><img decoding=\"async\" class=\"aligncenter\" src=\"https:\/\/images.jpost.com\/image\/upload\/f_auto,fl_lossy\/t_JD_ArticleMainImageFaceDetect\/503773\" width=\"100%\" \/><em><span style=\"color: #808080;\">PARATROOPERS SALUTE after placing flags on the graves of fallen soldiers, during preparations for Remembrance Day ceremonies on the Mount of Olives. (credit: NATI SHOHAT\/FLASH90)<\/span><\/em><\/p>\n<p style=\"text-align: left;\"><span style=\"color: #000080;\">Remembrance Day will begin at 8 p.m. on Tuesday, May 3 when a one-minute-long memorial siren will sound across the country. Immediately after the siren, memorial ceremonies will take place across the country with the main one to be held at the Western Wall in the Old City of Jerusalem in the presence of President Isaac Herzog and Chief of Staff Lt.-Gen. Aviv Kohavi.<\/span><\/p>\n<p style=\"text-align: left;\"><span style=\"color: #000080;\">On Wednesday, May 4, a two-minute-long siren will sound at 11:00 a.m. followed by official state memorial services at 52 military cemeteries across the country and at memorial sites.<\/span><\/p>\n<p style=\"text-align: left;\"><span style=\"color: #000080;\">The ministry\u2019s Department of Families and Commemoration is responsible for all Remembrance Day events.<\/span><\/p>\n<p style=\"text-align: left;\"><span style=\"color: #000080;\">Mualem, who has spent the past 15 years as the head of the department, said that there is \u201cno other moment\u201d that encapsulates Israel than the two-minute-long siren and the lowering of the flag.<\/span><\/p>\n<p style=\"text-align: left;\"><span style=\"color: #000080;\">\u201cThe two moments of silence have a lot of power and give a lot of respect to the fallen,\u201d he added.<\/span><\/p>\n<p style=\"text-align: left;\"><span style=\"color: #000080;\">Under Mualem, the department works to reach every bereaved family-in Israel and abroad- and customizes support as per the need of each family. In addition to the financial support provided to families and widows, the ministry provides social workers, psychologists and other means of mental support.<\/span><\/p>\n<p style=\"text-align: left;\"><span style=\"color: #000080;\">According to him, the social and emotional support given to families is so comprehensive that other countries look to Israel when building plans to support their own bereaved families.<\/span><\/p>\n<p style=\"text-align: left;\"><span style=\"color: #000080;\">\u201cThe country has understood that the loss experienced by bereaved families has affected them,\u201d he said, adding that while \u201cwe can\u2019t bring back their sons, we can be there for the family and embrace them along this long road of mourning.\u201d<\/span><\/p>\n<p style=\"text-align: left;\"><span style=\"color: #000080;\">Along with the memorial events in Israel, and as an ongoing effort to strengthen the connection with bereaved families living abroad, the Department of Families and Commemoration and the World Zionist Organization produced a joint online hybrid memorial ceremony.<\/span><\/p>\n<p style=\"text-align: left;\"><span style=\"color: #000080;\">The ceremony includes a video of the memorial service in Mount Herzl\u2019s Memorial Hall which will be available on the Defense Ministry\u2019s YouTube channel. The ministry said that there will also be \u201ccustomizable online content that each community can use individually, available on the Department of Families and Commemoration\u2019s website.\u201d<\/span><\/p>\n<p style=\"text-align: left;\"><span style=\"color: #000080;\">The ceremony will be shared with Jewish communities around the world and is available in Hebrew, English, Spanish, French, and Russian.<\/span><\/p>\n<p style=\"text-align: left;\"><span style=\"color: #000080;\">Mualem told the Post that \u201cit\u2019s important to have a direct connection\u201d with families who live abroad. He said that a few hundred families come to Israel supported by the ministry every year to commemorate their son or daughter.<\/span><\/p>\n<p style=\"text-align: left;\"><span style=\"color: #000080;\">\u201cWe can\u2019t forget these families,\u201d he said, explaining the importance of the hybrid ceremony for the families who could not make it this year to Israel.<\/span><\/p>\n<p style=\"text-align: left;\"><span style=\"color: #000080;\">In addition, Mualem said that the ministry has initiated a project called \u201cCommunities Embracing Families\u201d where Diaspora Jewish communities \u201cadopt\u201d bereaved families in their communities. As part of the project, which will be launched on May 19th in Miami, Florida by Defense Minister Benny Gantz, communities will provide families with the emotional support needed throughout the year.<\/span><\/p>\n<p style=\"text-align: left;\"><span style=\"color: #000080;\">\u201cThis way we continue to strengthen our ties with families abroad,\u201d he said.<\/span><\/p>\n<p style=\"text-align: left;\"><span style=\"color: #000080;\">While Jewish communities across the world understand the importance of Remembrance Day and have a strong connection to Israel, there is a growing number of Diaspora Jewish youth who are moving away from their Jewish identity and Israel.<\/span><\/p>\n<p style=\"text-align: left;\"><span style=\"color: #000080;\">And that is just \u201cone of the reasons that we are doing this project of \u2018Communities Embracing Families,&#8217;\u2019\u2019 Mualem said. \u201cWe are inviting teenagers and youth in diaspora communities and talk with them about those who gave their lives for the country because we believe that the more we talk about them, the more we will remember them and not forget.<\/span><\/p>\n<p style=\"text-align: left;\"><span style=\"color: #000080;\">We believe that the ethos of the IDF, the country and of fallen and their stories will make the youth understand what it means to love the country and fight for it and protect it.\u201d<\/span><\/p>\n<hr style=\"height: 15px; background: #d0e6fa; width: 100%;\" \/>\n<div id=\"content\" class=\"content-alignment\">\n<div id=\"watch-description\" class=\"yt-uix-button-panel\">\n<div id=\"watch-description-text\" style=\"text-align: center;\">\n<p><em>Zawarto\u015b\u0107 publikowanych artyku\u0142\u00f3w i materia\u0142\u00f3w nie reprezentuje pogl\u0105d\u00f3w ani opinii Reunion&#8217;68,<\/em><em><br \/>\nani te\u017c webmastera Blogu Reunion&#8217;68, chyba ze jest to wyra\u017anie zaznaczone.<br \/>\nTwoje uwagi, linki, w\u0142asne artyku\u0142y lub wiadomo\u015bci prze\u015blij na adres:<br \/>\n<\/em><span style=\"color: #000080;\"><strong><em><a style=\"color: #000080;\" href=\"mailto:webmaster@reunion68.com\"><span style=\"text-decoration: underline;\">webmaster@reunion68.com<\/span><\/a><\/em><\/strong><\/span><\/p>\n<\/div>\n<\/div>\n<\/div>\n<hr style=\"width: 100%;\" \/>\n","protected":false},"excerpt":{"rendered":"<p>Remembrance Day: How Israel cares for the families of fallen soldiers ANNA AHRONHEIM The Defense Ministry&#8217;s Department of Families and Commemorations cares for all bereaved families, in Israel and abroad. . Arye Mualem \/\u00a0 (photo credit: DEFENSE MINISTRY) As Israel remembers its fallen who gave their lives protecting the country throughout its 74 years of [&hellip;]<\/p>\n","protected":false},"author":1,"featured_media":0,"comment_status":"closed","ping_status":"closed","sticky":false,"template":"","format":"standard","meta":[],"categories":[3],"tags":[26,24],"_links":{"self":[{"href":"https:\/\/www.reunion68.se\/index.php?rest_route=\/wp\/v2\/posts\/95041"}],"collection":[{"href":"https:\/\/www.reunion68.se\/index.php?rest_route=\/wp\/v2\/posts"}],"about":[{"href":"https:\/\/www.reunion68.se\/index.php?rest_route=\/wp\/v2\/types\/post"}],"author":[{"embeddable":true,"href":"https:\/\/www.reunion68.se\/index.php?rest_route=\/wp\/v2\/users\/1"}],"replies":[{"embeddable":true,"href":"https:\/\/www.reunion68.se\/index.php?rest_route=%2Fwp%2Fv2%2Fcomments&post=95041"}],"version-history":[{"count":5,"href":"https:\/\/www.reunion68.se\/index.php?rest_route=\/wp\/v2\/posts\/95041\/revisions"}],"predecessor-version":[{"id":95048,"href":"https:\/\/www.reunion68.se\/index.php?rest_route=\/wp\/v2\/posts\/95041\/revisions\/95048"}],"wp:attachment":[{"href":"https:\/\/www.reunion68.se\/index.php?rest_route=%2Fwp%2Fv2%2Fmedia&parent=95041"}],"wp:term":[{"taxonomy":"category","embeddable":true,"href":"https:\/\/www.reunion68.se\/index.php?rest_route=%2Fwp%2Fv2%2Fcategories&post=95041"},{"taxonomy":"post_tag","embeddable":true,"href":"https:\/\/www.reunion68.se\/index.php?rest_route=%2Fwp%2Fv2%2Ftags&post=95041"}],"curies":[{"name":"wp","href":"https:\/\/api.w.org\/{rel}","templated":true}]}}