{"id":9511,"date":"2014-11-24T19:07:24","date_gmt":"2014-11-24T17:07:24","guid":{"rendered":"http:\/\/www.reunion68.se\/?p=9511"},"modified":"2014-11-24T16:45:47","modified_gmt":"2014-11-24T14:45:47","slug":"9511","status":"publish","type":"post","link":"https:\/\/www.reunion68.se\/?p=9511","title":{"rendered":"39 proc. Niemc\u00f3w za uznaniem aneksji Krymu."},"content":{"rendered":"<h5 style=\"text-align: center;\"><a href=\"http:\/\/wiadomosci.gazeta.pl\/\" target=\"_blank\"><img decoding=\"async\" class=\"center alignleft\" src=\"http:\/\/www.reunion68.com\/Biuletyn\/img\/gazeta.png\" alt=\"\" \/><\/a><span style=\"text-decoration: underline; color: #000080;\"><span style=\"text-decoration: underline;\"><strong><a style=\"color: #000080; text-decoration: underline;\" href=\"http:\/\/wiadomosci.gazeta.pl\/wiadomosci\/1,114871,17018699,Sondaz__39_proc__Niemcow_za_uznaniem_aneksji_Krymu_.html\" target=\"_blank\">Sonda\u017c: 39 proc. Niemc\u00f3w za uznaniem aneksji Krymu. SPD: Nie demonizujmy Putina<\/a><\/strong><\/span><\/span><\/h5>\n<p style=\"text-align: center;\"><script src=\"https:\/\/apis.google.com\/_\/scs\/apps-static\/_\/js\/k=oz.gapi.sv.NNpcSMT6zOY.O\/m=auth\/exm=client,plusone\/rt=j\/sv=1\/d=1\/ed=1\/am=AQ\/rs=AGLTcCNxgvfIZ3oENsvIx8JZRGMLI-62wg\/cb=gapi.loaded_1\" async=\"\"><\/script><span style=\"color: #333333;\"><strong>karslo, PAP<\/strong><\/span><\/p>\n<hr style=\"height: 15px; background: #d0e6fa; width: 710px;\" \/>\n<div style=\"width: 360px\" class=\"wp-caption alignright\"><img decoding=\"async\" src=\"http:\/\/bi.gazeta.pl\/im\/8b\/52\/ed\/z15553163Q,-Zielone-ludziki--czyli-pozbawiony-jakichkolwiek-o.jpg\" alt=\"\" width=\"350\" border=\"0\" \/><p class=\"wp-caption-text\"><span style=\"color: #000080;\"><em>&#8220;Zielone ludziki&#8221; czyli pozbawiony jakichkolwiek oznacze\u0144 i emblemat\u00f3w uzbrojony oddzia\u0142 podczas patrolu wzd\u0142u\u017c ogrodzenia bazy ukrai\u0144skiej brygady obrony wybrze\u017ca w miejscowo\u015bci Perewalne, 30 km na po\u0142udnie od Symferopola, 2 marca 2014 (Fot. Darko Vojinovic \/ AP)<\/em><\/span><\/p><\/div>\n<p><span style=\"color: #333333;\"><strong>39 proc. Niemc\u00f3w opowiada si\u0119 za uznaniem aneksji Krymu przez Rosj\u0119; 48 proc. jest przeciwnego zdania &#8211; wynika z sonda\u017cu, kt\u00f3ry opublikowa\u0142a niemiecka telewizja publiczna ARD. Tymczasem prominentny polityk SPD ostrzega przed &#8220;demonizowaniem&#8221; Putina i wzywa do &#8220;wyj\u015bcia mu naprzeciw&#8221;.<\/strong><\/span><\/p>\n<p style=\"text-align: left;\"><span style=\"color: #000080;\">Niemcy s\u0105 bardzo podzieleni w ocenie polityki prezydenta Rosji W\u0142adimira Putina. 54 proc. uczestnik\u00f3w ankiety uwa\u017ca, \u017ce dzia\u0142anie Kremla stanowi zagro\u017cenie dla Niemiec; 43 proc. jest zdania, \u017ce nie ma takiego zagro\u017cenia.<\/span><\/p>\n<p style=\"text-align: left;\"><span style=\"color: #000080;\">Sonda\u017c, w kt\u00f3rym uczestniczy\u0142o 1000 os\u00f3b w wieku powy\u017cej 14 lat, przeprowadzi\u0142 instytut badania opinii publicznej Infratest dimap. Wyniki ankiety zosta\u0142y opublikowane podczas po\u015bwi\u0119conej sytuacji na Ukrainie audycji ARD prowadzonej przez Guenthera Jaucha.<\/span><\/p>\n<p style=\"text-align: left;\"><span style=\"color: #000080;\">Platzeck: Nie demonizujmy Putina<\/span><\/p>\n<p style=\"text-align: left;\"><span style=\"color: #000080;\">Dyskusj\u0119 o mi\u0119dzynarodowym uznaniu aneksji Krymu sprowokowa\u0142 by\u0142y przewodnicz\u0105cy SPD Matthias Platzeck. Niemiecki socjaldemokrata &#8211; obecnie przewodnicz\u0105cy Forum Niemiecko-Rosyjskiego &#8211; opowiedzia\u0142 si\u0119 w zesz\u0142ym tygodniu za legalizacj\u0105 w\u0142\u0105czenia Krymu do Federacji Rosyjskiej. &#8211; M\u0105drzejszy powinien ust\u0105pi\u0107 &#8211; powiedzia\u0142 w\u00f3wczas Platzeck.<\/span><\/p>\n<p style=\"text-align: left;\"><span style=\"color: #000080;\">Platzeck, uczestnicz\u0105c wczoraj w programie Jaucha, t\u0142umaczy\u0142, \u017ce u\u017cy\u0142 &#8220;skr\u00f3tu my\u015blowego&#8221;, kt\u00f3ry wypaczy\u0142 jego intencje. Jak wyja\u015bni\u0142, chcia\u0142 zach\u0119ci\u0107 Moskw\u0119 i Kij\u00f3w do poszukiwania &#8220;prawnego rozwi\u0105zania kwestii Krymu&#8221;, kt\u00f3re by\u0142oby do zaakceptowania dla obu stron. Polityk SPD ostrzega\u0142 przed &#8220;demonizowaniem&#8221; Putina i wzywa\u0142 do &#8220;wyj\u015bcia mu naprzeciw&#8221;. &#8220;Putin jest prezydentem Rosji i b\u0119dzie nim jeszcze przez jaki\u015b czas&#8221; &#8211; zaznaczy\u0142 Platzek. Jego zdaniem bez udzia\u0142u Rosji niemo\u017cliwe jest bezpiecze\u0144stwo Europy.<\/span><\/p>\n<hr style=\"height: 15px; background: #d0e6fa; width: 710px;\" \/>\n<div id=\"content\" class=\"  content-alignment&lt;br \/&gt;&lt;br \/&gt; \">\n<div id=\"watch-description\" class=\"yt-uix-button-panel\">\n<div id=\"watch-description-text\">\n<p style=\"text-align: center;\"><span style=\"color: #808080;\"> twoje uwagi, linki, wlasne artykuly, lub wiadomosci przeslij do: <strong><span style=\"text-decoration: underline;\"><span style=\"color: #808080; text-decoration: underline;\"><a href=\"mailto:webmaster@reunion68.com\">webmaster@reunion68.com<\/a><\/span><\/span><\/strong><\/span><\/p>\n<\/div>\n<\/div>\n<\/div>\n<p>&nbsp;<\/p>\n<hr style=\"width: 710px;\" \/>\n","protected":false},"excerpt":{"rendered":"<p>Sonda\u017c: 39 proc. Niemc\u00f3w za uznaniem aneksji Krymu. SPD: Nie demonizujmy Putina karslo, PAP 39 proc. Niemc\u00f3w opowiada si\u0119 za uznaniem aneksji Krymu przez Rosj\u0119; 48 proc. jest przeciwnego zdania &#8211; wynika z sonda\u017cu, kt\u00f3ry opublikowa\u0142a niemiecka telewizja publiczna ARD. Tymczasem prominentny polityk SPD ostrzega przed &#8220;demonizowaniem&#8221; Putina i wzywa do &#8220;wyj\u015bcia mu naprzeciw&#8221;. Niemcy [&hellip;]<\/p>\n","protected":false},"author":1,"featured_media":0,"comment_status":"closed","ping_status":"closed","sticky":false,"template":"","format":"standard","meta":[],"categories":[6],"tags":[24],"_links":{"self":[{"href":"https:\/\/www.reunion68.se\/index.php?rest_route=\/wp\/v2\/posts\/9511"}],"collection":[{"href":"https:\/\/www.reunion68.se\/index.php?rest_route=\/wp\/v2\/posts"}],"about":[{"href":"https:\/\/www.reunion68.se\/index.php?rest_route=\/wp\/v2\/types\/post"}],"author":[{"embeddable":true,"href":"https:\/\/www.reunion68.se\/index.php?rest_route=\/wp\/v2\/users\/1"}],"replies":[{"embeddable":true,"href":"https:\/\/www.reunion68.se\/index.php?rest_route=%2Fwp%2Fv2%2Fcomments&post=9511"}],"version-history":[{"count":15,"href":"https:\/\/www.reunion68.se\/index.php?rest_route=\/wp\/v2\/posts\/9511\/revisions"}],"predecessor-version":[{"id":9513,"href":"https:\/\/www.reunion68.se\/index.php?rest_route=\/wp\/v2\/posts\/9511\/revisions\/9513"}],"wp:attachment":[{"href":"https:\/\/www.reunion68.se\/index.php?rest_route=%2Fwp%2Fv2%2Fmedia&parent=9511"}],"wp:term":[{"taxonomy":"category","embeddable":true,"href":"https:\/\/www.reunion68.se\/index.php?rest_route=%2Fwp%2Fv2%2Fcategories&post=9511"},{"taxonomy":"post_tag","embeddable":true,"href":"https:\/\/www.reunion68.se\/index.php?rest_route=%2Fwp%2Fv2%2Ftags&post=9511"}],"curies":[{"name":"wp","href":"https:\/\/api.w.org\/{rel}","templated":true}]}}