{"id":95117,"date":"2022-05-06T17:05:18","date_gmt":"2022-05-06T15:05:18","guid":{"rendered":"http:\/\/www.reunion68.se\/?p=95117"},"modified":"2022-05-06T08:00:46","modified_gmt":"2022-05-06T06:00:46","slug":"15-09-72","status":"publish","type":"post","link":"https:\/\/www.reunion68.se\/?p=95117","title":{"rendered":"Izrael: Putin przeprosi\u0142 za s\u0142owa \u0141awrowa o \u017cydowskim pochodzeniu Hitlera"},"content":{"rendered":"<p style=\"text-align: center;\"><img decoding=\"async\" class=\"aligncenter\" src=\"https:\/\/bi.im-g.pl\/im\/46\/e3\/1a\/z28196422V,Wladimir-Putin-i-Siergiej-Lawrow.jpg\" width=\"100%\" \/><span style=\"color: #808080;\"><em>W\u0142adimir Putin i Siergiej \u0141awrow (Valery Sharifulin \/ AP)<\/em><\/span><\/p>\n<hr \/>\n<h5 style=\"text-align: center;\"><a href=\"https:\/\/wyborcza.pl\/\" target=\"_blank\" rel=\"noopener noreferrer\"><img decoding=\"async\" class=\"center alignleft\" src=\"http:\/\/www.reunion68.com\/Biuletyn\/img\/wyborcza.png\" alt=\"\" width=\"35%\" \/><\/a><span style=\"text-decoration: underline; color: #000080;\"><strong><a style=\"color: #000080; text-decoration: underline;\" href=\"https:\/\/wyborcza.pl\/7,75399,28416330,izrael-putin-przeprosil-za-slowa-lawrowa-o-zydowskim-pochodzeniu.html\" target=\"_blank\" rel=\"noopener noreferrer\">Izrael: Putin przeprosi\u0142 za s\u0142owa \u0141awrowa o \u017cydowskim pochodzeniu Hitlera<\/a><\/strong><\/span><\/h5>\n<p style=\"text-align: center;\"><span style=\"color: #000000;\"><strong>Bartosz Hlebowicz<\/strong><\/span><\/p>\n<hr style=\"height: 15px; background: #d0e6fa; width: 100%;\" \/>\n<h4 style=\"text-align: center;\"><span style=\"color: #808080;\"><strong>Wed\u0142ug doniesie\u0144 medi\u00f3w prezydent Rosji W\u0142adimir Putin zatelefonowa\u0142 w tej sprawie w czwartek do premiera Izraela Naftali Bennetta.<\/strong><\/span><\/h4>\n<p>.<\/p>\n<p style=\"text-align: left;\"><span style=\"color: #000080;\">W\u0142oskie media poda\u0142y, \u017ce w\u0142a\u015bnie odby\u0142a si\u0119 rozmowa telefoniczna mi\u0119dzy premierem Izraela Naftalim Bennettem a prezydentem Rosji <a style=\"color: #000080;\" href=\"https:\/\/wyborcza.pl\/0,128956.html?tag=w%B3adimir+putin#anchorLink\">W\u0142adimirem Putinem<\/a>.<\/span><\/p>\n<p class=\"art_paragraph\" style=\"text-align: left;\"><span style=\"color: #000080;\">Biuro Bennetta poinformowa\u0142o, \u017ce Putin przeprosi\u0142 za uwagi ministra spraw zagranicznych Rosji Siergieja \u0141awrowa o \u017cydowskim pochodzeniu Hitlera.<\/span><\/p>\n<p class=\"art_paragraph\" style=\"text-align: left;\"><span style=\"color: #000080;\">Wed\u0142ug izraelskich medi\u00f3w premier Izraela przyj\u0105\u0142 przeprosiny i podzi\u0119kowa\u0142 Putinowi za &#8220;wyja\u015bnienie jego stanowiska w sprawie historii narodu \u017cydowskiego i pami\u0119ci o Holocau\u015bcie&#8221;.<\/span><\/p>\n<p class=\"art_paragraph\" style=\"text-align: left;\"><span style=\"color: #000080;\">S\u0142owa biura izraelskiego premiera potwierdza Kreml. Wed\u0142ug agencji TASS prezydent Rosji podkre\u015bli\u0142 przy okazji znaczenie \u2013 dla obu kraj\u00f3w \u2013 obchod\u00f3w pami\u0119ci\u00a0o ofiarach II wojny \u015bwiatowej, w tym Holocaustu.<\/span><\/p>\n<p><img decoding=\"async\" class=\"aligncenter\" src=\"https:\/\/pbs.twimg.com\/media\/FSAfh-LXoAEUliF?format=jpg&amp;name=medium\" width=\"80%\" \/><\/p>\n<p style=\"text-align: left;\"><span style=\"color: #000080;\">S\u0142owa biura izraelskiego premiera potwierdza Kreml. Wed\u0142ug agencji TASS prezydent Rosji podkre\u015bli\u0142 przy okazji znaczenie \u2013 dla obu kraj\u00f3w \u2013 obchod\u00f3w pami\u0119ci o ofiarach II wojny \u015bwiatowej, w tym Holocaustu.<\/span><\/p>\n<p class=\"art_paragraph\" style=\"text-align: left;\"><span style=\"color: #000080;\">Swoje &#8220;zwyci\u0119stwo nad nazizmem&#8221;\u00a0Rosja b\u0119dzie obchodzi\u0107 jak zwykle defiladami wojskowymi w Moskwie i innych miastach 9 maja. W Moskwie spekuluje si\u0119, \u017ce jedna z defilad ma si\u0119 odby\u0107 w zmasakrowanym przez Rosjan przez ostatnie tygodnie Mariupolu.<\/span><\/p>\n<h5 class=\"art_sub_title\" style=\"text-align: left;\"><strong>Co powiedzia\u0142 \u0141awrow<\/strong><\/h5>\n<p class=\"art_paragraph\" style=\"text-align: left;\"><span style=\"color: #000080;\">Podczas niedzielnego wywiadu dla w\u0142oskiej stacji Rete 4 (nale\u017cy ona do koncernu medialnego Silvio Berlusconiego)\u00a0<a style=\"color: #000080;\" href=\"https:\/\/wyborcza.pl\/0,128956.html?tag=Siergiej+%A3awrow#anchorLink\">Siergiej \u0141awrow<\/a>\u00a0przez prawie 45 minut przedstawia\u0142 usprawiedliwienia Rosji dla agresji na Ukrain\u0119. Wymienionymi przez ministra spraw zagranicznych Federacji Rosyjskiej powodami mia\u0142a by\u0107 obrona ludno\u015bci przed \u201eukrai\u0144skimi ekstremistami i nazistami&#8221; oraz \u201ekonieczno\u015b\u0107 denazyfikacji&#8221; Ukrainy.<\/span><\/p>\n<p class=\"art_paragraph\" style=\"text-align: left;\"><span style=\"color: #000080;\">Na uwag\u0119 prowadz\u0105cego rozmow\u0119 dziennikarza, \u017ce przecie\u017c prezydent Ukrainy tak\u017ce jest \u017bydem, \u0141awrow odpowiedzia\u0142: \u201eTo absolutnie nic nie znaczy, \u017ce Ze\u0142enski ma korzenie \u017cydowskie, moim zdaniem tak\u017ce Hitler je mia\u0142. Od dawna s\u0142yszymy s\u0142owa m\u0105drych \u017byd\u00f3w, kt\u00f3rzy m\u00f3wi\u0105, \u017ce najwi\u0119kszymi antysemitami s\u0105 sami \u017bydzi&#8221;.<\/span><\/p>\n<p class=\"art_paragraph\" style=\"text-align: left;\"><span style=\"color: #000080;\">\u0141awrow m\u00f3wi\u0142 te\u017c\u00a0<span style=\"text-decoration: underline;\"><strong><a class=\"art_link\" style=\"color: #000080; text-decoration: underline;\" href=\"https:\/\/wyborcza.pl\/7,75399,28413317,ciezkie-krwawe-walki-w-ostatnim-bastionie-obroncow-mariupola.html\" rel=\"dofollow\">o batalionie Azow \u2013 w tych godzinach wraz z ukrai\u0144sk\u0105 piechot\u0105 morsk\u0105 broni\u0105cego ostatniego bastionu w Mariupolu, czyli huty Azowstal<\/a>\u00a0<\/strong><\/span>\u2013 i \u201einnych batalionach ukrai\u0144skich&#8221;, kt\u00f3rych cz\u0142onkowie \u201emaj\u0105 tatua\u017ce nazistowskie na ciele i czytaj\u0105 \u00bbMein Kampf\u00ab&#8221;. Minister, nie podaj\u0105c tytu\u0142\u00f3w, wspomnia\u0142 o \u201epublikacjach&#8221; na temat rzekomego szkolenia przez USA i Kanad\u0119 \u201eneonazistowskich pododdzia\u0142\u00f3w&#8221;, kt\u00f3re mia\u0142yby zasila\u0107 szeregi armii ukrai\u0144skiej.<\/span><\/p>\n<p class=\"art_paragraph\" style=\"text-align: left;\"><span style=\"color: #000080;\">\u201eO\u015bwiadczenie ministra \u0141awrowa jest niewybaczalne i oburzaj\u0105ce, jest tak\u017ce fatalnym b\u0142\u0119dem historycznym&#8221; \u2013 napisa\u0142 na Twitterze Ja&#8217;ir Lapid, minister spraw zagranicznych Izraela, kt\u00f3rego dziadek ze strony ojca zgin\u0105\u0142 w Holocau\u015bcie. \u201eW czasie Zag\u0142ady \u017bydzi nie zabijali si\u0119 sami. Najni\u017cszym rasizmem wobec \u017byd\u00f3w jest oskar\u017canie samych \u017byd\u00f3w o antysemityzm&#8221;.<\/span><\/p>\n<p class=\"art_paragraph\" style=\"text-align: left;\"><span style=\"color: #000080;\">\u201eStwierdzi\u0107, \u017ce Hitler by\u0142 \u017bydem, jest r\u00f3wnoznaczne z o\u015bwiadczeniem, \u017ce w czasie wojny \u017bydzi zabijali siebie nawzajem. To fa\u0142sz. Nazi\u015bci prze\u015bladowali \u017byd\u00f3w. Tylko nazi\u015bci byli nazistami, tylko nazi\u015bci dokonywali systematycznej eksterminacji narodu \u017cydowskiego&#8221; \u2013 doda\u0142 Lapid.<\/span><\/p>\n<hr style=\"height: 15px; background: #d0e6fa; width: 100%;\" \/>\n<div id=\"content\" class=\"content-alignment\">\n<div id=\"watch-description\" class=\"yt-uix-button-panel\">\n<div id=\"watch-description-text\" style=\"text-align: center;\">\n<p><em>Zawarto\u015b\u0107 publikowanych artyku\u0142\u00f3w i materia\u0142\u00f3w nie reprezentuje pogl\u0105d\u00f3w ani opinii Reunion&#8217;68,<\/em><em><br \/>\nani te\u017c webmastera Blogu Reunion&#8217;68, chyba ze jest to wyra\u017anie zaznaczone.<br \/>\nTwoje uwagi, linki, w\u0142asne artyku\u0142y lub wiadomo\u015bci prze\u015blij na adres:<br \/>\n<\/em><span style=\"color: #000080;\"><strong><em><a style=\"color: #000080;\" href=\"mailto:webmaster@reunion68.com\"><span style=\"text-decoration: underline;\">webmaster@reunion68.com<\/span><\/a><\/em><\/strong><\/span><\/p>\n<\/div>\n<\/div>\n<\/div>\n<hr style=\"width: 100%;\" \/>\n","protected":false},"excerpt":{"rendered":"<p>W\u0142adimir Putin i Siergiej \u0141awrow (Valery Sharifulin \/ AP) Izrael: Putin przeprosi\u0142 za s\u0142owa \u0141awrowa o \u017cydowskim pochodzeniu Hitlera Bartosz Hlebowicz Wed\u0142ug doniesie\u0144 medi\u00f3w prezydent Rosji W\u0142adimir Putin zatelefonowa\u0142 w tej sprawie w czwartek do premiera Izraela Naftali Bennetta. . W\u0142oskie media poda\u0142y, \u017ce w\u0142a\u015bnie odby\u0142a si\u0119 rozmowa telefoniczna mi\u0119dzy premierem Izraela Naftalim Bennettem a [&hellip;]<\/p>\n","protected":false},"author":1,"featured_media":0,"comment_status":"closed","ping_status":"closed","sticky":false,"template":"","format":"standard","meta":[],"categories":[6],"tags":[26,24],"_links":{"self":[{"href":"https:\/\/www.reunion68.se\/index.php?rest_route=\/wp\/v2\/posts\/95117"}],"collection":[{"href":"https:\/\/www.reunion68.se\/index.php?rest_route=\/wp\/v2\/posts"}],"about":[{"href":"https:\/\/www.reunion68.se\/index.php?rest_route=\/wp\/v2\/types\/post"}],"author":[{"embeddable":true,"href":"https:\/\/www.reunion68.se\/index.php?rest_route=\/wp\/v2\/users\/1"}],"replies":[{"embeddable":true,"href":"https:\/\/www.reunion68.se\/index.php?rest_route=%2Fwp%2Fv2%2Fcomments&post=95117"}],"version-history":[{"count":12,"href":"https:\/\/www.reunion68.se\/index.php?rest_route=\/wp\/v2\/posts\/95117\/revisions"}],"predecessor-version":[{"id":95133,"href":"https:\/\/www.reunion68.se\/index.php?rest_route=\/wp\/v2\/posts\/95117\/revisions\/95133"}],"wp:attachment":[{"href":"https:\/\/www.reunion68.se\/index.php?rest_route=%2Fwp%2Fv2%2Fmedia&parent=95117"}],"wp:term":[{"taxonomy":"category","embeddable":true,"href":"https:\/\/www.reunion68.se\/index.php?rest_route=%2Fwp%2Fv2%2Fcategories&post=95117"},{"taxonomy":"post_tag","embeddable":true,"href":"https:\/\/www.reunion68.se\/index.php?rest_route=%2Fwp%2Fv2%2Ftags&post=95117"}],"curies":[{"name":"wp","href":"https:\/\/api.w.org\/{rel}","templated":true}]}}