{"id":95121,"date":"2022-05-06T17:00:47","date_gmt":"2022-05-06T15:00:47","guid":{"rendered":"http:\/\/www.reunion68.se\/?p=95121"},"modified":"2022-05-06T08:27:46","modified_gmt":"2022-05-06T06:27:46","slug":"15-00-71","status":"publish","type":"post","link":"https:\/\/www.reunion68.se\/?p=95121","title":{"rendered":"Elad terror attack: Manhunt continues, main suspects&#8217; identities released"},"content":{"rendered":"<h5 style=\"text-align: center;\"><a href=\"https:\/\/www.jpost.com\/\" target=\"_blank\" rel=\"noopener noreferrer\"><img decoding=\"async\" class=\"center alignleft\" src=\"http:\/\/www.reunion68.com\/Biuletyn\/img\/jpost.png\" alt=\"\" width=\"35%\" \/><\/a><span style=\"text-decoration: underline; color: #000080;\"><strong><a style=\"color: #000080; text-decoration: underline;\" href=\"https:\/\/www.jpost.com\/israel-news\/article-706019\" target=\"_blank\" rel=\"noopener noreferrer\">Elad terror attack: Manhunt continues, main suspects&#8217; identities released<\/a><\/strong><\/span><\/h5>\n<p style=\"text-align: center;\"><span style=\"color: #000000;\"><strong>ANNA AHRONHEIM<\/strong><\/span><\/p>\n<hr style=\"height: 15px; background: #d0e6fa; width: 100%;\" \/>\n<h5 style=\"text-align: center;\"><strong>As the hunt for two terrorists who carried out a deadly terror attack in Elad continues, the police released the identities of the main suspects.<\/strong><\/h5>\n<p style=\"text-align: center;\">.<br \/>\n<img decoding=\"async\" class=\"aligncenter\" src=\"https:\/\/images.jpost.com\/image\/upload\/f_auto,fl_lossy\/t_JD_ArticleMainImageFaceDetect\/504244\" width=\"100%\" \/><span style=\"color: #808080;\"><em>Suspects in the Elad ax terrorist attack, 20-year-old Tzabahi Abu Shakir (Left) and 19 year-old Assad al-Rafai (Right). \/ (photo credit: ISRAEL POLICE)<\/em><\/span><\/p>\n<p style=\"text-align: left;\"><span style=\"color: #000080;\">Israeli security forces are continuing a large manhunt after<span style=\"text-decoration: underline;\"><strong>\u00a0<a style=\"color: #000080; text-decoration: underline;\" href=\"https:\/\/www.jpost.com\/breaking-news\/article-705998\">two Palestinians killed three Israeli civilians<\/a><\/strong><\/span>\u00a0in the city of Elad.<\/span><\/p>\n<p style=\"text-align: left;\"><span style=\"color: #000080;\">Police identified the two suspects 19 year-old Assad al-Rafai and 20-year-old Tzabahi Abu Shakir, both from the\u00a0<a style=\"color: #000080;\" href=\"https:\/\/www.jpost.com\/arab-israeli-conflict\/article-703774\"><span style=\"text-decoration: underline;\"><strong>Jenin<\/strong><\/span><\/a>\u00a0area in the West Bank. \u00a0Security services released their pictures and have asked for the public\u2019s help in locating them, indicating that the two might still be in Israeli territory.<\/span><\/p>\n<p style=\"text-align: left;\"><span style=\"color: #000080;\">The three victims in the deadly attack were identified as 40-year-old Yonatan Habakuk, 40-year-old Boaz Gol, and 35 year-old Oren Ben Yiftach. Together they left behind 16 children.<\/span><\/p>\n<p style=\"text-align: left;\"><span style=\"color: #000080;\">Seven other people were injured in the attack, one in critical condition and another in serious condition. Beilinson hospital said that a man in his 20s was still in life-threatening condition with head wounds. Another person was moderately wounded, a fourth was lightly wounded and the rest were lightly injured or suffering from shock.<\/span><\/p>\n<p style=\"text-align: left;\"><span style=\"color: #000080;\">According to eyewitness reports, the attack took place in several locations in Elad, with the two Palestinian suspects armed with axes and knives. The two men struck civilians on the city\u2019s main street Ibn Gvirol and at the Elad Amphitheater Park where many families were spending the evening celebrating the end of Independence Day.<\/span><\/p>\n<p style=\"text-align: center;\"><img decoding=\"async\" class=\"aligncenter\" src=\"https:\/\/images.jpost.com\/image\/upload\/f_auto,fl_lossy\/t_JD_ArticleMainImageFaceDetect\/504243\" width=\"100%\" \/><span style=\"color: #808080;\"><em>Suspects for the Elad ax terrorist attack, 20-year-old Tzabahi Abu Shakir (Left) and 19 year-old Assad al-Rafai (Right). (credit: Israel Police\/Composite image by Jerusalem Post Staff)<\/em><\/span><\/p>\n<p style=\"text-align: left;\"><span style=\"color: #000080;\">Following the attack, Prime Minister Naftali Bennett met with senior officials of the defense establishment for a situational assessment.\u00a0<\/span><\/p>\n<p style=\"text-align: left;\"><span style=\"color: #000080;\">Defense Minister Benny Gantz met with IDF Chief of Staff Lt.-Gen. Aviv Kohavi and decided to extend the closure that was imposed on the West Bank and Gaza Strip for Memorial and Independence Day until Sunday. It was also decided to reinforce troops in the West Bank even further.<\/span><\/p>\n<p style=\"text-align: left;\"><span style=\"color: #000080;\">The IDF has reinforced troops in the West Bank by 12 battalions for a total of 25 battalions in order to bring the current wave of violence to an end without further attacks. Last week the IDF announced the decision to recruit six reserve battalions in the coming weeks after a situational assessment.<\/span><\/p>\n<p style=\"text-align: left;\"><span style=\"color: #000080;\">Following the attack, Prime Minister Naftali Bennett met with senior officials of the defense establishment for a situational assessment. \u00a0\u201cOur enemies have embarked on a murderous campaign against Jews, wherever they are. Their purpose is to break our spirit but they will fail,\u201d said Bennett on Friday morning. \u201cWe will lay our hands on the terrorists and on those who support them. And they will pay the price.\u201d<\/span><\/p>\n<hr style=\"height: 15px; background: #d0e6fa; width: 100%;\" \/>\n<div id=\"content\" class=\"content-alignment\">\n<div id=\"watch-description\" class=\"yt-uix-button-panel\">\n<div id=\"watch-description-text\" style=\"text-align: center;\">\n<p><em>Zawarto\u015b\u0107 publikowanych artyku\u0142\u00f3w i materia\u0142\u00f3w nie reprezentuje pogl\u0105d\u00f3w ani opinii Reunion&#8217;68,<\/em><em><br \/>\nani te\u017c webmastera Blogu Reunion&#8217;68, chyba ze jest to wyra\u017anie zaznaczone.<br \/>\nTwoje uwagi, linki, w\u0142asne artyku\u0142y lub wiadomo\u015bci prze\u015blij na adres:<br \/>\n<\/em><span style=\"color: #000080;\"><strong><em><a style=\"color: #000080;\" href=\"mailto:webmaster@reunion68.com\"><span style=\"text-decoration: underline;\">webmaster@reunion68.com<\/span><\/a><\/em><\/strong><\/span><\/p>\n<\/div>\n<\/div>\n<\/div>\n<hr style=\"width: 100%;\" \/>\n","protected":false},"excerpt":{"rendered":"<p>Elad terror attack: Manhunt continues, main suspects&#8217; identities released ANNA AHRONHEIM As the hunt for two terrorists who carried out a deadly terror attack in Elad continues, the police released the identities of the main suspects. . Suspects in the Elad ax terrorist attack, 20-year-old Tzabahi Abu Shakir (Left) and 19 year-old Assad al-Rafai (Right). [&hellip;]<\/p>\n","protected":false},"author":1,"featured_media":0,"comment_status":"closed","ping_status":"closed","sticky":false,"template":"","format":"standard","meta":[],"categories":[3],"tags":[26,24],"_links":{"self":[{"href":"https:\/\/www.reunion68.se\/index.php?rest_route=\/wp\/v2\/posts\/95121"}],"collection":[{"href":"https:\/\/www.reunion68.se\/index.php?rest_route=\/wp\/v2\/posts"}],"about":[{"href":"https:\/\/www.reunion68.se\/index.php?rest_route=\/wp\/v2\/types\/post"}],"author":[{"embeddable":true,"href":"https:\/\/www.reunion68.se\/index.php?rest_route=\/wp\/v2\/users\/1"}],"replies":[{"embeddable":true,"href":"https:\/\/www.reunion68.se\/index.php?rest_route=%2Fwp%2Fv2%2Fcomments&post=95121"}],"version-history":[{"count":7,"href":"https:\/\/www.reunion68.se\/index.php?rest_route=\/wp\/v2\/posts\/95121\/revisions"}],"predecessor-version":[{"id":95145,"href":"https:\/\/www.reunion68.se\/index.php?rest_route=\/wp\/v2\/posts\/95121\/revisions\/95145"}],"wp:attachment":[{"href":"https:\/\/www.reunion68.se\/index.php?rest_route=%2Fwp%2Fv2%2Fmedia&parent=95121"}],"wp:term":[{"taxonomy":"category","embeddable":true,"href":"https:\/\/www.reunion68.se\/index.php?rest_route=%2Fwp%2Fv2%2Fcategories&post=95121"},{"taxonomy":"post_tag","embeddable":true,"href":"https:\/\/www.reunion68.se\/index.php?rest_route=%2Fwp%2Fv2%2Ftags&post=95121"}],"curies":[{"name":"wp","href":"https:\/\/api.w.org\/{rel}","templated":true}]}}