{"id":952,"date":"2014-05-14T06:00:54","date_gmt":"2014-05-14T04:00:54","guid":{"rendered":"http:\/\/www.reunion68.se\/?p=952"},"modified":"2014-05-13T21:17:54","modified_gmt":"2014-05-13T19:17:54","slug":"emanuel-ringelblum-biografia-i-dziedzictwo","status":"publish","type":"post","link":"https:\/\/www.reunion68.se\/?p=952","title":{"rendered":"Emanuel Ringelblum. Biografia i dziedzictwo"},"content":{"rendered":"<h3 style=\"text-align: center;\"><img decoding=\"async\" class=\"alignleft\" src=\"http:\/\/www.reunion68.com\/Biuletyn\/img\/zih.png\" alt=\"\" \/><br \/>\n<span style=\"text-decoration: underline;\"><a href=\"http:\/\/www.jhi.pl\/blog\/145\"><span style=\"color: #000080; text-decoration: underline;\">Emanuel Ringelblum. Biografia i dziedzictwo<\/span><\/a><\/span><\/h3>\n<p style=\"text-align: center;\"><span style=\"color: #000080;\">dr Agnieszka \u017b\u00f3\u0142kiewska, 12 maja 2014<\/span><\/p>\n<table border=\"0\" width=\"100%\" cellspacing=\"0\" cellpadding=\"0\">\n<tbody>\n<tr>\n<td style=\"vertical-align: top; text-align: left;\"><span style=\"color: #000080;\">W 2014 roku obchodzimy 70. rocznic\u0119 tragicznej \u015bmierci Emanuela Ringelbluma, tw\u00f3rcy Podziemnego Archiwum Getta Warszawskiego. Z tej okazji w dniach 15\u201316 maja w \u017bydowskim Instytucie Historycznym odb\u0119dzie si\u0119 mi\u0119dzynarodowa sesja naukowa zatytu\u0142owana Emanuel Ringelblum. Biografia i dziedzictwo. Wezm\u0105 w niej udzia\u0142 nasi specjali\u015bci oraz przedstawiciele r\u00f3\u017cnych o\u015brodk\u00f3w naukowych, instytucji i organizacji. <\/span><\/td>\n<td style=\"vertical-align: top; text-align: left;\"><img decoding=\"async\" src=\"http:\/\/www.jhi.pl\/uploads\/image\/file\/4809\/layout_2_1045i1.jpg\" alt=\"\" width=\"300\" \/><\/td>\n<\/tr>\n<\/tbody>\n<\/table>\n<p><span style=\"color: #000080;\">Go\u015bciem honorowym konferencji b\u0119dzie prof. Jan Grabowski z Uniwersytetu w Ottawie. Warto przypomnie\u0107, \u017ce pierwsze takie wydarzenie mia\u0142o miejsce ponad p\u00f3\u0142 wieku temu. W marcu 1948 roku w \u017bydowskim Instytucie Historycznym odby\u0142o si\u0119 publiczne posiedzenie upami\u0119tniaj\u0105ce 4. rocznic\u0119 \u015bmierci Emanuela Ringelbluma. Mia\u0142o ono wyj\u0105tkowy charakter, gdy\u017c uczestniczyli w nim ostatni \u017cyj\u0105cy wsp\u00f3\u0142pracownicy Emanuela Ringelbluma, cz\u0142onkowie konspiracyjnej grupy Oneg Szabat: Rachela Auerbach i Hersz Wasser.<\/span><br \/>\n<span style=\"color: #000080;\"> Patronem medialnym sesji jest \u201eKultura Liberalna\u201d.<\/span><\/p>\n","protected":false},"excerpt":{"rendered":"<p>Emanuel Ringelblum. Biografia i dziedzictwo dr Agnieszka \u017b\u00f3\u0142kiewska, 12 maja 2014 W 2014 roku obchodzimy 70. rocznic\u0119 tragicznej \u015bmierci Emanuela Ringelbluma, tw\u00f3rcy Podziemnego Archiwum Getta Warszawskiego. Z tej okazji w dniach 15\u201316 maja w \u017bydowskim Instytucie Historycznym odb\u0119dzie si\u0119 mi\u0119dzynarodowa sesja naukowa zatytu\u0142owana Emanuel Ringelblum. Biografia i dziedzictwo. Wezm\u0105 w niej udzia\u0142 nasi specjali\u015bci oraz [&hellip;]<\/p>\n","protected":false},"author":1,"featured_media":0,"comment_status":"closed","ping_status":"closed","sticky":false,"template":"","format":"standard","meta":[],"categories":[4],"tags":[],"_links":{"self":[{"href":"https:\/\/www.reunion68.se\/index.php?rest_route=\/wp\/v2\/posts\/952"}],"collection":[{"href":"https:\/\/www.reunion68.se\/index.php?rest_route=\/wp\/v2\/posts"}],"about":[{"href":"https:\/\/www.reunion68.se\/index.php?rest_route=\/wp\/v2\/types\/post"}],"author":[{"embeddable":true,"href":"https:\/\/www.reunion68.se\/index.php?rest_route=\/wp\/v2\/users\/1"}],"replies":[{"embeddable":true,"href":"https:\/\/www.reunion68.se\/index.php?rest_route=%2Fwp%2Fv2%2Fcomments&post=952"}],"version-history":[{"count":14,"href":"https:\/\/www.reunion68.se\/index.php?rest_route=\/wp\/v2\/posts\/952\/revisions"}],"predecessor-version":[{"id":967,"href":"https:\/\/www.reunion68.se\/index.php?rest_route=\/wp\/v2\/posts\/952\/revisions\/967"}],"wp:attachment":[{"href":"https:\/\/www.reunion68.se\/index.php?rest_route=%2Fwp%2Fv2%2Fmedia&parent=952"}],"wp:term":[{"taxonomy":"category","embeddable":true,"href":"https:\/\/www.reunion68.se\/index.php?rest_route=%2Fwp%2Fv2%2Fcategories&post=952"},{"taxonomy":"post_tag","embeddable":true,"href":"https:\/\/www.reunion68.se\/index.php?rest_route=%2Fwp%2Fv2%2Ftags&post=952"}],"curies":[{"name":"wp","href":"https:\/\/api.w.org\/{rel}","templated":true}]}}