{"id":95228,"date":"2022-06-08T17:00:58","date_gmt":"2022-06-08T15:00:58","guid":{"rendered":"http:\/\/www.reunion68.se\/?p=95228"},"modified":"2022-06-07T11:28:52","modified_gmt":"2022-06-07T09:28:52","slug":"19-00-66","status":"publish","type":"post","link":"https:\/\/www.reunion68.se\/?p=95228","title":{"rendered":"Maroon 5 Frontman Adam Levine Visits Western Wall Ahead of Band\u2019s First Concert in Israel"},"content":{"rendered":"<h5 style=\"text-align: center;\"><a href=\"https:\/\/www.algemeiner.com\/\" target=\"_blank\" rel=\"noopener noreferrer\"><img decoding=\"async\" class=\"center alignleft\" src=\"http:\/\/www.reunion68.com\/Biuletyn\/img\/algem.png\" alt=\"\" width=\"35%\"><\/a><span style=\"text-decoration: underline; color: #000080;\"><strong><a style=\"color: #000080; text-decoration: underline;\" href=\"https:\/\/www.algemeiner.com\/2022\/05\/09\/maroon-5-frontman-adam-levine-visits-western-wall-ahead-of-bands-first-concert-in-israel\/\" target=\"_blank\" rel=\"noopener noreferrer\">Maroon 5 Frontman Adam Levine Visits Western Wall Ahead of Band\u2019s First Concert in Israel<\/a><\/strong><\/span><\/h5>\n<p style=\"text-align: center;\"><span style=\"color: #000000;\"><strong>Shiryn Ghermezian<\/strong><\/span><\/p>\n<hr style=\"height: 15px; background: #d0e6fa; width: 100%;\">\n<p style=\"text-align: center;\"><img decoding=\"async\" class=\"aligncenter\" src=\"https:\/\/www.algemeiner.com\/wp-content\/uploads\/2022\/05\/Maroon_5_performing_in_Sydney-1.jpg\" width=\"100%\"><span style=\"color: #808080;\"><em>Maroon 5 performing in Sydney, Australia in February 2019. Photo: MasterMind5991\/Wikimedia Commons.<\/em><\/span><\/p>\n<p style=\"text-align: left;\"><span style=\"color: #000080;\">Maroon 5 lead singer Adam Levine&nbsp;<a style=\"color: #000080;\" href=\"https:\/\/twitter.com\/CCFPeace\/status\/1523355202111217666\" target=\"_blank\" rel=\"noopener noreferrer\">visited<\/a>&nbsp;the Western Wall in Jerusalem on Sunday, before the band\u2019s first-ever performances in Israel this week.<\/span><\/p>\n<p style=\"text-align: left;\"><span style=\"color: #000080;\">The Grammy-winning band arrived in Israel over the weekend. Shortly after, Levine shared a&nbsp;<a style=\"color: #000080;\" href=\"https:\/\/twitter.com\/CCFPeace\/status\/1522935218511958018\" target=\"_blank\" rel=\"noopener noreferrer\">video<\/a>&nbsp;on Instagram from the balcony of his hotel room in Tel Aviv, showing off a view of the city\u2019s beaches. \u201cWe got into Tel Aviv last night about 4 am and we\u2019re here now, and it\u2019s even more beautiful than I had imagined,\u201d the singer, who is Jewish, said in the clip. \u201cSuper excited. Special. Amazing. We love you.\u201d<\/span><\/p>\n<p style=\"text-align: left;\"><span style=\"color: #000080;\">Maroon 5 will perform on Monday and Tuesday at Tel Aviv\u2019s Park Hayarkon as part of their world tour. The band performed in Egypt on May 3 and in Abu Dhabi on Friday night.<\/span><\/p>\n<p style=\"text-align: left;\"><span style=\"color: #000080;\">Maroon 5 first announced in February that they would be performing in Israel on May 9 \u2014 a show that immediately sold out, prompting another concert date to be added for Tuesday. Tomer Greenberg, the winner of this year\u2019s Israel Next Star competition, will open for the band on stage.<\/span><\/p>\n<hr style=\"height: 15px; background: #d0e6fa; width: 100%;\">\n<div id=\"content\" class=\"content-alignment\">\n<div id=\"watch-description\" class=\"yt-uix-button-panel\">\n<div id=\"watch-description-text\" style=\"text-align: center;\">\n<p><em>Zawarto\u015b\u0107 publikowanych artyku\u0142\u00f3w i materia\u0142\u00f3w nie reprezentuje pogl\u0105d\u00f3w ani opinii Reunion&#8217;68,<\/em><em><br \/>\nani te\u017c webmastera Blogu Reunion&#8217;68, chyba ze jest to wyra\u017anie zaznaczone.<br \/>\nTwoje uwagi, linki, w\u0142asne artyku\u0142y lub wiadomo\u015bci prze\u015blij na adres:<br \/>\n<\/em><span style=\"color: #000080;\"><strong><em><a style=\"color: #000080;\" href=\"mailto:webmaster@reunion68.com\"><span style=\"text-decoration: underline;\">webmaster@reunion68.com<\/span><\/a><\/em><\/strong><\/span><\/p>\n<\/div>\n<\/div>\n<\/div>\n<hr style=\"width: 100%;\">\n","protected":false},"excerpt":{"rendered":"<p>Maroon 5 Frontman Adam Levine Visits Western Wall Ahead of Band\u2019s First Concert in Israel Shiryn Ghermezian Maroon 5 performing in Sydney, Australia in February 2019. Photo: MasterMind5991\/Wikimedia Commons. Maroon 5 lead singer Adam Levine&nbsp;visited&nbsp;the Western Wall in Jerusalem on Sunday, before the band\u2019s first-ever performances in Israel this week. The Grammy-winning band arrived in [&hellip;]<\/p>\n","protected":false},"author":1,"featured_media":0,"comment_status":"closed","ping_status":"closed","sticky":false,"template":"","format":"standard","meta":[],"categories":[6],"tags":[26,24],"_links":{"self":[{"href":"https:\/\/www.reunion68.se\/index.php?rest_route=\/wp\/v2\/posts\/95228"}],"collection":[{"href":"https:\/\/www.reunion68.se\/index.php?rest_route=\/wp\/v2\/posts"}],"about":[{"href":"https:\/\/www.reunion68.se\/index.php?rest_route=\/wp\/v2\/types\/post"}],"author":[{"embeddable":true,"href":"https:\/\/www.reunion68.se\/index.php?rest_route=\/wp\/v2\/users\/1"}],"replies":[{"embeddable":true,"href":"https:\/\/www.reunion68.se\/index.php?rest_route=%2Fwp%2Fv2%2Fcomments&post=95228"}],"version-history":[{"count":6,"href":"https:\/\/www.reunion68.se\/index.php?rest_route=\/wp\/v2\/posts\/95228\/revisions"}],"predecessor-version":[{"id":95707,"href":"https:\/\/www.reunion68.se\/index.php?rest_route=\/wp\/v2\/posts\/95228\/revisions\/95707"}],"wp:attachment":[{"href":"https:\/\/www.reunion68.se\/index.php?rest_route=%2Fwp%2Fv2%2Fmedia&parent=95228"}],"wp:term":[{"taxonomy":"category","embeddable":true,"href":"https:\/\/www.reunion68.se\/index.php?rest_route=%2Fwp%2Fv2%2Fcategories&post=95228"},{"taxonomy":"post_tag","embeddable":true,"href":"https:\/\/www.reunion68.se\/index.php?rest_route=%2Fwp%2Fv2%2Ftags&post=95228"}],"curies":[{"name":"wp","href":"https:\/\/api.w.org\/{rel}","templated":true}]}}