{"id":95276,"date":"2022-05-12T17:00:17","date_gmt":"2022-05-12T15:00:17","guid":{"rendered":"http:\/\/www.reunion68.se\/?p=95276"},"modified":"2022-05-12T06:03:59","modified_gmt":"2022-05-12T04:03:59","slug":"21-00-73","status":"publish","type":"post","link":"https:\/\/www.reunion68.se\/?p=95276","title":{"rendered":"Swiss Parliament Calls for Government Panel to Address Nazi-Looted Art Claims"},"content":{"rendered":"<h5 style=\"text-align: center;\"><a href=\"https:\/\/www.algemeiner.com\/\" target=\"_blank\" rel=\"noopener noreferrer\"><img decoding=\"async\" class=\"center alignleft\" src=\"http:\/\/www.reunion68.com\/Biuletyn\/img\/algem.png\" alt=\"\" width=\"35%\" \/><\/a><span style=\"text-decoration: underline; color: #000080;\"><strong><a style=\"color: #000080; text-decoration: underline;\" href=\"https:\/\/www.algemeiner.com\/2022\/05\/11\/swiss-parliament-calls-for-government-panel-to-address-nazi-looted-art-claims\/\" target=\"_blank\" rel=\"noopener noreferrer\">Swiss Parliament Calls for Government Panel to Address Nazi-Looted Art Claims<\/a><\/strong><\/span><\/h5>\n<p style=\"text-align: center;\"><span style=\"color: #000000;\"><strong>Shiryn Ghermezian<\/strong><\/span><\/p>\n<hr style=\"height: 15px; background: #d0e6fa; width: 100%;\" \/>\n<p style=\"text-align: center;\"><img decoding=\"async\" class=\"aligncenter\" src=\"https:\/\/www.algemeiner.com\/wp-content\/uploads\/2020\/12\/Zurich.jpg\" width=\"100%\" \/><span style=\"color: #808080;\"><em>The Swiss city of Zurich. Photo: MadGeographer via Wikimedia Commons<\/em><\/span><span style=\"color: #808080;\"><em>.<\/em><\/span><\/p>\n<p style=\"text-align: left;\"><span style=\"color: #000080;\">Switzerland\u2019s House of Representatives has unanimously agreed to call on the government to set up an independent panel to assess claims about artworks allegedly seized by Nazis during World War II, Swiss media reported Wednesday.<\/span><\/p>\n<p style=\"text-align: left;\"><span style=\"color: #000080;\">Lawmaker Jon Pult, who submitted a parliamentary motion last year to consider creating such a panel, pointed out that other countries \u2014 including Germany, Austria, France, the Netherlands and Britain \u2014 already have similar expert commissions to make recommendations on instances of cultural items confiscated by the Nazis, according to the online news service\u00a0<em><a style=\"color: #000080;\" href=\"https:\/\/www.swissinfo.ch\/eng\/panel-to-judge-looted-nazi-art-makes-headway\/47584934\" target=\"_blank\" rel=\"noopener noreferrer\">Swissinfo<\/a><\/em>.<\/span><\/p>\n<p style=\"text-align: left;\"><span style=\"color: #000080;\">Explaining his push to set up an independent panel, Pult\u00a0<a style=\"color: #000080;\" href=\"https:\/\/www.swissinfo.ch\/eng\/switzerland-mulls-a-commission-to-judge-nazi-looted-art-claims\/47171508\" target=\"_blank\" rel=\"noopener noreferrer\">said,<\/a>\u00a0\u201cSwitzerland would be making its contribution to addressing a dark chapter of history and living up to its responsibility in handling cultural property lost as a result of Nazi persecution.\u201d<\/span><\/p>\n<p style=\"text-align: left;\"><span style=\"color: #000080;\">The House of Representatives also voted to have the panel examine claims regarding colonial era cultural goods. The Senate has yet to debate the proposals, but Swiss Interior Minister Alain Berset told Parliament on Wednesday that the government was willing to prepare a bill to support the motion, according to<em>\u00a0Swissinfo.<\/em><\/span><\/p>\n<p style=\"text-align: left;\"><span style=\"color: #000080;\">The proposal for an independent panel came in response to\u00a0<a style=\"color: #000080;\" href=\"https:\/\/www.swissinfo.ch\/eng\/an--affront---researchers-react-to-the-buehrle-collection-in-the-kunsthaus-zuerich\/47100492\" target=\"_blank\" rel=\"noopener noreferrer\">criticism<\/a>\u00a0over the display of a collection at Zurich\u2019s Kunsthaus art museum that opened in October 2021. The collection features approximately 200 pieces owned by German art collector Emil Georg B\u00fchrle, who sold weapons to Nazi Germany during World War II, bought Nazi-looted art and profited from forced slave labor in Germany.<\/span><\/p>\n<p style=\"text-align: left;\"><span style=\"color: #000080;\">The B\u00fchrle Foundation, which owns the works showcased in the museum, said none of the items were looted from Jews, but critics have advocated that independent provenance research be conducted and a panel set up to weigh the claims.<\/span><\/p>\n<p style=\"text-align: left;\"><span style=\"color: #000080;\">Switzerland and 44 other countries signed the\u00a0<a style=\"color: #000080;\" href=\"https:\/\/www.state.gov\/washington-conference-principles-on-nazi-confiscated-art\/\" target=\"_blank\" rel=\"noopener noreferrer\">Washington Conference Principles<\/a>\u00a0in 1998, agreeing to identify Nazi-confiscated art, open records and archives to researchers, and strive to obtain \u201cjust and fair solutions\u201d with the original owners and their heirs. The signatories were also encouraged to establish \u201calternative dispute resolution mechanisms for resolving ownership issues.\u201d<\/span><\/p>\n<hr style=\"height: 15px; background: #d0e6fa; width: 100%;\" \/>\n<div id=\"content\" class=\"content-alignment\">\n<div id=\"watch-description\" class=\"yt-uix-button-panel\">\n<div id=\"watch-description-text\" style=\"text-align: center;\">\n<p><em>Zawarto\u015b\u0107 publikowanych artyku\u0142\u00f3w i materia\u0142\u00f3w nie reprezentuje pogl\u0105d\u00f3w ani opinii Reunion&#8217;68,<\/em><em><br \/>\nani te\u017c webmastera Blogu Reunion&#8217;68, chyba ze jest to wyra\u017anie zaznaczone.<br \/>\nTwoje uwagi, linki, w\u0142asne artyku\u0142y lub wiadomo\u015bci prze\u015blij na adres:<br \/>\n<\/em><span style=\"color: #000080;\"><strong><em><a style=\"color: #000080;\" href=\"mailto:webmaster@reunion68.com\"><span style=\"text-decoration: underline;\">webmaster@reunion68.com<\/span><\/a><\/em><\/strong><\/span><\/p>\n<\/div>\n<\/div>\n<\/div>\n<hr style=\"width: 100%;\" \/>\n","protected":false},"excerpt":{"rendered":"<p>Swiss Parliament Calls for Government Panel to Address Nazi-Looted Art Claims Shiryn Ghermezian The Swiss city of Zurich. Photo: MadGeographer via Wikimedia Commons. Switzerland\u2019s House of Representatives has unanimously agreed to call on the government to set up an independent panel to assess claims about artworks allegedly seized by Nazis during World War II, Swiss [&hellip;]<\/p>\n","protected":false},"author":1,"featured_media":0,"comment_status":"closed","ping_status":"closed","sticky":false,"template":"","format":"standard","meta":[],"categories":[6],"tags":[26,24],"_links":{"self":[{"href":"https:\/\/www.reunion68.se\/index.php?rest_route=\/wp\/v2\/posts\/95276"}],"collection":[{"href":"https:\/\/www.reunion68.se\/index.php?rest_route=\/wp\/v2\/posts"}],"about":[{"href":"https:\/\/www.reunion68.se\/index.php?rest_route=\/wp\/v2\/types\/post"}],"author":[{"embeddable":true,"href":"https:\/\/www.reunion68.se\/index.php?rest_route=\/wp\/v2\/users\/1"}],"replies":[{"embeddable":true,"href":"https:\/\/www.reunion68.se\/index.php?rest_route=%2Fwp%2Fv2%2Fcomments&post=95276"}],"version-history":[{"count":6,"href":"https:\/\/www.reunion68.se\/index.php?rest_route=\/wp\/v2\/posts\/95276\/revisions"}],"predecessor-version":[{"id":95298,"href":"https:\/\/www.reunion68.se\/index.php?rest_route=\/wp\/v2\/posts\/95276\/revisions\/95298"}],"wp:attachment":[{"href":"https:\/\/www.reunion68.se\/index.php?rest_route=%2Fwp%2Fv2%2Fmedia&parent=95276"}],"wp:term":[{"taxonomy":"category","embeddable":true,"href":"https:\/\/www.reunion68.se\/index.php?rest_route=%2Fwp%2Fv2%2Fcategories&post=95276"},{"taxonomy":"post_tag","embeddable":true,"href":"https:\/\/www.reunion68.se\/index.php?rest_route=%2Fwp%2Fv2%2Ftags&post=95276"}],"curies":[{"name":"wp","href":"https:\/\/api.w.org\/{rel}","templated":true}]}}