{"id":95337,"date":"2022-05-23T17:00:30","date_gmt":"2022-05-23T15:00:30","guid":{"rendered":"http:\/\/www.reunion68.se\/?p=95337"},"modified":"2022-05-14T16:54:47","modified_gmt":"2022-05-14T14:54:47","slug":"23-00-71","status":"publish","type":"post","link":"https:\/\/www.reunion68.se\/?p=95337","title":{"rendered":"Orthodox Jewish YU Basketball Player, NBA Prospect Invited to Elite Draft Camp"},"content":{"rendered":"<h5 style=\"text-align: center;\"><a href=\"https:\/\/www.algemeiner.com\/\" target=\"_blank\" rel=\"noopener noreferrer\"><img decoding=\"async\" class=\"center alignleft\" src=\"http:\/\/www.reunion68.com\/Biuletyn\/img\/algem.png\" alt=\"\" width=\"35%\" \/><\/a><span style=\"text-decoration: underline; color: #000080;\"><span><strong><a style=\"color: #000080; text-decoration: underline;\" href=\"https:\/\/www.algemeiner.com\/2022\/05\/13\/orthodox-jewish-yu-basketball-player-nba-prospect-invited-to-elite-draft-camp\/\" target=\"_blank\" rel=\"noopener noreferrer\">Orthodox Jewish YU Basketball Player, NBA Prospect Invited to Elite Draft Camp<\/a><\/strong><\/span><\/span><\/h5>\n<p style=\"text-align: center;\"><span style=\"color: #000000;\"><strong>Shiryn Ghermezian<\/strong><\/span><\/p>\n<hr style=\"height: 15px; background: #d0e6fa; width: 100%;\" \/>\n<p style=\"text-align: center;\"><img decoding=\"async\" class=\"aligncenter\" src=\"https:\/\/www.algemeiner.com\/wp-content\/uploads\/2022\/05\/Screen-Shot-2022-05-13-at-12.03.30-PM.jpg\" width=\"100%\" \/><span style=\"color: #808080;\"><em>Yeshiva University men\u2019s basketball player Ryan Turell. Photo: YouTube screenshot\/Overtime.<\/em><\/span><\/p>\n<p style=\"text-align: left;\"><span style=\"color: #000080;\">Ryan Turell, a forward for Yeshiva University men\u2019s basketball team The Maccabees, has been invited to join the NBA G League Elite Camp to be held in Chicago, it was\u00a0<a style=\"color: #000080;\" href=\"https:\/\/gleague.nba.com\/news\/nba-g-league-announces-field-of-44-draft-prospects-for-2022-nba-g-league-elite-camp-in-chicago\/\" target=\"_blank\" rel=\"noopener noreferrer\">announced<\/a>\u00a0on Monday.<\/span><\/p>\n<p style=\"text-align: left;\"><span style=\"color: #000080;\">The YU senior and Los Angeles native is one of 44 prospects for the 2022 NBA Draft \u2014 and the only NCAA Division III player \u2014 to receive an invitation to the camp, which will take place from May 15-17. The NBA G League is the National Basketball Association\u2019s official minor league basketball organization.<\/span><\/p>\n<p style=\"text-align: left;\"><span style=\"color: #000080;\">Turell, 23, will get the chance to showcase his skills in front of NBA and NBA G League scouts, coaches and executives while playing in five-on-five games and taking part in strength and agility drills. Select players from the camp will be invited to participate in the Microsoft Surface NBA Draft Combine 2022, held May 18-22, also in Chicago. The combine is a step forward in the draft process for NBA prospects and leads to the NBA Draft 2022, presented on June 23.<\/span><\/p>\n<p style=\"text-align: left;\"><span style=\"color: #000080;\">NBA players that have participated in past NBA G League Elite Camps include New Orleans Pelicans guard Jose Alvarado, LA Clippers guard Terance Mann and Miami Heat guard Max Strus, according to the NBA G League.<\/span><\/p>\n<div id=\"post_content\">\n<p style=\"text-align: left;\"><span style=\"color: #000080;\">Turell hopes to become the first Orthodox Jewish basketball player in the NBA, recently telling the website\u00a0<a style=\"color: #000080;\" href=\"https:\/\/hoopshype.com\/lists\/ryan-turell-orthodox-jew-play-nba-dream-come-true\/\" target=\"_blank\" rel=\"noopener noreferrer\"><em>HoopsHype<\/em><\/a>\u00a0that doing so \u201cwould be a dream come true to me.\u201d<\/span><\/p>\n<p style=\"text-align: left;\"><span style=\"color: #000080;\">\u201cIt\u2019d be what I\u2019ve worked for my entire life to do,\u201d he explained. \u201cAnd I think it\u2019d be a dream come true for a lot of people that thought that this wasn\u2019t possible, that a Jewish kid can\u2019t make the NBA. It would prove to them that they can go and hopefully prove to them that they can go achieve their dreams, that it doesn\u2019t matter where you come from, that as long as you put the work in you can do anything.\u201d<\/span><\/p>\n<p style=\"text-align: left;\"><span style=\"color: #000080;\">When asked if he would feel pressure to teach NBA fans about Judaism as a pro athlete, he told the website, \u201cI take it happily but I think the pressure is a good thing. I view pressure as being able to prove things to people, to be able to inspire them, and this is a dream come true for me. I love to be able to inspire that way.\u201d<\/span><\/p>\n<p style=\"text-align: left;\"><span style=\"color: #000080;\">Turell, who averaged 27.1 points per game in the NCAA III with YU, also spoke about taking online classes so he has more free time to spend on the court.\u201dMy whole life is basketball now, where I\u2019m really trying to focus on getting better every day,\u201d he said. \u201cI\u2019m waking up earlier to train and do it more often than I was able to do when I was going to classes and whatnot.<\/span><\/p>\n<p style=\"text-align: left;\"><span style=\"color: #000080;\">Turell plans to adhere to Shabbat if drafted into the NBA, he told\u00a0<em>HoopsHype.<\/em>\u00a0If a game is scheduled on Friday after sundown or Saturday before sunset, he will plan ahead of time to stay at a hotel close to the gym, walk to the gym, play and not use electronic devices until Shabbat is over. He also admitted in the interview that he has a dream of one day playing basketball in Israel.<\/span><\/p>\n<\/div>\n<hr style=\"height: 15px; background: #d0e6fa; width: 100%;\" \/>\n<div id=\"content\" class=\"content-alignment\">\n<div id=\"watch-description\" class=\"yt-uix-button-panel\">\n<div id=\"watch-description-text\" style=\"text-align: center;\">\n<p><em>Zawarto\u015b\u0107 publikowanych artyku\u0142\u00f3w i materia\u0142\u00f3w nie reprezentuje pogl\u0105d\u00f3w ani opinii Reunion&#8217;68,<\/em><em><br \/>\nani te\u017c webmastera Blogu Reunion&#8217;68, chyba ze jest to wyra\u017anie zaznaczone.<br \/>\nTwoje uwagi, linki, w\u0142asne artyku\u0142y lub wiadomo\u015bci prze\u015blij na adres:<br \/>\n<\/em><span style=\"color: #000080;\"><strong><em><a style=\"color: #000080;\" href=\"mailto:webmaster@reunion68.com\"><span style=\"text-decoration: underline;\">webmaster@reunion68.com<\/span><\/a><\/em><\/strong><\/span><\/p>\n<\/div>\n<\/div>\n<\/div>\n<hr style=\"width: 100%;\" \/>\n","protected":false},"excerpt":{"rendered":"<p>Orthodox Jewish YU Basketball Player, NBA Prospect Invited to Elite Draft Camp Shiryn Ghermezian Yeshiva University men\u2019s basketball player Ryan Turell. Photo: YouTube screenshot\/Overtime. Ryan Turell, a forward for Yeshiva University men\u2019s basketball team The Maccabees, has been invited to join the NBA G League Elite Camp to be held in Chicago, it was\u00a0announced\u00a0on Monday. [&hellip;]<\/p>\n","protected":false},"author":1,"featured_media":0,"comment_status":"closed","ping_status":"closed","sticky":false,"template":"","format":"standard","meta":[],"categories":[6],"tags":[26,24],"_links":{"self":[{"href":"https:\/\/www.reunion68.se\/index.php?rest_route=\/wp\/v2\/posts\/95337"}],"collection":[{"href":"https:\/\/www.reunion68.se\/index.php?rest_route=\/wp\/v2\/posts"}],"about":[{"href":"https:\/\/www.reunion68.se\/index.php?rest_route=\/wp\/v2\/types\/post"}],"author":[{"embeddable":true,"href":"https:\/\/www.reunion68.se\/index.php?rest_route=\/wp\/v2\/users\/1"}],"replies":[{"embeddable":true,"href":"https:\/\/www.reunion68.se\/index.php?rest_route=%2Fwp%2Fv2%2Fcomments&post=95337"}],"version-history":[{"count":4,"href":"https:\/\/www.reunion68.se\/index.php?rest_route=\/wp\/v2\/posts\/95337\/revisions"}],"predecessor-version":[{"id":95350,"href":"https:\/\/www.reunion68.se\/index.php?rest_route=\/wp\/v2\/posts\/95337\/revisions\/95350"}],"wp:attachment":[{"href":"https:\/\/www.reunion68.se\/index.php?rest_route=%2Fwp%2Fv2%2Fmedia&parent=95337"}],"wp:term":[{"taxonomy":"category","embeddable":true,"href":"https:\/\/www.reunion68.se\/index.php?rest_route=%2Fwp%2Fv2%2Fcategories&post=95337"},{"taxonomy":"post_tag","embeddable":true,"href":"https:\/\/www.reunion68.se\/index.php?rest_route=%2Fwp%2Fv2%2Ftags&post=95337"}],"curies":[{"name":"wp","href":"https:\/\/api.w.org\/{rel}","templated":true}]}}