{"id":95359,"date":"2022-05-16T17:05:02","date_gmt":"2022-05-16T15:05:02","guid":{"rendered":"http:\/\/www.reunion68.se\/?p=95359"},"modified":"2022-05-15T19:37:21","modified_gmt":"2022-05-15T17:37:21","slug":"24-05-75","status":"publish","type":"post","link":"https:\/\/www.reunion68.se\/?p=95359","title":{"rendered":"\u2018Say Yes to the World\u2019 but No to the Jews: Lufthansa\u2019s Antisemitic Scandal"},"content":{"rendered":"<h5 style=\"text-align: center;\"><a href=\"https:\/\/www.algemeiner.com\/\" target=\"_blank\" rel=\"noopener noreferrer\"><img decoding=\"async\" class=\"center alignleft\" src=\"http:\/\/www.reunion68.com\/Biuletyn\/img\/algem.png\" alt=\"\" width=\"35%\" \/><\/a><span style=\"text-decoration: underline; color: #000080;\"><strong><a style=\"color: #000080; text-decoration: underline;\" href=\"https:\/\/www.algemeiner.com\/2022\/05\/15\/say-yes-to-the-world-but-no-to-the-jews-lufthansas-antisemitic-scandal\/\" target=\"_blank\" rel=\"noopener noreferrer\">\u2018Say Yes to the World\u2019 but No to the Jews: Lufthansa\u2019s Antisemitic Scandal<\/a><\/strong><\/span><\/h5>\n<p style=\"text-align: center;\"><span style=\"color: #000000;\"><strong> Ben Cohen<\/strong><\/span><\/p>\n<hr style=\"height: 15px; background: #d0e6fa; width: 100%;\" \/>\n<p style=\"text-align: center;\"><img decoding=\"async\" class=\"aligncenter\" src=\"https:\/\/www.algemeiner.com\/wp-content\/uploads\/2022\/05\/2022-01-30T000000Z_1242065814_MT1NURPHO0004A4ERM_RTRMADP_3_ECONOMY-BELGIUM-1.jpg\" width=\"100%\" \/><span style=\"color: #808080;\"><em>Lufthansa Airbus A319 aircraft as seen flying and landing at Brussels Zaventem International Airport BRU in the Belgian capital. Photo: Nicolas Economou via Reuters Connect<\/em><\/span><\/p>\n<p style=\"text-align: left;\"><span style=\"color: #000080;\">It took several days, but eventually, the world\u2019s media grasped why the scandal at Frankfurt Airport last week, when more than 100 Orthodox Jews were prevented by the German airline Lufthansa from boarding a connecting flight to Budapest, was so shocking.<\/span><\/p>\n<p style=\"text-align: left;\"><span style=\"color: #000080;\">It was Dan\u2019s Deals, a travel website popular with the Orthodox Jewish community in New York, that originally broke the story of the ordeal of 127 Orthodox Jews who traveled in separate groups and different classes on a journey that began at New York\u2019s John F. Kennedy Airport on May 4. The website diligently pieced together the voices of several passengers who alleged that Germany\u2019s national airline had collectively punished those on the plane who were visibly Jewish.<\/span><\/p>\n<p style=\"text-align: left;\"><span style=\"color: #000080;\">Reportedly, a dispute over masking requirements broke out as Flight #LH401 winged its way across the Atlantic. While many airlines have abandoned the mask mandate, Lufthansa is still obliged by German law to enforce one. According to the witnesses who spoke to Dan\u2019s Deals, a handful of Jewish and non-Jewish passengers objected to the instruction or didn\u2019t wear their masks in the required fashion. At one point, the captain of the aircraft made a cockpit announcement warning those individuals who didn\u2019t cooperate that they might be denied boarding onto connecting flights in Frankfurt.<\/span><\/p>\n<p style=\"text-align: left;\"><span style=\"color: #000080;\">Once the plane landed in Frankfurt, a large number of its passengers made their way to the departure gate for a Lufthansa flight Flight #LH1334 to Budapest, Hungary, where many were headed for a pilgrimage to the grave in Hungary of the Hasidic sage Yeshaya Steiner. At the gate, they learned to their disbelief that Lufthansa agents were refusing to board any passengers who looked visibly Jewish.<\/span><\/p>\n<p style=\"text-align: left;\"><span style=\"color: #000080;\">The rationale for this blatant discrimination was explained in no uncertain terms to a Jewish passenger by a Lufthansa agent. When the passenger pointed out that non-Jewish travelers had been permitted to board the connection to Budapest, asking pointedly why it was \u201conly the Jewish people paying for other people\u2019s crimes,\u201d the agent responded, \u201cbecause it\u2019s Jews coming from JFK.\u201d When the passenger expressed his shock, the agent responded, in broken English: \u201cIf you want to do it like this, Jewish people were the mess, who made the problems.\u201d<\/span><\/p>\n<p style=\"text-align: left;\"><span style=\"color: #000080;\">The incredulous passenger then asked: \u201cSo Jewish people on the plane made a problem, so all Jews are banned from Lufthansa for the day?\u201d The agent answered: \u201cJust from this flight.\u201d<\/span><\/p>\n<p style=\"text-align: left;\"><span style=\"color: #000080;\">To add insult to injury, some of the Jewish passengers were confronted by a layer of armed police who stood between them and the departure gate. In a scene that conceivably would have won critical praise had it been staged in a dark historical comedy, one of the distressed passengers asked plaintively, \u201cWhy do you hate us?\u201d as the officers grimly surveyed them. Then someone else said the word \u201cNazi,\u201d leading to a gasp of disapproval from the small crowd.<\/span><\/p>\n<p style=\"text-align: left;\"><span style=\"color: #000080;\">In Germany, it\u2019s a crime to call a police officer a \u201cNazi,\u201d just as it\u2019s a crime to deny the Holocaust or brandish a swastika. But sometimes, you have to exercise your judgment. Either blissfully unaware of the optics or indifferent to them, one of the offended police officers began barking in a thick German accent, \u201cWho said the \u2018N\u2019 word? Who was it??\u201d at the assembled Jews. To their credit, they responded to his angry request with appropriate indifference. \u201cWe don\u2019t know,\u201d said one of them.<\/span><\/p>\n<p style=\"text-align: left;\"><span style=\"color: #000080;\">By collectively punishing all the Orthodox Jews who flew instead of identifying and taking action against the specific passengers who allegedly violated the masking policy, Lufthansa engaged in blatant antisemitic discrimination. The reasoning of the ground staff has yet to be officially explained, but it doesn\u2019t take a leap of the imagination to conclude that in their eyes, all of these Hasidim look the same and behave the same \u2014 a prejudiced logic that, sadly, many other minorities are also familiar with.<\/span><\/p>\n<p style=\"text-align: left;\"><span style=\"color: #000080;\">Perhaps the worst aspect of this scandal is Lufthansa\u2019s refusal to recognize that its staff treated Jewish passengers with contempt that was rooted in antisemitic imagery. An\u00a0<a style=\"color: #000080;\" href=\"https:\/\/www.jns.org\/lufthansa-apologizes-for-preventing-number-of-jewish-passengers-from-flying\/\" target=\"_blank\" rel=\"noopener noreferrer\">apology<\/a>\u00a0posted only once the world\u2019s media feasted on images of anxious-looking Jews being persecuted in a German airport was directed at \u201call the passengers unable to travel on this flight, not only for the inconvenience, but also for the offense caused and personal impact.\u201d But the statement did not deal with the core of the problem; the antisemitic thinking that resulted in discriminatory action against an entire group based on their ethnicity.<\/span><\/p>\n<p style=\"text-align: left;\"><span style=\"color: #000080;\">A large part of the shock value around this story lies in the fact that it occurred in Germany, of all places, and with Lufthansa. Founded in 1926, the airline profited handsomely from the use of slave labor during the Nazi era before it was reconstituted in 1953 under the chairmanship of Kurt Weigelt, a Nazi businessman who served a two-year prison sentence for war crimes. One would like to think that Weigelt\u2019s spirit has been banished from Lufthansa\u2019s boardrooms and airport hubs; the spectacle in Frankfurt would suggest otherwise.<\/span><\/p>\n<p style=\"text-align: left;\"><span style=\"color: #000080;\">Lufthansa can yet emerge from this appalling episode with its credibility intact. For that to happen, it needs to recognize that its ground staff implemented an antisemitic policy and apologize for that offense specifically. And it needs to publicly announce the payment of substantial compensation to all those who missed their connecting flight \u2014 not just for the inconvenience but for the trauma that accompanies a victim\u2019s experience of discrimination.<\/span><\/p>\n<p style=\"text-align: left;\"><span style=\"color: #000080;\">Until that happens, no Jewish customer can regard Lufthansa as simply one of the world\u2019s more decent airlines. Some chatter on social media has suggested that a boycott of the airline would be the correct path to take. My answer to that is that travelers should exercise their consumer choice, as Lufthansa is hardly the only airline that flies to Europe. But a formal boycott may, at this stage, be a step too far. Let us see first whether Lufthansa can grasp the enormity of its original offense; whether, indeed, the Holocaust contrition that the Germans are famous for goes more than just skin deep.<\/span><\/p>\n<hr \/>\n<div class=\"article-content\">\n<p style=\"text-align: left;\"><span style=\"color: #808080;\"><em><strong>Ben Cohen<\/strong> is a New York City-based journalist and author who writes a weekly column on Jewish and international affairs for JNS.<\/em><\/span><\/p>\n<\/div>\n<hr style=\"height: 15px; background: #d0e6fa; width: 100%;\" \/>\n<div id=\"content\" class=\"content-alignment\">\n<div id=\"watch-description\" class=\"yt-uix-button-panel\">\n<div id=\"watch-description-text\" style=\"text-align: center;\">\n<p><em>Zawarto\u015b\u0107 publikowanych artyku\u0142\u00f3w i materia\u0142\u00f3w nie reprezentuje pogl\u0105d\u00f3w ani opinii Reunion&#8217;68,<\/em><em><br \/>\nani te\u017c webmastera Blogu Reunion&#8217;68, chyba ze jest to wyra\u017anie zaznaczone.<br \/>\nTwoje uwagi, linki, w\u0142asne artyku\u0142y lub wiadomo\u015bci prze\u015blij na adres:<br \/>\n<\/em><span style=\"color: #000080;\"><strong><em><a style=\"color: #000080;\" href=\"mailto:webmaster@reunion68.com\"><span style=\"text-decoration: underline;\">webmaster@reunion68.com<\/span><\/a><\/em><\/strong><\/span><\/p>\n<\/div>\n<\/div>\n<\/div>\n<hr style=\"width: 100%;\" \/>\n","protected":false},"excerpt":{"rendered":"<p>\u2018Say Yes to the World\u2019 but No to the Jews: Lufthansa\u2019s Antisemitic Scandal Ben Cohen Lufthansa Airbus A319 aircraft as seen flying and landing at Brussels Zaventem International Airport BRU in the Belgian capital. Photo: Nicolas Economou via Reuters Connect It took several days, but eventually, the world\u2019s media grasped why the scandal at Frankfurt [&hellip;]<\/p>\n","protected":false},"author":1,"featured_media":0,"comment_status":"closed","ping_status":"closed","sticky":false,"template":"","format":"standard","meta":[],"categories":[6],"tags":[26,24],"_links":{"self":[{"href":"https:\/\/www.reunion68.se\/index.php?rest_route=\/wp\/v2\/posts\/95359"}],"collection":[{"href":"https:\/\/www.reunion68.se\/index.php?rest_route=\/wp\/v2\/posts"}],"about":[{"href":"https:\/\/www.reunion68.se\/index.php?rest_route=\/wp\/v2\/types\/post"}],"author":[{"embeddable":true,"href":"https:\/\/www.reunion68.se\/index.php?rest_route=\/wp\/v2\/users\/1"}],"replies":[{"embeddable":true,"href":"https:\/\/www.reunion68.se\/index.php?rest_route=%2Fwp%2Fv2%2Fcomments&post=95359"}],"version-history":[{"count":4,"href":"https:\/\/www.reunion68.se\/index.php?rest_route=\/wp\/v2\/posts\/95359\/revisions"}],"predecessor-version":[{"id":95376,"href":"https:\/\/www.reunion68.se\/index.php?rest_route=\/wp\/v2\/posts\/95359\/revisions\/95376"}],"wp:attachment":[{"href":"https:\/\/www.reunion68.se\/index.php?rest_route=%2Fwp%2Fv2%2Fmedia&parent=95359"}],"wp:term":[{"taxonomy":"category","embeddable":true,"href":"https:\/\/www.reunion68.se\/index.php?rest_route=%2Fwp%2Fv2%2Fcategories&post=95359"},{"taxonomy":"post_tag","embeddable":true,"href":"https:\/\/www.reunion68.se\/index.php?rest_route=%2Fwp%2Fv2%2Ftags&post=95359"}],"curies":[{"name":"wp","href":"https:\/\/api.w.org\/{rel}","templated":true}]}}