{"id":9542,"date":"2014-11-25T19:02:37","date_gmt":"2014-11-25T17:02:37","guid":{"rendered":"http:\/\/www.reunion68.se\/?p=9542"},"modified":"2014-11-25T12:08:13","modified_gmt":"2014-11-25T10:08:13","slug":"9542","status":"publish","type":"post","link":"https:\/\/www.reunion68.se\/?p=9542","title":{"rendered":"\u017bydowskie Granie w Warszawie"},"content":{"rendered":"<h5 style=\"text-align: center;\"><a href=\"http:\/\/www.sztetl.org.pl\/\" target=\"_blank\"><img decoding=\"async\" class=\"center alignleft\" src=\"http:\/\/www.reunion68.com\/Biuletyn\/img\/w-sz.jpg\" alt=\"\" \/><\/a><span style=\"text-decoration: underline; color: #000080;\"><span style=\"text-decoration: underline;\"><strong><a style=\"color: #000080; text-decoration: underline;\" href=\"http:\/\/www.sztetl.org.pl\/pl\/cms\/aktualnosci\/4402,zydowskie-granie-w-warszawie\/\" target=\"_blank\">\u017bydowskie Granie w Warszawie<\/a><\/strong><\/span><\/span><\/h5>\n<p style=\"text-align: center;\"><span style=\"color: #333333;\"><strong>Maciej Zdziech<\/strong><\/span><\/p>\n<hr style=\"height: 15px; background: #d0e6fa; width: 710px;\" \/>\n<p><img decoding=\"async\" class=\"alignright\" src=\"http:\/\/www.sztetl.org.pl\/getimage.php?c=OBRAZY&amp;x=440&amp;y=440&amp;file=obraz_5712.jpg\" alt=\"\" \/><br \/>\n<span style=\"color: #333333;\"><strong>29 i 30 listopada 2014 r. w synagodze im. No\u017cyk\u00f3w w Warszawie odb\u0119dzie si\u0119 trzecia edycja \u201e\u017bydowskiego Grania\u201d \u2013 koncert\u00f3w, w kt\u00f3rych tradycyjne brzemienia przeplataj\u0105 si\u0119 z nowoczesnymi.<\/strong><\/span><\/p>\n<p style=\"text-align: left;\"><span style=\"color: #000080;\">Synagoga im. No\u017cyk\u00f3w to nie tylko centralne miejsce dla spo\u0142eczno\u015bci \u017cydowskiej, ale tak\u017ce wspania\u0142e wn\u0119trze, w kt\u00f3rym koncerty brzmi\u0105 wyj\u0105tkowo \u2013 m\u00f3wi Miron Zajfert, odpowiedzialny za repertuar koncert\u00f3w. \u2013 Oba wieczory b\u0119d\u0105 t\u0119tni\u0107 muzyk\u0105 inspirowan\u0105 tradycyjnymi, ale nieoczywistymi melodiami \u017cydowskimi. Muzyk\u0105 bli\u017csz\u0105 jazzowi ni\u017c \u201eSkrzypkowi na dachu\u201d. To po prostu trzeba us\u0142ysze\u0107!<\/span><\/p>\n<p style=\"text-align: left;\"><span style=\"color: #000080;\">W sobot\u0119 29 listopada na scenie pojawi si\u0119 zesp\u00f3\u0142 Shofar, \u0142\u0105cz\u0105cy muzyk\u0119 chasydzk\u0105 z free jazzem. Natomiast dzie\u0144 p\u00f3\u017aniej \u2013 30 listopada 2014 r. \u2013 us\u0142yszymy grup\u0119 Strobilo, kt\u00f3rej muzycy przybli\u017c\u0105 kultur\u0119 afryka\u0144skich \u017byd\u00f3w.<\/span><\/p>\n<p style=\"text-align: left;\"><span style=\"color: #000080;\">Oba koncerty rozpoczynaj\u0105 si\u0119 o godz. 19.00. Bilety w cenie 15 z\u0142 mo\u017cna zamawia\u0107 do czwartku (27.11.2014 r.) w godzinach 11.00\u201318.00 w Biurze Komunikacji Spo\u0142ecznej Gminy Wyznaniowej \u017bydowskiej przy ul. Twardej 6 oraz w synagodze przed koncertami<\/span>.<\/p>\n<hr style=\"height: 15px; background: #d0e6fa; width: 710px;\" \/>\n<div id=\"content\" class=\"  content-alignment&lt;br \/&gt;&lt;br \/&gt; \">\n<div id=\"watch-description\" class=\"yt-uix-button-panel\">\n<div id=\"watch-description-text\">\n<p style=\"text-align: center;\"><span style=\"color: #808080;\"> twoje uwagi, linki, wlasne artykuly, lub wiadomosci przeslij do: <strong><span style=\"text-decoration: underline;\"><span style=\"color: #808080; text-decoration: underline;\"><a href=\"mailto:webmaster@reunion68.com\">webmaster@reunion68.com<\/a><\/span><\/span><\/strong><\/span><\/p>\n<\/div>\n<\/div>\n<\/div>\n<p>&nbsp;<\/p>\n<hr style=\"width: 710px;\" \/>\n","protected":false},"excerpt":{"rendered":"<p>\u017bydowskie Granie w Warszawie Maciej Zdziech 29 i 30 listopada 2014 r. w synagodze im. No\u017cyk\u00f3w w Warszawie odb\u0119dzie si\u0119 trzecia edycja \u201e\u017bydowskiego Grania\u201d \u2013 koncert\u00f3w, w kt\u00f3rych tradycyjne brzemienia przeplataj\u0105 si\u0119 z nowoczesnymi. Synagoga im. No\u017cyk\u00f3w to nie tylko centralne miejsce dla spo\u0142eczno\u015bci \u017cydowskiej, ale tak\u017ce wspania\u0142e wn\u0119trze, w kt\u00f3rym koncerty brzmi\u0105 wyj\u0105tkowo \u2013 [&hellip;]<\/p>\n","protected":false},"author":1,"featured_media":0,"comment_status":"closed","ping_status":"closed","sticky":false,"template":"","format":"standard","meta":[],"categories":[4],"tags":[24],"_links":{"self":[{"href":"https:\/\/www.reunion68.se\/index.php?rest_route=\/wp\/v2\/posts\/9542"}],"collection":[{"href":"https:\/\/www.reunion68.se\/index.php?rest_route=\/wp\/v2\/posts"}],"about":[{"href":"https:\/\/www.reunion68.se\/index.php?rest_route=\/wp\/v2\/types\/post"}],"author":[{"embeddable":true,"href":"https:\/\/www.reunion68.se\/index.php?rest_route=\/wp\/v2\/users\/1"}],"replies":[{"embeddable":true,"href":"https:\/\/www.reunion68.se\/index.php?rest_route=%2Fwp%2Fv2%2Fcomments&post=9542"}],"version-history":[{"count":12,"href":"https:\/\/www.reunion68.se\/index.php?rest_route=\/wp\/v2\/posts\/9542\/revisions"}],"predecessor-version":[{"id":9544,"href":"https:\/\/www.reunion68.se\/index.php?rest_route=\/wp\/v2\/posts\/9542\/revisions\/9544"}],"wp:attachment":[{"href":"https:\/\/www.reunion68.se\/index.php?rest_route=%2Fwp%2Fv2%2Fmedia&parent=9542"}],"wp:term":[{"taxonomy":"category","embeddable":true,"href":"https:\/\/www.reunion68.se\/index.php?rest_route=%2Fwp%2Fv2%2Fcategories&post=9542"},{"taxonomy":"post_tag","embeddable":true,"href":"https:\/\/www.reunion68.se\/index.php?rest_route=%2Fwp%2Fv2%2Ftags&post=9542"}],"curies":[{"name":"wp","href":"https:\/\/api.w.org\/{rel}","templated":true}]}}