{"id":95509,"date":"2022-06-10T17:09:31","date_gmt":"2022-06-10T15:09:31","guid":{"rendered":"http:\/\/www.reunion68.se\/?p=95509"},"modified":"2022-06-10T17:17:43","modified_gmt":"2022-06-10T15:17:43","slug":"31-00-36","status":"publish","type":"post","link":"https:\/\/www.reunion68.se\/?p=95509","title":{"rendered":"Dlaczego papie\u017c nie pot\u0119pia Putina?"},"content":{"rendered":"<h5 style=\"text-align: center;\"><a href=\"https:\/\/studioopinii.pl\/\" target=\"_blank\" rel=\"noopener noreferrer\"><img decoding=\"async\" class=\"center alignleft\" src=\"http:\/\/www.reunion68.com\/Biuletyn\/img\/studio.png\" alt=\"\" width=\"35%\"><\/a><span style=\"text-decoration: underline; color: #000080;\"><strong><a style=\"color: #000080; text-decoration: underline;\" href=\"https:\/\/studioopinii.pl\/archiwa\/221093\" target=\"_blank\" rel=\"noopener noreferrer\">Dlaczego papie\u017c nie pot\u0119pia Putina?<\/a><\/strong><\/span><\/h5>\n<p style=\"text-align: center;\"><span style=\"color: #000000;\"><strong>Krzysztof Serafi\u0144ski<\/strong><\/span><\/p>\n<hr style=\"height: 15px; background: #d0e6fa; width: 100%;\">\n<p style=\"text-align: center;\"><img decoding=\"async\" class=\"aligncenter\" src=\"https:\/\/studioopinii.pl\/wp-content\/uploads\/2022\/05\/Fot.-Jeffrey-Bruno-CC-BY-SA-2.0.-800x600-1-650x488.jpg\" width=\"100%\"><span style=\"color: #808080;\"><em>Fot. Jeffrey Bruno (CC BY-SA 2.0).<\/em><\/span><\/p>\n<h4 style=\"text-align: left;\"><span style=\"color: #808080;\"><strong>Dla wielu ludzi zaskoczeniem jest prorosyjska postawa Ko\u015bcio\u0142a Katolickiego, kt\u00f3ry stara si\u0119 broni\u0107 Putina. Dziwi\u0107 si\u0119 jednak b\u0119d\u0105 tylko ci, kt\u00f3rzy uwierzyli w naiwn\u0105 narracj\u0119 o Ko\u015bciele, kt\u00f3ry broni \u017cycia i moralno\u015bci. Zar\u00f3wno historia, jak i wsp\u00f3\u0142czesna praktyka pokazuj\u0105, dlaczego Ko\u015bci\u00f3\u0142 jest prorosyjski i dlaczego ludob\u00f3jstwo nie jest dla niego problemem.<\/strong><\/span><\/h4>\n<p style=\"text-align: left;\"><span style=\"color: #000080;\">.<\/span><\/p>\n<p style=\"text-align: left;\"><span style=\"color: #000080;\">Od pocz\u0105tku rosyjskiej inwazji na Ukrain\u0119, papie\u017c unika nazwania Putina agresorem, zr\u00f3wnuje cierpienie rosyjskich \u017co\u0142nierzy z cierpieniami gwa\u0142conych i zabijanych cywil\u00f3w, pot\u0119pia zbrojenie si\u0119 Ukrainy i pa\u0144stw Europy \u015arodkowej, oskar\u017ca NATO o \u201eszczekanie\u201d pod drzwiami Rosji. Wielu ludzi dziwi si\u0119, dlaczego instytucja, kt\u00f3ra ci\u0105gle kogo\u015b pot\u0119pia za jakie\u015b \u201egrzechy\u201d oraz kt\u00f3ra nieustannie m\u00f3wi o potrzebie \u201eobrony \u017cycia\u201d \u2013 tak wyra\u017anie ignoruje to, co robi\u0105 wojska rosyjskie na terenie Ukrainy. Ze strony Ko\u015bcio\u0142a i katolickich medi\u00f3w \u2013 tak\u017ce w Polsce \u2013 p\u0142yn\u0105 usprawiedliwienia dla takiej postawy. S\u0105 one jednak sprzeczne z tym, co Ko\u015bci\u00f3\u0142 robi w innych podobnych przypadkach.<\/span><\/p>\n<p style=\"text-align: left;\"><span style=\"color: #000080;\">Obro\u0144cy Ko\u015bcio\u0142a Katolickiego m\u00f3wi\u0105 na&nbsp;przyk\u0142ad, \u017ce&nbsp;papie\u017c nie&nbsp;musi pot\u0119pia\u0107 Putina, ani wydawa\u0107 apeli, bo&nbsp;i&nbsp;tak&nbsp;by&nbsp;to&nbsp;nic nie&nbsp;da\u0142o. Ale&nbsp;nic nie&nbsp;da te\u017c pot\u0119pianie zgwa\u0142conych kobiet, kt\u00f3re chc\u0105 dokona\u0107 aborcji, albo&nbsp;apele do&nbsp;niekatolik\u00f3w \u2013 by&nbsp;ci&nbsp;nie&nbsp;wchodzili w&nbsp;zwi\u0105zki, bo&nbsp;ma\u0142\u017ce\u0144stwo i&nbsp;rodzinna maj\u0105 by\u0107 zarezerwowane tylko&nbsp;dla katolik\u00f3w.&nbsp;<strong>Ko\u015bci\u00f3\u0142 jednak to&nbsp;ci\u0105gle robi.<\/strong><\/span><\/p>\n<p style=\"text-align: left;\"><span style=\"color: #000080;\">Obro\u0144cy Ko\u015bcio\u0142a Katolickiego m\u00f3wi\u0105, \u017ce&nbsp;pot\u0119pienie Putina mog\u0142oby skutkowa\u0107 jakim\u015b rewan\u017cem, w&nbsp;postaci uprzykrzania \u017cycia Ko\u015bcio\u0142owi i&nbsp;katolikom w&nbsp;Rosji. Ale&nbsp;przecie\u017c katolicka mowa nienawi\u015bci wymierzona w&nbsp;ludzi o&nbsp;pogl\u0105dach liberalnych, w&nbsp;ateist\u00f3w, czy&nbsp;w&nbsp;osoby o&nbsp;innej orientacji seksualnej, tak&nbsp;samo, jak i&nbsp;chronienie ksi\u0119\u017cy pedofil\u00f3w \u2013 r\u00f3wnie\u017c skutkuje coraz cz\u0119stszymi i&nbsp;radykalniejszymi atakami na&nbsp;Ko\u015bci\u00f3\u0142, jego symbole i&nbsp;jego przedstawicieli. Tutaj jednak Ko\u015bci\u00f3\u0142 nie&nbsp;boi si\u0119 konsekwencji i&nbsp;od&nbsp;swoich dzia\u0142a\u0144 nie&nbsp;odst\u0119puje.<\/span><\/p>\n<p style=\"text-align: left;\"><span style=\"color: #000080;\"><strong>Takie pokr\u0119tne usprawiedliwienia to&nbsp;nic nowego<\/strong>. Mo\u017cna spotka\u0107 je&nbsp;r\u00f3wnie\u017c w&nbsp;bronieniu Ko\u015bcio\u0142a przed&nbsp;zarzutami o&nbsp;wsp\u00f3\u0142prac\u0119 z&nbsp;Trzeci\u0105 Rzesz\u0105. Tam te\u017c papie\u017c niby chcia\u0142 pot\u0119pi\u0107 ludob\u00f3jstwo, ale&nbsp;si\u0119 ba\u0142. Ale&nbsp;skoro chcia\u0142 przeciwstawi\u0107 si\u0119 nazizmowi, to&nbsp;dlaczego wszystkie pa\u0144stwa katolickie tamtego kresu (np.&nbsp;Chorwacja, W\u0142ochy, S\u0142owacja) sta\u0142y po&nbsp;stronie Trzeciej Rzeszy? Dlaczego po&nbsp;zako\u0144czeniu wojny \u2013 Ko\u015bci\u00f3\u0142 pomaga\u0142 nazistowskim zbrodniarzom ucieka\u0107 do&nbsp;Ameryki Po\u0142udniowej? Tego rodzaju niekonsekwencja pojawiaj\u0105ca przy obronie Ko\u015bcio\u0142a w&nbsp;kontek\u015bcie dzia\u0142a\u0144 Rosji czy&nbsp;innych zbrodni dowodzi, \u017ce&nbsp;katolickie usprawiedliwienia s\u0105&nbsp;wyg\u0142aszane dla pozoru \u2013 tylko&nbsp;po&nbsp;to, by&nbsp;uspokoi\u0107 nastroje i&nbsp;wyciszy\u0107 g\u0142os spo\u0142ecznej krytyki. Ko\u015bcio\u0142a Katolickiego tak&nbsp;naprawd\u0119 nie&nbsp;obchodzi cierpienie i&nbsp;\u017cycie ludzkie.&nbsp;<strong>Watykan patrzy tylko&nbsp;na&nbsp;swoje interesy, a&nbsp;\u017ce&nbsp;Rosja ma&nbsp;tu&nbsp;du\u017co do&nbsp;zaoferowania, Ko\u015bci\u00f3\u0142 by\u0142 i&nbsp;jest prorosyjski<\/strong>.<\/span><\/p>\n<p style=\"text-align: left;\"><span style=\"color: #000080;\">Wida\u0107 to&nbsp;by\u0142o dobrze w&nbsp;czasach zabor\u00f3w Polski. Sytuacj\u0119 t\u0119&nbsp;opisuje na&nbsp;przyk\u0142ad Norman Davies w&nbsp;ksi\u0105\u017cce Bo\u017ce igrzysko. Historia Polski (Wydawnictwo Znak, Krak\u00f3w 2008, strona 695).<\/span><\/p>\n<blockquote class=\"wp-block-quote is-style-default\"><p><strong>Klemens XIV otwarcie wyrazi\u0142 zadowolenie z&nbsp;pierwszego rozbioru, twierdz\u0105c, \u017ce&nbsp;\u201eapostolska cesarzowa\u201d Maria Teresa b\u0119dzie mog\u0142a od&nbsp;tego czasu skuteczniej broni\u0107 interes\u00f3w Ko\u015bcio\u0142a. W&nbsp;1792 r. Pius VI pob\u0142ogos\u0142awi\u0142 wysi\u0142ki konfederacji targowickiej w&nbsp;kierunku \u201ezapewnienia spokoju i&nbsp;szcz\u0119\u015bcia Rzeczypospolitej\u201d. W&nbsp;1793 r. odrzuci\u0142 apele polskiego ambasadora o&nbsp;pomoc przeciwko Rosji, w&nbsp;r. 1795 za\u015b, przera\u017cony konfiskat\u0105 ko\u015bcielnych sreber i&nbsp;samos\u0105dem, jakiego wobec pra\u0142at\u00f3w dopu\u015bci\u0142 si\u0119 warszawski t\u0142um, wyda\u0142 hierarchii ko\u015bcielnej polecenie pe\u0142nej wsp\u00f3\u0142pracy z&nbsp;mocarstwami rozbiorowymi. W&nbsp;1832 r. papie\u017c Grzegorz XVI pot\u0119pi\u0142 powstanie listopadowe s\u0142owami, kt\u00f3re potem trudno by\u0142o mu&nbsp;odwo\u0142a\u0107. \u201eTe straszliwe nieszcz\u0119\u015bcia\u201d, pisa\u0142 w&nbsp;encyklice do&nbsp;biskup\u00f3w polskich, \u201eznajduj\u0105 swe jedyne \u017ar\u00f3d\u0142o w&nbsp;machinacjach siewc\u00f3w fa\u0142szu i&nbsp;k\u0142amstwa, kt\u00f3rzy&nbsp;u\u017cywaj\u0105 religii jako pretekstu, aby podnosi\u0107 g\u0142ow\u0119 przeciwko u\u015bwi\u0119conej prawem w\u0142adzy ksi\u0105\u017c\u0105t\u201d.<\/strong><\/p><\/blockquote>\n<p style=\"text-align: left;\"><span style=\"color: #000080;\">Korzy\u015bci z&nbsp;uk\u0142adania si\u0119 Ko\u015bcio\u0142a z&nbsp;Kremlem s\u0105&nbsp;obustronne. Rosyjskie w\u0142adze lubi\u0105 pos\u0142ugiwa\u0107 si\u0119 radykalnymi ideologiami, do&nbsp;siania zam\u0119tu w&nbsp;innych krajach. Katolicyzm tymczasem nie&nbsp;przewiduje pokojowej koegzystencji z&nbsp;innymi lud\u017ami. Zak\u0142ada, \u017ce&nbsp;pa\u0144stwo ma&nbsp;by\u0107 katolickie \u2013 a&nbsp;wi\u0119c&nbsp;nie&nbsp;mo\u017ce by\u0107 w&nbsp;nim miejsca dla tych, kt\u00f3rzy&nbsp;katolikami nie&nbsp;s\u0105. Odmawia wi\u0119c&nbsp;im&nbsp;wolno\u015bci s\u0142owa, wolno\u015bci wyznania, prawa do&nbsp;pracy, domu, zawierania ma\u0142\u017ce\u0144stw i&nbsp;posiadania rodziny \u2013 a&nbsp;ostatecznie i&nbsp;prawa do&nbsp;\u017cycia.&nbsp;<strong>Z&nbsp;katolicyzmem nie&nbsp;da si\u0119 pertraktowa\u0107 o&nbsp;wzajemnym poszanowaniu.<\/strong>&nbsp;Nie&nbsp;da si\u0119 z&nbsp;katolikami podzieli\u0107 pokojowo wsp\u00f3ln\u0105 przestrzeni\u0105. Sprawa jest tu&nbsp;postawiona jasno \u2013 albo&nbsp;my, albo&nbsp;wy. Katolicyzm \u2013 jak pokazuje zreszt\u0105 nowsza historia pa\u0144stw takich jak Hiszpania \u2013 zmusza tym samym obydwie strony do&nbsp;walki, prowadz\u0105c do&nbsp;wojen domowych. Pa\u0144stwo wewn\u0119trznie skonfliktowane to&nbsp;za\u015b pa\u0144stwo s\u0142abe. Co&nbsp;wi\u0119cej \u2013 to&nbsp;pa\u0144stwo, do&nbsp;kt\u00f3rego&nbsp;mo\u017cna wkroczy\u0107 z&nbsp;\u201epokojow\u0105 interwencj\u0105\u201d.<\/span><\/p>\n<p style=\"text-align: left;\"><span style=\"color: #000080;\"><strong>Nie&nbsp;powinna wiec dziwi\u0107 wsp\u00f3\u0142praca Kremla z&nbsp;r\u00f3\u017cnymi katolickimi organizacjami \u2013 w&nbsp;tym formacjami politycznymi<\/strong>. Liczne przyk\u0142ady takich powi\u0105za\u0144 wykazuje chocia\u017cby Tomasz Pi\u0105tek \u2013 kt\u00f3rego&nbsp;wyst\u0105pienia mo\u017cna zobaczy\u0107 za&nbsp;darmo na&nbsp;YouTube (np.&nbsp;wywiad z&nbsp;Tomaszem Sekielskim \u2013&nbsp;<em>Tajemnice Tadeusza Rydzyka<\/em>). Wsp\u00f3\u0142praca polega nie&nbsp;tylko&nbsp;na&nbsp;transferach finansowych, czy&nbsp;wsp\u00f3lnych kontaktach biznesowych, ale&nbsp;i&nbsp;prowadzeniu sp\u00f3jnej co&nbsp;do&nbsp;efekt\u00f3w propagandy. Przyk\u0142adem mo\u017ce by\u0107 tu&nbsp;w\u0142a\u015bnie narracja na&nbsp;temat Ukrai\u0144c\u00f3w.&nbsp;<strong>Od&nbsp;lat strona katolicka forsuje retoryk\u0119, uto\u017csamiaj\u0105c\u0105 wszystkich Ukrai\u0144c\u00f3w z&nbsp;komunistami lub obci\u0105\u017caj\u0105c\u0105 ich kolektywnie za&nbsp;zbrodnie UPA.<\/strong>&nbsp;Obydwie te&nbsp;narracje s\u0105&nbsp;nawzajem sprzeczne co&nbsp;do&nbsp;zawarto\u015bci merytorycznej \u2013 bo&nbsp;<strong>UPA by\u0142a antykomunistyczna.<\/strong>&nbsp;S\u0105&nbsp;jednak sp\u00f3jne co&nbsp;cel\u00f3w \u2013 czyli negatywnego, kolektywnego napi\u0119tnowania. Regularnym no\u015bnikiem takiej propagandy jest cho\u0107by kult \u201e\u017co\u0142nierzy wykl\u0119tych\u201d \u2013 czyli NSZ i&nbsp;NZW, w&nbsp;ramach kt\u00f3rego&nbsp;m.in.&nbsp;zbrodnia na&nbsp;ludno\u015bci ukrai\u0144skiego pochodzenia w&nbsp;Wierzchowinach, przedstawiana jest jako \u201ewalka z&nbsp;komunizmem\u201d. Tak\u0105 sam\u0105 retoryk\u0105 pos\u0142uguje si\u0119 Putin \u2013 kolektywnie uto\u017csamiaj\u0105cy wszystkich Ukrai\u0144c\u00f3w z&nbsp;nazistami.<\/span><\/p>\n<p style=\"text-align: left;\"><span style=\"color: #000080;\">Liczne podobie\u0144stwa w&nbsp;podej\u015bciu Watykanu i&nbsp;Kremla wynikaj\u0105 ze&nbsp;wsp\u00f3lnych podstaw kulturowych. Wbrew naukom Ko\u015bcio\u0142a i&nbsp;teoriom ludzi takich jak Feliks Konieczny \u2013 nie&nbsp;wynikaj\u0105 one z&nbsp;cywilizacji \u0142aci\u0144skiej, a&nbsp;bizantyjskiej. To&nbsp;w&nbsp;tym kr\u0119gu kulturowym powsta\u0142 Ko\u015bci\u00f3\u0142 \u2013 co&nbsp;dok\u0142adnie mia\u0142o miejsce w&nbsp;325 roku w&nbsp;Nicei, na&nbsp;terenie dzisiejszej Turcji (dzi\u015b to&nbsp;miasto nazywa si\u0119 Iznik).&nbsp;<strong>To&nbsp;cechy tej&nbsp;cywilizacji (wyszczeg\u00f3lnione zreszt\u0105 przez&nbsp;Koniecznego) ma&nbsp;katolicyzm \u2013 w&nbsp;kt\u00f3rym&nbsp;przejawia si\u0119 silny biurokratyzm, kolektywistyczne podej\u015bcie do&nbsp;ludzi, czy&nbsp;zami\u0142owanie do&nbsp;przesadnego przepychu.<\/strong>&nbsp;To&nbsp;st\u0105d r\u00f3wnie\u017c sp\u00f3jny g\u0142os Ko\u015bcio\u0142a i&nbsp;Kremla, pot\u0119piaj\u0105cy \u201ezepsute\u201d pa\u0144stwa zachodnie, czy&nbsp;postuluj\u0105cy podej\u015bcie wymagaj\u0105ce uwielbienia dla w\u0142adz \u2013 niezale\u017cnie od&nbsp;tego, jak te&nbsp;w\u0142adze traktuj\u0105 spo\u0142ecze\u0144stwo.<\/span><\/p>\n<h5 style=\"text-align: left;\"><strong>Watykan wi\u0119c&nbsp;nie&nbsp;pot\u0119pi Rosji.<\/strong><\/h5>\n<p style=\"text-align: left;\"><span style=\"color: #000080;\">Dla Ko\u015bcio\u0142a najwa\u017cniejszy jest pieni\u0105dz \u2013 a&nbsp;Rosja ma&nbsp;do&nbsp;zaoferowania tego pieni\u0105dza wi\u0119cej ni\u017c Polska, czy&nbsp;Ukraina. Manipulacj\u0105 jest wskazywanie przy tym jakich\u015b oddolnych akcji ko\u015bcielnej \u201epomocy\u201d dla Ukrainy.&nbsp;<strong>S\u0105&nbsp;to&nbsp;akcje maj\u0105ce poprawi\u0107 wizerunek Ko\u015bcio\u0142a, a&nbsp;nie&nbsp;pom\u00f3c Ukrainie.<\/strong>&nbsp;<strong>Watykan m\u00f3g\u0142by zrobi\u0107 tu&nbsp;znacznie wi\u0119cej \u2013 ale&nbsp;nie&nbsp;chce.&nbsp;<\/strong>Akcje takie organizowane s\u0105&nbsp;przy tym za&nbsp;pieni\u0105dze zewn\u0119trznych darczy\u0144c\u00f3w, a&nbsp;nie&nbsp;pieni\u0105dze Ko\u015bcio\u0142a.<\/span><\/p>\n<p class=\"has-custom-font has-custom-weight has-custom-lineheight\" style=\"text-align: left;\"><span style=\"color: #000080;\">Na&nbsp;dodatek cz\u0119\u015b\u0107 takich inicjatyw stanowi np.&nbsp;wysy\u0142anie r\u00f3\u017ca\u0144c\u00f3w, czy&nbsp;wizerunk\u00f3w katolickich \u015bwi\u0119tych \u2013 co&nbsp;ludziom w&nbsp;\u017caden spos\u00f3b nie&nbsp;pomaga, a&nbsp;jest wy\u0142\u0105cznie promocj\u0105 produkt\u00f3w kulturowych Ko\u015bcio\u0142a Katolickiego.<\/span><\/p>\n<hr style=\"height: 15px; background: #d0e6fa; width: 100%;\">\n<div id=\"content\" class=\"content-alignment\">\n<div id=\"watch-description\" class=\"yt-uix-button-panel\">\n<div id=\"watch-description-text\" style=\"text-align: center;\">\n<p><em>Zawarto\u015b\u0107 publikowanych artyku\u0142\u00f3w i materia\u0142\u00f3w nie reprezentuje pogl\u0105d\u00f3w ani opinii Reunion&#8217;68,<\/em><em><br \/>\nani te\u017c webmastera Blogu Reunion&#8217;68, chyba ze jest to wyra\u017anie zaznaczone.<br \/>\nTwoje uwagi, linki, w\u0142asne artyku\u0142y lub wiadomo\u015bci prze\u015blij na adres:<br \/>\n<\/em><span style=\"color: #000080;\"><strong><em><a style=\"color: #000080;\" href=\"mailto:webmaster@reunion68.com\"><span style=\"text-decoration: underline;\">webmaster@reunion68.com<\/span><\/a><\/em><\/strong><\/span><\/p>\n<\/div>\n<\/div>\n<\/div>\n<hr style=\"width: 100%;\">\n","protected":false},"excerpt":{"rendered":"<p>Dlaczego papie\u017c nie pot\u0119pia Putina? Krzysztof Serafi\u0144ski Fot. Jeffrey Bruno (CC BY-SA 2.0). Dla wielu ludzi zaskoczeniem jest prorosyjska postawa Ko\u015bcio\u0142a Katolickiego, kt\u00f3ry stara si\u0119 broni\u0107 Putina. Dziwi\u0107 si\u0119 jednak b\u0119d\u0105 tylko ci, kt\u00f3rzy uwierzyli w naiwn\u0105 narracj\u0119 o Ko\u015bciele, kt\u00f3ry broni \u017cycia i moralno\u015bci. Zar\u00f3wno historia, jak i wsp\u00f3\u0142czesna praktyka pokazuj\u0105, dlaczego Ko\u015bci\u00f3\u0142 jest [&hellip;]<\/p>\n","protected":false},"author":1,"featured_media":0,"comment_status":"closed","ping_status":"closed","sticky":false,"template":"","format":"standard","meta":[],"categories":[6],"tags":[26,24],"_links":{"self":[{"href":"https:\/\/www.reunion68.se\/index.php?rest_route=\/wp\/v2\/posts\/95509"}],"collection":[{"href":"https:\/\/www.reunion68.se\/index.php?rest_route=\/wp\/v2\/posts"}],"about":[{"href":"https:\/\/www.reunion68.se\/index.php?rest_route=\/wp\/v2\/types\/post"}],"author":[{"embeddable":true,"href":"https:\/\/www.reunion68.se\/index.php?rest_route=\/wp\/v2\/users\/1"}],"replies":[{"embeddable":true,"href":"https:\/\/www.reunion68.se\/index.php?rest_route=%2Fwp%2Fv2%2Fcomments&post=95509"}],"version-history":[{"count":9,"href":"https:\/\/www.reunion68.se\/index.php?rest_route=\/wp\/v2\/posts\/95509\/revisions"}],"predecessor-version":[{"id":95955,"href":"https:\/\/www.reunion68.se\/index.php?rest_route=\/wp\/v2\/posts\/95509\/revisions\/95955"}],"wp:attachment":[{"href":"https:\/\/www.reunion68.se\/index.php?rest_route=%2Fwp%2Fv2%2Fmedia&parent=95509"}],"wp:term":[{"taxonomy":"category","embeddable":true,"href":"https:\/\/www.reunion68.se\/index.php?rest_route=%2Fwp%2Fv2%2Fcategories&post=95509"},{"taxonomy":"post_tag","embeddable":true,"href":"https:\/\/www.reunion68.se\/index.php?rest_route=%2Fwp%2Fv2%2Ftags&post=95509"}],"curies":[{"name":"wp","href":"https:\/\/api.w.org\/{rel}","templated":true}]}}