{"id":95549,"date":"2022-06-20T17:09:24","date_gmt":"2022-06-20T15:09:24","guid":{"rendered":"http:\/\/www.reunion68.se\/?p=95549"},"modified":"2022-06-11T16:24:38","modified_gmt":"2022-06-11T14:24:38","slug":"02-09-71","status":"publish","type":"post","link":"https:\/\/www.reunion68.se\/?p=95549","title":{"rendered":"Zaginiony \u015bwiat \u2013 polskie kino jidysz"},"content":{"rendered":"<h5 style=\"text-align: center;\"><a href=\"https:\/\/culture.pl\/\" target=\"_blank\" rel=\"noopener noreferrer\"><img decoding=\"async\" class=\"center alignleft\" src=\"http:\/\/www.reunion68.com\/Biuletyn\/img\/culture.png\" alt=\"\" width=\"35%\"><\/a><span style=\"text-decoration: underline; color: #000080;\"><strong><a style=\"color: #000080; text-decoration: underline;\" href=\"https:\/\/culture.pl\/pl\/artykul\/zaginiony-swiat-polskie-kino-jidysz\" target=\"_blank\" rel=\"noopener noreferrer\">Zaginiony \u015bwiat \u2013 polskie kino jidysz<\/a><\/strong><\/span><\/h5>\n<p style=\"text-align: center;\"><span style=\"color: #000000;\"><strong>Bartosz Staszczyszyn<\/strong><\/span><\/p>\n<hr style=\"height: 15px; background: #d0e6fa; width: 100%;\">\n<p><img decoding=\"async\" class=\"aligncenter\" title=\"Zaginiony \u015bwiat \u2013 polskie kino jidysz\" src=\"https:\/\/api.culture.pl\/sites\/default\/files\/styles\/1920_auto\/public\/images\/imported\/film\/kino%20foty%20ogolne%20ilustracje\/ZYDOWSKIE_KINO\/dybuk_film_i_zaproszenie.jpg?itok=myD0olDS\" alt=\"Zaginiony \u015bwiat \u2013 polskie kino jidysz\" width=\"100%\" data-src=\"https:\/\/api.culture.pl\/sites\/default\/files\/styles\/1920_auto\/public\/images\/imported\/film\/kino%20foty%20ogolne%20ilustracje\/ZYDOWSKIE_KINO\/dybuk_film_i_zaproszenie.jpg?itok=myD0olDS\"><\/p>\n<div class=\"description\" style=\"text-align: center;\">\n<p style=\"text-align: center;\"><span style=\"color: #808080;\"><em>Plakat filmu &#8220;Dybuk&#8221;, na zdj\u0119ciu Lili Liliana (w bieli) w filmu &#8220;Dybuk&#8221;, re\u017cyseria: Micha\u0142 Waszy\u0144ski, 1937, fot. Filmoteka Narodowa\/www.fototeka.fn.org.pl<\/em><\/span><\/p>\n<p style=\"text-align: left;\"><span style=\"color: #000080;\">Tworzyli melodramaty, musicale i opowie\u015bci o duchach. Zapraszali do Polski najwi\u0119ksze gwiazdy kina jidysz, a ich filmy pokazywano na ca\u0142ym \u015bwiecie. Filmy \u017cydowskich tw\u00f3rc\u00f3w, kt\u00f3rzy w okresie mi\u0119dzywojennym stworzyli polskie kino, to wyprawa do \u015bwiata, kt\u00f3rego ju\u017c nie ma.<\/span><\/p>\n<p style=\"text-align: left;\"><span style=\"color: #000080;\">Spo\u015br\u00f3d 170 film\u00f3w \u017cydowskich wyprodukowanych na \u015bwiecie mi\u0119dzy 1910 a 1950 rokiem, a\u017c 70 powsta\u0142o w Polsce. Obok Stan\u00f3w Zjednoczonych i Zwi\u0105zku Radzieckiego Polska by\u0142a przed wojn\u0105 g\u0142\u00f3wnym o\u015brodkiem kultury jidysz na \u015bwiecie. Trzymilionowa spo\u0142eczno\u015b\u0107 polskich \u017byd\u00f3w mimo problem\u00f3w ekonomicznych i coraz trudniejszej sytuacji politycznej (nasilaj\u0105cy si\u0119 antysemityzm) stworzy\u0142a w okresie mi\u0119dzywojennym oryginalne \u017cydowskie kino.<\/span><\/p>\n<p style=\"text-align: left;\"><span style=\"color: #000080;\">W pierwszych dekadach X muzy polski przemys\u0142 filmowy znajdowa\u0142 si\u0119 niemal ca\u0142kowicie w r\u0119kach \u017cydowskich. Producenci \u2013 J\u00f3zef Green, Leo Forbert i bracia Ginzburg \u2013 to postaci, bez kt\u00f3rych trudno sobie wyobrazi\u0107 pocz\u0105tki polskiego kina. Ze \u015brodowiska \u017cydowskiego wywodzili si\u0119 tak\u017ce najbardziej cenieni re\u017cyserzy , operatorzy i aktorzy: Micha\u0142 Waszy\u0144ski (Mosze Waksberg), Aleksander Ford (Mosze Lifszyc), J\u00f3zef Lejtes, Konrad Tom, czy Henryk Szaro (Szapiro). Wed\u0142ug Natana Grossa, autora &#8220;Filmu \u017cydowskiego w Polsce&#8221;, w\u0142a\u015bnie &#8220;tym mo\u017cna wyt\u0142umaczy\u0107 fakt, \u017ce w ci\u0105gu dwudziestolecia mi\u0119dzywojennego nie wyprodukowano w Polsce ani jednego filmu o charakterze antysemickim&#8221;. Polscy \u017bydzi, kt\u00f3rzy wyemigrowali do Stan\u00f3w Zjednoczonych, tworzyli tak\u017ce pot\u0119g\u0119 Hollywood. Bracia Hirsz, Aaron, Szmuel i Izaak Wonsal spod mazowieckiej Ostro\u0142\u0119ki, po przeprowadzce do USA za\u0142o\u017cyli wytw\u00f3rni\u0119 Warner Bros, kt\u00f3ra do dzi\u015b pozostaje jedn\u0105 z najwi\u0119kszych na \u015bwiecie.<\/span><\/p>\n<h5 style=\"text-align: left;\"><strong>Jakub Gordin \u2013 Midas \u017cydowskiego dramatu<\/strong><\/h5>\n<div class=\"image-space field ll-loaded\" style=\"text-align: center;\"><img decoding=\"async\" class=\"aligncenter\" src=\"https:\/\/api.culture.pl\/sites\/default\/files\/images\/imported\/film\/kino%20foty%20ogolne%20ilustracje\/ZYDOWSKIE_KINO\/jacob_gordin_2.jpg\" alt=\"Jakub Gordin, fot. The Granger Collection, New York \/ Forum\" width=\"100%\" data-src=\"https:\/\/api.culture.pl\/sites\/default\/files\/images\/imported\/film\/kino%20foty%20ogolne%20ilustracje\/ZYDOWSKIE_KINO\/jacob_gordin_2.jpg\" data-vue-img-src=\"https:\/\/api.culture.pl\/sites\/default\/files\/images\/imported\/film\/kino%20foty%20ogolne%20ilustracje\/ZYDOWSKIE_KINO\/jacob_gordin_2.jpg\" data-vue-img-group=\"paragraphs\"><span style=\"color: #808080;\"><em>Jakub&nbsp;Gordin, fot.&nbsp;The Granger Collection, New York \/ Forum<\/em><\/span><\/p>\n<p style=\"text-align: left;\"><span style=\"color: #000080;\">Na pocz\u0105tku XX wieku raczkuj\u0105ce kino nie wykszta\u0142ci\u0142o jeszcze w Polsce odpowiednich kadr: re\u017cyser\u00f3w, operator\u00f3w, ani scenarzyst\u00f3w. Dlatego ch\u0119tnie si\u0119ga\u0142o po uznanych teatralnych dramaturg\u00f3w. Najpopularniejszym z nich by\u0142 Jakub Gordin. To na jego sztuce oparty by\u0142 pierwszy \u017cydowski film zrealizowany w Polsce \u2013 dwuaktowy &#8220;Okrutny ojciec&#8221;, nakr\u0119cony w 1911 roku przez Marka Arnsztejna.<\/span><\/p>\n<p style=\"text-align: left;\"><span style=\"color: #000080;\">W swoich dramatach Gordin opowiada\u0142 o niemo\u017cliwych mi\u0142o\u015bciach rozgrywaj\u0105cych si\u0119 w scenerii ma\u0142ych \u017cydowskich miasteczek, czym znakomicie wpisywa\u0142 si\u0119 w oczekiwania filmowej publiczno\u015bci. Od 1911 do 1914 nakr\u0119cono a\u017c osiem film\u00f3w wed\u0142ug jego sztuk (ostatnia adaptacja jego dramatu &#8211; &#8220;Bezdomni&#8221; powsta\u0142a w 1939 roku). Do historii przesz\u0142o kilka z nich: &#8220;Macocha&#8221;, &#8220;B\u00f3g, cz\u0142owiek, szatan&#8221;, a zw\u0142aszcza &#8220;Mire\u0142e Efros&#8221;.<\/span><\/p>\n<h5 style=\"text-align: left;\"><strong>&#8220;Mire\u0142e Efros&#8221; \u2013 kobieta pracuj\u0105ca<\/strong><\/h5>\n<p style=\"text-align: left;\"><span style=\"color: #000080;\">&#8220;Mire\u0142e Efros&#8221; by\u0142a prawdziwym hitem kina jidysz przed pierwsz\u0105 wojn\u0105 \u015bwiatow\u0105. Film opowiada\u0142 o kobiecie, kt\u00f3ra po \u015bmierci m\u0119\u017ca dowiaduje si\u0119, \u017ce roztrwoni\u0142 on ca\u0142y maj\u0105tek. Dzi\u0119ki ci\u0119\u017ckiej pracy Mire\u0142e utrzymuje swoj\u0105 rodzin\u0119, kt\u00f3ra wci\u0105\u017c przekonana jest o wielkich pieni\u0105dzach odziedziczonych po ojcu, a zderzenie z prawd\u0105 oka\u017ce si\u0119 pr\u00f3b\u0105 dla ka\u017cdego z jej cz\u0142onk\u00f3w.<\/span><\/p>\n<p style=\"text-align: left;\"><span style=\"color: #000080;\">Historia dzielnej \u017cydowskiej kobiety napisana przez Gordina mia\u0142a dwa zako\u0144czenia \u2013 optymistyczne i tragiczne. A \u017ce wyprodukowany w 1912 roku, trwaj\u0105cy 40 minut film nie zachowa\u0142 si\u0119 do dnia dzisiejszego, nie wiadomo, kt\u00f3re z nich zosta\u0142o uwiecznione w filmowej adaptacji sztuki.<\/span><\/p>\n<h5 style=\"text-align: left;\"><strong>&#8220;Meir Ezofowicz&#8221; \u2013 \u017byd antysemita?<\/strong><\/h5>\n<p><img decoding=\"async\" class=\"aligncenter\" src=\"https:\/\/api.culture.pl\/sites\/default\/files\/images\/imported\/film\/kino%20foty%20ogolne%20ilustracje\/ZYDOWSKIE_KINO\/meir_ezofowicz_5.jpg\" alt=\"Kadr z filmu &quot;Meir Ezofowicz&quot;, re\u017cyseria: J\u00f3zef Ostoja-Sulnicki, 1911, fot. Filmoteka Narodowa\/www.fototeka.fn.org.pl\" width=\"100%\" data-src=\"https:\/\/api.culture.pl\/sites\/default\/files\/images\/imported\/film\/kino%20foty%20ogolne%20ilustracje\/ZYDOWSKIE_KINO\/meir_ezofowicz_5.jpg\" data-vue-img-src=\"https:\/\/api.culture.pl\/sites\/default\/files\/images\/imported\/film\/kino%20foty%20ogolne%20ilustracje\/ZYDOWSKIE_KINO\/meir_ezofowicz_5.jpg\" data-vue-img-group=\"paragraphs\"><\/p>\n<\/div>\n<p><span style=\"color: #808080;\"><em>Kadr z filmu &#8220;Meir Ezofowicz&#8221;, re\u017cyseria: J\u00f3zef Ostoja-Sulnicki, 1911, fot. Filmoteka Narodowa\/www.fototeka.fn.org.pl<\/em><\/span><\/p>\n<\/div>\n<div><\/div>\n<div class=\"description\" style=\"text-align: center;\">\n<p style=\"text-align: left;\"><span style=\"color: #000080;\">Drugim najpopularniejszym \u017cydowskim filmem przed I wojn\u0105 \u015bwiatow\u0105, by\u0142 &#8220;Meir Ezofowicz&#8221; J\u00f3zefa Ostoji-Sulnickiego wed\u0142ug powie\u015bci&nbsp;<a style=\"color: #000080;\" href=\"http:\/\/culture.pl\/pl\/tworca\/eliza-orzeszkowa\">Elizy Orzeszkowej<\/a>, kt\u00f3ry by\u0142 zarazem jednym z najbardziej kontrowersyjnych obraz\u00f3w swojej epoki. Opowiada\u0142 on bowiem histori\u0119 m\u0142odego m\u0119\u017cczyzny wchodz\u0105cego w konflikt ze starszyzn\u0105 z \u017cydowskiego sztetla. Gdy ch\u0142opak zakocha\u0142 si\u0119 w dziewczynie z tradycjonalistycznej sekty, jego ukochana zosta\u0142a zabita przez mieszka\u0144c\u00f3w miasteczka.<\/span><\/p>\n<p style=\"text-align: left;\"><span style=\"color: #000080;\">Taki obraz spo\u0142ecze\u0144stwa \u017cydowskiego sprawi\u0142, \u017ce re\u017cysera J\u00f3zefa Ostoj\u0119-Sulnickiego oskar\u017cano o antysemityzm. By\u0142y to zarzuty tym mocniejsze, \u017ce wcze\u015bniej zdarza\u0142o mu si\u0119 publikowa\u0107 teksty publicystyczne przeciwstawiaj\u0105ce \u017byd\u00f3w tzw. &#8220;polskich&#8221; tym, kt\u00f3rzy przybywali do Polski z g\u0142\u0119bi pa\u0144stwa carskiego, a kt\u00f3rym przypisywa\u0142 radykalny nacjonalizm.<\/span><\/p>\n<h5 style=\"text-align: left;\"><strong>Klasycy niemego jidysz<\/strong><\/h5>\n<h5><img decoding=\"async\" class=\"aligncenter\" src=\"https:\/\/api.culture.pl\/sites\/default\/files\/images\/imported\/film\/kino%20foty%20ogolne%20ilustracje\/ZYDOWSKIE_KINO\/ester_rachel_kaminska_z_corka_i_sama_kol.jpg\" alt=\"Ester Rachel Kami\u0144ska z c\u00f3rk\u0105 i Id\u0105, zdj\u0119cie oko\u0142o 1907 roku, fot. autor nieznany \/ http:\/\/www.sztetl.org.pl\" width=\"100%\" data-src=\"https:\/\/api.culture.pl\/sites\/default\/files\/images\/imported\/film\/kino%20foty%20ogolne%20ilustracje\/ZYDOWSKIE_KINO\/ester_rachel_kaminska_z_corka_i_sama_kol.jpg\" data-vue-img-src=\"https:\/\/api.culture.pl\/sites\/default\/files\/images\/imported\/film\/kino%20foty%20ogolne%20ilustracje\/ZYDOWSKIE_KINO\/ester_rachel_kaminska_z_corka_i_sama_kol.jpg\" data-vue-img-group=\"paragraphs\"><span style=\"color: #808080;\"><em><span style=\"font-size: 16px;\">Ester Rachel Kami\u0144ska z c\u00f3rk\u0105 i Id\u0105, zdj\u0119cie oko\u0142o 1907 roku, fot. autor nieznany \/ http:\/\/www.sztetl.org.pl<\/span><\/em><\/span><\/h5>\n<\/div>\n<p style=\"text-align: left;\"><span style=\"color: #000080;\">Po I wojnie \u015bwiatowej kinematografia \u017cydowska d\u0142ugo nie mog\u0142a wr\u00f3ci\u0107 do swej \u015bwietno\u015bci. Pierwszy mi\u0119dzywojenny film jidysz powsta\u0142 dopiero w 1924. By\u0142o nim &#8220;\u015alubowanie&#8221; (Tkijes kaf) w re\u017cyserii Zygmunta Turkowa. Tak\u017ce temu filmowi towarzyszy\u0142y kontrowersje.<\/span><\/p>\n<figure class=\"caption caption-drupal-entity align-left\" role=\"group\">\n<div class=\"embedded-entity\" data-embed-button=\"media_entity_image\" data-entity-embed-display=\"entity_reference:media_image\" data-entity-embed-display-settings=\"embed_image_260\" data-entity-type=\"media\" data-entity-uuid=\"cd6479b1-fe0e-4f26-889d-de8828f1a9b4\" data-langcode=\"\"><img decoding=\"async\" loading=\"lazy\" class=\"image-style-embed-image-260 alignleft\" src=\"https:\/\/api.culture.pl\/sites\/default\/files\/styles\/embed_image_260\/public\/media\/dybuk.jpg?itok=XCp9sy7t\" width=\"260\" height=\"386\" data-src=\"https:\/\/api.culture.pl\/sites\/default\/files\/styles\/embed_image_260\/public\/media\/dybuk.jpg?itok=XCp9sy7t\" data-vue-img-src=\"https:\/\/api.culture.pl\/sites\/default\/files\/styles\/embed_image_260\/public\/media\/dybuk.jpg?itok=XCp9sy7t\" data-vue-img-group=\"paragraphs\"><\/div><figcaption>&#8220;Dybuk&#8221; Szymona An-skiego, fot. materia\u0142y prasowe<\/figcaption><\/figure>\n<p style=\"text-align: left;\"><span style=\"color: #000080;\">Historia o wielkiej mi\u0142o\u015bci, z\u0142amanej obietnicy i proroku Eliaszu jako \u017cywo przypomina\u0142a t\u0119 opisan\u0105 przez Szymona An-skiego w klasycznym i bardzo w\u00f3wczas popularnym &#8220;Dybuku&#8221;. Henrykowi Bojmowi, scenarzy\u015bcie &#8220;\u015alubowania&#8221; zarzucano plagiat, ale mimo to jego film okaza\u0142 si\u0119 przebojem. G\u0142\u00f3wnie dzi\u0119ki Esterze Rachel Kami\u0144skiej, wielkiej diwie teatru i kina jidysz, kt\u00f3ra wciela\u0142a si\u0119 w rol\u0119 wdowy-przekupki.<\/span><\/p>\n<p style=\"text-align: left;\"><span style=\"color: #000080;\">W 1937 roku &#8220;\u015alubowanie&#8221; doczeka\u0142o si\u0119 nowej wersji. Henryk Szaro zrealizowa\u0142 film d\u017awi\u0119kowy wed\u0142ug tego samego scenariusza, kt\u00f3ry jednak spotka\u0142 si\u0119 z ch\u0142odnym przyj\u0119ciem. Nieustaj\u0105c\u0105 popularno\u015bci\u0105 cieszy\u0142a si\u0119 za to niema wersja obrazu \u2013 w 1932 trafi\u0142 on do Stan\u00f3w Zjednoczonych, gdzie zosta\u0142 ca\u0142kowicie przemontowany przez George\u2019a Rolanda specjalizuj\u0105cego si\u0119 w dostosowywaniu europejskich film\u00f3w do potrzeb ameryka\u0144skich \u017byd\u00f3w. W 1948 roku film Turkowa trafi\u0142 do ameryka\u0144skich kin jako &#8220;Legenda wile\u0144ska&#8221;.<\/span><\/p>\n<h5 style=\"text-align: left;\"><strong>&#8220;Jeden z 36&#8221; \u2013 \u017cydowski mistycyzm<\/strong><\/h5>\n<p style=\"text-align: left;\"><span style=\"color: #000080;\">Sukces kasowy &#8220;\u015alubowania&#8221; poci\u0105gn\u0105\u0142 za sob\u0105 produkcj\u0119 kolejnych film\u00f3w w j\u0119zyku jidysz. W 1925 roku Henryk Szaro nakr\u0119ci\u0142 &#8220;Jednego z 36&#8221; (Lamedwownik), opowie\u015b\u0107 \u0142\u0105cz\u0105c\u0105 kino historyczne z \u017cydowsk\u0105 mistyk\u0105. Akcja toczy\u0142a si\u0119 w czasie powstania styczniowego, kiedy to z\u0142y rosyjski \u017co\u0142nierz terroryzowa\u0142 mieszka\u0144c\u00f3w ma\u0142ego miasteczka, a na ratunek ciemi\u0119\u017conym przybywa\u0142 jeden z legendarnych 36 sprawiedliwych. Wed\u0142ug \u017cydowskiej legendy \u015bwiat zamieszkiwany jest bowiem przez 36 bezimiennych, kt\u00f3rzy d\u017awigaj\u0105 na swych barkach brzemi\u0119 grzech\u00f3w \u015bwiata, a gdy trzeba, po\u015bwi\u0119caj\u0105 \u017cycie, by ratowa\u0107 innych.<\/span><\/p>\n<h5 style=\"text-align: left;\"><strong>&#8220;W lasach polskich&#8221; &#8211; wbrew religijnym radyka\u0142om<\/strong><\/h5>\n<p style=\"text-align: left;\">Cztery lata p\u00f3\u017aniej, w 1929 roku do kin trafi\u0142 inny przeb\u00f3j &#8211; &#8220;W lasach polskich&#8221; Jonasa Turkowa. Do historii przeszed\u0142 mi\u0119dzy innymi ze wzgl\u0119du na problemy z \u017cydowsk\u0105 cenzur\u0105. Turkow przedstawia\u0142 bowiem w swym filmie \u017byd\u00f3w, kt\u00f3rzy asymiluj\u0105 si\u0119 z polsk\u0105 kultur\u0105 i polskim spo\u0142ecze\u0144stwem, co nie podoba\u0142o si\u0119 religijnym radyka\u0142om. Przedstawiciele partii Agudas Isroel zarzucili filmowi uchybienia wzgl\u0119dem prawa religijnego, a tak\u017ce za\u017c\u0105dali usuni\u0119cia z niego &#8220;scen erotycznych&#8221;. Kiedy producenci wprowadzili do filmu wszystkie sugerowane zmiany, w niczym nie przypomina\u0142 on oryginalnego projektu.<\/p>\n<h5 style=\"text-align: left;\"><strong>W stron\u0119 d\u017awi\u0119ku<\/strong><\/h5>\n<p><img decoding=\"async\" class=\"aligncenter\" src=\"https:\/\/api.culture.pl\/sites\/default\/files\/images\/imported\/film\/kino%20foty%20ogolne%20ilustracje\/ZYDOWSKIE_KINO\/ford_alek_filmoteka.jpg\" alt=\"Aleksander Ford, fot. Troszczy\u0144ski Jerzy, Fototeka Filmoteki Narodowej http:\/\/fototeka.fn.org.pl\" width=\"100%\" data-src=\"https:\/\/api.culture.pl\/sites\/default\/files\/images\/imported\/film\/kino%20foty%20ogolne%20ilustracje\/ZYDOWSKIE_KINO\/ford_alek_filmoteka.jpg\" data-vue-img-src=\"https:\/\/api.culture.pl\/sites\/default\/files\/images\/imported\/film\/kino%20foty%20ogolne%20ilustracje\/ZYDOWSKIE_KINO\/ford_alek_filmoteka.jpg\" data-vue-img-group=\"paragraphs\"><\/p>\n<p style=\"text-align: center;\"><span style=\"color: #808080;\"><em>Aleksander Ford, fot. Troszczy\u0144ski Jerzy, Fototeka Filmoteki Narodowej http:\/\/fototeka.fn.org.pl<\/em><\/span><\/p>\n<p style=\"text-align: left;\"><span style=\"color: #000080;\">Na pocz\u0105tku lat 30. X muza przesz\u0142a d\u017awi\u0119kow\u0105 rewolucj\u0119, a polskie kino jidysz d\u0142ugo czeka\u0142o na przewodnika, kt\u00f3ry wprowadzi je w now\u0105 er\u0119. Zosta\u0142 nim Aleksander Ford, m\u0142ody re\u017cyser, kt\u00f3ry po latach sta\u0142 si\u0119 jedn\u0105 z najwa\u017cniejszych postaci polskiego kina (autorem m.in. &#8220;Pi\u0105tki z ulicy Barskiej&#8221; oraz&nbsp;<a style=\"color: #000080;\" href=\"http:\/\/culture.pl\/pl\/dzielo\/krzyzacy\">&#8220;Krzy\u017cak\u00f3w&#8221;<\/a>). W 1933 roku zrealizowa\u0142 &#8220;Sabr\u0119&#8221; \u2013 histori\u0119 mi\u0142o\u015bci \u017byda i Arabki, opowiedzian\u0105 w konwencji fabularnego reporta\u017cu (po latach dopatrywano si\u0119 w nim podobie\u0144stw do w\u0142oskiego neorealizmu). Zrealizowana w Palestynie &#8220;Sabra&#8221; okaza\u0142a si\u0119 jednak artystycznym rozczarowaniem, a klapa finansowa zniech\u0119ci\u0142a \u017cydowskich inwestor\u00f3w do realizowania fabularnych film\u00f3w jidysz.<\/span><\/p>\n<h5 style=\"text-align: left;\"><strong>Z\u0142ota Era Jidysz<\/strong><\/h5>\n<p style=\"text-align: left;\"><span style=\"color: #000080;\">\u017bydowscy tw\u00f3rcy doszli do g\u0142osu dopiero w po\u0142owie lat 30. W obliczu wzmagaj\u0105cego si\u0119 antysemityzmu, \u015brodowiska \u017cydowskie skonsolidowa\u0142y si\u0119. Gdy w Niemczech umacnia\u0142a si\u0119 w\u0142adza Hitlera, cz\u0119\u015b\u0107 \u017cydowskich artyst\u00f3w przenios\u0142a si\u0119 do Polski. Ich do\u015bwiadczenia i umiej\u0119tno\u015bci postanowili wykorzysta\u0107 rodzimi producenci, na czele z Saulem Goskindem. W 1928 by\u0142 on jednym z wsp\u00f3\u0142za\u0142o\u017cycieli czasopisma filmowego &#8220;Film Welt&#8221;. Jako w\u0142a\u015bciciel firmy Sektor, wsp\u00f3\u0142pracowa\u0142 z najwa\u017cniejszymi tw\u00f3rcami polskiej awangardy filmowej: Aleksandrem Fordem, Antonim Bohdziewiczem, Eugeniuszem C\u0119kalskim, Wand\u0105 Jakubowsk\u0105 i Stanis\u0142awem Wohlem.<\/span><\/p>\n<h5 style=\"text-align: left;\"><strong>&#8220;Za grzechy&#8221; &#8211; ucieczka przed Hitlerem<\/strong><\/h5>\n<p><img decoding=\"async\" class=\"aligncenter\" src=\"https:\/\/api.culture.pl\/sites\/default\/files\/images\/imported\/film\/kino%20foty%20ogolne%20ilustracje\/ZYDOWSKIE_KINO\/za_grzechy_al-cheth.jpg\" alt=\"Afisz filmu &quot;Za grzechy&quot;, fot. za Natan Gross, &quot;Film \u017cydowski w Polsce&quot;, wyd. Rabid.\" width=\"100%\" data-src=\"https:\/\/api.culture.pl\/sites\/default\/files\/images\/imported\/film\/kino%20foty%20ogolne%20ilustracje\/ZYDOWSKIE_KINO\/za_grzechy_al-cheth.jpg\" data-vue-img-src=\"https:\/\/api.culture.pl\/sites\/default\/files\/images\/imported\/film\/kino%20foty%20ogolne%20ilustracje\/ZYDOWSKIE_KINO\/za_grzechy_al-cheth.jpg\" data-vue-img-group=\"paragraphs\"><\/p>\n<p style=\"text-align: center;\"><span style=\"color: #808080;\"><em>Afisz filmu &#8220;Za grzechy&#8221;, fot. za Natan Gross, &#8220;Film \u017cydowski w Polsce&#8221;, wyd. Rabid.<\/em><\/span><\/p>\n<p style=\"text-align: left;\"><span style=\"color: #000080;\">Pierwszym filmem d\u017awi\u0119kowym, kt\u00f3ry wyprodukowa\u0142 Goskind, by\u0142o &#8220;Za grzechy&#8221; (Al chet) Aleksandra Martena, opowie\u015b\u0107 o nieszcz\u0119\u015bliwej mi\u0142o\u015bci \u017cydowskiego oficera i c\u00f3rki rabina. Film zrealizowany w 1936 roku spotka\u0142 si\u0119 z krytyk\u0105 \u015brodowiska \u017cydowskiego, kt\u00f3re zarzuca\u0142o mu uciekanie od realnych politycznych problem\u00f3w w stron\u0119 obyczajowych b\u0142ahostek.<\/span><\/p>\n<h5 style=\"text-align: left;\"><strong>&#8220;Jude\u0142 gra na skrzypcach&#8221; &#8211; musical na miar\u0119 epoki&nbsp;<\/strong><\/h5>\n<figure class=\"caption\">\n<div class=\"image-space field ll-loaded\"><img decoding=\"async\" class=\"aligncenter\" src=\"https:\/\/api.culture.pl\/sites\/default\/files\/images\/imported\/film\/kino%20foty%20ogolne%20ilustracje\/ZYDOWSKIE_KINO\/judel_gra_na_skrzypcach_.jpg\" alt=\"Kadr z filmu &quot;Jude\u0142 gra na skrzypcach&quot;, fot. za Natan Gross, &quot;Film \u017cydowski w Polsce&quot;, wyd. Rabid.\" width=\"100%\" data-src=\"https:\/\/api.culture.pl\/sites\/default\/files\/images\/imported\/film\/kino%20foty%20ogolne%20ilustracje\/ZYDOWSKIE_KINO\/judel_gra_na_skrzypcach_.jpg\" data-vue-img-src=\"https:\/\/api.culture.pl\/sites\/default\/files\/images\/imported\/film\/kino%20foty%20ogolne%20ilustracje\/ZYDOWSKIE_KINO\/judel_gra_na_skrzypcach_.jpg\" data-vue-img-group=\"paragraphs\"><\/div><figcaption><span style=\"color: #808080;\"><em>Kadr z filmu &#8220;Jude\u0142 gra na skrzypcach&#8221;, fot. za Natan Gross, &#8220;Film \u017cydowski w Polsce&#8221;, wyd. Rabid.<\/em><\/span><\/figcaption><\/figure>\n<p style=\"text-align: left;\"><span style=\"color: #000080;\">Tw\u00f3rcy \u017cydowscy w wi\u0119kszo\u015bci unikali politycznych temat\u00f3w, wybieraj\u0105c raczej bezpieczne motywy i sprawdzone konwencje: melodramatu, komedii i filmu obyczajowego. Kino jidysz by\u0142o w tym czasie ucieczk\u0105 do krainy szcz\u0119\u015bliwo\u015bci. Akcja takich film\u00f3w jak &#8220;Jude\u0142 gra na skrzypcach&#8221;, &#8220;Za grzechy&#8221; czy &#8220;Bezdomni&#8221; rozgrywa\u0142a si\u0119 w ma\u0142ych miasteczkach, kt\u00f3re wkr\u00f3tce ca\u0142kowicie znikn\u0119\u0142y z polskiego krajobrazu.<\/span><\/p>\n<p style=\"text-align: left;\"><span style=\"color: #000080;\">Jednym z dw\u00f3ch najpopularniejszych obraz\u00f3w tej epoki by\u0142 &#8220;Jude\u0142 gra na skrzypcach&#8221; (Jidl mitn fidl) z legendarn\u0105 Molly Picon nakr\u0119cony w 1936 roku. Musical przedstawiaj\u0105cy losy w\u0119drownej trupy muzyk\u00f3w nakr\u0119cony w pi\u0119knej scenerii Kazimierza nad Wis\u0142\u0105 podbi\u0142 serca publiczno\u015bci i krytyk\u00f3w. Dziennikarz nowojorskiego &#8220;Morgen Frajhajt&#8221; Nathaniel Naftali Buchwald pisa\u0142 o nim:<\/span><\/p>\n<blockquote>\n<p style=\"text-align: left;\"><strong>D\u017awi\u0119kowy film \u017cydowski posiada wdzi\u0119k i humor ludowy. Muzykanci wpadaj\u0105 na przemian to w nut\u0119 zabawn\u0105, to w patos [&#8230;]. W sumie \u2013 film \u017cydowski bez hollywoodzkiego wyrafinowania, za to z chwytaj\u0105c\u0105 za serce domow\u0105 orkiestr\u0105.<\/strong><\/p>\n<\/blockquote>\n<h5 style=\"text-align: left;\"><strong>Molly Picon \u2013 \u015bpiewaj\u0105ca gwiazda<\/strong><\/h5>\n<h5 style=\"text-align: left;\"><strong>&nbsp;<\/strong><\/h5>\n<div id=\"content\" class=\"content-alignment\">\n<div id=\"watch-description\" class=\"yt-uix-button-panel\">\n<div id=\"watch-description-text\" style=\"text-align: center;\"><iframe loading=\"lazy\" class=\"video-processed\" src=\"https:\/\/www.youtube.com\/embed\/b_2sBjAicr8\" width=\"600\" height=\"480px\" frameborder=\"0\" data-mce-fragment=\"1\"><\/iframe><\/div>\n<\/div>\n<\/div>\n<p style=\"text-align: left;\"><span style=\"color: #000080;\">.<\/span><\/p>\n<p style=\"text-align: left;\"><span style=\"color: #000080;\">Tak\u017ce &#8220;Mateczka&#8221; z 1938 roku wpisywa\u0142a si\u0119 w schematy dydaktycznego kina obyczajowego. Wyre\u017cyserowany przez Konrada Toma i J\u00f3zefa Greena film by\u0142 opowie\u015bci\u0105 o wdowcu, maj\u0105cym na utrzymaniu si\u00f3demk\u0119 dzieci, kt\u00f3rymi w rzeczywisto\u015bci zajmuje si\u0119 jedna z jego c\u00f3rek \u2013 mame\u0142e, ma\u0142a mateczka. Posta\u0107 grana przez Molly Picon by\u0142a si\u0142\u0105 nap\u0119dow\u0105 tej opowie\u015bci. &#8220;Mateczka&#8221; po latach uznawana jest za jedno z czo\u0142owych osi\u0105gni\u0119\u0107 \u017cydowskiego filmu przedwojenneg<\/span>o.<\/p>\n<h5 style=\"text-align: left;\"><strong>&#8220;Dybuk&#8221; &#8211; w \u015bwiecie duch\u00f3w<\/strong><\/h5>\n<div id=\"content\" class=\"content-alignment\">\n<div id=\"watch-description\" class=\"yt-uix-button-panel\">\n<div id=\"watch-description-text\" style=\"text-align: center;\"><iframe loading=\"lazy\" class=\"video-processed\" src=\"https:\/\/www.youtube.com\/embed\/DUGfZzUGJh4?feature=player_detailpage\" width=\"680\" height=\"400\" frameborder=\"0\" data-mce-fragment=\"1\"><\/iframe><\/div>\n<\/div>\n<\/div>\n<p style=\"text-align: left;\"><span style=\"color: #000080;\">.<\/span><\/p>\n<p style=\"text-align: left;\"><span style=\"color: #000080;\">Miano najwi\u0119kszego arcydzie\u0142a filmu \u017cydowskiego nale\u017cy do &#8220;Dybuka&#8221; Micha\u0142a Waszy\u0144skiego z 1937 roku. Obraz zrealizowany wed\u0142ug sztuki Szymona An-Skiego, sta\u0142 si\u0119 czo\u0142owym dzie\u0142em nurtu mistycznego w kinie \u017cydowskim, do kt\u00f3rego nale\u017ca\u0142o tak\u017ce wcze\u015bniejsze &#8220;\u015alubowanie&#8221;. U Waszy\u0144skiego symbolizm miesza\u0142 si\u0119 z ludowo\u015bci\u0105, mistycyzm z obrz\u0119dowo\u015bci\u0105, a &#8220;Dybuk&#8221; by\u0142 wypraw\u0105 do egzotycznego \u015bwiata chasyd\u00f3w. Film zachwyca\u0142 nie tylko \u017cydowskich, ale te\u017c polskich krytyk\u00f3w, kt\u00f3rzy widzieli w nim najlepszy europejski film jidysz, obraz, w kt\u00f3rym tradycja \u017cydowska spotyka\u0142a si\u0119 z literackimi wp\u0142ywami <a style=\"color: #000080;\" href=\"http:\/\/culture.pl\/pl\/tworca\/adam-mickiewicz\">Adama Mickiewicza<\/a>&nbsp;(&#8220;Dziady&#8221;) oraz malarstwem&nbsp;<a style=\"color: #000080;\" href=\"http:\/\/culture.pl\/pl\/tworca\/artur-grottger\">Grottgera<\/a>&nbsp;i&nbsp;<a style=\"color: #000080;\" href=\"http:\/\/culture.pl\/pl\/tworca\/wladyslaw-podkowinski\">Podkowi\u0144skiego<\/a>.<\/span><\/p>\n<h5 style=\"text-align: left;\">Koniec kina jidysz &#8211; czyli po &#8220;Drodze m\u0142odych&#8221;<\/h5>\n<p><span style=\"color: #808080;\"><em><img decoding=\"async\" class=\"aligncenter\" src=\"https:\/\/api.culture.pl\/sites\/default\/files\/images\/imported\/film\/kino%20foty%20ogolne%20ilustracje\/ZYDOWSKIE_KINO\/aleksander_ford_droga_mlodych.jpg\" alt=\"Kadr z filmu &quot;Droga m\u0142odych&quot; Aleksander Ford, fot. MHPZ\" width=\"100%\" data-src=\"https:\/\/api.culture.pl\/sites\/default\/files\/images\/imported\/film\/kino%20foty%20ogolne%20ilustracje\/ZYDOWSKIE_KINO\/aleksander_ford_droga_mlodych.jpg\" data-vue-img-src=\"https:\/\/api.culture.pl\/sites\/default\/files\/images\/imported\/film\/kino%20foty%20ogolne%20ilustracje\/ZYDOWSKIE_KINO\/aleksander_ford_droga_mlodych.jpg\" data-vue-img-group=\"paragraphs\"><\/em><\/span><\/p>\n<p style=\"text-align: center;\"><span style=\"color: #808080;\"><em>Kadr z filmu &#8220;Droga m\u0142odych&#8221; Aleksander Ford, fot. MHPZ<\/em><\/span><\/p>\n<p style=\"text-align: left;\"><span style=\"color: #000080;\">II wojna \u015bwiatowa po\u0142o\u017cy\u0142a kres z\u0142otej erze kina jidysz. Po jej zako\u0144czeniu film \u017cydowski nie odzyska\u0142 ju\u017c dawnej \u015bwietno\u015bci. W obliczu powojennej traumy zupe\u0142nie zmieni\u0142 si\u0119 tak\u017ce jego charakter. Miejsce melodramatycznych fabu\u0142 zaj\u0119\u0142y dokumenty, a filmem, kt\u00f3ry wyznacza\u0142 artystyczny kierunek by\u0142a przedwojenna &#8220;Droga m\u0142odych&#8221; Aleksandra Forda, zrealizowana w 1936 roku, a opowiadaj\u0105ca o sanatorium im. W\u0142odzimierza Medema dla zagro\u017conych gru\u017alic\u0105 \u017cydowskich dzieci z niezamo\u017cnych rodzin. Film, kt\u00f3ry pierwotnie mia\u0142 by\u0107 polityczn\u0105 agitk\u0105, okaza\u0142 si\u0119 poruszaj\u0105cym publicystycznym apelem o solidarno\u015b\u0107, kt\u00f3ry powojenne w\u0142adze uznawa\u0142y za niebezpieczny, gdy\u017c nawo\u0142ywa\u0142 do solidarno\u015bci r\u00f3\u017cnych klas spo\u0142ecznych.<\/span><\/p>\n<p style=\"text-align: left;\"><span style=\"color: #000080;\">Do dnia dzisiejszego przetrwa\u0142o bardzo niewiele przedwojennych film\u00f3w zrealizowanych przez \u017cydowskich tw\u00f3rc\u00f3w dla \u017cydowskiej publiczno\u015bci. Wi\u0119kszo\u015b\u0107 zagin\u0119\u0142a podczas wojny lub te\u017c, przez lata przechowywana w nieodpowiednich warunkach, niszcza\u0142a doszcz\u0119tnie. Wiele spo\u015br\u00f3d film\u00f3w jidysz wci\u0105\u017c czeka na odkrycie i renowacj\u0119. Mi\u0119dzy innymi w archiwach British Film Institute, kt\u00f3re od wielu lat bezskutecznie pr\u00f3buje zdoby\u0107 fundusze na skatalogowanie starych archiw\u00f3w i odrestaurowanie cz\u0119\u015bci dzie\u0142.<\/span><\/p>\n<hr>\n<p><strong><span style=\"color: #808080;\"><em>\u0179r\u00f3d\u0142a:<\/em><\/span><\/strong><\/p>\n<ul>\n<li><span style=\"color: #808080;\"><em>Natan Gross, &#8220;Film \u017cydowski w Polsce&#8221;, Rabid, Krak\u00f3w 2002.<\/em><\/span><\/li>\n<li><span style=\"color: #808080;\"><em>W\u0142adys\u0142aw Banaszkiewicz, Witold Witczak, &#8220;Historia filmu polskiego. Tom 1. 1895-1929&#8221;, red. naukowy Jerzy Toeplitz, Instytut Sztuki Polskiej Akademii Nauko. Zak\u0142ad Historii i Teorii Filmu. Wydaw. Artystyczne i Filmowe, 1966<\/em><\/span><\/li>\n<li><span style=\"color: #808080;\"><em><a style=\"color: #808080;\" href=\"http:\/\/www.filmpolski.pl\/\">Filmpolski.pl<\/a><\/em><\/span><\/li>\n<li><span style=\"color: #808080;\"><em><a style=\"color: #808080;\" href=\"http:\/\/www.sztetl.org.pl\/\">Wirtualny Sztetl<\/a><\/em><\/span><\/li>\n<li><span style=\"color: #808080;\"><em>Tadeusz Lubelski, Konrad Zar\u0119bski [red.], &#8220;Historia kina polskiego&#8221;, Fundacja Kino 2007.<\/em><\/span><\/li>\n<li><span style=\"color: #808080;\"><em>Adam Garbicz, &#8220;Kino wehiku\u0142 magiczny : przewodnik osi\u0105gni\u0119\u0107 filmu fabularnego. Podr\u00f3\u017c pierwsza 1913-1949&#8221;, Wydawnictwo Literackie 2007.<\/em><\/span><\/li>\n<\/ul>\n<hr style=\"height: 15px; background: #d0e6fa; width: 100%;\">\n<div id=\"content\" class=\"content-alignment\">\n<div id=\"watch-description\" class=\"yt-uix-button-panel\">\n<div id=\"watch-description-text\" style=\"text-align: center;\">\n<p><em>Zawarto\u015b\u0107 publikowanych artyku\u0142\u00f3w i materia\u0142\u00f3w nie reprezentuje pogl\u0105d\u00f3w ani opinii Reunion&#8217;68,<\/em><em><br \/>\nani te\u017c webmastera Blogu Reunion&#8217;68, chyba ze jest to wyra\u017anie zaznaczone.<br \/>\nTwoje uwagi, linki, w\u0142asne artyku\u0142y lub wiadomo\u015bci prze\u015blij na adres:<br \/>\n<\/em><span style=\"color: #000080;\"><strong><em><a style=\"color: #000080;\" href=\"mailto:webmaster@reunion68.com\"><span style=\"text-decoration: underline;\">webmaster@reunion68.com<\/span><\/a><\/em><\/strong><\/span><\/p>\n<\/div>\n<\/div>\n<\/div>\n<hr style=\"width: 100%;\">\n","protected":false},"excerpt":{"rendered":"<p>Zaginiony \u015bwiat \u2013 polskie kino jidysz Bartosz Staszczyszyn Plakat filmu &#8220;Dybuk&#8221;, na zdj\u0119ciu Lili Liliana (w bieli) w filmu &#8220;Dybuk&#8221;, re\u017cyseria: Micha\u0142 Waszy\u0144ski, 1937, fot. Filmoteka Narodowa\/www.fototeka.fn.org.pl Tworzyli melodramaty, musicale i opowie\u015bci o duchach. Zapraszali do Polski najwi\u0119ksze gwiazdy kina jidysz, a ich filmy pokazywano na ca\u0142ym \u015bwiecie. Filmy \u017cydowskich tw\u00f3rc\u00f3w, kt\u00f3rzy w okresie mi\u0119dzywojennym [&hellip;]<\/p>\n","protected":false},"author":1,"featured_media":0,"comment_status":"closed","ping_status":"closed","sticky":false,"template":"","format":"standard","meta":[],"categories":[6],"tags":[26,24],"_links":{"self":[{"href":"https:\/\/www.reunion68.se\/index.php?rest_route=\/wp\/v2\/posts\/95549"}],"collection":[{"href":"https:\/\/www.reunion68.se\/index.php?rest_route=\/wp\/v2\/posts"}],"about":[{"href":"https:\/\/www.reunion68.se\/index.php?rest_route=\/wp\/v2\/types\/post"}],"author":[{"embeddable":true,"href":"https:\/\/www.reunion68.se\/index.php?rest_route=\/wp\/v2\/users\/1"}],"replies":[{"embeddable":true,"href":"https:\/\/www.reunion68.se\/index.php?rest_route=%2Fwp%2Fv2%2Fcomments&post=95549"}],"version-history":[{"count":16,"href":"https:\/\/www.reunion68.se\/index.php?rest_route=\/wp\/v2\/posts\/95549\/revisions"}],"predecessor-version":[{"id":95987,"href":"https:\/\/www.reunion68.se\/index.php?rest_route=\/wp\/v2\/posts\/95549\/revisions\/95987"}],"wp:attachment":[{"href":"https:\/\/www.reunion68.se\/index.php?rest_route=%2Fwp%2Fv2%2Fmedia&parent=95549"}],"wp:term":[{"taxonomy":"category","embeddable":true,"href":"https:\/\/www.reunion68.se\/index.php?rest_route=%2Fwp%2Fv2%2Fcategories&post=95549"},{"taxonomy":"post_tag","embeddable":true,"href":"https:\/\/www.reunion68.se\/index.php?rest_route=%2Fwp%2Fv2%2Ftags&post=95549"}],"curies":[{"name":"wp","href":"https:\/\/api.w.org\/{rel}","templated":true}]}}