{"id":9555,"date":"2014-11-25T19:08:50","date_gmt":"2014-11-25T17:08:50","guid":{"rendered":"http:\/\/www.reunion68.se\/?p=9555"},"modified":"2014-11-25T13:41:48","modified_gmt":"2014-11-25T11:41:48","slug":"9555","status":"publish","type":"post","link":"https:\/\/www.reunion68.se\/?p=9555","title":{"rendered":"Stowarzyszenie Drugie Pokolenie [listopad-grudzien]"},"content":{"rendered":"<h5 style=\"text-align: center;\"><a href=\"http:\/\/drugiepokolenie.org.pl\/\" target=\"_blank\"><img decoding=\"async\" class=\"center alignleft\" src=\"http:\/\/www.reunion68.com\/Biuletyn\/img\/drugie-p.png\" alt=\"\" width=\"710\" \/><\/a><\/h5>\n<hr style=\"height: 15px; background: #d0e6fa; width: 710px;\" \/>\n<p style=\"text-align: center;\"><strong><span style=\"color: #000080;\">Drodzy,<\/span><\/strong><\/p>\n<p style=\"text-align: left;\"><span style=\"color: #000080;\"> LIMUD, LIMUD, i po-LIMUDZIE. Wszystkim uczestnikom naszego spotkania \u201eCzy jeste\u015bmy \u017bydami\u201d serdecznie dzi\u0119kujemy! Stawili\u015bcie si\u0119 (\u015b)licznie i mamy nadziej\u0119 spotyka\u0107 Was cz\u0119\u015bciej!\u00a0<\/span><span style=\"color: #000080;\">A w najbli\u017cszym czasie, zn\u00f3w du\u017co i ciekawie. Nowych odbiorc\u00f3w \u017bycia \u017cydowskiego informuj\u0119, \u017ce je\u015bli rzecz dzieje si\u0119 poza Warszaw\u0105, podajemy nazw\u0105 miasta a na niebiesko &#8211; spotkania\/sprawy drugopokoleniowe.\u00a0<\/span><span style=\"color: #000080;\">Zach\u0119camy do nadsy\u0142ania informacji, kt\u00f3re chcieliby\u015bcie rozpropagowa\u0107 poprzez \u017b\u017c.<\/span><\/p>\n<p style=\"text-align: left;\"><span style=\"color: #000080;\"><strong>25 listopada wtorek godz. 17.30<\/strong>, <strong>Przystanek Historia<\/strong> ul. Marsza\u0142kowska 21\/25 spotkanie z <strong>dr. Leopoldem Sobel&#8217;em<\/strong> \u2013 historykiem, dziennikarzem i t\u0142umaczem; w 1964 r. wyemigrowa\u0142 do Izraela, przez ok. 10 lat pracowa\u0142 w Ministerstwie Obrony Wlk. Brytanii; od 2002 r. red. nacz. internetowego magazynu<strong> Plotkies<\/strong>, adresowanego do pokolenia emigrant\u00f3w marcowych.<\/span><\/p>\n<p style=\"text-align: left;\"><span style=\"color: #000080;\"><strong>27 listopada czwartek godz. 17.00<\/strong> <strong>JCC Warszawa<\/strong> wznawia cykl zaj\u0119\u0107 dla dzieci<strong> BEZALE<\/strong>; pierwsze warsztaty poprowadzi <strong>Marianna Sztyma<\/strong>, ilustratorka, kt\u00f3ra opowie i nauczy jak w kreatywny spos\u00f3b wykorzysta\u0107 alfabet hebrajski jako motyw graficzny; wsp\u00f3lne projektowanie, rysowanie, stemplowanie, sprejowanie, wycinanie, klejenie i tworzenie kola\u017cy; zaj\u0119cia przeznaczone dla dzieci w wieku 7-12 lat; koszt: 20 z\u0142 (dla cz\u0142onk\u00f3w JCC 10 z\u0142); obowi\u0105zuj\u0105 zapisy: <span style=\"text-decoration: underline;\"><strong><a style=\"color: #000080; text-decoration: underline;\" href=\"mailto: bezalel@jccwarszawa.pl\">bezalel@jccwarszawa.pl<\/a><\/strong><\/span><\/span><\/p>\n<p style=\"text-align: left;\"><span style=\"color: #000080;\"><strong>27 listopada czwartek godz. 18.00, ZIH<\/strong>, promocja ksi\u0105\u017cki <strong>Na rozdro\u017cu<\/strong>. M\u0142odzie\u017c \u017cydowska w PRL 1956\u20131968 z udzia\u0142em autora <strong>Piotra P\u0119zi\u0144skiego<\/strong> oraz <strong>Leopolda Sobla<\/strong>, \u00a0info nades\u0142a\u0142 <strong>Poldek Sobel<\/strong> dzi\u0119kujemy! ciut wi\u0119cej tu:<span style=\"text-decoration: underline;\">\u00a0<strong><a style=\"color: #000080; text-decoration: underline;\" href=\"http:\/\/www.jhi.pl\/blog\/2014-10-24-promocja-ksiazki-na-rozdrozu-mlodziez-zydowska-w-prl-1956-1968\">Promocja<\/a><\/strong><\/span><\/span><\/p>\n<p style=\"text-align: left;\"><span style=\"color: #000080;\"><strong>29-30 listopada sobota-niedziela<\/strong>, trzecia edycja <strong>\u017bydowskiego grania<\/strong>, synagoga im. <strong>No\u017cyk\u00f3w<\/strong> w Warszawie; informacja o biletach i program <span style=\"text-decoration: underline;\"><strong><a style=\"color: #000080; text-decoration: underline;\" href=\"http:\/\/www.jewish.org.pl\/index.php\/pl\/co-gdzie-kiedy-mainmenu-58\/6716-ydowskie-granie.html\">Informacja<\/a><\/strong><\/span><\/span><\/p>\n<p style=\"text-align: left;\"><span style=\"color: #000080;\"><strong>30 listopada niedziela godz. 19.00<\/strong>, Al. 3 Maja 2\/11, <strong>Kryj\u00f3wka\/Hideout,<\/strong> spektakl w re\u017c. <strong>P. Passiniego<\/strong> na pdst. scenariusza Patrycji Do\u0142owy; indywidualne \u015bwiadectwa wojenne m. in. <strong>Ireny Solskiej i Apolonii Starzec<\/strong> sk\u0142adaj\u0105 si\u0119 na opowie\u015b\u0107 o Warszawie \u2013 jej z\u0142o\u017conej, splecionej z wieloma losami historii i wielow\u0105tkowej, cz\u0119sto trudnej i nie do ko\u0144ca obecnej pami\u0119ci; nast\u0119pne spektakle 1, 2, 13,14, 15 grudnia; o samej sztuce oraz biletach mo\u017cna przeczyta\u0107 tu: <strong><a style=\"color: #000080;\" href=\"www.instytut-teatralny.pl\/kalendarium\/the-hideout-kryjowka-rez-pawel-passini_2014-11-30\">Kryj\u00f3wka<\/a><\/strong><\/span><\/p>\n<p style=\"text-align: left;\"><span style=\"color: #000080;\"><strong>do 2 grudnia wtorek trwa we Wroc\u0142awiu<\/strong> akcja charytatywna <strong>DZIE\u0143 CEDAKI<\/strong> na rzecz os\u00f3b, kt\u00f3re potrzebuj\u0105 wsparcia; czyst\u0105 i niezniszczon\u0105 odzie\u017c, \u015brodki czysto\u015bci, zabawki, gry etc. mo\u017cna przekaza\u0107 zar\u00f3wno w Warszawie jak i Wroc\u0142awiu; wi\u0119cej informacji bezpo\u015brednio u Janka Kirschenbauma, tel.570 453 157 lub jan.kirschenbaum@gmail.com<\/span><\/p>\n<p style=\"text-align: left;\"><span style=\"color: #000080;\"><strong>7 grudnia niedziela od 11.00 do 13.00<\/strong> (a by\u0107 mo\u017ce i d\u0142u\u017cej) JCC Chmielna 9A, OTWARTA pierwsza NIEDZIELA miesi\u0105ca, czyli wsp\u00f3lny drugopokoleniowy st\u00f3\u0142, przy kt\u00f3rym jemy, pijemy i rozmawiamy\u2026.. wi\u0119cej o <strong><a style=\"color: #000080;\" href=\"http:\/\/www.jccwarszawa.pl\/news\/186\/n\/172\">BOKER TOW<\/a><\/strong> Je\u015bli kto\u015b nie lubi \u015bniada\u0144, mo\u017ce przyj\u015b\u0107 na kaw\u0119, herbat\u0119 albo by\u2026. poby\u0107 razem.<\/span><\/p>\n<p style=\"text-align: left;\"><span style=\"color: #000080;\"><strong>7 grudnia niedziela godz. 16.00, Muzeum POLIN<\/strong>, Od klezmer\u00f3w po \u017cydo-disco \u2013 debata w ramach cyklu Nowy Klub Babel; MH\u017bP wsp\u00f3lnie z lo\u017c\u0105 B\u2019nai B\u2019rith Polin zaprasza na debat\u0119 po\u015bwi\u0119con\u0105 muzyce uchodz\u0105cej, s\u0142usznie lub nie, za \u017cydowsk\u0105; wi\u0119cej \u00a0tu: <strong><span style=\"text-decoration: underline;\"><a style=\"color: #000080; text-decoration: underline;\" href=\"http:\/\/www.polin.pl\/pl\/wydarzenie\/od-klezmerow-po-zydo-disco-debata-w-ramach-cyklu-nowy-klub-babel?d=0\">B\u2019nai B\u2019rith<\/a><\/span><\/strong><\/span><\/p>\n<p style=\"text-align: left;\"><span style=\"color: #000080;\"><strong>13 grudnia sobota godz. 18.30<\/strong>, Galeria Fundacji Atelier, Foksal 11; Sofy, tapety, otomany wernisa\u017c malarstwa Weroniki Naszarkowskiej<\/span><\/p>\n<p style=\"text-align: left;\"><span style=\"color: #000080;\"><strong>16 grudnia wtorek godz. 15.23<\/strong> rozpoczyna si\u0119 <strong>Chanuka 5775<\/strong>; w planach <strong>Gminy i JCC Warszawa<\/strong> wiele ciekawych propozycji, o kt\u00f3rych wkr\u00f3tce; z okazji Chanuki warszawska Gmina og\u0142osi\u0142a konkurs dla dzieci do lat 14; szczeg\u00f3\u0142y w za\u0142\u0105czniku<\/span><\/p>\n<p style=\"text-align: left;\"><span style=\"color: #000080;\"><strong>19 grudnia pi\u0105tek drugopokoleniowa Chanuka<\/strong>, prosimy rezerwowa\u0107 czas po po\u0142udniu; szczeg\u00f3\u0142y wkr\u00f3tce<\/span><\/p>\n<p><span style=\"color: #000080;\"><strong> My, \u017bydzi z Warszawy<\/strong> wystawa plenerowa, kt\u00f3ra od kilku dni umieszczona jest w przestrzeni przy ul. Twardej 6, najbardziej \u017cydowskim adresie w Warszawie.\u00a0<\/span><span style=\"color: #000080;\">Na jedenastu ilustrowanych planszach mo\u017cna znale\u017a\u0107 odpowiedzi na pytania: Czym jest Gmina? Jakie prowadzi dzia\u0142ania religijne, kulturalne, spo\u0142eczne i edukacyjne? Co wype\u0142nia codzienne \u017cycie wsp\u00f3\u0142czesnych \u017byd\u00f3w? Czym jest judaizm i co si\u0119 sk\u0142ada na \u017cydowsk\u0105 tradycj\u0119<\/span><\/p>\n<p style=\"text-align: center;\"><strong><span style=\"color: #000080;\">Inne<\/span><\/strong><\/p>\n<div style=\"width: 166px\" class=\"wp-caption alignright\"><img decoding=\"async\" loading=\"lazy\" class=\"center\" src=\"http:\/\/www.reunion68.com\/Biuletyn\/img\/Elzbieta-M.jpg\" alt=\"\" width=\"156\" height=\"163\" \/><p class=\"wp-caption-text\"><span style=\"color: #000080;\"><em>Ela Magenheim<\/em><\/span><\/p><\/div>\n<p>&nbsp;<\/p>\n<p><span style=\"color: #000080;\"><strong>Moda na \u017byd\u00f3w?<\/strong> \u2013 zach\u0119camy do przeczytania tekstu Agnieszki Graff <strong><a style=\"color: #000080;\" href=\"http:\/\/www.wysokieobcasy.pl\/wysokie-obcasy\/1,127763,16953080,Moda_na_Zydow_.html\">Moda na \u017byd\u00f3w?<\/a><\/strong><\/span><\/p>\n<p style=\"text-align: left;\"><span style=\"color: #000080;\">Pi\u0105te (jubileuszowe) spotkanie Drugiego Pokolenia \u015ar\u00f3dbor\u00f3w 2015 \u2013 prosimy o wpisanie do kalendarzyk\u00f3w: 27-29 marca 2015; zg\u0142oszenia od stycznia!\u00a0<\/span><span style=\"color: #000080;\">Prosimy o pomys\u0142y (ch\u0119tnie wraz z realizacj\u0105 \ud83d\ude42 do programu zjazdu, czyli kogo chcecie\/mo\u017cecie zaprosi\u0107 albo jaki temat Was intresuje<\/span><\/p>\n<p>&nbsp;<\/p>\n<p><img decoding=\"async\" class=\"center aligncenter\" src=\"http:\/\/www.reunion68.com\/Biuletyn\/img\/break.png\" alt=\"\" \/><\/p>\n<p style=\"text-align: right;\"><span style=\"color: #000080;\">Ciep\u0142o pozdrawiam<\/span><br \/>\n<span style=\"color: #000080;\"> Ela Magenheim<\/span><\/p>\n<hr style=\"height: 15px; background: #d0e6fa; width: 710px;\" \/>\n<p><span style=\"color: #000080;\"><strong>Stowarzyszenie \u017bydowski Instytut Historyczny zaprasza,<\/strong> by zosta\u0107 cz\u0142onkiem tego Stowarzyszenia, do kt\u00f3rego mo\u017ce nale\u017ce\u0107 ka\u017cdy; statut http:\/\/www.szih.org.pl\/pl\/Statut.html; sk\u0142adka 30 z\u0142\/rok; w sprawie deklaracji Daria G\u00f3rka dgorka@szih.org.pl; inne pytania: S\u0142awomir R\u00f3\u017ca\u0144ski Dyrektor Operacyjny tel. 601 352 161,<span style=\"text-decoration: underline;\"><strong> <a style=\"color: #000080; text-decoration: underline;\" href=\"mailto:srozanski@szih.org.pl\">srozanski@szih.org.pl<\/a><\/strong><\/span>; o Stowarzyszeniu w za\u0142\u0105czniku.<\/span><\/p>\n<object class=\"vanilla-pdf-embed\" data=\"http:\/\/www.reunion68.com\/Biuletyn\/S-ZIH.pdf?attachment_id=1#page=1&view=FitH\" type=\"application\/pdf\" width=\"710px\" height=\"950em\">\n    <p><a href=\"http:\/\/www.reunion68.com\/Biuletyn\/S-ZIH.pdf?attachment_id=1\">Download the PDF file .<\/a><\/p>\n<\/object>\n<hr style=\"height: 15px; background: #d0e6fa; width: 710px;\" \/>\n<object class=\"vanilla-pdf-embed\" data=\"http:\/\/www.reunion68.com\/Biuletyn\/dzieci.pdf?attachment_id=1#page=1&view=FitH\" type=\"application\/pdf\" width=\"700px\" height=\"950em\">\n    <p><a href=\"http:\/\/www.reunion68.com\/Biuletyn\/dzieci.pdf?attachment_id=1\">Download the PDF file .<\/a><\/p>\n<\/object>\n<hr style=\"height: 15px; background: #d0e6fa; width: 710px;\" \/>\n<div id=\"content\" class=\"  content-alignment&lt;br \/&gt;&lt;br \/&gt; \">\n<div id=\"watch-description\" class=\"yt-uix-button-panel\">\n<div id=\"watch-description-text\">\n<p style=\"text-align: center;\"><span style=\"color: #808080;\"> twoje uwagi, linki, wlasne artykuly, lub wiadomosci przeslij do: <strong><span style=\"text-decoration: underline;\"><span style=\"color: #808080; text-decoration: underline;\"><a href=\"mailto:webmaster@reunion68.com\">webmaster@reunion68.com<\/a><\/span><\/span><\/strong><\/span><\/p>\n<\/div>\n<\/div>\n<\/div>\n<hr style=\"width: 710px;\" \/>\n","protected":false},"excerpt":{"rendered":"<p>Drodzy, LIMUD, LIMUD, i po-LIMUDZIE. Wszystkim uczestnikom naszego spotkania \u201eCzy jeste\u015bmy \u017bydami\u201d serdecznie dzi\u0119kujemy! Stawili\u015bcie si\u0119 (\u015b)licznie i mamy nadziej\u0119 spotyka\u0107 Was cz\u0119\u015bciej!\u00a0A w najbli\u017cszym czasie, zn\u00f3w du\u017co i ciekawie. Nowych odbiorc\u00f3w \u017bycia \u017cydowskiego informuj\u0119, \u017ce je\u015bli rzecz dzieje si\u0119 poza Warszaw\u0105, podajemy nazw\u0105 miasta a na niebiesko &#8211; spotkania\/sprawy drugopokoleniowe.\u00a0Zach\u0119camy do nadsy\u0142ania informacji, kt\u00f3re [&hellip;]<\/p>\n","protected":false},"author":1,"featured_media":0,"comment_status":"closed","ping_status":"closed","sticky":false,"template":"","format":"standard","meta":[],"categories":[4],"tags":[24],"_links":{"self":[{"href":"https:\/\/www.reunion68.se\/index.php?rest_route=\/wp\/v2\/posts\/9555"}],"collection":[{"href":"https:\/\/www.reunion68.se\/index.php?rest_route=\/wp\/v2\/posts"}],"about":[{"href":"https:\/\/www.reunion68.se\/index.php?rest_route=\/wp\/v2\/types\/post"}],"author":[{"embeddable":true,"href":"https:\/\/www.reunion68.se\/index.php?rest_route=\/wp\/v2\/users\/1"}],"replies":[{"embeddable":true,"href":"https:\/\/www.reunion68.se\/index.php?rest_route=%2Fwp%2Fv2%2Fcomments&post=9555"}],"version-history":[{"count":67,"href":"https:\/\/www.reunion68.se\/index.php?rest_route=\/wp\/v2\/posts\/9555\/revisions"}],"predecessor-version":[{"id":9623,"href":"https:\/\/www.reunion68.se\/index.php?rest_route=\/wp\/v2\/posts\/9555\/revisions\/9623"}],"wp:attachment":[{"href":"https:\/\/www.reunion68.se\/index.php?rest_route=%2Fwp%2Fv2%2Fmedia&parent=9555"}],"wp:term":[{"taxonomy":"category","embeddable":true,"href":"https:\/\/www.reunion68.se\/index.php?rest_route=%2Fwp%2Fv2%2Fcategories&post=9555"},{"taxonomy":"post_tag","embeddable":true,"href":"https:\/\/www.reunion68.se\/index.php?rest_route=%2Fwp%2Fv2%2Ftags&post=9555"}],"curies":[{"name":"wp","href":"https:\/\/api.w.org\/{rel}","templated":true}]}}