{"id":95626,"date":"2022-06-05T17:05:34","date_gmt":"2022-06-05T15:05:34","guid":{"rendered":"http:\/\/www.reunion68.se\/?p=95626"},"modified":"2022-05-26T07:47:37","modified_gmt":"2022-05-26T05:47:37","slug":"05-05-78","status":"publish","type":"post","link":"https:\/\/www.reunion68.se\/?p=95626","title":{"rendered":"Israel claims responsibility for assassination of IRGC officer &#8211; NYT"},"content":{"rendered":"<h5 style=\"text-align: center;\"><a href=\"https:\/\/www.jpost.com\/\" target=\"_blank\" rel=\"noopener noreferrer\"><img decoding=\"async\" class=\"center alignleft\" src=\"http:\/\/www.reunion68.com\/Biuletyn\/img\/jpost.png\" alt=\"\" width=\"35%\" \/><\/a><span style=\"text-decoration: underline; color: #000080;\"><strong><a style=\"color: #000080; text-decoration: underline;\" href=\"https:\/\/www.jpost.com\/middle-east\/article-707701\" target=\"_blank\" rel=\"noopener noreferrer\">Israel claims responsibility for assassination of IRGC officer &#8211; NYT<\/a><\/strong><\/span><\/h5>\n<p style=\"text-align: center;\"><span style=\"color: #000000;\"><strong>JERUSALEM POST STAFF<\/strong><\/span><\/p>\n<hr style=\"height: 15px; background: #d0e6fa; width: 100%;\" \/>\n<h5 style=\"text-align: center;\"><strong>Israel claimed the Quds Force officer was deputy commander of Unit 840, responsible for terror operations against Israeli targets.<\/strong><\/h5>\n<p style=\"text-align: center;\"><img decoding=\"async\" class=\"aligncenter\" src=\"https:\/\/images.jpost.com\/image\/upload\/f_auto,fl_lossy\/t_JD_ArticleMainImageFaceDetect\/505644\" width=\"100%\" \/><span style=\"color: #808080;\"><em>Family members of Colonel Sayad Khodai, a member of Iran&#8217;s Islamic Revolution Guards Corps, weep over his body in his car after he was reportedly shot by two assailants in Tehran, Iran, May 22, 2022. \/ (photo credit: IRGC\/WANA (West Asia News Agency)\/Handout via REUTERS)<\/em><\/span><\/p>\n<p style=\"text-align: left;\"><span style=\"color: #000080;\">Israel informed the United States it was responsible for assassinating an Islamic Revolutionary Guards Corps&#8217; Quds Force officer in Tehran on Sunday,\u00a0<em>The New York Times<\/em>\u00a0<a style=\"color: #000080;\" href=\"https:\/\/www.nytimes.com\/2022\/05\/25\/world\/middleeast\/iran-israel-killing-khodayee.html\" target=\"_blank\" rel=\"noopener noreferrer\">reported<\/a>.<\/span><\/p>\n<p style=\"text-align: left;\"><span style=\"color: #000080;\">In a briefing with American officials, Israel confirmed reports that\u00a0<a style=\"color: #000080;\" href=\"https:\/\/www.jpost.com\/breaking-news\/article-707380\" target=\"_blank\" rel=\"noopener noreferrer\">Colonel Hassan Sayad Khodayari<\/a>, who was shot dead in a vehicle, was\u00a0deputy commander of the Quds Force&#8217;s Unit 840, a secretive unit responsible for terrorist operations against Israeli and Western targets outside of Iran.<\/span><\/p>\n<p style=\"text-align: left;\"><span style=\"color: #000080;\">Israel, according to the report, intended to send a warning to the Islamic Republic to halt the operations of the IRGC&#8217;s terrorist unit whose existence has never been confirmed by Iran.<\/span><\/p>\n<p style=\"text-align: left;\"><span style=\"color: #000080;\">According to<em>\u00a0Iran International<\/em>, Khodayari was tasked with planning and executing strikes on Israeli citizens in Europe, Africa and mainly in eastern Asia, including the\u00a0<a style=\"color: #000080;\" href=\"https:\/\/www.jpost.com\/middle-east\/iran-news\/article-707492\" target=\"_blank\" rel=\"noopener noreferrer\">2012 Bangkok bombing<\/a>.<\/span><\/p>\n<p style=\"text-align: left;\"><span style=\"color: #000080;\">He was also in charge of recruiting civilians in several countries to commit attacks against Israelis.<\/span><\/p>\n<p style=\"text-align: left;\"><span style=\"color: #000080;\">As per NYT, Israeli officials claimed the officer was head of Unit 840&#8217;s Middle East operations, as well as in nations bordering Iran. The report also noted that Khodayari was involved in\u00a0<a style=\"color: #000080;\" href=\"https:\/\/www.jpost.com\/breaking-news\/article-705523\" target=\"_blank\" rel=\"noopener noreferrer\">attacks against Israelis<\/a>, Europeans and Americans in South America, Africa, the United Arab Emirates and Cyprus.<\/span><\/p>\n<p style=\"text-align: center;\"><img decoding=\"async\" class=\"aligncenter\" src=\"https:\/\/images.jpost.com\/image\/upload\/f_auto,fl_lossy\/t_JD_ArticleMainImageFaceDetect\/503643\" width=\"100%\" \/><span style=\"color: #808080;\"><em>Iranians burn Israeli and US flags during a rally marking the annual Quds Day, or Jerusalem Day, on the last Friday of the holy month of Ramadan in Tehran, Iran April 29, 2022 (credit: WANA NEWS AGENCY\/REUTERS)<\/em><\/span><\/p>\n<h5 style=\"text-align: left;\"><strong>The assassination, IRGC and the United States<\/strong><\/h5>\n<p style=\"text-align: left;\"><span style=\"color: #000080;\">Assailants on a motorcycle shot and killed Khodayari in front of his home on Mojahedin Eslam Street in the capital city of Tehran, according to Iranian reports. Iranian authorities are searching for assailants.<\/span><\/p>\n<p style=\"text-align: left;\"><span style=\"color: #000080;\">The IRGC called the assassination a \u201ccriminal terrorist act of the counter-revolution and elements related to global arrogance,\u201d a term often used to refer to the US and Israel.<\/span><\/p>\n<p style=\"text-align: left;\"><span style=\"color: #000080;\">Prime Minister Naftali Bennett confirmed on Wednesday reports that US President Joe Biden has informed him he will definitively not\u00a0<a style=\"color: #000080;\" href=\"https:\/\/www.jpost.com\/international\/article-707600\" target=\"_blank\" rel=\"noopener noreferrer\">remove the IRGC from the US&#8217; list of foreign terrorist organizations (FTOs)<\/a>.<\/span><\/p>\n<p style=\"text-align: left;\"><span style=\"color: #000080;\">Prime Minister Naftali Bennett confirmed on Wednesday reports that US President Joe Biden has informed him he will definitively not\u00a0<\/span><a href=\"https:\/\/www.jpost.com\/international\/article-707600\" target=\"_blank\" rel=\"noopener noreferrer\"><span style=\"color: #000080;\">remove the IRGC from the US&#8217; list of foreign terrorist organizations (FTOs)<\/span><\/a>.<\/p>\n<p><iframe id=\"twitter-widget-0\" class=\"\" title=\"Twitter Tweet\" src=\"https:\/\/platform.twitter.com\/embed\/Tweet.html?dnt=false&amp;embedId=twitter-widget-0&amp;features=eyJ0ZndfZXhwZXJpbWVudHNfY29va2llX2V4cGlyYXRpb24iOnsiYnVja2V0IjoxMjA5NjAwLCJ2ZXJzaW9uIjpudWxsfSwidGZ3X3NlbnNpdGl2ZV9tZWRpYV9pbnRlcnN0aXRpYWxfMTM5NjMiOnsiYnVja2V0IjoiaW50ZXJzdGl0aWFsIiwidmVyc2lvbiI6bnVsbH0sInRmd190d2VldF9yZXN1bHRfbWlncmF0aW9uXzEzOTc5Ijp7ImJ1Y2tldCI6InR3ZWV0X3Jlc3VsdCIsInZlcnNpb24iOm51bGx9fQ%3D%3D&amp;frame=false&amp;hideCard=false&amp;hideThread=false&amp;id=1529202136424361985&amp;lang=en&amp;origin=https%3A%2F%2Fwww.jpost.com%2Fmiddle-east%2Farticle-707701&amp;sessionId=3cebc4b320ba1ac8ede79e171b01ccc7a9ded3b4&amp;siteScreenName=Jerusalem_Post&amp;theme=light&amp;widgetsVersion=c8fe9736dd6fb%3A1649830956492&amp;width=700px\" frameborder=\"0\" scrolling=\"yes\" allowfullscreen=\"allowfullscreen\" data-tweet-id=\"1529202136424361985\" data-mce-fragment=\"1\"><\/iframe><\/p>\n<p style=\"text-align: left;\"><span style=\"color: #000080;\">Biden reportedly told Bennett of his decision during a phone conversation between the two in April.<\/span><\/p>\n<p style=\"text-align: left;\"><span style=\"color: #000080;\">According to the report, Biden decided to pull the plug on the idea to remove the IRGC&#8217;s Quds Force from the US&#8217; terrorist blacklist after it was clear it would not be enough to force Iran to compromise in\u00a0<a style=\"color: #000080;\" href=\"https:\/\/www.jpost.com\/middle-east\/iran-news\/article-707664\" target=\"_blank\" rel=\"noopener noreferrer\">talks to revive the 2015 Joint Comprehensive Plan of Action (JCPOA)<\/a>.<\/span><\/p>\n<h5 style=\"text-align: left;\"><strong>Israeli anger<\/strong><\/h5>\n<p style=\"text-align: left;\"><span style=\"color: #000080;\">Israel&#8217;s defense establishment was surprised by the leak. Israel and the US have a close intelligence relationship; something like this should never have been publicized, Israeli media noted.<\/span><\/p>\n<p style=\"text-align: left;\"><span style=\"color: #000080;\">As per the report, Israeli officials are awaiting an explanation from their American counterparts, as the leak caught Israel by surprise and was expected to have come from a source in the US.<\/span><\/p>\n<hr style=\"height: 15px; background: #d0e6fa; width: 100%;\" \/>\n<div id=\"content\" class=\"content-alignment\">\n<div id=\"watch-description\" class=\"yt-uix-button-panel\">\n<div id=\"watch-description-text\" style=\"text-align: center;\">\n<p><em>Zawarto\u015b\u0107 publikowanych artyku\u0142\u00f3w i materia\u0142\u00f3w nie reprezentuje pogl\u0105d\u00f3w ani opinii Reunion&#8217;68,<\/em><em><br \/>\nani te\u017c webmastera Blogu Reunion&#8217;68, chyba ze jest to wyra\u017anie zaznaczone.<br \/>\nTwoje uwagi, linki, w\u0142asne artyku\u0142y lub wiadomo\u015bci prze\u015blij na adres:<br \/>\n<\/em><span style=\"color: #000080;\"><strong><em><a style=\"color: #000080;\" href=\"mailto:webmaster@reunion68.com\"><span style=\"text-decoration: underline;\">webmaster@reunion68.com<\/span><\/a><\/em><\/strong><\/span><\/p>\n<\/div>\n<\/div>\n<\/div>\n<hr style=\"width: 100%;\" \/>\n","protected":false},"excerpt":{"rendered":"<p>Israel claims responsibility for assassination of IRGC officer &#8211; NYT JERUSALEM POST STAFF Israel claimed the Quds Force officer was deputy commander of Unit 840, responsible for terror operations against Israeli targets. Family members of Colonel Sayad Khodai, a member of Iran&#8217;s Islamic Revolution Guards Corps, weep over his body in his car after he [&hellip;]<\/p>\n","protected":false},"author":1,"featured_media":0,"comment_status":"closed","ping_status":"closed","sticky":false,"template":"","format":"standard","meta":[],"categories":[3],"tags":[26,24],"_links":{"self":[{"href":"https:\/\/www.reunion68.se\/index.php?rest_route=\/wp\/v2\/posts\/95626"}],"collection":[{"href":"https:\/\/www.reunion68.se\/index.php?rest_route=\/wp\/v2\/posts"}],"about":[{"href":"https:\/\/www.reunion68.se\/index.php?rest_route=\/wp\/v2\/types\/post"}],"author":[{"embeddable":true,"href":"https:\/\/www.reunion68.se\/index.php?rest_route=\/wp\/v2\/users\/1"}],"replies":[{"embeddable":true,"href":"https:\/\/www.reunion68.se\/index.php?rest_route=%2Fwp%2Fv2%2Fcomments&post=95626"}],"version-history":[{"count":10,"href":"https:\/\/www.reunion68.se\/index.php?rest_route=\/wp\/v2\/posts\/95626\/revisions"}],"predecessor-version":[{"id":95646,"href":"https:\/\/www.reunion68.se\/index.php?rest_route=\/wp\/v2\/posts\/95626\/revisions\/95646"}],"wp:attachment":[{"href":"https:\/\/www.reunion68.se\/index.php?rest_route=%2Fwp%2Fv2%2Fmedia&parent=95626"}],"wp:term":[{"taxonomy":"category","embeddable":true,"href":"https:\/\/www.reunion68.se\/index.php?rest_route=%2Fwp%2Fv2%2Fcategories&post=95626"},{"taxonomy":"post_tag","embeddable":true,"href":"https:\/\/www.reunion68.se\/index.php?rest_route=%2Fwp%2Fv2%2Ftags&post=95626"}],"curies":[{"name":"wp","href":"https:\/\/api.w.org\/{rel}","templated":true}]}}