{"id":95680,"date":"2022-05-29T17:05:04","date_gmt":"2022-05-29T15:05:04","guid":{"rendered":"http:\/\/www.reunion68.se\/?p=95680"},"modified":"2022-05-28T08:52:53","modified_gmt":"2022-05-28T06:52:53","slug":"07-09-68","status":"publish","type":"post","link":"https:\/\/www.reunion68.se\/?p=95680","title":{"rendered":"Kataryna: I komu to przeszkadza\u0142o?"},"content":{"rendered":"<p style=\"text-align: center;\"><img decoding=\"async\" class=\"aligncenter\" src=\"https:\/\/i.gremicdn.pl\/image\/free\/c11361a22c124e31bb1e4d5b44a639d9\/?t=resize:fill:948:592,enlarge:1\" width=\"100%\"><span style=\"color: #808080;\"><em>Foto: PAP\/Piotr Nowak<\/em><\/span><\/p>\n<hr>\n<h5 style=\"text-align: center;\"><a href=\"https:\/\/www.rp.pl\/\" target=\"_blank\" rel=\"noopener noreferrer\"><img decoding=\"async\" class=\"center alignleft\" src=\"http:\/\/www.reunion68.com\/Biuletyn\/img\/rzecz-p.png\" alt=\"\" width=\"35%\"><\/a><span style=\"text-decoration: underline; color: #000080;\"><span style=\"text-decoration: underline;\"><strong><a style=\"color: #000080; text-decoration: underline;\" href=\"https:\/\/www.rp.pl\/plus-minus\/art36377371-kataryna-i-komu-to-przeszkadzalo\" target=\"_blank\" rel=\"noopener noreferrer\">Kataryna: I komu to przeszkadza\u0142o?<\/a><\/strong><\/span><\/span><\/h5>\n<p style=\"text-align: center;\"><span style=\"color: #000000;\"><strong>Katarzyna Sad\u0142o<\/strong><\/span><\/p>\n<hr style=\"height: 15px; background: #d0e6fa; width: 100%;\">\n<h4 style=\"text-align: center;\"><strong><span style=\"color: #808080;\">Tomasz Lis:<\/span> \u201eW Polsce media nie kontroluj\u0105 w\u0142adzy, to w\u0142adza na r\u00f3\u017cne sposoby kontroluje wi\u0119kszo\u015b\u0107 medi\u00f3w albo przynajmniej na nie wp\u0142ywa. Istnieje atrapa wolnych medi\u00f3w. Kontrola w\u0142adzy przez media jest iluzoryczna. Wp\u0142yw w\u0142adzy na media jest faktyczny&#8221;.<\/strong><\/h4>\n<p style=\"text-align: left;\"><span style=\"color: #000080;\">Jest rok 1999, pijany prezydent <strong>Aleksander Kwa\u015bniewski<\/strong> chwieje si\u0119 nad charkowskimi grobami. Tomasz Lis jest szefem \u201e<strong>Fakt\u00f3w<\/strong>&#8220;, ale jego widzowie ta\u015bm z pijanym prezydentem nie zobaczyli, dop\u00f3ki nie nag\u0142o\u015bnili ich inni.<br \/>\n<\/span><\/p>\n<p style=\"text-align: left;\"><span style=\"color: #000080;\"> Po latach Leszek Miller zdradzi\u0142, jak si\u0119 uda\u0142o wymusi\u0107 na wszystkich mediach zmow\u0119 milczenia. \u201eW mroku alejek ogrodu Saskiego przekonywa\u0142em Zygmunta Solorza i Piotra Nurowskiego, aby Polsat nie emitowa\u0142 zdj\u0119\u0107 zataczaj\u0105cego si\u0119 prezydenta. W ko\u0144cu uzyska\u0142em deklaracj\u0119, \u017ce je\u015bli inne stacje nie podejm\u0105 tematu, Polsat te\u017c tego nie uczyni. Inni wys\u0142annicy prezydenta przynie\u015bli podobne ustalenia&#8221;. Wbrew temu, jak mogli\u015bcie to zapami\u0119ta\u0107, TVN wcale nie prze\u0142ama\u0142 zmowy milczenia, bo ta\u015bma trafi\u0142a do telewizyjnego sejfu z kr\u00f3tkim uzasadnieniem Mariusza Waltera \u201eChcecie mi stacj\u0119 wyp&#8230; w powietrze&#8221;.<\/span><\/p>\n<p id=\"block-id-iBe6k0oKDH\" class=\"articleBodyBlock article--paragraph\" style=\"text-align: left;\"><span style=\"color: #000080;\">Jest rok 2002, Lew Rywin przychodzi do Adama Michnika z korupcyjn\u0105 propozycj\u0105 w imieniu \u2013 pono\u0107 \u2013 Leszka Millera. Tomasz Lis ci\u0105gle jest szefem \u201eFakt\u00f3w&#8221;. I cho\u0107 Michnik o korupcyjnej propozycji Rywina opowiedzia\u0142 ka\u017cdemu, kto chcia\u0142 s\u0142ucha\u0107, przez 158 dni ani \u201eFakty&#8221;, ani \u017cadne inne medium si\u0119 o sprawie nie zaj\u0105kn\u0119\u0142o. Trzeba by\u0142o \u017cartobliwej notki duetu Mazurek i Zalewski, \u017ceby zmow\u0119 milczenia prze\u0142ama\u0107. Ale gdy Janina Paradowska w wywiadzie dla \u201ePolityki&#8221; zada\u0142a Millerowi do\u015b\u0107 niewinne pytanie o afer\u0119 Rywina, ten interweniowa\u0142 u Michnika, \u017ceby Michnik pom\u00f3g\u0142 zablokowa\u0107 temat. Ostatecznie pytanie z wywiadu wyci\u0119to. Zaczepi\u0107 o afer\u0119 pr\u00f3bowa\u0142a te\u017c Monika Olejnik w rozmowie z \u00f3wczesnym ministrem sprawiedliwo\u015bci. \u201eBy\u0142am pierwsz\u0105 osob\u0105, kt\u00f3ra zapyta\u0142a Grzegorza Kurczuka o spraw\u0119 Rywina. By\u0142 zaskoczony. Ale inne media nawet nie podj\u0119\u0142y tematu&#8221; \u2013 tak wspomina\u0142a rozmow\u0119, po kt\u00f3rej w \u015brodowisku medialnym zapad\u0142o zgodne milczenie.<\/span><\/p>\n<div id=\"block-id-XXxPnuo-0f\" class=\"articleBodyBlock excerpt--article center customHeight\">\n<div class=\"excerpt w-2\/3 sm:w-54\">\n<blockquote>\n<h5 class=\"title\" style=\"text-align: left;\">Obserwuj\u0119 media od dawna i wiem na pewno, \u017ce \u017cadna w\u0142adza nie by\u0142a tak rozliczana jak obecna, bo trudno sobie nawet dzisiaj wyobrazi\u0107 r\u00f3wnie skuteczne wyciszanie niewygodnych temat\u00f3w w prywatnych mediach.<\/h5>\n<\/blockquote>\n<\/div>\n<\/div>\n<p id=\"block-id-Vdki22tqPT\" class=\"articleBodyBlock article--paragraph\" style=\"text-align: left;\"><span style=\"color: #000080;\">Obserwuj\u0119 media od dawna i wiem na pewno, \u017ce \u017cadna w\u0142adza nie by\u0142a tak rozliczana jak obecna, bo trudno sobie nawet dzisiaj wyobrazi\u0107 r\u00f3wnie skuteczne wyciszanie niewygodnych temat\u00f3w w prywatnych mediach. A to, \u017ce nie wszyscy maj\u0105 ochot\u0119 zej\u015b\u0107 na poziom Tomasza Lisa, tylko tej debacie s\u0142u\u017cy. Bo ten wybitny niegdy\u015b dziennikarz jest teraz opozycyjnym odpowiednikiem prorz\u0105dowych propagandyst\u00f3w. Tylko on akurat s\u0142u\u017cy w\u0142adzy, kt\u00f3ra dopiero przyjdzie.<\/span><\/p>\n<hr style=\"height: 15px; background: #d0e6fa; width: 100%;\">\n<div id=\"content\" class=\"content-alignment\">\n<div id=\"watch-description\" class=\"yt-uix-button-panel\">\n<div id=\"watch-description-text\" style=\"text-align: center;\">\n<p><em>Zawarto\u015b\u0107 publikowanych artyku\u0142\u00f3w i materia\u0142\u00f3w nie reprezentuje pogl\u0105d\u00f3w ani opinii Reunion&#8217;68,<\/em><em><br \/>\nani te\u017c webmastera Blogu Reunion&#8217;68, chyba ze jest to wyra\u017anie zaznaczone.<br \/>\nTwoje uwagi, linki, w\u0142asne artyku\u0142y lub wiadomo\u015bci prze\u015blij na adres:<br \/>\n<\/em><span style=\"color: #000080;\"><strong><em><a style=\"color: #000080;\" href=\"mailto:webmaster@reunion68.com\"><span style=\"text-decoration: underline;\">webmaster@reunion68.com<\/span><\/a><\/em><\/strong><\/span><\/p>\n<\/div>\n<\/div>\n<\/div>\n<hr style=\"width: 100%;\">\n","protected":false},"excerpt":{"rendered":"<p>Foto: PAP\/Piotr Nowak Kataryna: I komu to przeszkadza\u0142o? Katarzyna Sad\u0142o Tomasz Lis: \u201eW Polsce media nie kontroluj\u0105 w\u0142adzy, to w\u0142adza na r\u00f3\u017cne sposoby kontroluje wi\u0119kszo\u015b\u0107 medi\u00f3w albo przynajmniej na nie wp\u0142ywa. Istnieje atrapa wolnych medi\u00f3w. Kontrola w\u0142adzy przez media jest iluzoryczna. Wp\u0142yw w\u0142adzy na media jest faktyczny&#8221;. Jest rok 1999, pijany prezydent Aleksander Kwa\u015bniewski chwieje [&hellip;]<\/p>\n","protected":false},"author":1,"featured_media":0,"comment_status":"closed","ping_status":"closed","sticky":false,"template":"","format":"standard","meta":[],"categories":[6],"tags":[26,24],"_links":{"self":[{"href":"https:\/\/www.reunion68.se\/index.php?rest_route=\/wp\/v2\/posts\/95680"}],"collection":[{"href":"https:\/\/www.reunion68.se\/index.php?rest_route=\/wp\/v2\/posts"}],"about":[{"href":"https:\/\/www.reunion68.se\/index.php?rest_route=\/wp\/v2\/types\/post"}],"author":[{"embeddable":true,"href":"https:\/\/www.reunion68.se\/index.php?rest_route=\/wp\/v2\/users\/1"}],"replies":[{"embeddable":true,"href":"https:\/\/www.reunion68.se\/index.php?rest_route=%2Fwp%2Fv2%2Fcomments&post=95680"}],"version-history":[{"count":6,"href":"https:\/\/www.reunion68.se\/index.php?rest_route=\/wp\/v2\/posts\/95680\/revisions"}],"predecessor-version":[{"id":95694,"href":"https:\/\/www.reunion68.se\/index.php?rest_route=\/wp\/v2\/posts\/95680\/revisions\/95694"}],"wp:attachment":[{"href":"https:\/\/www.reunion68.se\/index.php?rest_route=%2Fwp%2Fv2%2Fmedia&parent=95680"}],"wp:term":[{"taxonomy":"category","embeddable":true,"href":"https:\/\/www.reunion68.se\/index.php?rest_route=%2Fwp%2Fv2%2Fcategories&post=95680"},{"taxonomy":"post_tag","embeddable":true,"href":"https:\/\/www.reunion68.se\/index.php?rest_route=%2Fwp%2Fv2%2Ftags&post=95680"}],"curies":[{"name":"wp","href":"https:\/\/api.w.org\/{rel}","templated":true}]}}