{"id":95684,"date":"2022-05-28T17:00:14","date_gmt":"2022-05-28T15:00:14","guid":{"rendered":"http:\/\/www.reunion68.se\/?p=95684"},"modified":"2022-05-28T09:07:38","modified_gmt":"2022-05-28T07:07:38","slug":"07-00-77","status":"publish","type":"post","link":"https:\/\/www.reunion68.se\/?p=95684","title":{"rendered":"French Prosecutor Will Examine Antisemitic Motive in Brutal Murder of Elderly Jewish Man After All"},"content":{"rendered":"<h5 style=\"text-align: center;\"><a href=\"https:\/\/www.algemeiner.com\/\" target=\"_blank\" rel=\"noopener noreferrer\"><img decoding=\"async\" class=\"center alignleft\" src=\"http:\/\/www.reunion68.com\/Biuletyn\/img\/algem.png\" alt=\"\" width=\"35%\" \/><\/a><span style=\"text-decoration: underline; color: #000080;\"><span><strong><a style=\"color: #000080; text-decoration: underline;\" href=\"https:\/\/www.algemeiner.com\/2022\/05\/27\/french-prosecutor-will-examine-antisemitic-motive-in-brutal-murder-of-elderly-jewish-man-after-all\/\" target=\"_blank\" rel=\"noopener noreferrer\">French Prosecutor Will Examine Antisemitic Motive in Brutal Murder of Elderly Jewish Man After All<\/a><\/strong><\/span><\/span><\/h5>\n<p style=\"text-align: center;\"><span style=\"color: #000000;\"><strong>Ben Cohen<\/strong><\/span><\/p>\n<hr style=\"height: 15px; background: #d0e6fa; width: 100%;\" \/>\n<p style=\"text-align: center;\"><img decoding=\"async\" class=\"aligncenter\" src=\"https:\/\/www.algemeiner.com\/wp-content\/uploads\/2022\/05\/Screen-Shot-2022-05-23-at-10.48.36-AM.jpg\" width=\"100%\" \/><span style=\"color: #808080;\"><em>89-year-old Jewish man Ren\u00e9 Hadjadj was pushed to his death from the 17th floor of an apartment building in Lyon, France. Photo: Twitter<\/em><\/span><\/p>\n<p style=\"text-align: left;\"><span style=\"color: #000080;\">The public prosecutor in the French city of Lyon announced on Friday that he would examine whether the brutal killing on an elderly Jewish man was motivated by antisemitism, one week after local police\u00a0<a style=\"color: #000080;\" href=\"https:\/\/www.algemeiner.com\/2022\/05\/23\/dont-exclude-antisemitic-motive-in-investigation-of-french-jewish-mans-brutal-killing-community-urges\/\" target=\"_blank\" rel=\"noopener noreferrer\">dismissed<\/a>\u00a0the possibility in their own investigation.<\/span><\/p>\n<p style=\"text-align: left;\"><span style=\"color: #000080;\">89-year-old Ren\u00e9 Hadjaj was pushed to his death on May 17 from the balcony on the 17th floor of the apartment building where he lived in the Duch\u00e8re district of Lyon. His fate brought to mind the murder in April 2017 of Sarah Halimi, a Jewish woman who was beaten and tortured in her Paris apartment by an Islamist intruder, who then ejected her from her third-floor window.<\/span><\/p>\n<p style=\"text-align: left;\"><span style=\"color: #000080;\">In a statement on Friday, Lyon\u2019s public prosecutor, Nicolas Jacquet, said that after being alerted to social media posts authored by Hadjaj\u2019s accused killer, he had decided to \u201cextend the referral to the investigating judges to the aggravating circumstance of an act committed for reasons of the victim belonging to a specific ethnic group, nation, race or religion.\u201d<\/span><\/p>\n<p style=\"text-align: left;\"><span style=\"color: #000080;\">Jacquet explained that while the initial police investigation had ruled out the killing as an antisemitic act,\u00a0<span style=\"text-decoration: underline;\"><strong><a style=\"color: #000080; text-decoration: underline;\" href=\"https:\/\/www.algemeiner.com\/2022\/05\/23\/dont-exclude-antisemitic-motive-in-investigation-of-french-jewish-mans-brutal-killing-community-urges\/\" target=\"_blank\" rel=\"noopener noreferrer\">to the dismay of the French Jewish community<\/a>,<\/strong> <\/span>\u201cno investigative hypothesis\u201d had been ignored.<\/span><\/p>\n<p style=\"text-align: left;\"><span style=\"color: #000080;\">\u201cThe judicial investigation is therefore now continuing on the count of intentional homicide on the grounds of the victim\u2019s belonging to a specific ethnic group, nation, race or religion,\u201d he reiterated.<\/span><\/p>\n<p style=\"text-align: left;\"><span style=\"color: #000080;\">Hadjaj\u2019s accused killer has been named as 51-year-old Rachid Khechiche, who regularly received visits from Hadjaj at his home in the apartment building where they both lived.<\/span><\/p>\n<p style=\"text-align: left;\"><span style=\"color: #000080;\">Local news outlet\u00a0<em>Le Progr\u00e8s<\/em>, which first reported on Hadjaj\u2019s killing, disclosed that Khechiche frequented antisemitic websites and social media feeds. On his Twitter feed, followed by 65 people, Khechiche described himself as a woman who was \u201cborn in France to parents of Algerian origin, fed with social communism in the schools of the Republic, social centers and rehabilitation association.\u201d He signed off his profile with the French phrase \u201c<em>y\u2019en a marre<\/em>\u201d \u2014 \u201cwe are fed up.\u201d<\/span><\/p>\n<p style=\"text-align: left;\"><span style=\"color: #000080;\">The paper said that Khechiche was fixated on the \u201cSayanim\u201d \u2014 an antisemitic conspiracy theory claiming that the Mossad, Israel\u2019s secret service, uses prominent Jews in the diaspora as its agents, with the goal of clamping down on expressions of solidarity with the Palestinians.<\/span><\/p>\n<p style=\"text-align: left;\"><span style=\"color: #000080;\">Among the individuals targeted by Khechiche on social media was the French-Jewish lawyer Gilles-William Goldnadel, whose clients include the family of Sarah Halimi. Goldnadel was labeled a \u201ctraitor to France\u201d by Khechiche in a tweet posted nearly two years ago.<\/span><\/p>\n<p style=\"text-align: left;\"><span style=\"color: #000080;\">On Friday, Goldnadel said on Twitter that Khechiche had \u201creminded me of my origins in the manner of the Islamists.\u201d He added, \u201cthe antisemitic truth is now no longer hidden. I won\u2019t let go.\u201d<\/span><\/p>\n<p style=\"text-align: left;\"><span style=\"color: #000080;\">The rise of violent antisemitism in France over the last 20 years has featured several incidents of Jews being held captive and beaten in their own homes by antisemitic intruders. One year after Sarah Halimi\u2019s murder, 85-year-old\u00a0<span style=\"text-decoration: underline;\"><strong><a style=\"color: #000080; text-decoration: underline;\" href=\"https:\/\/www.algemeiner.com\/2021\/11\/10\/justice-has-been-done-antisemitic-murderer-of-holocaust-survivor-mireille-knoll-sentenced-to-life-imprisonment-by-french-court\/\" target=\"_blank\" rel=\"noopener noreferrer\">Mireille Knoll<\/a><\/strong><\/span>, a Holocaust survivor, was stabbed and burned to death by two men, one of whom she had known since childhood, while in Sept. 2017, three members of the\u00a0<a style=\"color: #000080;\" href=\"https:\/\/www.algemeiner.com\/2017\/09\/11\/they-threatened-to-kill-us-french-jewish-family-recounts-ordeal-at-hands-of-antisemitic-gang-near-paris\/\" target=\"_blank\" rel=\"noopener noreferrer\">Pinto family<\/a>\u00a0were subjected to a vicious assault and robbery by an antisemitic gang who broke into their Paris home.<\/span><\/p>\n<p style=\"text-align: left;\"><span style=\"color: #000080;\">Earlier this year, the Jewish community in Paris was stunned by the death of 31-year-old J\u00e9r\u00e9my Cohen, who was fatally struck by a moving tram in the Paris suburb of Bobigny as he fled from a gang assault. Cohen\u2019s mother later\u00a0<a style=\"color: #000080;\" href=\"https:\/\/www.algemeiner.com\/2022\/04\/07\/mother-of-jeremy-cohen-killed-while-fleeing-from-gang-assault-in-paris-urges-caution-on-claim-of-antisemitism\/\" target=\"_blank\" rel=\"noopener noreferrer\"><span style=\"text-decoration: underline;\"><strong>urged \u201ccaution<\/strong><\/span>\u201d<\/a>\u00a0in ascribing an antisemitic motive behind the attack on her son, whose kippah, which could have identified him as a Jew, was discovered at the scene<\/span>.<\/p>\n<hr style=\"height: 15px; background: #d0e6fa; width: 100%;\" \/>\n<div id=\"content\" class=\"content-alignment\">\n<div id=\"watch-description\" class=\"yt-uix-button-panel\">\n<div id=\"watch-description-text\" style=\"text-align: center;\">\n<p><em>Zawarto\u015b\u0107 publikowanych artyku\u0142\u00f3w i materia\u0142\u00f3w nie reprezentuje pogl\u0105d\u00f3w ani opinii Reunion&#8217;68,<\/em><em><br \/>\nani te\u017c webmastera Blogu Reunion&#8217;68, chyba ze jest to wyra\u017anie zaznaczone.<br \/>\nTwoje uwagi, linki, w\u0142asne artyku\u0142y lub wiadomo\u015bci prze\u015blij na adres:<br \/>\n<\/em><span style=\"color: #000080;\"><strong><em><a style=\"color: #000080;\" href=\"mailto:webmaster@reunion68.com\"><span style=\"text-decoration: underline;\">webmaster@reunion68.com<\/span><\/a><\/em><\/strong><\/span><\/p>\n<\/div>\n<\/div>\n<\/div>\n<hr style=\"width: 100%;\" \/>\n","protected":false},"excerpt":{"rendered":"<p>French Prosecutor Will Examine Antisemitic Motive in Brutal Murder of Elderly Jewish Man After All Ben Cohen 89-year-old Jewish man Ren\u00e9 Hadjadj was pushed to his death from the 17th floor of an apartment building in Lyon, France. Photo: Twitter The public prosecutor in the French city of Lyon announced on Friday that he would [&hellip;]<\/p>\n","protected":false},"author":1,"featured_media":0,"comment_status":"closed","ping_status":"closed","sticky":false,"template":"","format":"standard","meta":[],"categories":[6],"tags":[26,24],"_links":{"self":[{"href":"https:\/\/www.reunion68.se\/index.php?rest_route=\/wp\/v2\/posts\/95684"}],"collection":[{"href":"https:\/\/www.reunion68.se\/index.php?rest_route=\/wp\/v2\/posts"}],"about":[{"href":"https:\/\/www.reunion68.se\/index.php?rest_route=\/wp\/v2\/types\/post"}],"author":[{"embeddable":true,"href":"https:\/\/www.reunion68.se\/index.php?rest_route=\/wp\/v2\/users\/1"}],"replies":[{"embeddable":true,"href":"https:\/\/www.reunion68.se\/index.php?rest_route=%2Fwp%2Fv2%2Fcomments&post=95684"}],"version-history":[{"count":4,"href":"https:\/\/www.reunion68.se\/index.php?rest_route=\/wp\/v2\/posts\/95684\/revisions"}],"predecessor-version":[{"id":95706,"href":"https:\/\/www.reunion68.se\/index.php?rest_route=\/wp\/v2\/posts\/95684\/revisions\/95706"}],"wp:attachment":[{"href":"https:\/\/www.reunion68.se\/index.php?rest_route=%2Fwp%2Fv2%2Fmedia&parent=95684"}],"wp:term":[{"taxonomy":"category","embeddable":true,"href":"https:\/\/www.reunion68.se\/index.php?rest_route=%2Fwp%2Fv2%2Fcategories&post=95684"},{"taxonomy":"post_tag","embeddable":true,"href":"https:\/\/www.reunion68.se\/index.php?rest_route=%2Fwp%2Fv2%2Ftags&post=95684"}],"curies":[{"name":"wp","href":"https:\/\/api.w.org\/{rel}","templated":true}]}}