{"id":95735,"date":"2022-05-30T17:09:36","date_gmt":"2022-05-30T15:09:36","guid":{"rendered":"http:\/\/www.reunion68.se\/?p=95735"},"modified":"2022-05-30T15:19:12","modified_gmt":"2022-05-30T13:19:12","slug":"09-09-64","status":"publish","type":"post","link":"https:\/\/www.reunion68.se\/?p=95735","title":{"rendered":"Pu\u0142kownik Gwardii Rewolucyjnej zabity w Teheranie. Iran oskar\u017ca Izrael"},"content":{"rendered":"<p style=\"text-align: center;\"><img decoding=\"async\" class=\"aligncenter\" src=\"https:\/\/bi.im-g.pl\/im\/1c\/2c\/1b\/z28492060V,Ludzie-przechodza-obok-transparentu-przedstawiajac.jpg\" width=\"100%\" \/><span style=\"color: #808080;\"><em>Ludzie przechodz\u0105 obok transparentu przedstawiaj\u0105cego pu\u0142kownika Gwardii Rewolucyjnej Iranu, Sajada Chodaiego, kt\u00f3ry zosta\u0142 zabity w niedziel\u0119, wtorek, 24 maja 2022 (Fot. Vahid Salemi \/ AP Photo)<\/em><\/span><\/p>\n<hr \/>\n<h5 style=\"text-align: center;\"><a href=\"https:\/\/wyborcza.pl\/\" target=\"_blank\" rel=\"noopener noreferrer\"><img decoding=\"async\" class=\"center alignleft\" src=\"http:\/\/www.reunion68.com\/Biuletyn\/img\/wyborcza.png\" alt=\"\" width=\"35%\" \/><\/a><span style=\"text-decoration: underline; color: #000080;\"><strong><a style=\"color: #000080; text-decoration: underline;\" href=\"https:\/\/wyborcza.pl\/7,75399,28491901,pulkownik-gwardii-rewolucyjnej-zabity-w-teheranie-iran-oskarza.html\" target=\"_blank\" rel=\"noopener noreferrer\">Pu\u0142kownik Gwardii Rewolucyjnej zabity w Teheranie. Iran oskar\u017ca Izrael<\/a><\/strong><\/span><\/h5>\n<p style=\"text-align: center;\"><span style=\"color: #000000;\"><strong>Robert Stefanicki<\/strong><\/span><\/p>\n<hr style=\"height: 15px; background: #d0e6fa; width: 100%;\" \/>\n<h4 style=\"text-align: center;\"><span style=\"color: #808080;\"><strong>Zab\u00f3jstwo Sajada Chodaiego to najpowa\u017cniejszy zamach w Iranie od dw\u00f3ch lat, kiedy to w podobny spos\u00f3b zgin\u0105\u0142 czo\u0142owy ira\u0144ski atomista Mohsen Fakhrizadeh. Prezydent Iranu zapowiedzia\u0142 odwet.<\/strong><\/span><\/h4>\n<p>.<\/p>\n<p class=\"art_paragraph\" style=\"text-align: left;\"><span style=\"color: #000080;\">Wed\u0142ug pa\u0144stwowej agencji informacyjnej IRNA w niedzielne popo\u0142udnie dw\u00f3ch bandyt\u00f3w na motocyklu otworzy\u0142o ogie\u0144 do Sajada Chodaiego, gdy wysiada\u0142 z samochodu przed swoim domem we wschodnim Teheranie. Opublikowano zdj\u0119cie m\u0119\u017cczyzny le\u017c\u0105cego na siedzeniu kierowcy. Auto mia\u0142o rozbite okno po stronie pasa\u017cera.<\/span><\/p>\n<p class=\"art_paragraph\" style=\"text-align: center;\"><span class=\"imageUOM parent-box-label-related\"><img decoding=\"async\" class=\"aligncenter\" src=\"https:\/\/bi.im-g.pl\/im\/1a\/2c\/1b\/z28492058IH,Czlonkowie-rodziny-plk-Sajada-Chodaiego-placza-nad.jpg\" alt=\"Cz\u0142onkowie rodziny p\u0142k Sajada Chodaiego p\u0142acz\u0105 nad jego cia\u0142em w jego samochodzie po tym, jak zosta\u0142 zastrzelony przez dw\u00f3ch napastnik\u00f3w w Teheranie, Iran, niedziela, 22 maja\" width=\"100%\" \/><span style=\"color: #808080;\"><em><span class=\"photoAuthor\"><span class=\"photoTitle\">Cz\u0142onkowie rodziny p\u0142k Sajada Chodaiego p\u0142acz\u0105 nad jego cia\u0142em w jego samochodzie po tym, jak zosta\u0142 zastrzelony przez dw\u00f3ch napastnik\u00f3w w Teheranie, Iran, niedziela, 22 maja<\/span>\u00a0Fot. AP<\/span><\/em><\/span><\/span><\/p>\n<h5 class=\"art_sub_title\" style=\"text-align: left;\"><strong>Sajad Chodai, prominentny Stra\u017cnik Rewolucji Islamskiej<\/strong><\/h5>\n<p class=\"art_paragraph\" style=\"text-align: left;\"><span style=\"color: #000080;\">Sajad Chodai by\u0142 cz\u0142onkiem elitarnych si\u0142 Ghods (Kuds), oddzia\u0142u pot\u0119\u017cnego Korpusu Stra\u017cnik\u00f3w Rewolucji Islamskiej,\u00a0<a class=\"art_link\" style=\"color: #000080;\" href=\"https:\/\/wyborcza.pl\/7,75399,27019587,to-jednak-gwardia-rewolucyjna-decyduje-o-polityce-iranu-wycieklo.html\" rel=\"dofollow\">zwanej potocznie Gwardi\u0105 Rewolucyjn\u0105<\/a>, zajmuj\u0105cego si\u0119 operacjami zagranicznymi.<\/span><\/p>\n<p class=\"art_paragraph\" style=\"text-align: left;\"><span style=\"color: #000080;\">Si\u0142y Ghods nadzoruj\u0105 szyickie milicje, kt\u00f3re walczy\u0142y u boku wojsk prezydenta Baszara al-Asada w wojnie domowej w Syrii. Steruj\u0105 te\u017c kilkoma szyickimi milicjami w Iraku, kt\u00f3re znacznie uros\u0142y w si\u0142\u0119 od czasu pokonania terrorystycznego Pa\u0144stwa Islamskiego. W obu tych krajach Iran umocni\u0142 swoj\u0105 obecno\u015b\u0107 w ci\u0105gu ostatniej dekady i zyska\u0142 ogromne wp\u0142ywy polityczne.<\/span><\/p>\n<p class=\"art_paragraph\" style=\"text-align: left;\"><span style=\"color: #000080;\">Chodai by\u0142 bliskim wsp\u00f3\u0142pracownikiem\u00a0<a class=\"art_link\" style=\"color: #000080;\" href=\"https:\/\/wyborcza.pl\/7,75399,25563135,niesamowita-kariera-iranskiego-generala-kim-byl-kassim-sulejmani.html\" rel=\"dofollow\">genera\u0142a Kassima Sulejmaniego<\/a>, najwy\u017cszego dow\u00f3dcy si\u0142 Ghods, kt\u00f3ry\u00a0<a class=\"art_link\" style=\"color: #000080;\" href=\"https:\/\/wyborcza.pl\/7,75399,28011245,zabity-przez-amerykanow-iranski-general-niczym-swiety-teheran.html\" rel=\"dofollow\">w styczniu 2020 r. zosta\u0142 zabity w Bagdadzie z ameryka\u0144skiego drona<\/a>. R\u00f3wnie\u017c wtedy Teheran zapowiedzia\u0142 odwet, lecz ograniczy\u0142 si\u0119 on do ostrzelania rakietami\u00a0bazy USA w Iraku.<\/span><\/p>\n<p class=\"art_paragraph\" style=\"text-align: center;\"><span class=\"imageUOM parent-box-label-related\"><img decoding=\"async\" class=\"aligncenter\" src=\"https:\/\/bi.im-g.pl\/im\/19\/2c\/1b\/z28492057IH,Zalobnicy-biora-udzial-w-ceremonii-pogrzebowej-plk.jpg\" alt=\"\u017ba\u0142obnicy bior\u0105 udzia\u0142 w ceremonii pogrzebowej p\u0142k Sajada Chodaiego z Gwardii Rewolucyjnej Iranu, pokazanego na plakacie, kt\u00f3ry zgin\u0105\u0142 w niedziel\u0119 w Teheranie, Iran, we wtorek, 24 maja 2022\" width=\"100%\" \/><span style=\"color: #808080;\"><em><span class=\"photoAuthor\"><span class=\"photoTitle\">\u017ba\u0142obnicy bior\u0105 udzia\u0142 w ceremonii pogrzebowej p\u0142k Sajada Chodaiego z Gwardii Rewolucyjnej Iranu, pokazanego na plakacie, kt\u00f3ry zgin\u0105\u0142 w niedziel\u0119 w Teheranie, Iran, we wtorek, 24 maja 2022<\/span>\u00a0Fot. Vahid Salemi \/ AP Photo<\/span><\/em><\/span><\/span><\/p>\n<h5 class=\"art_sub_title\" style=\"text-align: left;\"><strong>Iran negocjuje nowy uk\u0142ad nuklearny, Izrael si\u0119 sprzeciwia<\/strong><\/h5>\n<p class=\"art_paragraph\" style=\"text-align: left;\"><span style=\"color: #000080;\">Stany Zjednoczone oskar\u017caj\u0105 si\u0142y Ghods o uzbrajanie, finansowanie i szkolenie grup terrorystycznych na Bliskim Wschodzie, odpowiedzialno\u015b\u0107 za \u015bmier\u0107 setek ameryka\u0144skich \u017co\u0142nierzy w regionie oraz o planowanie atak\u00f3w w r\u00f3\u017cnych miejscach. Za kadencji Donalda Trumpa Departament Stanu uzna\u0142 ca\u0142\u0105 Gwardi\u0119 Rewolucyjn\u0105, w tym Ghods, za organizacje terrorystyczne.<\/span><\/p>\n<p class=\"art_paragraph\" style=\"text-align: left;\"><span style=\"color: #000080;\">Iran domaga si\u0119 zmiany tej decyzji. Nieoficjalnie m\u00f3wi si\u0119, \u017ce ta sprawa stoi na przeszkodzie w podpisaniu nowej umowy nuklearnej, negocjowanej od miesi\u0119cy przez Iran, USA, mocarstwa europejskie, Chiny i Rosj\u0119. Wskrzeszenie porozumienia wi\u0105za\u0142oby si\u0119 ze z\u0142agodzeniem sankcji wobec Iranu, w tym zniesieniem zakazu zakupu ira\u0144skiej ropy, a by\u0142oby to bardzo po\u017c\u0105dane w sytuacji utrzymuj\u0105cych si\u0119 wysokich cen tego surowca, co walnie przyczynia si\u0119 do inflacji na ca\u0142ym \u015bwiecie.<\/span><\/p>\n<p class=\"art_paragraph\" style=\"text-align: left;\"><span style=\"color: #000080;\">Normalizacji stosunk\u00f3w z Teheranem sprzeciwiaj\u0105 si\u0119 sojusznicy USA w regionie, zw\u0142aszcza Izrael. Wskutek zerwania przez Donalda Trumpa umowy zamra\u017caj\u0105cej ira\u0144ski program atomowy kraj ten poczyni\u0142 znaczne post\u0119py i wed\u0142ug \u017ar\u00f3de\u0142 izraelskiego wywiadu jest &#8220;o kilka tygodni&#8221; od wyprodukowania nie jednej, ale czterech bomb atomowych. Izrael, sam dysponuj\u0105cy broni\u0105 atomow\u0105, czuje si\u0119 zagro\u017cony \u2013 Republika Islamska to g\u0142\u00f3wny wr\u00f3g pa\u0144stwa \u017cydowskiego.<\/span><\/p>\n<p class=\"art_paragraph\" style=\"text-align: center;\"><span class=\"imageUOM parent-box-label-related\"><img decoding=\"async\" class=\"aligncenter\" src=\"https:\/\/bi.im-g.pl\/im\/1b\/2c\/1b\/z28492059IH,Zalobnicy-podazaja-za-ciezarowka-przewozaca-udrapo.jpg\" alt=\"\u017ba\u0142obnicy pod\u0105\u017caj\u0105 za ci\u0119\u017car\u00f3wk\u0105 przewo\u017c\u0105c\u0105 udrapowan\u0105 flag\u0119 trumn\u0119 pu\u0142kownika Gwardii Rewolucyjnej Iranu Sajada Chodaiego, kt\u00f3ry zosta\u0142 zabity w niedziel\u0119.\" width=\"100%\" \/><span style=\"color: #808080;\"><em><span class=\"photoAuthor\"><span class=\"photoTitle\">\u017ba\u0142obnicy pod\u0105\u017caj\u0105 za ci\u0119\u017car\u00f3wk\u0105 przewo\u017c\u0105c\u0105 udrapowan\u0105 flag\u0119 trumn\u0119 pu\u0142kownika Gwardii Rewolucyjnej Iranu Sajada Chodaiego, kt\u00f3ry zosta\u0142 zabity w niedziel\u0119.<\/span>\u00a0Fot. Vahid Salemi \/ AP Photo<\/span><\/em><\/span><\/span><\/p>\n<h5 class=\"art_sub_title\" style=\"text-align: left;\"><strong>Prezydent Iranu zapowiada odwet<\/strong><\/h5>\n<p class=\"art_paragraph\" style=\"text-align: left;\"><span style=\"color: #000080;\">W ci\u0105gu ostatnich lat Izraelczycy przeprowadzili kilka atak\u00f3w na ira\u0144skie obiekty nuklearne. Dziwnym trafem jeden po drugim gin\u0119li te\u017c ira\u0144scy naukowcy i urz\u0119dnicy zaanga\u017cowani w program atomowy \u2013 zwykle, tak jak Chodai, zabici z pistoletu z t\u0142umikiem przez zamachowca na motocyklu.\u00a0<a class=\"art_link\" style=\"color: #000080;\" href=\"https:\/\/wyborcza.pl\/7,75399,26558830,czy-zamach-na-iranskiego-atomiste-jest-elementem-zlowrogiego.html\" rel=\"dofollow\">W listopadzie 2020 r. ten los spotka\u0142 czo\u0142owego atomist\u0119 Mohsena Fakhrizadeha<\/a>.<\/span><\/p>\n<p class=\"art_paragraph\" style=\"text-align: left;\"><span style=\"color: #000080;\">Tak jak wtedy, tak i teraz \u017cadna grupa ani kraj nie wzi\u0119\u0142y odpowiedzialno\u015bci za zab\u00f3jstwo.<\/span><\/p>\n<p class=\"art_paragraph\" style=\"text-align: left;\"><span style=\"color: #000080;\">Prezydent Iranu Ebrahim Raisi wezwa\u0142 w poniedzia\u0142ek do z\u0142apania napastnik\u00f3w i zapowiedzia\u0142 odwet.<\/span><\/p>\n<p class=\"art_paragraph\" style=\"text-align: left;\"><span style=\"color: #000080;\">\u2013 Mordercy b\u0119d\u0105 \u015bcigani przez funkcjonariuszy bezpiecze\u0144stwa i nie mam w\u0105tpliwo\u015bci, \u017ce krew tego wielkiego m\u0119czennika zostanie pomszczona. Nie ma w\u0105tpliwo\u015bci, \u017ce w tej zbrodni wida\u0107 r\u0119k\u0119 globalnej arogancji \u2013 doda\u0142, u\u017cywaj\u0105c terminu u\u017cywanego przez Iran na okre\u015blenie Izraela i Stan\u00f3w Zjednoczonych.<\/span><\/p>\n<p class=\"art_paragraph\" style=\"text-align: left;\"><span style=\"color: #000080;\">Ira\u0144scy urz\u0119dnicy twierdzili, \u017ce aresztowali jakich\u015b \u201esyjonistycznych agent\u00f3w&#8221;, ale nie przedstawiono na to \u017cadnych dowod\u00f3w.<\/span><\/p>\n<p class=\"art_paragraph\" style=\"text-align: center;\"><span class=\"imageUOM parent-box-label-related\"><img decoding=\"async\" class=\"aligncenter\" src=\"https:\/\/bi.im-g.pl\/im\/1d\/2c\/1b\/z28492061IH,Zalobnicy-gromadza-sie-wokol-ciezarowki-przewozace.jpg\" alt=\"\u017ba\u0142obnicy gromadz\u0105 si\u0119 wok\u00f3\u0142 ci\u0119\u017car\u00f3wki przewo\u017c\u0105cej trumn\u0119 pu\u0142kownika Gwardii Rewolucyjnej Iranu Sajada Chodaiego, kt\u00f3ry zosta\u0142 zabity w niedziel\u0119, ceremonia pogrzebowa, wtorek 24 maja 2022 r.\" width=\"100%\" \/><span style=\"color: #808080;\"><em><span class=\"photoAuthor\"><span class=\"photoTitle\">\u017ba\u0142obnicy gromadz\u0105 si\u0119 wok\u00f3\u0142 ci\u0119\u017car\u00f3wki przewo\u017c\u0105cej trumn\u0119 pu\u0142kownika Gwardii Rewolucyjnej Iranu Sajada Chodaiego, kt\u00f3ry zosta\u0142 zabity w niedziel\u0119, ceremonia pogrzebowa, wtorek 24 maja 2022 r.<\/span>\u00a0Fot. Vahid Salemi \/ AP Photo<\/span><\/em><\/span><\/span><\/p>\n<h5 class=\"art_sub_title\" style=\"text-align: left;\"><strong>Czy za zamachem sta\u0142 Izrael?<\/strong><\/h5>\n<p class=\"art_paragraph\" style=\"text-align: left;\"><span style=\"color: #000080;\">Izrael, jak zawsze w takich sytuacjach, nie potwierdzi\u0142 swojego udzia\u0142u w zamachu ani mu nie zaprzeczy\u0142.<\/span><\/p>\n<p class=\"art_paragraph\" style=\"text-align: left;\"><span style=\"color: #000080;\">Tamtejsze media poda\u0142y w poniedzia\u0142ek, \u017ce p\u0142k Chodai mia\u0142 by\u0107 zaanga\u017cowany w planowanie atak\u00f3w na izraelskie i \u017cydowskie cele na ca\u0142ym \u015bwiecie. Wed\u0142ug gazety \u201eHaarec&#8221; prawdopodobnie sta\u0142 on za domniemanym ira\u0144skim spiskiem maj\u0105cym na celu zabicie biznesmen\u00f3w na Cyprze, w tym miliardera Teddiego Sagi, a tak\u017ce uderzenie w innych izraelskich przedsi\u0119biorc\u00f3w w Afryce, Ameryce Po\u0142udniowej i Turcji.<\/span><\/p>\n<p class=\"art_paragraph\" style=\"text-align: left;\"><span style=\"color: #000080;\">Wspomniano r\u00f3wnie\u017c o niedawnych usi\u0142owaniach zabicia pracownika konsulatu izraelskiego w Turcji. Plan mia\u0142 zosta\u0107 udaremniony przez Mosad, izraelsk\u0105 agencj\u0119 wywiadu.<\/span><\/p>\n<p class=\"art_paragraph\" style=\"text-align: left;\"><span style=\"color: #000080;\">Ram Ben-Barak, by\u0142y zast\u0119pca szefa Mosadu, kt\u00f3ry obecnie przewodniczy komisji spraw zagranicznych i obrony izraelskiego parlamentu, powiedzia\u0142, \u017ce Chodai by\u0142 mu znany. &#8211; Nie chc\u0119 wchodzi\u0107 w szczeg\u00f3\u0142y tego, co si\u0119 sta\u0142o, ani kto co zrobi\u0142. Zdarzy\u0142o si\u0119 zab\u00f3jstwo \u2013 powiedzia\u0142 w izraelskim radiu Kan. \u2013 Czy powinienem powiedzie\u0107, \u017ce jest mi przykro, \u017ce ju\u017c go z nami nie ma? Nie jest mi przykro.<\/span><\/p>\n<hr style=\"height: 15px; background: #d0e6fa; width: 100%;\" \/>\n<div id=\"content\" class=\"content-alignment\">\n<div id=\"watch-description\" class=\"yt-uix-button-panel\">\n<div id=\"watch-description-text\" style=\"text-align: center;\">\n<p><em>Zawarto\u015b\u0107 publikowanych artyku\u0142\u00f3w i materia\u0142\u00f3w nie reprezentuje pogl\u0105d\u00f3w ani opinii Reunion&#8217;68,<\/em><em><br \/>\nani te\u017c webmastera Blogu Reunion&#8217;68, chyba ze jest to wyra\u017anie zaznaczone.<br \/>\nTwoje uwagi, linki, w\u0142asne artyku\u0142y lub wiadomo\u015bci prze\u015blij na adres:<br \/>\n<\/em><span style=\"color: #000080;\"><strong><em><a style=\"color: #000080;\" href=\"mailto:webmaster@reunion68.com\"><span style=\"text-decoration: underline;\">webmaster@reunion68.com<\/span><\/a><\/em><\/strong><\/span><\/p>\n<\/div>\n<\/div>\n<\/div>\n<hr style=\"width: 100%;\" \/>\n","protected":false},"excerpt":{"rendered":"<p>Ludzie przechodz\u0105 obok transparentu przedstawiaj\u0105cego pu\u0142kownika Gwardii Rewolucyjnej Iranu, Sajada Chodaiego, kt\u00f3ry zosta\u0142 zabity w niedziel\u0119, wtorek, 24 maja 2022 (Fot. Vahid Salemi \/ AP Photo) Pu\u0142kownik Gwardii Rewolucyjnej zabity w Teheranie. Iran oskar\u017ca Izrael Robert Stefanicki Zab\u00f3jstwo Sajada Chodaiego to najpowa\u017cniejszy zamach w Iranie od dw\u00f3ch lat, kiedy to w podobny spos\u00f3b zgin\u0105\u0142 czo\u0142owy [&hellip;]<\/p>\n","protected":false},"author":1,"featured_media":0,"comment_status":"closed","ping_status":"closed","sticky":false,"template":"","format":"standard","meta":[],"categories":[6],"tags":[26,24],"_links":{"self":[{"href":"https:\/\/www.reunion68.se\/index.php?rest_route=\/wp\/v2\/posts\/95735"}],"collection":[{"href":"https:\/\/www.reunion68.se\/index.php?rest_route=\/wp\/v2\/posts"}],"about":[{"href":"https:\/\/www.reunion68.se\/index.php?rest_route=\/wp\/v2\/types\/post"}],"author":[{"embeddable":true,"href":"https:\/\/www.reunion68.se\/index.php?rest_route=\/wp\/v2\/users\/1"}],"replies":[{"embeddable":true,"href":"https:\/\/www.reunion68.se\/index.php?rest_route=%2Fwp%2Fv2%2Fcomments&post=95735"}],"version-history":[{"count":6,"href":"https:\/\/www.reunion68.se\/index.php?rest_route=\/wp\/v2\/posts\/95735\/revisions"}],"predecessor-version":[{"id":95751,"href":"https:\/\/www.reunion68.se\/index.php?rest_route=\/wp\/v2\/posts\/95735\/revisions\/95751"}],"wp:attachment":[{"href":"https:\/\/www.reunion68.se\/index.php?rest_route=%2Fwp%2Fv2%2Fmedia&parent=95735"}],"wp:term":[{"taxonomy":"category","embeddable":true,"href":"https:\/\/www.reunion68.se\/index.php?rest_route=%2Fwp%2Fv2%2Fcategories&post=95735"},{"taxonomy":"post_tag","embeddable":true,"href":"https:\/\/www.reunion68.se\/index.php?rest_route=%2Fwp%2Fv2%2Ftags&post=95735"}],"curies":[{"name":"wp","href":"https:\/\/api.w.org\/{rel}","templated":true}]}}