{"id":95739,"date":"2022-05-30T17:00:40","date_gmt":"2022-05-30T15:00:40","guid":{"rendered":"http:\/\/www.reunion68.se\/?p=95739"},"modified":"2022-05-30T15:33:27","modified_gmt":"2022-05-30T13:33:27","slug":"09-00-71","status":"publish","type":"post","link":"https:\/\/www.reunion68.se\/?p=95739","title":{"rendered":"Actor Liev Schreiber Says Jewish Grandfather\u2019s Roots Inspired His Relief Efforts in Ukraine"},"content":{"rendered":"<h5 style=\"text-align: center;\"><a href=\"https:\/\/www.algemeiner.com\/\" target=\"_blank\" rel=\"noopener noreferrer\"><img decoding=\"async\" class=\"center alignleft\" src=\"http:\/\/www.reunion68.com\/Biuletyn\/img\/algem.png\" alt=\"\" width=\"35%\" \/><\/a><span style=\"text-decoration: underline; color: #000080;\"><span><strong><a style=\"color: #000080; text-decoration: underline;\" href=\"https:\/\/www.algemeiner.com\/2022\/05\/26\/actor-liev-schreiber-says-jewish-grandfathers-roots-inspired-his-relief-efforts-in-ukraine\/\" target=\"_blank\" rel=\"noopener noreferrer\">Actor Liev Schreiber Says Jewish Grandfather\u2019s Roots Inspired His Relief Efforts in Ukraine<\/a><\/strong><\/span><\/span><\/h5>\n<p style=\"text-align: center;\"><span style=\"color: #000000;\"><strong>Shiryn Ghermezian<\/strong><\/span><\/p>\n<hr style=\"height: 15px; background: #d0e6fa; width: 100%;\" \/>\n<p style=\"text-align: center;\"><img decoding=\"async\" class=\"aligncenter\" src=\"https:\/\/www.algemeiner.com\/wp-content\/uploads\/2022\/04\/Liev_Schreiber_by_Gage_Skidmore_2-1.jpg\" width=\"100%\" \/><span style=\"color: #808080;\"><em>Actor Liev Schreiber. Photo: Gage Skidmore\/Wikimedia Commons.<\/em><\/span><\/p>\n<p style=\"text-align: left;\"><span style=\"color: #000080;\">Jewish actor and director Liev Schreiber told a radio program that his Jewish maternal grandfather\u2019s ties to Ukraine pushed him to help residents of the country during the ongoing invasion by Russia.<\/span><\/p>\n<p style=\"text-align: left;\"><span style=\"color: #000080;\">The \u201cRay Donovan\u201d star was in Poland\u00a0<a style=\"color: #000080;\" href=\"https:\/\/www.instagram.com\/p\/CcVD2ueqo0q\/\" target=\"_blank\" rel=\"noopener noreferrer\">last month<\/a>\u00a0serving food to Ukrainian refugees for Passover, and in March, he co-founded the\u00a0<a style=\"color: #000080;\" href=\"https:\/\/usukraine.org\/bluecheck\" target=\"_blank\" rel=\"noopener noreferrer\">BlueCheck Ukraine<\/a>\u00a0organization, which identifies, vets and provides financial support to frontline aid groups aiding Ukrainians.<\/span><\/p>\n<p style=\"text-align: left;\"><span style=\"color: #000080;\">At a recent fundraiser for BlueCheck Ukraine in Washington, DC, Schreiber spoke to\u00a0<em>NPR<\/em>\u2018s \u201c<a style=\"color: #000080;\" href=\"https:\/\/www.npr.org\/transcripts\/1100564550\" target=\"_blank\" rel=\"noopener noreferrer\">All Things Considered<\/a>\u201d about his grandfather Alex Milgram, a Jewish immigrant from Ukraine and Poland who survived the Holocaust.<\/span><\/p>\n<p style=\"text-align: left;\"><span style=\"color: #000080;\">\u201cMy mother and father separated when I was very young. And so in many respects, Alex \u2026 raised me in New York City,\u201d Schreiber explained. \u201cAnd he was a huge influence on me. And he died right after I got out of graduate school. And I had this kind of powerful, emotional feeling about him when he died that I hadn\u2019t bothered to get to know him. And it was something that really motivated and inspired a lot of the work I did from that time forward.\u201d<\/span><\/p>\n<p style=\"text-align: left;\"><span style=\"color: #000080;\">He added that when he saw images of the conflict in Ukraine, he connected to the crisis, and compelled to act. \u201cIt made me feel like I was related,\u201d he said.<\/span><\/p>\n<p style=\"text-align: left;\"><span style=\"color: #000080;\">Schreiber also shared memories about his grandfather, telling the radio show, \u201che played football, and he was a hockey player. And there were all these things that people said Jews didn\u2019t do that my grandfather did that I loved. He was the kind of guy that would slap me in the back of the head if I didn\u2019t open a door for somebody \u2014 not hard, but hard enough.\u201d<\/span><\/p>\n<p style=\"text-align: left;\"><span style=\"color: #000080;\">The filmmaker\u2019s grandfather did not speak much about his experience in the Holocaust, Schreiber said. Still, his interest in learning about his grandfather\u2019s past ultimately led him to write a screenplay about a young American who visits Ukraine to explore his heritage \u2014 which he scrapped before ultimately directing the film adaptation of \u201cEverything Is Illuminated,\u201d in 2005. The movie, which was Schreiber\u2019s directorial debut, is about an American Jewish man who travels to Ukraine to find the woman who saved his grandfather\u2019s life during the Holocaust.<\/span><\/p>\n<p style=\"text-align: left;\"><span style=\"color: #000080;\">Schreiber additionally praised Ukrainians for being \u201cresilient and courageous\u201d while facing war, and spoke about plans for continued aid efforts.<\/span><\/p>\n<p style=\"text-align: left;\"><span style=\"color: #000080;\">\u201cThat\u2019s the thing that\u2019s stuck in my mind right now \u2014 the families, the women carrying, you know, those suitcases behind them and heading for the border with their children while their men go off to the front lines to fight a battle in which they\u2019re hugely outgunned and outnumbered,\u201d he noted. \u201cThat is the big image in my mind and, I think, in everybody else\u2019s. The challenge for me is, like, sustainability, like keeping everyone interested, you know, keeping this in the headlines, keeping people aware of what\u2019s going on.\u201d<\/span><\/p>\n<hr style=\"height: 15px; background: #d0e6fa; width: 100%;\" \/>\n<div id=\"content\" class=\"content-alignment\">\n<div id=\"watch-description\" class=\"yt-uix-button-panel\">\n<div id=\"watch-description-text\" style=\"text-align: center;\">\n<p><em>Zawarto\u015b\u0107 publikowanych artyku\u0142\u00f3w i materia\u0142\u00f3w nie reprezentuje pogl\u0105d\u00f3w ani opinii Reunion&#8217;68,<\/em><em><br \/>\nani te\u017c webmastera Blogu Reunion&#8217;68, chyba ze jest to wyra\u017anie zaznaczone.<br \/>\nTwoje uwagi, linki, w\u0142asne artyku\u0142y lub wiadomo\u015bci prze\u015blij na adres:<br \/>\n<\/em><span style=\"color: #000080;\"><strong><em><a style=\"color: #000080;\" href=\"mailto:webmaster@reunion68.com\"><span style=\"text-decoration: underline;\">webmaster@reunion68.com<\/span><\/a><\/em><\/strong><\/span><\/p>\n<\/div>\n<\/div>\n<\/div>\n<hr style=\"width: 100%;\" \/>\n","protected":false},"excerpt":{"rendered":"<p>Actor Liev Schreiber Says Jewish Grandfather\u2019s Roots Inspired His Relief Efforts in Ukraine Shiryn Ghermezian Actor Liev Schreiber. Photo: Gage Skidmore\/Wikimedia Commons. Jewish actor and director Liev Schreiber told a radio program that his Jewish maternal grandfather\u2019s ties to Ukraine pushed him to help residents of the country during the ongoing invasion by Russia. The [&hellip;]<\/p>\n","protected":false},"author":1,"featured_media":0,"comment_status":"closed","ping_status":"closed","sticky":false,"template":"","format":"standard","meta":[],"categories":[6],"tags":[26,24],"_links":{"self":[{"href":"https:\/\/www.reunion68.se\/index.php?rest_route=\/wp\/v2\/posts\/95739"}],"collection":[{"href":"https:\/\/www.reunion68.se\/index.php?rest_route=\/wp\/v2\/posts"}],"about":[{"href":"https:\/\/www.reunion68.se\/index.php?rest_route=\/wp\/v2\/types\/post"}],"author":[{"embeddable":true,"href":"https:\/\/www.reunion68.se\/index.php?rest_route=\/wp\/v2\/users\/1"}],"replies":[{"embeddable":true,"href":"https:\/\/www.reunion68.se\/index.php?rest_route=%2Fwp%2Fv2%2Fcomments&post=95739"}],"version-history":[{"count":5,"href":"https:\/\/www.reunion68.se\/index.php?rest_route=\/wp\/v2\/posts\/95739\/revisions"}],"predecessor-version":[{"id":95760,"href":"https:\/\/www.reunion68.se\/index.php?rest_route=\/wp\/v2\/posts\/95739\/revisions\/95760"}],"wp:attachment":[{"href":"https:\/\/www.reunion68.se\/index.php?rest_route=%2Fwp%2Fv2%2Fmedia&parent=95739"}],"wp:term":[{"taxonomy":"category","embeddable":true,"href":"https:\/\/www.reunion68.se\/index.php?rest_route=%2Fwp%2Fv2%2Fcategories&post=95739"},{"taxonomy":"post_tag","embeddable":true,"href":"https:\/\/www.reunion68.se\/index.php?rest_route=%2Fwp%2Fv2%2Ftags&post=95739"}],"curies":[{"name":"wp","href":"https:\/\/api.w.org\/{rel}","templated":true}]}}