{"id":95798,"date":"2022-06-02T17:09:20","date_gmt":"2022-06-02T15:09:20","guid":{"rendered":"http:\/\/www.reunion68.se\/?p=95798"},"modified":"2022-06-02T08:42:50","modified_gmt":"2022-06-02T06:42:50","slug":"12-09-60","status":"publish","type":"post","link":"https:\/\/www.reunion68.se\/?p=95798","title":{"rendered":"75 lat temu w Lesznie dosz\u0142o do zbrojnej potyczki wojska polskiego z Sowietami"},"content":{"rendered":"<p style=\"text-align: center;\"><img decoding=\"async\" class=\"aligncenter\" src=\"https:\/\/dzieje.pl\/sites\/default\/files\/styles\/open_article_750x0_\/public\/202205\/por_jan_przerwa.jpg?itok=nHI1Thl8\" width=\"100%\" \/><span style=\"color: #808080;\"><em>Podporucznik Jerzy Przerwa (1925-1947). \u0179r\u00f3d\u0142o: Archiwum Krzysztofa M. Ka\u017amierczaka<\/em><\/span><\/p>\n<hr \/>\n<h5 style=\"text-align: center;\"><a href=\"https:\/\/dzieje.pl\/\" target=\"_blank\" rel=\"noopener noreferrer\"><img decoding=\"async\" class=\"center alignleft\" src=\"http:\/\/www.reunion68.com\/Biuletyn\/img\/dzieje_logo.png\" alt=\"\" width=\"35%\" \/><\/a><span style=\"text-decoration: underline; color: #000080;\"><strong><a style=\"color: #000080; text-decoration: underline;\" href=\"https:\/\/dzieje.pl\/wiadomosci\/75-lat-temu-w-lesznie-doszlo-do-zbrojnej-potyczki-wojska-polskiego-z-sowietami\" target=\"_blank\" rel=\"noopener noreferrer\">75 lat temu w Lesznie dosz\u0142o do zbrojnej potyczki wojska polskiego z Sowietami<\/a><\/strong><\/span><\/h5>\n<p style=\"text-align: center;\"><span style=\"color: #000000;\"><strong>Pawe\u0142 Tomczyk (PAP)<\/strong><\/span><\/p>\n<hr style=\"height: 15px; background: #d0e6fa; width: 100%;\" \/>\n<h4 style=\"text-align: center;\"><span style=\"color: #808080;\"><strong>W nocy z 27 na 28 maja 1947 r. na dworcu kolejowym w Lesznie pluton wojska polskiego interweniowa\u0142 w obronie wi\u0119zionej przez \u017co\u0142nierzy sowieckich Polki. W wyniku zbrojnego starcia zgin\u0119\u0142o trzech Sowiet\u00f3w. Trzy tygodnie p\u00f3\u017aniej, 15 czerwca, za udzia\u0142 w tej akcji stracono trzech polskich \u017co\u0142nierzy.<\/strong><\/span><\/h4>\n<p style=\"text-align: left;\"><span style=\"color: #000080;\">Mogi\u0142 podporucznika Jerzego Przerwy, kaprala Wies\u0142awa Warwasi\u0144skiego i szeregowego W\u0142adys\u0142awa \u0141abuzy &#8211; wszyscy mieli w chwili \u015bmierci po 22 lata &#8211; nie odnaleziono do dzi\u015b.<\/span><\/p>\n<p style=\"text-align: left;\"><span style=\"color: #000080;\">B\u0119d\u0105ca w ci\u0105\u017cy 21-letnia repatriantka z Baranowicz Zofia Rojuk, 26 maja 1947 r. zosta\u0142a &#8211; wbrew swej woli &#8211; zabrana z domu na wsi pod Koszalinem przez sowieckich \u017co\u0142nierzy i rozdzielona w ten spos\u00f3b z roczn\u0105 c\u00f3reczk\u0105. Sowieci zrobili to na pro\u015bb\u0119 m\u0119\u017ca Zofii, W\u0142adys\u0142awa Romeckiego, kt\u00f3ry chcia\u0142 si\u0119 jej pozby\u0107, bo nie chcia\u0142a pracowa\u0107 na gospodarstwie. Zrobili to &#8211; jak ustali\u0142 Krzysztof M. Ka\u017amierczak, pozna\u0144ski dziennikarz od wielu lat zajmuj\u0105cy si\u0119 t\u0105 spraw\u0105, m.in. autor ksi\u0105\u017cki &#8220;Rozstrzelani za uratowanie kobiety&#8221; &#8211; za butelk\u0119 w\u00f3dki, ale przede wszystkim bezprawnie. Proces repatriacji by\u0142 ju\u017c zako\u0144czony i nie by\u0142o \u017cadnych powod\u00f3w, by kobiet\u0119 odes\u0142a\u0107 do ZSRS jako urodzon\u0105 na jego terenie. Romecki chc\u0105c pozby\u0107 si\u0119 \u017cony, twierdzi\u0142, \u017ce ona nie jest Polk\u0105, tylko Ukraink\u0105, zatai\u0142 te\u017c fakt, \u017ce byli formalnie zwi\u0105zani \u015blubem zawartym 18 pa\u017adziernika 1945 r. w Giessen.<\/span><\/p>\n<blockquote>\n<p style=\"text-align: left;\"><strong>B\u0119d\u0105ca w ci\u0105\u017cy 21-letnia repatriantka z Baranowicz Zofia Rojuk, 26 maja 1947 r. zosta\u0142a &#8211; wbrew swej woli &#8211; zabrana z domu na wsi pod Koszalinem przez sowieckich \u017co\u0142nierzy i rozdzielona w ten spos\u00f3b z roczn\u0105 c\u00f3reczk\u0105. Sowieci zrobili to na pro\u015bb\u0119 m\u0119\u017ca Zofii, W\u0142adys\u0142awa Romeckiego, kt\u00f3ry chcia\u0142 si\u0119 jej pozby\u0107, bo nie chcia\u0142a pracowa\u0107 na gospodarstwie.<\/strong><\/p>\n<\/blockquote>\n<p style=\"text-align: left;\"><span style=\"color: #000080;\">Dzie\u0144 p\u00f3\u017aniej wi\u0119ziona przez Sowiet\u00f3w do jednostki w Legnicy poci\u0105giem z Poznania, Zofia Rojuk w trakcie podr\u00f3\u017cy dyskretnie poprosi\u0142a o pomoc &#8211; przedstawiaj\u0105c swoj\u0105 sytuacj\u0119 \u2013 siedz\u0105cego w tym samym przedziale Feliksa Lisa.<\/span><\/p>\n<p style=\"text-align: left;\"><span style=\"color: #000080;\">Na stacji w Ko\u015bcianie interweniowali, poinformowani przez Lisa, funkcjonariusze S\u0142u\u017cby Ochrony Kolei (SOK). Bez powodzenia &#8211; czerwonoarami\u015bci zagrozili im broni\u0105. Wie\u015b\u0107 o porwanej kobiecie przekazali wi\u0119c do kolejnej stacji na trasie. W Lesznie, gdzie poci\u0105g mia\u0142 kilkugodzinny post\u00f3j, zainterweniowa\u0142, wsp\u00f3lnie z drugim funkcjonariuszem, dy\u017curuj\u0105cy na dworcu milicjant Zygmunt Handke. Sowiecki oficer zn\u00f3w wyci\u0105gn\u0105\u0142 pistolet i oznajmi\u0142: &#8220;Uchadi, Polaki bo was pozastrzelam, jobane w rot&#8221;.<\/span><\/p>\n<p style=\"text-align: left;\"><span style=\"color: #000080;\">&#8220;Handke, podobnie jak kolejarze, zdawa\u0142 sobie spraw\u0119, \u017ce pijani Sowieci s\u0105 zdolni do wszystkiego i czuj\u0105 si\u0119 w Polsce bezkarni. By\u0142 wprawdzie komunist\u0105, ale nie akceptowa\u0142 \u0142amania prawa przez sojusznicz\u0105 armi\u0119&#8221; \u2013 napisa\u0142 w ksi\u0105\u017cce &#8220;Tajne spec. znaczenia&#8221; Krzysztof M. Ka\u017amierczak.<\/span><\/p>\n<p style=\"text-align: left;\"><span style=\"color: #000080;\">Milicjant powiadomi\u0142 o sytuacji komend\u0119 MO w Lesznie, a kiedy tam nie wykazano zainteresowania spraw\u0105, leszczy\u0144ski garnizon WP. W efekcie 16-osobowy pluton alarmowy dowodzony przez podporucznika Jerzego Przerw\u0119 pojawi\u0142 si\u0119 na stacji. Po drodze Przerwa, do\u015bwiadczony frontowiec, sze\u015bciokrotnie odznaczony za m\u0119stwo, m.in. za udzia\u0142 w zdobyciu Berlina, poinstruowa\u0142 \u017co\u0142nierzy, \u017ce maj\u0105 prawo u\u017cy\u0107 broni, je\u015bli Rosjanie zrobi\u0105 to pierwsi, podkre\u015bli\u0142 tak\u017ce kilkukrotnie, \u017ce maj\u0105 si\u0119 nie ba\u0107.<\/span><\/p>\n<p style=\"text-align: left;\"><span style=\"color: #000080;\">&#8220;Tylko on mia\u0142 do\u015bwiadczenie bojowe, wiedzia\u0142, jak to jest stan\u0105\u0107 naprzeciw uzbrojonego przeciwnika, a do tego zna\u0142 mentalno\u015b\u0107 czerwonoarmist\u00f3w, bo razem walczyli na froncie. Mia\u0142 \u015bwiadomo\u015b\u0107, \u017ce w konfrontacji z nimi trzeba im pokaza\u0107 sw\u0105 si\u0142\u0119, bo tylko tak mo\u017cna wzbudzi\u0107 w nich respekt&#8221; &#8211; napisa\u0142 Ka\u017amierczak w ksi\u0105\u017cce &#8220;Rozstrzelani za uratowanie kobiety&#8221;. Pozostali cz\u0142onkowie plutonu alarmowego nie mieli frontowego ostrzelania, pochodzili z powojennego poboru i &#8211; co podkre\u015bli\u0142 Ka\u017amierczak &#8211; &#8220;od pocz\u0105tku wpajano im, \u017ce Armia Sowiecka jest sojusznikiem, i to uprzywilejowanym&#8221;. Po wojnie na terytorium Polski, a zw\u0142aszcza na tzw. Ziemiach Odzyskanych, stacjonowa\u0142o wiele oddzia\u0142\u00f3w sowieckich. Sowieccy \u017co\u0142nierze nie podlegali polskim w\u0142adzom ani s\u0105dom. Byli bezkarni, a pijani &#8211; praktycznie zdolni do wszystkiego.<\/span><\/p>\n<p style=\"text-align: left;\"><span style=\"color: #000080;\">Przerwa wyda\u0142 \u017co\u0142nierzom rozkaz obstawienia budynku dworca &#8211; usuni\u0119cia cywil\u00f3w i nie wypuszczania czerwonoarmist\u00f3w, a sam poszed\u0142 do wartowni SOK rozmawia\u0107 z kpt. Miko\u0142ajem Soko\u0142owem. Personalia sowieckiego oficera ustali\u0142o p\u00f3\u017aniejsze \u015bledztwo, nie przedstawi\u0142 si\u0119 bowiem Polakom.<\/span><\/p>\n<blockquote>\n<p style=\"text-align: left;\"><strong>Polski oficer chcia\u0142 zobaczy\u0107 dokumenty, na kt\u00f3rych podstawie Zofia Rojuk by\u0142a przetrzymywana, Rosjanin odm\u00f3wi\u0142 ich okazania. Podczas rozmowy dow\u00f3dc\u00f3w sowieccy oficerowie pr\u00f3bowali wyj\u015b\u0107 z dworca.<\/strong><\/p>\n<\/blockquote>\n<p style=\"text-align: left;\"><span style=\"color: #000080;\">Polski oficer chcia\u0142 zobaczy\u0107 dokumenty, na kt\u00f3rych podstawie Zofia Rojuk by\u0142a przetrzymywana, Rosjanin odm\u00f3wi\u0142 ich okazania. Podczas rozmowy dow\u00f3dc\u00f3w sowieccy oficerowie pr\u00f3bowali wyj\u015b\u0107 z dworca. Polacy, wype\u0142niaj\u0105c rozkaz ppor. Przerwy, nie chcieli na to pozwoli\u0107. Pijani Sowieci nie zamierzali jednak respektowa\u0107 zakazu &#8211; si\u0119gn\u0119li po bro\u0144. Wed\u0142ug \u015bwiadk\u00f3w Rosjanie zacz\u0119li strzela\u0107 pierwsi, polscy \u017co\u0142nierze odpowiedzieli ogniem. Zastrzelili szeregowca i dw\u00f3ch oficer\u00f3w Armii Czerwonej oraz ranili pi\u0119ciu \u017co\u0142nierzy.<\/span><\/p>\n<p style=\"text-align: left;\"><span style=\"color: #000080;\">Zanim aresztowano polskich \u017co\u0142nierzy, porucznik Przerwa zapewnia\u0142 ich, \u017ce nic si\u0119 nie mo\u017ce sta\u0107, dzia\u0142ali bowiem zgodnie z prawem.<\/span><\/p>\n<p style=\"text-align: left;\"><span style=\"color: #000080;\">Czynno\u015bci \u015bledcze na miejscu potyczki podj\u0119li funkcjonariusze miejscowego Urz\u0119du Bezpiecze\u0144stwa Publicznego. Na podstawie \u015blad\u00f3w i zezna\u0144 \u015bwiadk\u00f3w ustalili, \u017ce pierwsi u\u017cyli broni Sowieci. Potem \u015bledztwo przej\u0105\u0142 kieruj\u0105cy \u00f3wczesn\u0105 pozna\u0144sk\u0105 prokuratur\u0105, s\u0142u\u017c\u0105cy w polskim wojsku sowiecki oficer Wilhelm \u015awi\u0105tkowski.<\/span><\/p>\n<p style=\"text-align: left;\"><span style=\"color: #000080;\">W swoim \u015bledztwie \u015awi\u0105tkowski &#8220;ustali\u0142&#8221;, \u017ce \u017co\u0142nierze sowieccy zostali ostrzelani podczas snu i nie zd\u0105\u017cyli odpowiedzie\u0107 ogniem. Zeznania pozosta\u0142ych \u015bwiadk\u00f3w, wedle kt\u00f3rych pierwsi mieli zacz\u0105\u0107 strzela\u0107 Rosjanie, zignorowa\u0142. Podobnie jak ekspertyz\u0119 rusznikarsk\u0105 i dowody w postaci kilkudziesi\u0119ciu kul wystrzelonych z broni maszynowej, kt\u00f3rej nie mieli bior\u0105cy udzia\u0142 w starciu \u017co\u0142nierze Wojska Polskiego. &#8220;\u015aledztwo nie mia\u0142o na celu ustalenia faktycznego przebiegu wydarze\u0144, ale s\u0142u\u017cy\u0142o wy\u0142\u0105cznie zem\u015bcie na tych, kt\u00f3rzy odwa\u017cyli si\u0119 sprzeciwi\u0107 sojuszniczej armii. Odpowiadaj\u0105ce tej tezie zeznania wymuszano torturami. W ten spos\u00f3b nak\u0142oniono cz\u0119\u015b\u0107 aresztowanych do wycofania si\u0119 z tego, \u017ce widzieli, jak Rosjanie zaatakowali&#8221; \u2013 napisa\u0142 Ka\u017amierczak.<\/span><\/p>\n<blockquote>\n<p style=\"text-align: left;\"><strong>Czynno\u015bci \u015bledcze na miejscu potyczki podj\u0119li funkcjonariusze miejscowego Urz\u0119du Bezpiecze\u0144stwa Publicznego. Na podstawie \u015blad\u00f3w i zezna\u0144 \u015bwiadk\u00f3w ustalili, \u017ce pierwsi u\u017cyli broni Sowieci. Potem \u015bledztwo przej\u0105\u0142 kieruj\u0105cy \u00f3wczesn\u0105 pozna\u0144sk\u0105 prokuratur\u0105, s\u0142u\u017c\u0105cy w polskim wojsku sowiecki oficer Wilhelm \u015awi\u0105tkowski.<\/strong><\/p>\n<\/blockquote>\n<p style=\"text-align: left;\"><span style=\"color: #000080;\">Wyrok zapad\u0142 po dwudniowym procesie 7 czerwca 1947 r. Pod aktem oskar\u017cenia podpisa\u0142 si\u0119 prokurator Maksymilian Lity\u0144ski (wcze\u015bniej nazywa\u0142 si\u0119 Maks Lifsches). O winie oskar\u017conych orzekli szef Wojskowego S\u0105du Okr\u0119gowego w Poznaniu Franciszek Szeli\u0144ski i kieruj\u0105cy Wojskowym S\u0105dem Rejonowym Jan Zaborowski (w czasie niemieckiej okupacji by\u0142 policjantem w warszawskim getcie).<\/span><\/p>\n<p style=\"text-align: left;\"><span style=\"color: #000080;\">Polscy \u017co\u0142nierze &#8211; podporucznik Jerzy Przerwa, kapral Wies\u0142aw Warwasi\u0144ski oraz szeregowcy W\u0142adys\u0142aw \u0141abuza i Stanis\u0142aw Stachura &#8211; zostali skazani na kar\u0119 \u015bmierci. Ponadto szeregowy Tadeusz Nowicki i milicjant kapral Zygmunt Handke us\u0142yszeli wyroki po 10 lat wi\u0119zienia; a Feliks Lis &#8211; jako ten, kt\u00f3ry po\u015brednio sprowokowa\u0142 starcie &#8211; dosta\u0142 12 lat.<\/span><\/p>\n<p style=\"text-align: left;\"><span style=\"color: #000080;\">Skazani wyst\u0105pili o u\u0142askawienie do \u00f3wczesnego prezydenta Boles\u0142awa Bieruta. 14 czerwca Bierut zamieni\u0142 kar\u0119 \u015bmierci na 15 lat wi\u0119zienia Stanis\u0142awowi Stachurze. Uwolni\u0142 te\u017c Tadeusza Nowickiego, kt\u00f3ry za\u0142ama\u0142 si\u0119 w \u015bledztwie i zeznawa\u0142 na niekorzy\u015b\u0107 koleg\u00f3w.<\/span><\/p>\n<p style=\"text-align: left;\"><span style=\"color: #000080;\">&#8220;M\u00f3j m\u0105\u017c podporucznik Jerzy Przerwa zosta\u0142 skazany na kar\u0119 \u015bmierci. Przeszed\u0142 ca\u0142y szlak bojowy, by\u0142 ranny i dosta\u0142 odznaczenia. Ja za trzy miesi\u0105ce zostaj\u0119 matk\u0105. B\u0142agam o pomoc&#8221; &#8211; telegram wys\u0142any przez \u017con\u0119 skazanego, Lidi\u0119, do dowodz\u0105cego Wojskiem Polskim marsza\u0142ka Micha\u0142a Roli-\u017bymierskiego pozosta\u0142 bez odpowiedzi.<\/span><\/p>\n<p style=\"text-align: left;\"><span style=\"color: #000080;\">Podporucznik Jerzy Przerwa, szeregowy W\u0142adys\u0142aw \u0141abuza i kapral Wies\u0142aw Warwasi\u0144ski zostali zastrzeleni najprawdopodobniej przez naczelnika pozna\u0144skiego aresztu UB Jana M\u0142ynarka, kt\u00f3rego podpis, jako dow\u00f3dcy plutonu egzekucyjnego, figuruje na protoko\u0142ach wykonania wyrok\u00f3w \u015bmierci. M\u0142ynarek mia\u0142 zwyczaj wykonywa\u0107 je osobi\u015bcie, strzelaj\u0105c skazanym w ty\u0142 g\u0142owy. Odbywa\u0142o si\u0119 to zwykle w lasach mi\u0119dzy G\u0105dkami a K\u00f3rnikiem ko\u0142o Poznania, gdzie p\u00f3\u017aniej potajemnie chowano zamordowanych.<\/span><\/p>\n<p style=\"text-align: left;\"><span style=\"color: #000080;\">Ofiary politycznego mordu s\u0105dowego zosta\u0142y zrehabilitowane w 1990 r. Proces rehabilitacyjny odby\u0142 si\u0119 jednak bez rozg\u0142osu. To, \u017ce proces w Lesznie by\u0142 zbrodni\u0105 s\u0105dow\u0105, stwierdzono ju\u017c w 1956 r. Z tego roku pochodzi bowiem widniej\u0105ca na aktach sprawy adnotacja przegl\u0105daj\u0105cego je funkcjonariusza: &#8220;w \u015bwietle akt kontrolnych wyrok niesprawiedliwy&#8221;. Mimo to \u017caden z odpowiedzialnych za t\u0119 zbrodni\u0119 s\u0105dow\u0105 nie poni\u00f3s\u0142 konsekwencji. Prokurator Lity\u0144ski i s\u0119dzia Szeli\u0144ski w 1969 r. wyjechali do Izraela &#8211; obaj nie \u017cyj\u0105. Prokurator \u015awi\u0105tkowski wr\u00f3ci\u0142 do Zwi\u0105zku Sowieckiego, gdzie zosta\u0142 wiceszefem moskiewskiej prokuratury. W 1988 r. zosta\u0142 napadni\u0119ty w swoim domu i zamordowany.<\/span><\/p>\n<blockquote>\n<p style=\"text-align: left;\"><strong>Ofiary politycznego mordu s\u0105dowego zosta\u0142y zrehabilitowane w 1990 r. Proces rehabilitacyjny odby\u0142 si\u0119 jednak bez rozg\u0142osu. To, \u017ce proces w Lesznie by\u0142 zbrodni\u0105 s\u0105dow\u0105, stwierdzono ju\u017c w 1956 r.<\/strong><\/p>\n<\/blockquote>\n<p style=\"text-align: left;\"><span style=\"color: #000080;\">Pierwszy tekst przypominaj\u0105cy potyczk\u0119 i jej dramatyczne skutki opublikowa\u0142 Krzysztof M. Ka\u017amierczak na \u0142amach &#8220;Gazety Pozna\u0144skiej&#8221; w 2004 r. Od tamtej pory dziennikarz stara si\u0119 o upami\u0119tnienie skazanych \u017co\u0142nierzy i dokumentuje wydarzenie sprzed 70 lat. Dzi\u0119ki jego staraniom 17 wrze\u015bnia 2014 r. na froncie budynku dworca w Lesznie ods\u0142oni\u0119to tablic\u0119 pami\u0105tkow\u0105 po\u015bwi\u0119con\u0105 bohaterom interwencji w obronie porwanej kobiety.<\/span><\/p>\n<p style=\"text-align: left;\"><span style=\"color: #000080;\">Publikacja &#8220;Rozstrzelani za uratowanie kobiety. Wojsko polskie kontra armia sowiecka&#8221; &#8211; dokumentuj\u0105ca dramatyczne wydarzenia sprzed 75 lat, a tak\u017ce p\u00f3\u017aniejsze, si\u0119gaj\u0105ce praktycznie do wsp\u00f3\u0142czesno\u015bci, r\u00f3wnie\u017c dramatyczne, losy ich uczestnik\u00f3w &#8211; zosta\u0142a w 2019 r. uznana za najlepsz\u0105 ksi\u0105\u017ck\u0119 popularnonaukow\u0105 o historii Polski w XX w. w konkursie Ksi\u0105\u017cka Historyczna Roku.<\/span><\/p>\n<p style=\"text-align: left;\"><span style=\"color: #000080;\">&#8220;Bohaterska postawa polskich \u017co\u0142nierzy i innych uczestnik\u00f3w wydarzenia godna jest uhonorowania w znacznie wi\u0119kszym, og\u00f3lnopolskim wymiarze&#8221; &#8211; powiedzia\u0142 PAP Krzysztof M. Ka\u017amierczak. &#8220;Bo cho\u0107 s\u0142u\u017cyli w +ludowym+ wojsku, to gdy zaistnia\u0142a taka potrzeba, wyst\u0105pili przeciwko Armii Sowieckiej, wykazuj\u0105c si\u0119 nieprzeci\u0119tn\u0105 odwag\u0105 i przywi\u0105zaniem do fundamentalnych warto\u015bci Wojska Polskiego&#8221; &#8211; wyja\u015bni\u0142. &#8220;Dlatego miesi\u0105c temu wyst\u0105pi\u0142em oficjalnie do prezydenta Andrzeja Dudy z wnioskiem, by &#8211; korzystaj\u0105c ze swoich uprawnie\u0144 zwierzchnika Si\u0142 Zbrojnych RP &#8211; awansowa\u0142 po\u015bmiertnie podporucznika Jerzego Przerw\u0119, kaprala Wies\u0142awa Warwasi\u0144skiego i szeregowego W\u0142adys\u0142awa \u0141abuz\u0119. A mo\u017ce tak\u017ce odznaczy\u0142&#8221; &#8211; doda\u0142.<\/span><\/p>\n<p style=\"text-align: left;\"><span style=\"color: #000080;\">Podporucznik Jerzy Przerwa w ostatnim s\u0142owie przed og\u0142oszeniem wyroku mia\u0142 powiedzie\u0107: &#8220;Chcia\u0142bym \u017cy\u0107 dla dziecka, kt\u00f3re przyjdzie na \u015bwiat&#8221;.<\/span><\/p>\n<p style=\"text-align: left;\"><span style=\"color: #000080;\">&#8220;Je\u015bli \u017cyje potomek odwa\u017cnego polskiego dow\u00f3dcy, to pewnie wci\u0105\u017c nie wie, \u017ce jego ojciec nie by\u0142 zbrodniarzem, tylko bohaterem, kt\u00f3ry powa\u017cnie potraktowa\u0142 deklarowan\u0105 przez komunistyczne w\u0142adze suwerenno\u015b\u0107 \u00f3wczesnej Polski&#8221; \u2013 powiedzia\u0142 PAP Ka\u017amierczak, kt\u00f3ry nie rezygnuje z dalszych poszukiwa\u0144. &#8220;Chcia\u0142bym po prostu kiedy\u015b mu to powiedzie\u0107&#8221; &#8211; wyja\u015bni\u0142.<\/span><\/p>\n<hr style=\"height: 15px; background: #d0e6fa; width: 100%;\" \/>\n<div id=\"content\" class=\"content-alignment\">\n<div id=\"watch-description\" class=\"yt-uix-button-panel\">\n<div id=\"watch-description-text\" style=\"text-align: center;\">\n<p><em>Zawarto\u015b\u0107 publikowanych artyku\u0142\u00f3w i materia\u0142\u00f3w nie reprezentuje pogl\u0105d\u00f3w ani opinii Reunion&#8217;68,<\/em><em><br \/>\nani te\u017c webmastera Blogu Reunion&#8217;68, chyba ze jest to wyra\u017anie zaznaczone.<br \/>\nTwoje uwagi, linki, w\u0142asne artyku\u0142y lub wiadomo\u015bci prze\u015blij na adres:<br \/>\n<\/em><span style=\"color: #000080;\"><strong><em><a style=\"color: #000080;\" href=\"mailto:webmaster@reunion68.com\"><span style=\"text-decoration: underline;\">webmaster@reunion68.com<\/span><\/a><\/em><\/strong><\/span><\/p>\n<\/div>\n<\/div>\n<\/div>\n<hr style=\"width: 100%;\" \/>\n","protected":false},"excerpt":{"rendered":"<p>Podporucznik Jerzy Przerwa (1925-1947). \u0179r\u00f3d\u0142o: Archiwum Krzysztofa M. Ka\u017amierczaka 75 lat temu w Lesznie dosz\u0142o do zbrojnej potyczki wojska polskiego z Sowietami Pawe\u0142 Tomczyk (PAP) W nocy z 27 na 28 maja 1947 r. na dworcu kolejowym w Lesznie pluton wojska polskiego interweniowa\u0142 w obronie wi\u0119zionej przez \u017co\u0142nierzy sowieckich Polki. W wyniku zbrojnego starcia zgin\u0119\u0142o [&hellip;]<\/p>\n","protected":false},"author":1,"featured_media":0,"comment_status":"closed","ping_status":"closed","sticky":false,"template":"","format":"standard","meta":[],"categories":[6],"tags":[26,24],"_links":{"self":[{"href":"https:\/\/www.reunion68.se\/index.php?rest_route=\/wp\/v2\/posts\/95798"}],"collection":[{"href":"https:\/\/www.reunion68.se\/index.php?rest_route=\/wp\/v2\/posts"}],"about":[{"href":"https:\/\/www.reunion68.se\/index.php?rest_route=\/wp\/v2\/types\/post"}],"author":[{"embeddable":true,"href":"https:\/\/www.reunion68.se\/index.php?rest_route=\/wp\/v2\/users\/1"}],"replies":[{"embeddable":true,"href":"https:\/\/www.reunion68.se\/index.php?rest_route=%2Fwp%2Fv2%2Fcomments&post=95798"}],"version-history":[{"count":5,"href":"https:\/\/www.reunion68.se\/index.php?rest_route=\/wp\/v2\/posts\/95798\/revisions"}],"predecessor-version":[{"id":95818,"href":"https:\/\/www.reunion68.se\/index.php?rest_route=\/wp\/v2\/posts\/95798\/revisions\/95818"}],"wp:attachment":[{"href":"https:\/\/www.reunion68.se\/index.php?rest_route=%2Fwp%2Fv2%2Fmedia&parent=95798"}],"wp:term":[{"taxonomy":"category","embeddable":true,"href":"https:\/\/www.reunion68.se\/index.php?rest_route=%2Fwp%2Fv2%2Fcategories&post=95798"},{"taxonomy":"post_tag","embeddable":true,"href":"https:\/\/www.reunion68.se\/index.php?rest_route=%2Fwp%2Fv2%2Ftags&post=95798"}],"curies":[{"name":"wp","href":"https:\/\/api.w.org\/{rel}","templated":true}]}}