{"id":95823,"date":"2022-06-03T17:09:56","date_gmt":"2022-06-03T15:09:56","guid":{"rendered":"http:\/\/www.reunion68.se\/?p=95823"},"modified":"2022-06-03T12:52:43","modified_gmt":"2022-06-03T10:52:43","slug":"13-09-56","status":"publish","type":"post","link":"https:\/\/www.reunion68.se\/?p=95823","title":{"rendered":"Bibi, PiS, Kafka i pustelnik"},"content":{"rendered":"<h5 style=\"text-align: center;\"><a href=\"http:\/\/www.listyznaszegosadu.pl\/\" target=\"_blank\" rel=\"noopener noreferrer\"><img decoding=\"async\" class=\"center alignleft\" src=\"http:\/\/www.reunion68.com\/Biuletyn\/img\/z-naszego.jpg\" alt=\"\" width=\"50%\"><\/a><span style=\"text-decoration: underline; color: #000080;\"><strong><a style=\"color: #000080; text-decoration: underline;\" href=\"http:\/\/www.listyznaszegosadu.pl\/notatki\/bibi-pis-kafka-i-pustelnik\" target=\"_blank\" rel=\"noopener noreferrer\">Bibi, PiS, Kafka i pustelnik<\/a><\/strong><\/span><\/h5>\n<p style=\"text-align: center;\"><span style=\"color: #000000;\"><strong>Andrzej Koraszewski<\/strong><\/span><\/p>\n<hr style=\"height: 15px; background: #d0e6fa; width: 100%;\">\n<p style=\"text-align: left;\"><img decoding=\"async\" class=\"alignleft\" src=\"http:\/\/www.listyznaszegosadu.pl\/upload\/article\/bild\/8860\/935401\/_00aa3_s.jpg\" width=\"50%\"><span style=\"color: #808080;\"><em><strong>Benjamin N<\/strong>. (\u0179r\u00f3d\u0142o: Wikipedia)<\/em><\/span><\/p>\n<div class=\"templateArticleIngress\" style=\"text-align: left;\"><span style=\"color: #000080;\">Pustelnik to ni\u017cej podpisany, lat 82, dla kt\u00f3rego czytany w wieku lat 17&nbsp;<em>Proces<\/em>&nbsp;Franza Kafki by\u0142 jedn\u0105 z tych pozycji, kt\u00f3re wp\u0142ywaj\u0105 na reszt\u0119 \u017cycia i na wra\u017cliwo\u015b\u0107 obserwatora b\u0119d\u0105cego go\u015bciem w rzeczywisto\u015bci. <\/span><\/div>\n<div>.<\/div>\n<div class=\"templateArticleIngress\" style=\"text-align: left;\"><span style=\"color: #000080;\">Dlaczego proces Benjamina Netanjahu ka\u017ce mi wraca\u0107 my\u015blami do powie\u015bci pisanej w 1914 roku, kt\u00f3ra ukaza\u0142a si\u0119 ju\u017c po \u015bmierci autora i wbrew jego woli?<\/span><\/div>\n<div>.<\/div>\n<div class=\"templateArticleBrodtext\">\n<p style=\"text-align: left;\"><span style=\"color: #000080;\">Powod\u00f3w jest wiele.&nbsp;Przez d\u0142ugi czas wybitni znawcy zarabiaj\u0105cy na \u017cycie informowaniem mnie, co mam my\u015ble\u0107, obiecywali, \u017ce \u00f3wczesny izraelski premier Benjamin Netanjahu trafi za kratki. Z sobie tylko znanych powod\u00f3w nazywali go \u201eBibi\u201d, nie wiadomo czy dlatego, \u017ce chcieli da\u0107 do zrozumienia, \u017ce z ka\u017cdym s\u0105 po imieniu, czy dla dodania sobie animuszu. Od lat zapewniali, \u017ce tylko immunitet chroni tego \u201eBibi\u201d przed kratkami, a teraz z jakiego\u015b powodu zamilkli.<\/span><\/p>\n<p style=\"text-align: left;\"><span style=\"color: #000080;\">Ostatnie podniecenie procesem Benjamina N. odnotowano w styczniu 2022, kiedy to \u015bwiatowa prasa z BBC i NYT na czele \u201einformowa\u0142a\u201d nas, \u017ce Bibi got\u00f3w by\u0142by p\u00f3j\u015b\u0107 na ugod\u0119 z prokuratur\u0105. Informowano o pog\u0142oskach, jakoby kto\u015b zbli\u017cony powiedzia\u0142 do kogo\u015b, \u017ce Bibi by\u0142by got\u00f3w, gdyby, daj\u0105c do zrozumienia, \u017ce chyba, ale jeszcze nie wiadomo, chocia\u017c on nadal. Wygl\u0105da\u0142o to zdumiewaj\u0105co be\u0142kotliwe, ale jak nas ju\u017c w tytule&nbsp;<a style=\"color: #000080;\" href=\"https:\/\/wyborcza.pl\/7,75399,28002227,czy-netanjahu-pojdzie-siedziec-wyrok-na-bylego-premiera-moze.html\">informowa\u0142&nbsp;<\/a><strong>&nbsp;<\/strong>Dawid Warszawski. \u201ewyrok na by\u0142ego premiera mo\u017ce wstrz\u0105sn\u0105\u0107 now\u0105 koalicj\u0105\u201d, czyli wicie rozumicie, taka ugoda jest bardzo potrzebna, tylko on nadal twierdzi uparcie, \u017ce jest niewinny. &nbsp;&nbsp;&nbsp;&nbsp;&nbsp;<\/span><\/p>\n<p style=\"text-align: left;\"><span style=\"color: #000080;\">Wyczuwa\u0142o si\u0119 w tych \u201edoniesieniach\u201d jakie\u015b gor\u0105czkowe pragnienie, \u017ceby\u015bmy my, odbiorcy tej medialnej strawy dali wiar\u0119, \u017ce to oskar\u017cony jest inicjatorem tej hecy i \u017ce to prokuratura i s\u0105d musz\u0105 rozwa\u017cy\u0107, czy si\u0119 \u0142askawie na to zgodz\u0105.<\/span><\/p>\n<p style=\"text-align: left;\"><span style=\"color: #000080;\">W niespe\u0142na sze\u015b\u0107&nbsp; miesi\u0119cy p\u00f3\u017aniej naczelny \u201eJerusalem Post\u201d, Yaakov Katz&nbsp;<a style=\"color: #000080;\" href=\"https:\/\/www.jpost.com\/opinion\/article-707213\">pisa\u0142<\/a>, \u017ce w sprawie procesu Netanjahu nie ma dobrego rozwi\u0105zania, poniewa\u017c ogromna cz\u0119\u015b\u0107 izraelskiego spo\u0142ecze\u0144stwa straci wiar\u0119 w system sprawiedliwo\u015bci niezale\u017cnie od wyroku. W tej sytuacji znany i wa\u017cny dziennikarz wzywa prezydenta, \u017ceby czym pr\u0119dzej uniewinni\u0142 oskar\u017conego, uwalniaj\u0105c tym samym s\u0105d od konieczno\u015bci orzekania o winie i pozwalaj\u0105c ka\u017cdemu pozosta\u0107 przy swojej opinii o Netanjahu i odci\u0105gaj\u0105c uwag\u0119 od nadmiernego przygl\u0105dania si\u0119 wymiarowi, dla dobra reputacji wymiaru.<\/span><\/p>\n<p style=\"text-align: left;\"><span style=\"color: #000080;\">Sprytne \u2013 pomy\u015bla\u0142em, jako \u017ce dalej ten autor \u201einformowa\u0142\u201d, \u017ce \u201eTo, co dzieje si\u0119 w S\u0105dzie Okr\u0119gowym w Jerozolimie i proces by\u0142ego premiera Benjamina Netanjahu, mo\u017ce sta\u0107 si\u0119 Jom Kippur izraelskiego wymiaru sprawiedliwo\u015bci. Bior\u0105c pod uwag\u0119 miniony tydzie\u0144, prawdopodobie\u0144stwo, \u017ce to si\u0119 wydarzy, mo\u017ce by\u0107 naprawd\u0119 wysokie&#8221;.<\/span><\/p>\n<p style=\"text-align: left;\"><span style=\"color: #000080;\">Sk\u0105d jednak u licha ma wnikliwy obserwator medi\u00f3w krajowych i zagranicznych nad Wis\u0142\u0105 wiedzie\u0107, co si\u0119 w Okr\u0119gowym S\u0105dzie w Jerozolimie dzieje, kiedy niegdy\u015b tak podnieceni procesem Benjamina N. dziennikarze nabrali wody w usta i milcz\u0105 jak zakl\u0119ci? (Zastanawia\u0142em si\u0119 r\u00f3wnie\u017c, czy chodzi mu o wojn\u0119 Jom Kipur, czy o s\u0105dny dzie\u0144?)<\/span><\/p>\n<p style=\"text-align: left;\"><span style=\"color: #000080;\">Z dok\u0142adniejszych przekaz\u00f3w wynika, \u017ce obrona przedstawi\u0142a dowody, \u017ce w tzw. sprawie 4000, czyli oskar\u017cenia by\u0142ego premiera o umo\u017cliwienie korzystnych transakcji dla medialnego konglomeratu w zamian za korzystne publikacje, koronny \u015bwiadek nie m\u00f3wi\u0142 prawdy. Okazuje si\u0119, \u017ce spotkania, na kt\u00f3rym by\u0142y wsp\u00f3\u0142pracownik premiera mia\u0142 otrzyma\u0107 polecenie za\u0142atwienia sprawy, nie by\u0142o i by\u0107 nie mog\u0142o, poniewa\u017c \u015bwiadek we wskazanym tego dnia czasie przebywa\u0142 w innym miejscu.<\/span><\/p>\n<p style=\"text-align: left;\"><span style=\"color: #000080;\">(A na tym \u015bwiadectwie opiera\u0142a si\u0119 ca\u0142a sprawa, jako, \u017ce \u017cadn\u0105 miar\u0105 nie daje si\u0119 udowodni\u0107, \u017ce koncern co\u015b otrzyma\u0142, ani \u017ce cokolwiek dostarczy\u0142.)<\/span><\/p>\n<p style=\"text-align: left;\"><span style=\"color: #000080;\">Zdaniem wielu pisz\u0105cych skoncentrowano si\u0119 na tej w\u0142a\u015bnie sprawie, gdy\u017c ze wszystkich zarzut\u00f3w przeciw by\u0142emu izraelskiemu premierowi, ta podobno by\u0142a najlepiej udokumentowana.<\/span><\/p>\n<p style=\"text-align: left;\"><span style=\"color: #000080;\">Dla polskiego obserwatora proces\u00f3w s\u0105dowych najbardziej zbli\u017cona by\u0142a afera Rywina, o kt\u00f3rej w Wikipedii czytamy:<\/span><\/p>\n<blockquote>\n<p style=\"text-align: left;\"><strong>11 lipca (2002) Lew Rywin spotka\u0142 si\u0119 z prezes Agory&nbsp;<a title=\"Wanda Rapaczy\u0144ska\" href=\"https:\/\/pl.wikipedia.org\/wiki\/Wanda_Rapaczy%C5%84ska\">Wand\u0105 Rapaczy\u0144sk\u0105<\/a>&nbsp;w kawiarni hotelu Bristol i dosta\u0142 od niej notatk\u0119 z informacjami o oczekiwaniach Agory wzgl\u0119dem nowelizacji ustawy medialnej. Do ponownego spotkania mi\u0119dzy nimi dosz\u0142o 15 lipca. Powo\u0142uj\u0105c si\u0119 na rozmow\u0119 z&nbsp;<a title=\"Leszek Miller\" href=\"https:\/\/pl.wikipedia.org\/wiki\/Leszek_Miller\">Leszkiem Millerem<\/a>, deklarowa\u0142, \u017ce ustawa medialna wejdzie w \u017cycie w kszta\u0142cie proponowanym przez Agor\u0119 je\u015bli:<\/strong><\/p>\n<ol>\n<li style=\"list-style-type: none;\">\n<ol>\n<li style=\"text-align: left;\"><strong>Agora przeka\u017ce 17,5 miliona dolar\u00f3w (przy \u00f3wczesnym kursie dolara chodzi\u0142o o 60 milion\u00f3w z\u0142otych) na konto Heritage Films. Pieni\u0105dze te mia\u0142y trafi\u0107 do SLD.\n<p><\/strong><strong><\/strong><\/li>\n<\/ol>\n<\/li>\n<\/ol>\n<ol>\n<li style=\"list-style-type: none;\">\n<ol>\n<li style=\"text-align: left;\"><strong>Gazeta Wyborcza przestanie krytykowa\u0107 premiera i SLD.\n<p><\/strong><strong><\/strong><\/li>\n<\/ol>\n<\/li>\n<\/ol>\n<ol>\n<li style=\"text-align: left;\"><strong>Po przej\u0119ciu przez Agor\u0119 Polsatu, Lew Rywin zostanie zatrudniony w tej stacji. Jak ustali\u0142a komisja \u015bledcza, mi\u0119dzy innymi w celu pilnowania interes\u00f3w SLD.<\/strong><\/li>\n<\/ol>\n<\/blockquote>\n<p style=\"text-align: left;\"><span style=\"color: #000080;\">Lew Rywin zosta\u0142 po dw\u00f3ch latach skazany na kar\u0119 wi\u0119zienia i grzywn\u0119, premiera Millera prokuratura nie pr\u00f3bowa\u0142a oskar\u017ca\u0107. Zainteresowanie \u015bwiatowych medi\u00f3w by\u0142o umiarkowane, zbli\u017cone do zerowego.<\/span><\/p>\n<p style=\"text-align: left;\"><span style=\"color: #000080;\">Ciekawa jest r\u00f3wnie\u017c sprawa znacznie bli\u017csza w czasie, (kt\u00f3r\u0105 ostatnio widzia\u0142em w wielu miejscach w mediach spo\u0142eczno\u015bciowych, ale sprawa chyba nie podnieci\u0142a specjalnie medi\u00f3w g\u0142\u00f3wnego nurtu).<\/span><\/p>\n<p style=\"text-align: left;\"><span style=\"color: #000080;\">Zbigniew Ho\u0142ys opublikowa\u0142 29 maja 22 nast\u0119puj\u0105cy post na swojej stronie Facebooka:<\/span><\/p>\n<p><img decoding=\"async\" class=\"aligncenter\" src=\"http:\/\/www.listyznaszegosadu.pl\/upload\/article\/bild\/1129\/935403\/_00aa_s.png\" alt=\"\" width=\"100%\" border=\"0\"><\/p>\n<p style=\"text-align: left;\"><span style=\"color: #000080;\">W dzie\u0144 p\u00f3\u017aniej strona internetowa money.pl&nbsp;<strong><a style=\"color: #000080;\" href=\"https:\/\/www.money.pl\/gospodarka\/1-23-mld-zl-wydaly-spolki-skarbu-panstwa-na-reklame-pieniadze-poszly-do-przyjaznych-mediow-6752761664883232a.html\">opublikowa\u0142a doniesienie<\/a><\/strong>&nbsp;informuj\u0105ce,&nbsp;\u017ce Sp\u00f3\u0142ki Skarbu Pa\u0144stwa wyda\u0142y w ubieg\u0142ym roku na reklam\u0119 w prasie drukowanej 1,23 miliarda z\u0142otych, a wszystkie te pieni\u0105dze sz\u0142y do \u201eprzyjaznych\u201d medi\u00f3w.<\/span><\/p>\n<p style=\"text-align: left;\"><span style=\"color: #000080;\">Jak wyliczy\u0142 w oparciu o monitoring firmy Kantar Media profesor Tadeusz Kowalski z Uniwersytetu Warszawskiego, na przestrzeni lat 2016-2020 Sp\u00f3\u0142ki Skarbu Pa\u0144stwa wyda\u0142y na reklam\u0119 w mediach \u0142\u0105cznie 5,8 miliarda z\u0142otych.<\/span><\/p>\n<p style=\"text-align: left;\"><span style=\"color: #000080;\">Domy\u015blam si\u0119, \u017ce izraelska prokuratura by\u0142aby nad wyraz szcz\u0119\u015bliwa maj\u0105c w r\u0119ku tego rodzaju dowody z\u0142ego zarz\u0105dzania funduszami publicznymi, czy jak w przypadku afery Rywina, bezpo\u015brednich dzia\u0142a\u0144 korupcyjnych.<\/span><\/p>\n<p style=\"text-align: left;\"><span style=\"color: #000080;\">Ameryka\u0144ski profesor prawa Alan Dershowitz od lat wypowiada\u0142 si\u0119 w sprawie oskar\u017ce\u0144 wobec Benjamina Netanjahu twierdz\u0105c uparcie, \u017ce wygl\u0105daj\u0105 na wykorzystywanie wymiaru sprawiedliwo\u015bci w walce politycznej, \u017ce prezentowane przez prokuratur\u0119 dowody s\u0105 zdumiewaj\u0105co s\u0142abe, \u017ce wszyscy politycy zabiegaj\u0105 o pozytywne artyku\u0142y w mediach, a z przedstawianych przez prokuratur\u0119 oskar\u017ce\u0144 nie wynika, \u017ceby Netanjahu w jakikolwiek spos\u00f3b wykracza\u0142 poza to, co gdzieindziej uznawane jest za ca\u0142kowicie legalne dzia\u0142ania.<\/span><\/p>\n<p style=\"text-align: left;\"><span style=\"color: #000080;\">Stoimy zatem przed pytaniem, czy proces Benjamina N. przypomina proces J\u00f3zefa K. i czy zarabiaj\u0105cy na \u017cycie informowaniem o tym, co powinni\u015bmy my\u015ble\u0107 przekonywali nas o winie oskar\u017conego z g\u0142\u0119bokiego przekonania, \u017ce powinien by\u0107 winny? Podobnie jak oni mia\u0142em tylko dost\u0119p do przeciek\u00f3w z prokuratury, o\u015bwiadcze\u0144 na konferencjach prasowych i&nbsp; zdumiewaj\u0105cych zdarze\u0144 na sali s\u0105dowej. Gniewne reakcje wywo\u0142ywa\u0142 sceptycyzm wobec wyrok\u00f3w prasowych i propozycja wstrzymania si\u0119 z opini\u0105 do czasu, kiedy s\u0105d og\u0142osi sw\u00f3j ostateczny werdykt.<\/span><\/p>\n<p style=\"text-align: left;\"><span style=\"color: #000080;\">W sumie sprawa jest ciekawa i w pewien spos\u00f3b zgo\u0142a zabawna. Teoretycznie uczciwi ludzie widz\u0105c, \u017ce mogli by\u0107 w b\u0142\u0119dzie, po absurdalnym zgo\u0142a podnieceniu tym procesem w odleg\u0142ym, male\u0144kim kraju, zdecydowali \u017ce w obliczu mo\u017cliwo\u015bci, i\u017c mogli si\u0119 myli\u0107, doszli do wniosku, \u017ce milczenie jest z\u0142otem.<\/span><\/p>\n<p style=\"text-align: left;\"><span style=\"color: #000080;\">Patrz\u0105c na \u015bwiat z mojej dobrzy\u0144skiej pustelni mam dziwne wra\u017cenie, \u017ce mo\u017ce nie zawsze jest z\u0142otem, a czasem mo\u017ce nawet brzydko pachnie\u0107.<\/span><\/p>\n<\/div>\n<hr style=\"height: 15px; background: #d0e6fa; width: 100%;\">\n<div id=\"content\" class=\"content-alignment\">\n<div id=\"watch-description\" class=\"yt-uix-button-panel\">\n<div id=\"watch-description-text\" style=\"text-align: center;\">\n<p><em>Zawarto\u015b\u0107 publikowanych artyku\u0142\u00f3w i materia\u0142\u00f3w nie reprezentuje pogl\u0105d\u00f3w ani opinii Reunion&#8217;68,<\/em><em><br \/>\nani te\u017c webmastera Blogu Reunion&#8217;68, chyba ze jest to wyra\u017anie zaznaczone.<br \/>\nTwoje uwagi, linki, w\u0142asne artyku\u0142y lub wiadomo\u015bci prze\u015blij na adres:<br \/>\n<\/em><span style=\"color: #000080;\"><strong><em><a style=\"color: #000080;\" href=\"mailto:webmaster@reunion68.com\"><span style=\"text-decoration: underline;\">webmaster@reunion68.com<\/span><\/a><\/em><\/strong><\/span><\/p>\n<\/div>\n<\/div>\n<\/div>\n<hr style=\"width: 100%;\">\n","protected":false},"excerpt":{"rendered":"<p>Bibi, PiS, Kafka i pustelnik Andrzej Koraszewski Benjamin N. (\u0179r\u00f3d\u0142o: Wikipedia) Pustelnik to ni\u017cej podpisany, lat 82, dla kt\u00f3rego czytany w wieku lat 17&nbsp;Proces&nbsp;Franza Kafki by\u0142 jedn\u0105 z tych pozycji, kt\u00f3re wp\u0142ywaj\u0105 na reszt\u0119 \u017cycia i na wra\u017cliwo\u015b\u0107 obserwatora b\u0119d\u0105cego go\u015bciem w rzeczywisto\u015bci. . Dlaczego proces Benjamina Netanjahu ka\u017ce mi wraca\u0107 my\u015blami do powie\u015bci pisanej [&hellip;]<\/p>\n","protected":false},"author":1,"featured_media":0,"comment_status":"closed","ping_status":"closed","sticky":false,"template":"","format":"standard","meta":[],"categories":[6],"tags":[26,24],"_links":{"self":[{"href":"https:\/\/www.reunion68.se\/index.php?rest_route=\/wp\/v2\/posts\/95823"}],"collection":[{"href":"https:\/\/www.reunion68.se\/index.php?rest_route=\/wp\/v2\/posts"}],"about":[{"href":"https:\/\/www.reunion68.se\/index.php?rest_route=\/wp\/v2\/types\/post"}],"author":[{"embeddable":true,"href":"https:\/\/www.reunion68.se\/index.php?rest_route=\/wp\/v2\/users\/1"}],"replies":[{"embeddable":true,"href":"https:\/\/www.reunion68.se\/index.php?rest_route=%2Fwp%2Fv2%2Fcomments&post=95823"}],"version-history":[{"count":11,"href":"https:\/\/www.reunion68.se\/index.php?rest_route=\/wp\/v2\/posts\/95823\/revisions"}],"predecessor-version":[{"id":95839,"href":"https:\/\/www.reunion68.se\/index.php?rest_route=\/wp\/v2\/posts\/95823\/revisions\/95839"}],"wp:attachment":[{"href":"https:\/\/www.reunion68.se\/index.php?rest_route=%2Fwp%2Fv2%2Fmedia&parent=95823"}],"wp:term":[{"taxonomy":"category","embeddable":true,"href":"https:\/\/www.reunion68.se\/index.php?rest_route=%2Fwp%2Fv2%2Fcategories&post=95823"},{"taxonomy":"post_tag","embeddable":true,"href":"https:\/\/www.reunion68.se\/index.php?rest_route=%2Fwp%2Fv2%2Ftags&post=95823"}],"curies":[{"name":"wp","href":"https:\/\/api.w.org\/{rel}","templated":true}]}}