{"id":95825,"date":"2022-06-03T17:05:28","date_gmt":"2022-06-03T15:05:28","guid":{"rendered":"http:\/\/www.reunion68.se\/?p=95825"},"modified":"2022-06-03T13:02:23","modified_gmt":"2022-06-03T11:02:23","slug":"13-05-77","status":"publish","type":"post","link":"https:\/\/www.reunion68.se\/?p=95825","title":{"rendered":"Not everyone who celebrates on Jerusalem Day are extremists &#8211; opinion"},"content":{"rendered":"<h5 style=\"text-align: center;\"><a href=\"https:\/\/www.jpost.com\/\" target=\"_blank\" rel=\"noopener noreferrer\"><img decoding=\"async\" class=\"center alignleft\" src=\"http:\/\/www.reunion68.com\/Biuletyn\/img\/jpost.png\" alt=\"\" width=\"35%\" \/><\/a><span style=\"text-decoration: underline; color: #000080;\"><strong><a style=\"color: #000080; text-decoration: underline;\" href=\"https:\/\/www.jpost.com\/opinion\/article-708448\" target=\"_blank\" rel=\"noopener noreferrer\">Not everyone who celebrates on Jerusalem Day are extremists &#8211; opinion<\/a><\/strong><\/span><\/h5>\n<p style=\"text-align: center;\"><span style=\"color: #000000;\"><strong>SHMUEL GOLDIN, REUVEN TRADBURKS<\/strong><\/span><\/p>\n<hr style=\"height: 15px; background: #d0e6fa; width: 100%;\" \/>\n<h5 style=\"text-align: center;\"><strong>Jerusalem Day is a day for Israel to take pride in the reunification of Jerusalem after it was recaptured in the Six Day War.<\/strong><\/h5>\n<p style=\"text-align: center;\">.<br \/>\n<img decoding=\"async\" class=\"aligncenter\" src=\"https:\/\/images.jpost.com\/image\/upload\/f_auto,fl_lossy\/t_JD_ArticleMainImageFaceDetect\/506686\" width=\"100%\" \/><span style=\"color: #808080;\"><em>CELEBRANTS MARCH on Jerusalem Day toward the Old City. No mention was made of the myriads like us who were there to celebrate our pride in, and love for, Jerusalem, write the authors. \/\u00a0 (photo credit: MARC ISRAEL SELLEM)<\/em><\/span><\/p>\n<p style=\"text-align: left;\"><span style=\"color: #000080;\">We are not extremists. Yet we proudly participated in the celebrations in Jerusalem, on Jerusalem Day.<\/span><\/p>\n<p style=\"text-align: left;\"><span style=\"color: #000080;\">We firmly believe the majority of those who participated in the\u00a0<a style=\"color: #000080;\" href=\"https:\/\/www.jpost.com\/israel-news\/article-707948\">Flag March<\/a> intended to celebrate, not to incite. Like us, they did not support and certainly did not participate in any provocative actions.<\/span><\/p>\n<p style=\"text-align: left;\"><span style=\"color: #000080;\">Let us state what should be obvious.<\/span><\/p>\n<p style=\"text-align: left;\"><span style=\"color: #000080;\">We adamantly oppose acts of violence against innocent people \u2013 be they Jews, Muslims or Christians. We believe in the rights of all people. We reject those individuals who shouted \u201cdeath to the Arabs\u201d and other racist slogans. We decry those who banged on the shuttered stores of the Shuk. We denounce those who may have attacked bystanders without provocation.<\/span><\/p>\n<p style=\"text-align: center;\"><img decoding=\"async\" class=\"aligncenter\" src=\"https:\/\/images.jpost.com\/image\/upload\/f_auto,fl_lossy\/t_JD_ArticleMainImageFaceDetect\/506553\" width=\"100%\" \/><span style=\"color: #808080;\"><em>Celebratory dancing at the Western Wall on Jerusalem Day. (credit: MARC ISRAEL SELLEM)<\/em><\/span><\/p>\n<p style=\"text-align: left;\"><span style=\"color: #000080;\">Jerusalem Day is a proud day. We take pride in Israel\u2019s reunification of the city during the Six Day War. We also strongly support the continued existence of a unified Jerusalem as the capital of the State of Israel.<\/span><\/p>\n<p style=\"text-align: left;\"><span style=\"color: #000080;\">Our pride and support stem from two main sources\u2026<\/span><\/p>\n<p style=\"text-align: left;\"><span style=\"color: #000080;\">First and foremost, Jerusalem is our holy city and has been for millennia; tracing back to events in life of the Patriarch Abraham, the progenitor of the Jewish people.<\/span><\/p>\n<p style=\"text-align: left;\"><span style=\"color: #000080;\">Secondly, we learn from history. The only time when unfettered access within the city has been granted to people of all faiths has been since the day the city was reunited by the Israeli Defense Forces. Jerusalem today features fully functioning synagogues, mosques and churches. Jews pray at the\u00a0<a style=\"color: #000080;\" href=\"https:\/\/www.jpost.com\/israel-news\/article-708133\">Western Wall<\/a>, Muslims worship in the Mosque of Omar, Christians pray in the Church of the Ascension.<\/span><\/p>\n<p style=\"text-align: left;\"><span style=\"color: #000080;\">These scenes stand in clear contrast to those which existed before the Six Day War. During the decades of Jordanian control of the Old City of Jerusalem the \u201cJewish Quarter\u201d was razed. Synagogues were completely destroyed. Jewish holy sites were desecrated in unimaginable ways. You will pardon us if we don\u2019t trust a return to the time when the city was in the hands of others.<\/span><\/p>\n<p style=\"text-align: left;\"><span style=\"color: #000080;\">As such, Jerusalem Day is celebrated by us as an historically momentous day. Though we cannot see into the hearts of others, we believe this is the sentiment shared by the vast majority of those who participated in the march.<\/span><\/p>\n<p style=\"text-align: left;\"><span style=\"color: #000080;\">It is regrettable that this pride in our history was overshadowed by the objectionable actions of a few.\u00a0Reports in the press gave the impression that thousands and thousands of Israeli extremists and provocateurs paraded through the streets of Jerusalem last Sunday, all intent upon humiliating the Arab population of the city. No mention was made of the myriads like us who were there to celebrate our pride in, and love for, Jerusalem.<\/span><\/p>\n<p style=\"text-align: left;\"><span style=\"color: #000080;\">I suppose that means that there is work to be done in order to reclaim the celebrations of Jerusalem Day. We, and those who agree with us, will have to become more vocal, so that the pride of the day drowns out the voices furthering their own extreme agenda.<\/span><\/p>\n<p style=\"text-align: left;\"><span style=\"color: #000080;\">But, you have to wonder whether or not such efforts will ultimately prevail. In a world where reported news tends to be spun to fit the \u201cnewscaster\u2019s\u201d preconceived point of view; where the items that make it to the news desk are generally those on the extreme; where nuance has been totally lost in the marketplace of ideas\u2026 can a complex point of view ever be publicly projected?<\/span><\/p>\n<p style=\"text-align: left;\"><span style=\"color: #000080;\">One thing we do know, is that we have to try. We will continue to celebrate Jerusalem Day for the right reasons in the years to come. And, who knows? If more and more like-minded individuals openly celebrate with us, perhaps the glory of a unified Jerusalem will be properly projected to the world.<\/span><\/p>\n<div class=\"fake-br-for-article-body\">\n<hr \/>\n<\/div>\n<p style=\"text-align: left;\"><span style=\"color: #808080;\"><em><strong>Shmuel Goldin<\/strong> is rabbi emeritus of Congregation Ahavath Torah in Englewood, New Jersey and served for two terms as president of the Rabbinical Council of America.<\/em><\/span><\/p>\n<p style=\"text-align: left;\"><span style=\"color: #808080;\"><em><strong>Reuven Tradburks<\/strong> served as congregational rabbi in North America most recently in Toronto and presently serves as the director of the Israel Region of the RCA.<\/em><\/span><\/p>\n<hr style=\"height: 15px; background: #d0e6fa; width: 100%;\" \/>\n<div id=\"content\" class=\"content-alignment\">\n<div id=\"watch-description\" class=\"yt-uix-button-panel\">\n<div id=\"watch-description-text\" style=\"text-align: center;\">\n<p><em>Zawarto\u015b\u0107 publikowanych artyku\u0142\u00f3w i materia\u0142\u00f3w nie reprezentuje pogl\u0105d\u00f3w ani opinii Reunion&#8217;68,<\/em><em><br \/>\nani te\u017c webmastera Blogu Reunion&#8217;68, chyba ze jest to wyra\u017anie zaznaczone.<br \/>\nTwoje uwagi, linki, w\u0142asne artyku\u0142y lub wiadomo\u015bci prze\u015blij na adres:<br \/>\n<\/em><span style=\"color: #000080;\"><strong><em><a style=\"color: #000080;\" href=\"mailto:webmaster@reunion68.com\"><span style=\"text-decoration: underline;\">webmaster@reunion68.com<\/span><\/a><\/em><\/strong><\/span><\/p>\n<\/div>\n<\/div>\n<\/div>\n<hr style=\"width: 100%;\" \/>\n","protected":false},"excerpt":{"rendered":"<p>Not everyone who celebrates on Jerusalem Day are extremists &#8211; opinion SHMUEL GOLDIN, REUVEN TRADBURKS Jerusalem Day is a day for Israel to take pride in the reunification of Jerusalem after it was recaptured in the Six Day War. . CELEBRANTS MARCH on Jerusalem Day toward the Old City. No mention was made of the [&hellip;]<\/p>\n","protected":false},"author":1,"featured_media":0,"comment_status":"closed","ping_status":"closed","sticky":false,"template":"","format":"standard","meta":[],"categories":[3],"tags":[26,24],"_links":{"self":[{"href":"https:\/\/www.reunion68.se\/index.php?rest_route=\/wp\/v2\/posts\/95825"}],"collection":[{"href":"https:\/\/www.reunion68.se\/index.php?rest_route=\/wp\/v2\/posts"}],"about":[{"href":"https:\/\/www.reunion68.se\/index.php?rest_route=\/wp\/v2\/types\/post"}],"author":[{"embeddable":true,"href":"https:\/\/www.reunion68.se\/index.php?rest_route=\/wp\/v2\/users\/1"}],"replies":[{"embeddable":true,"href":"https:\/\/www.reunion68.se\/index.php?rest_route=%2Fwp%2Fv2%2Fcomments&post=95825"}],"version-history":[{"count":6,"href":"https:\/\/www.reunion68.se\/index.php?rest_route=\/wp\/v2\/posts\/95825\/revisions"}],"predecessor-version":[{"id":95844,"href":"https:\/\/www.reunion68.se\/index.php?rest_route=\/wp\/v2\/posts\/95825\/revisions\/95844"}],"wp:attachment":[{"href":"https:\/\/www.reunion68.se\/index.php?rest_route=%2Fwp%2Fv2%2Fmedia&parent=95825"}],"wp:term":[{"taxonomy":"category","embeddable":true,"href":"https:\/\/www.reunion68.se\/index.php?rest_route=%2Fwp%2Fv2%2Fcategories&post=95825"},{"taxonomy":"post_tag","embeddable":true,"href":"https:\/\/www.reunion68.se\/index.php?rest_route=%2Fwp%2Fv2%2Ftags&post=95825"}],"curies":[{"name":"wp","href":"https:\/\/api.w.org\/{rel}","templated":true}]}}