{"id":95849,"date":"2022-06-04T17:09:57","date_gmt":"2022-06-04T15:09:57","guid":{"rendered":"http:\/\/www.reunion68.se\/?p=95849"},"modified":"2022-06-04T08:28:02","modified_gmt":"2022-06-04T06:28:02","slug":"14-09-70","status":"publish","type":"post","link":"https:\/\/www.reunion68.se\/?p=95849","title":{"rendered":"Piek\u0142o kobiet w Ravensbr\u00fcck. Oprawcy nie mieli sobie nic do zarzucenia"},"content":{"rendered":"<p style=\"text-align: center;\"><img decoding=\"async\" class=\"aligncenter\" src=\"https:\/\/bi.im-g.pl\/im\/da\/c5\/14\/z21781466V,Tak-wygladala-selekcja-wiezniarek-w-bylym-niemieck.jpg\" width=\"100%\"><span style=\"color: #808080;\"><em>Tak wygl\u0105da\u0142a selekcja wi\u0119\u017aniarek w by\u0142ym niemieckim nazistowskim obozie w Ravensbr\u00fcck (fot. Bundesarchiv\/Wikimedia Commons\/CC BY-SA 2.0 de) ((fot. Bundesarchiv\/Wikimedia Commons\/CC BY-SA 2.0 de))<\/em><\/span><\/p>\n<hr>\n<h5 style=\"text-align: center;\"><a href=\"https:\/\/wyborcza.pl\/\" target=\"_blank\" rel=\"noopener noreferrer\"><img decoding=\"async\" class=\"center alignleft\" src=\"http:\/\/www.reunion68.com\/Biuletyn\/img\/wyborcza-ale.png\" alt=\"\" width=\"35%\"><\/a><span style=\"text-decoration: underline; color: #000080;\"><strong><a style=\"color: #000080; text-decoration: underline;\" href=\"https:\/\/wyborcza.pl\/alehistoria\/7,121681,28538216,pieklo-kobiet-w-ravensbruck.html\" target=\"_blank\" rel=\"noopener noreferrer\">Piek\u0142o kobiet w Ravensbr\u00fcck. Oprawcy nie mieli sobie nic do zarzucenia<\/a><\/strong><\/span><\/h5>\n<p style=\"text-align: center;\"><span style=\"color: #000000;\"><strong>Pawe\u0142 Smole\u0144ski<\/strong><\/span><\/p>\n<hr style=\"height: 15px; background: #d0e6fa; width: 100%;\">\n<h4 style=\"text-align: center;\"><span style=\"color: #808080;\"><strong>W obozie w Ravensbr\u00fcck zebra\u0142a si\u0119 szczeg\u00f3lna grupa bandyt\u00f3w &#8211; kobiet i m\u0119\u017cczyzn, wykszta\u0142conych lekarzy i prostak\u00f3w bez szk\u00f3\u0142 &#8211; kt\u00f3rzy uwa\u017cali, \u017ce w imi\u0119 bajdurzenia o niemieckiej rasie pan\u00f3w mog\u0105 robi\u0107 z wi\u0119\u017aniarkami, co im si\u0119 podoba.<\/strong><\/span><\/h4>\n<p>.<\/p>\n<p class=\"art_paragraph\" style=\"text-align: left;\"><span style=\"color: #000080;\">To historia, przy kt\u00f3rej umieraj\u0105 wszystkie s\u0142owa, bo nie ma sposobu, by opisa\u0107, czym by\u0142a ona naprawd\u0119. Nikt nie da jej rady, nawet kobiety \u2013 bezpo\u015brednie \u015bwiadkinie pisz\u0105ce wspomnienia i zeznaj\u0105ce w r\u00f3\u017cnych trybuna\u0142ach \u2013 poniewa\u017c potworno\u015b\u0107, horror, bezduszno\u015b\u0107 i \u0142ajdactwo tego, co dzia\u0142o si\u0119 w Ravensbr\u00fcck, wykracza poza mo\u017cliwo\u015bci jakiejkolwiek relacji.<\/span><\/p>\n<p class=\"art_paragraph\" style=\"text-align: left;\"><span style=\"color: #000080;\">A przecie\u017c trzeba o tym pisa\u0107, niekoniecznie w imi\u0119 \u017cyczeniowego sloganu, \u017ce \u201enigdy wi\u0119cej&#8221;, bowiem niestety zbrodnia zawsze i wsz\u0119dzie znakomicie czuje si\u0119 w\u015br\u00f3d ludzi, co widzieli\u015bmy w Srebrenicy i w serbskich obozach koncentracyjnych, w Rwandzie, a teraz w Buczy, Mariupolu i rosyjskich obozach filtracyjnych.<\/span><\/p>\n<p class=\"art_paragraph\" style=\"text-align: left;\"><span style=\"color: #000080;\">Opisu zbrodni dokonanych w Ravensbr\u00fcck podj\u0119\u0142a si\u0119 Marta Grzywacz w ksi\u0105\u017cce \u201eBlizny&#8221;. Powie kto\u015b, \u017ce to pophistoria, ma dzia\u0142a\u0107 na emocje, za\u015b ksi\u0105\u017cka nie opowiada nic ponad to, co ju\u017c dawno wiadomo. Nie znosz\u0119 takich argument\u00f3w. \u201eBlizny&#8221; s\u0105 tym rodzajem reporta\u017cu historycznego, kt\u00f3ry daje czytelnikowi opowie\u015b\u0107 ca\u0142o\u015bciow\u0105, z\u0142o\u017cenie w jednym miejscu tak wielu relacji, statystyk, nazwisk i dokument\u00f3w sprawia, \u017ce otwiera si\u0119 przed nami unikalna szansa, by spojrze\u0107 na ob\u00f3z Ravensbr\u00fcck najszerzej, jak si\u0119 da. Lecz niekoniecznie od tej wiedzy b\u0119dziemy m\u0105drzejsi, cho\u0107 z pewno\u015bci\u0105 nas przerazi. Po to r\u00f3wnie\u017c pisze si\u0119 takie ksi\u0105\u017cki.<\/span><\/p>\n<h5 class=\"art_sub_title\" style=\"text-align: left;\"><strong>Polski najliczniejsz\u0105 grup\u0105&nbsp;Ravensbr\u00fcck<\/strong><\/h5>\n<p class=\"art_paragraph\" style=\"text-align: left;\"><span style=\"color: #000080;\">Grzywacz opowiada histori\u0119 obozu najpro\u015bciej jak mo\u017cna, linearnie, zgodnie z up\u0142ywem kolejnych miesi\u0119cy i lat. Zaczyna w 1940 r., gdy z Lubelszczyzny trafia do Ravensbr\u00fcck pierwszy polski transport kobiet skazanych na \u015bmier\u0107 za udzia\u0142 w podziemiu albo za cokolwiek innego, albo \u2013 bo tak si\u0119 Niemcom podoba\u0142o. Zak\u0142adaj\u0105 pasiaki, jesieni\u0105 i zim\u0105 nosz\u0105 drewniane chodaki, do obozowych \u0142ach\u00f3w przyszywaj\u0105 tr\u00f3jk\u0105ty informuj\u0105ce o narodowo\u015bci i rodzaju przest\u0119pstwa pope\u0142nionego wobec III Rzeszy; mo\u017ce by\u0107 nim narodowo\u015b\u0107, orientacja seksualna, polityka, wreszcie \u2013 zasada odpowiedzialno\u015bci zbiorowej, kt\u00f3r\u0105 najlepiej egzekwowa\u0107 na niewinnych. Polski s\u0105 najliczniejsz\u0105 grup\u0105 po\u015br\u00f3d wielonarodowej zbiorowo\u015bci; Ravensbr\u00fcck to piekielna wie\u017ca Babel, gdzie zabijane s\u0105 \u017byd\u00f3wki, Ukrainki, Rosjanki, Romki, Francuzki, Dunki, Norwe\u017cki, Czeszki. W ko\u0144cu masowy mord to najwa\u017cniejszy cel archipelagu hitlerowskich lagr\u00f3w. Wa\u017cniejszy bodaj ni\u017c zysk z niewolniczej pracy.<\/span><\/p>\n<p class=\"art_paragraph\" style=\"text-align: left;\"><span style=\"color: #000080;\">Lecz przed Ravensbr\u00fcck postanowiono r\u00f3wnie\u017c inne zadanie. Gdy w Pradze w 1942 r. cichociemni postrzelili wielkorz\u0105dc\u0119 Protektoratu Czech i Moraw Reinharda Heydricha, a SS-ma\u0144skim lekarzom nie uda\u0142o si\u0119 go uratowa\u0107 (zmar\u0142 w wyniku powik\u0142a\u0144), postanowiono w obozie sprawdza\u0107 skuteczno\u015b\u0107 lekarstw na zaka\u017cenia i choroby pojawiaj\u0105ce si\u0119 w wyniku ran. Tak wyklu\u0142 si\u0119 termin \u201ekr\u00f3liki&#8221;. Nazywano nim te kobiety, kt\u00f3re poddano bezwzgl\u0119dnym eksperymentom pseudomedycznym, podobno w imi\u0119 przysz\u0142ych korzy\u015bci terapeutycznych i naukowych, czyli \u2013 dla dobra cz\u0142owieka.<\/span><\/p>\n<h5 class=\"art_sub_title\" style=\"text-align: left;\"><strong>Cz\u0142owiek jest z\u0142y<\/strong><\/h5>\n<p class=\"art_paragraph\" style=\"text-align: left;\"><span style=\"color: #000080;\">W Ravensbr\u00fcck zebra\u0142a si\u0119 szczeg\u00f3lna grupa bandyt\u00f3w \u2013 kobiet i m\u0119\u017cczyzn, wykszta\u0142conych lekarzy i prostak\u00f3w bez szk\u00f3\u0142 \u2013 kt\u00f3rych nazizm uwodzi\u0142 bajdurzeniem o niemieckiej rasie pan\u00f3w i jej w\u0142adzy nad \u015bwiatem. Mogli robi\u0107 z wi\u0119\u017aniarkami wszystko. Bicie, dr\u0119czenie g\u0142odem, wielogodzinna nadludzka har\u00f3wka, uwi\u0119zienie w bunkrze, komora gazowa, kula w ty\u0142 g\u0142owy nie wyr\u00f3\u017cnia\u0142y Ravensbr\u00fcck spo\u015br\u00f3d innych niemieckich \u201ekoncentrak\u00f3w&#8221;. Ale nikomu niepotrzebne operacje, celowe zaka\u017canie celowo zranionych n\u00f3g, \u0142amanie i wycinanie ko\u015bci, mi\u0119\u015bni oraz \u015bci\u0119gien, traktowanie niesprawdzonymi medykamentami \u2013 ju\u017c tak.<\/span><\/p>\n<p class=\"art_paragraph\" style=\"text-align: left;\"><span style=\"color: #000080;\">Ob\u00f3z i realizowane w nim zadania, kt\u00f3rym patronowali najwy\u017csi funkcjonariusze pa\u0144stwa Hitlera, dowodzi g\u0142\u0119bokiej m\u0105dro\u015bci s\u0142\u00f3w Marka Edelmana:<\/span><\/p>\n<blockquote class=\"art_blockquote\">\n<p style=\"text-align: left;\"><strong>\u201eNa tym polega to nieszcz\u0119\u015bcie, \u017ce cz\u0142owiek jest z\u0142y. (&#8230;) Prawda jest taka, \u017ce dziesi\u0119\u0107 przykaza\u0144 wprowadzono do moralno\u015bci ludzkiej przymusem&#8221;.<\/strong><\/p>\n<\/blockquote>\n<p class=\"art_paragraph\" style=\"text-align: left;\"><span style=\"color: #000080;\">Niewielkie pocieszenie, \u017ce o zbrodniach pope\u0142nionych w Ravensbr\u00fcck alianci wiedzieli jeszcze podczas wojny, a ich po\u015brednich i bezpo\u015brednich sprawc\u00f3w wpisali na listy przest\u0119pc\u00f3w. Zbrodni nie da si\u0119 ukry\u0107, lecz niekoniecznie na ujawnionych zbrodniarzy spada kara, nie m\u00f3wi\u0105c o tym, \u017ce pe\u0142nej odp\u0142aty by\u0107 nie mo\u017ce, gdy\u017c w oczach cywilizowanego \u015bwiata by\u0142aby to barbarzy\u0144ska zemsta.<\/span><\/p>\n<h5 class=\"art_sub_title\" style=\"text-align: left;\"><strong>Dostrzec Ravensbr\u00fcck przed zbudowaniem<\/strong><\/h5>\n<p class=\"art_paragraph\" style=\"text-align: left;\"><span style=\"color: #000080;\">W przypadku Ravensbr\u00fcck niesp\u00f3jno\u015b\u0107 dziesi\u0119ciorga przykaza\u0144 z ludzk\u0105 natur\u0105 wida\u0107 r\u00f3wnie\u017c po wojnie. Do obozu wchodzi Armia Czerwona, jest z nimi r\u00f3wnie\u017c gar\u015b\u0107 polskich ko\u015bciuszkowc\u00f3w. Koszmar pasiak\u00f3w niby znikn\u0105\u0142, ale natychmiast zaczyna si\u0119 kolejny: so\u0142daci domagaj\u0105 si\u0119 nagrody za wyzwolenie obozu. Polki nie przyznaj\u0105 si\u0119 do tego, ale Francuzki m\u00f3wi\u0105 otwarcie: czerwonoarmi\u015bci gwa\u0142c\u0105 kobiety, w tym wymizerowane, stoj\u0105ce na kraw\u0119dzi \u017cycia wi\u0119\u017aniarki. Rosyjskim wojakom zosta\u0142o to do dzisiaj, co wida\u0107 w Ukrainie.<\/span><\/p>\n<p class=\"art_paragraph\" style=\"text-align: left;\"><span style=\"color: #000080;\">P\u00f3\u017aniej Norymberga. Przed alianckimi s\u0105dami staje kilkudziesi\u0119ciu oprawc\u00f3w z Ravensbr\u00fcck. Niekt\u00f3rzy spotkaj\u0105 si\u0119 ze stryczkiem, wielu zostaje skazanych na wieloletnie wi\u0119zienie (na og\u00f3\u0142 wychodz\u0105 po kilku latach), a cz\u0119\u015b\u0107 uniewinniona. Grzywacz stawia tez\u0119 \u2013 jest ona jak najbardziej do obrony \u2013 \u017ce s\u0119dzi\u00f3w tak bardzo przyt\u0142oczy\u0142 rozmiar i zasi\u0119g nazistowskich zbrodni, \u017ce ponad 90 tys. ofiar obozu, okaleczone \u201ekr\u00f3liki&#8221;, zadawane im b\u00f3l i cierpienie sta\u0142y si\u0119 jednym z wielu fragment\u00f3w hitlerowskiego puzzla.<\/span><\/p>\n<p class=\"art_paragraph\" style=\"text-align: left;\"><span style=\"color: #000080;\">Nie nale\u017cy te\u017c liczy\u0107 na skruch\u0119 i pokut\u0119. Jedna ze zbrodniarek w lekarskim kitlu, skazana na 20 lat, wysz\u0142a po pi\u0119ciu, a potem odzyska\u0142a uprawnienia do uprawiania zawodu jako pediatra. Gdy o skandalu zwiedzia\u0142a si\u0119 prasa i zbrodniarce grozi\u0142o usuni\u0119cie z zawodu, posz\u0142a do s\u0105du po \u2013 jak s\u0105dzi\u0142a \u2013 nale\u017cn\u0105 jej sprawiedliwo\u015b\u0107.<\/span><\/p>\n<blockquote class=\"art_blockquote\">\n<p style=\"text-align: left;\"><strong>Przegra\u0142a proces, lecz wielu nazistowskich zbrodniarzy odpowiedzialnych za medyczne eksperymenty do ko\u0144ca \u017cycia cieszy\u0142o si\u0119 szacunkiem s\u0105siad\u00f3w i pacjent\u00f3w, bo w ko\u0144cu byli fachowymi lekarzami.<\/strong><\/p>\n<\/blockquote>\n<p class=\"art_paragraph\" style=\"text-align: left;\"><span style=\"color: #000080;\">Sami sobie te\u017c nie mieli nic do zarzucenia. Nawr\u00f3cenie grzesznika to zjawisko, kt\u00f3re w przyrodzie raczej nie istnieje.<\/span><\/p>\n<p class=\"art_paragraph\" style=\"text-align: left;\"><span style=\"color: #000080;\">Powt\u00f3rz\u0119 \u2013 Marta Grzywacz da\u0142a nam ksi\u0105\u017ck\u0119, kt\u00f3r\u0105 czytamy nie dla rozrywki, lecz po to, by nie zapomnie\u0107. To cecha wnikliwych reporta\u017cy historycznych. Wiedzia\u0142e\u015b o Ravensbr\u00fcck, i co z tego? Dowiedz si\u0119 jeszcze raz, a mo\u017ce zaczniesz dostrzega\u0107 obozy koncentracyjne przysz\u0142o\u015bci, zanim je jeszcze zbudowano.&nbsp;<\/span><\/p>\n<p class=\"art_paragraph\" style=\"text-align: center;\"><span class=\"imageUOM parent-box-label-related\"><img decoding=\"async\" class=\"aligncenter\" style=\"box-sizing: border-box; margin: 0px; padding: 0px; border: 0px; font-style: inherit; font-variant: inherit; font-weight: inherit; font-stretch: inherit; line-height: inherit; font-family: inherit; font-size: 15px; vertical-align: baseline; cursor: auto; display: block; max-width: 100%; height: auto; width: 707px;\" src=\"https:\/\/bi.im-g.pl\/im\/7e\/37\/1b\/z28538238IH,Marta-Grzywacz---Blizny--Prawdziwa-historia--kroli.jpg\" alt=\"Marta Grzywacz, 'Blizny. Prawdziwa historia >kr\u00f3lik\u00f3w z Ravensbr\u00fcck'&#8221; width=&#8221;100%&#8221;><span style=\"color: #808080;\"><em><span class=\"photoAuthor\"><span class=\"photoTitle\">Marta Grzywacz, &#8216;Blizny. Prawdziwa historia &gt;kr\u00f3lik\u00f3w z Ravensbr\u00fcck&#8217;<\/span>&nbsp;W.A.B.<\/span><\/em><\/span><\/span><\/p>\n<hr>\n<p class=\"art_paragraph\" style=\"text-align: left;\"><span style=\"color: #808080;\"><em><strong>Marta Grzywacz<\/strong> &#8211; \u201eBlizny. Prawdziwa historia \u00bbkr\u00f3lik\u00f3w\u00ab z&nbsp;Ravensbr\u00fcck&#8221; W.A.B.<\/em><\/span><\/p>\n<hr style=\"height: 15px; background: #d0e6fa; width: 100%;\">\n<div id=\"content\" class=\"content-alignment\">\n<div id=\"watch-description\" class=\"yt-uix-button-panel\">\n<div id=\"watch-description-text\" style=\"text-align: center;\">\n<p><em>Zawarto\u015b\u0107 publikowanych artyku\u0142\u00f3w i materia\u0142\u00f3w nie reprezentuje pogl\u0105d\u00f3w ani opinii Reunion&#8217;68,<\/em><em><br \/>\nani te\u017c webmastera Blogu Reunion&#8217;68, chyba ze jest to wyra\u017anie zaznaczone.<br \/>\nTwoje uwagi, linki, w\u0142asne artyku\u0142y lub wiadomo\u015bci prze\u015blij na adres:<br \/>\n<\/em><span style=\"color: #000080;\"><strong><em><a style=\"color: #000080;\" href=\"mailto:webmaster@reunion68.com\"><span style=\"text-decoration: underline;\">webmaster@reunion68.com<\/span><\/a><\/em><\/strong><\/span><\/p>\n<\/div>\n<\/div>\n<\/div>\n<hr style=\"width: 100%;\">\n","protected":false},"excerpt":{"rendered":"<p>Tak wygl\u0105da\u0142a selekcja wi\u0119\u017aniarek w by\u0142ym niemieckim nazistowskim obozie w Ravensbr\u00fcck (fot. Bundesarchiv\/Wikimedia Commons\/CC BY-SA 2.0 de) ((fot. Bundesarchiv\/Wikimedia Commons\/CC BY-SA 2.0 de)) Piek\u0142o kobiet w Ravensbr\u00fcck. Oprawcy nie mieli sobie nic do zarzucenia Pawe\u0142 Smole\u0144ski W obozie w Ravensbr\u00fcck zebra\u0142a si\u0119 szczeg\u00f3lna grupa bandyt\u00f3w &#8211; kobiet i m\u0119\u017cczyzn, wykszta\u0142conych lekarzy i prostak\u00f3w bez szk\u00f3\u0142 [&hellip;]<\/p>\n","protected":false},"author":1,"featured_media":0,"comment_status":"closed","ping_status":"closed","sticky":false,"template":"","format":"standard","meta":[],"categories":[6],"tags":[26,24],"_links":{"self":[{"href":"https:\/\/www.reunion68.se\/index.php?rest_route=\/wp\/v2\/posts\/95849"}],"collection":[{"href":"https:\/\/www.reunion68.se\/index.php?rest_route=\/wp\/v2\/posts"}],"about":[{"href":"https:\/\/www.reunion68.se\/index.php?rest_route=\/wp\/v2\/types\/post"}],"author":[{"embeddable":true,"href":"https:\/\/www.reunion68.se\/index.php?rest_route=\/wp\/v2\/users\/1"}],"replies":[{"embeddable":true,"href":"https:\/\/www.reunion68.se\/index.php?rest_route=%2Fwp%2Fv2%2Fcomments&post=95849"}],"version-history":[{"count":5,"href":"https:\/\/www.reunion68.se\/index.php?rest_route=\/wp\/v2\/posts\/95849\/revisions"}],"predecessor-version":[{"id":95859,"href":"https:\/\/www.reunion68.se\/index.php?rest_route=\/wp\/v2\/posts\/95849\/revisions\/95859"}],"wp:attachment":[{"href":"https:\/\/www.reunion68.se\/index.php?rest_route=%2Fwp%2Fv2%2Fmedia&parent=95849"}],"wp:term":[{"taxonomy":"category","embeddable":true,"href":"https:\/\/www.reunion68.se\/index.php?rest_route=%2Fwp%2Fv2%2Fcategories&post=95849"},{"taxonomy":"post_tag","embeddable":true,"href":"https:\/\/www.reunion68.se\/index.php?rest_route=%2Fwp%2Fv2%2Ftags&post=95849"}],"curies":[{"name":"wp","href":"https:\/\/api.w.org\/{rel}","templated":true}]}}