{"id":95969,"date":"2022-06-12T17:09:33","date_gmt":"2022-06-12T15:09:33","guid":{"rendered":"http:\/\/www.reunion68.se\/?p=95969"},"modified":"2022-06-11T16:24:04","modified_gmt":"2022-06-11T14:24:04","slug":"20-09-73","status":"publish","type":"post","link":"https:\/\/www.reunion68.se\/?p=95969","title":{"rendered":"\u017bydowski Sztab Kryzysowy [fragmenty reporta\u017cu]"},"content":{"rendered":"<h5 style=\"text-align: center;\"><a href=\"https:\/\/chidusz.com\/\" target=\"_blank\" rel=\"noopener noreferrer\"><img decoding=\"async\" class=\"center alignleft\" src=\"http:\/\/www.reunion68.com\/Biuletyn\/img\/chidusz.png\" alt=\"\" width=\"35%\" \/><\/a><span style=\"text-decoration: underline; color: #000080;\"><strong><a style=\"color: #000080; text-decoration: underline;\" href=\"https:\/\/chidusz.com\/zydowski-sztab-kryzysowy-fragmenty-reportazu\/\" target=\"_blank\" rel=\"noopener noreferrer\">\u017bydowski Sztab Kryzysowy [fragmenty reporta\u017cu]<\/a><\/strong><\/span><\/h5>\n<p style=\"text-align: center;\"><span style=\"color: #000000;\"><strong>REDAKCJA \/ MICHA\u0141 BOJANOWSKI<\/strong><\/span><\/p>\n<hr style=\"height: 15px; background: #d0e6fa; width: 100%;\" \/>\n<p style=\"text-align: center;\"><img decoding=\"async\" class=\"aligncenter\" src=\"https:\/\/chidusz.com\/wp-content\/uploads\/2022\/06\/%C5%BCydowski-sztab-zarz%C4%85dzania-kryzysowego-twarda-6-warszawa-gmina-%C5%BCydowska-w-warszawie-synagoga-no%C5%BCyk%C3%B3w.png\" width=\"100%\" \/><span style=\"color: #808080;\"><em>Fragment ok\u0142adki \u201eChiduszu&#8221; 4\/2022, kt\u00f3ry przedstawia ludzi pracuj\u0105cych w tzw. Bia\u0142ym Budynku (obok synagogi No\u017cyk\u00f3w w Warszawie) \/ Projekt ok\u0142adki: Katarzyna Modzelewska<\/em><\/span><\/p>\n<h4 style=\"text-align: center;\"><span style=\"color: #808080;\"><strong><span class=\"run-in\">W REPORTA\u017bU\u00a0<i>\u017bYDOWSKI SZTAB KRYZYSOWY<\/i>\u00a0(<a style=\"color: #808080;\" href=\"https:\/\/chidusz.com\/zydowski-sztab-kryzysowy\/\">\u201eCHIDUSZ\u201d 4\/2022<\/a>) MICHA\u0141\u00a0BOJANOWSKI PISZE O POMOCY UCHOD\u0179COM Z UKRAINY, JAKIEJ NA MASOW\u0104 SKAL\u0118 UDZIELAJ\u0104 WARSZAWSKIE ORGANIZACJE \u017bYDOWSKIE.\u00a0<\/span><span class=\"run-in\">ZAPRASZAMY DO LEKTURY FRAGMENT\u00d3W TEKSTU \u2013 M.IN. WYWIADU Z MICHAELEM SCHUDRICHEM (NACZELNYM RABINEM POLSKI), KARIN\u0104 SOKO\u0141OWSK\u0104 (DYREKTORK\u0104 JOINTU W POLSCE) CZY MART\u0104 SARACYN (JCC WARSZAWA).<\/span><\/strong><\/span><\/h4>\n<p style=\"text-align: left;\"><span style=\"color: #000080;\">.<\/span><\/p>\n<p style=\"text-align: left;\"><span style=\"color: #000080;\">\u201eJu\u017c w czwartek rano, czyli w kilka godzin po ataku Rosji na Ukrain\u0119, Karina Soko\u0142owska, dyrektorka Jointu w Polsce, naradza\u0142a si\u0119 z Les\u0142awem Piszewskim, przewodnicz\u0105cym Gminy Wyznaniowej \u017bydowskiej w Warszawie, co robi\u0107. Sprawy potoczy\u0142y si\u0119 bardzo szybko: w pi\u0105tek podj\u0119li decyzj\u0119, \u017ce zak\u0142adaj\u0105 gor\u0105c\u0105 lini\u0119 dla uchod\u017ac\u00f3w, a w sobot\u0119 byli ju\u017c w drodze do Lublina, gdzie gmina prowadzi hotel Ilan w dawnej jesziwie. \u2013 Jechali\u015bmy jeszcze zupe\u0142nie na luzie \u2013 wspomina Karina. \u2013 Zatrzymali\u015bmy si\u0119 nawet na \u015bniadanie. To by\u0142 chyba ostatni posi\u0142ek, jaki normalnie zjedli\u015bmy. Potem pojechali\u015bmy do Kazimierza, gdzie przyj\u0119li\u015bmy grup\u0119 chasyd\u00f3w. W niedziel\u0119 zacz\u0119li\u015bmy organizowa\u0107 nasz\u0105 ekip\u0119 na granicy. Na pocz\u0105tku wys\u0142ali\u015bmy ich jako wolontariuszy, bo wydawa\u0142o nam si\u0119, \u017ce to b\u0119dzie jaka\u015b kr\u00f3tka akcja.\u00a0<\/span><\/p>\n<p><a href=\"https:\/\/patronite.pl\/chidusz\"><img decoding=\"async\" class=\"aligncenter wp-image-11344\" src=\"https:\/\/chidusz.com\/wp-content\/uploads\/2022\/06\/patronite-chidusz-magazyn-zydowski.png\" alt=\"patronite-chidusz-magazyn-zydowski\" width=\"100%\" data-id=\"11344\" \/><\/a><\/p>\n<p style=\"text-align: left;\"><span style=\"color: #000080;\">W Lublinie czekali na nich ju\u017c pierwsi uchod\u017acy. G\u0142\u00f3wnie osoby z pieni\u0119dzmi, \u015bwietnie przygotowane do ucieczki. Odpocz\u0119li w Ilanie, zap\u0142acili za pobyt i pojechali dalej swoimi samochodami. Ju\u017c wtedy jednak pojawili si\u0119 te\u017c ludzie bez jakichkolwiek \u015brodk\u00f3w do \u017cycia. \u2013 Bez wahania podj\u0119li\u015bmy decyzj\u0119, \u017ce pokryjemy koszty ich utrzymania. I oczywi\u015bcie odwo\u0142ali\u015bmy wszystkie rezerwacje w hotelu \u2013\u00a0opowiada Les\u0142aw. Wszyscy dostali pokoje, wy\u017cywienie i wszelk\u0105 mo\u017cliw\u0105 pomoc.<\/span><\/p>\n<p style=\"text-align: left;\"><span style=\"color: #000080;\">W poniedzia\u0142ek, cztery dni po rosyjskiej inwazji, odby\u0142o si\u0119 spotkanie organizacji \u017cydowskich dzia\u0142aj\u0105cych w Warszawie. Nikt wtedy jeszcze nie przypuszcza\u0142, \u017ce \u015bwiat tak szybko oka\u017ce ogromne wsparcie. Idea by\u0142a taka, \u017ceby po\u0142\u0105czy\u0107 si\u0142y i dzia\u0142a\u0107 jak najbardziej efektywnie. W ten spos\u00f3b w tak zwanym Bia\u0142ym Budynku, tu\u017c obok synagogi No\u017cyk\u00f3w przy Twardej 6, powsta\u0142 \u017bydowski Sztab Zarz\u0105dzania Kryzysowego. Niemal od pocz\u0105tku wojny dzia\u0142a siedem dni w tygodniu przez ca\u0142\u0105 dob\u0119. W szczytowym momencie, gdy granic\u0119 przekracza\u0142o codziennie po kilkadziesi\u0105t tysi\u0119cy uchod\u017ac\u00f3w, na gor\u0105cej linii telefony odbiera\u0142o dziewi\u0119\u0107 os\u00f3b. \u2013 Transporty z darami przychodzi\u0142y r\u00f3wnie\u017c w \u015brodku nocy. Nie potrafi\u0119 nawet zliczy\u0107, ile ton przerzuci\u0142em w\u0142asnymi r\u0119koma \u2013 wspomina Les\u0142aw. \u2013\u00a0\u017bycie postawi\u0142o przed nami wyzwanie, na kt\u00f3re w og\u00f3le nie byli\u015bmy gotowi, ale nieskromnie m\u00f3wi\u0105c, sprostali\u015bmy mu.<\/span><\/p>\n<p style=\"text-align: left;\"><span style=\"color: #000080;\">Gmina \u017cydowska oddelegowa\u0142a\u00a0do pomocy uchod\u017acom niemal wszystkich swoich pracownik\u00f3w. W\u0142a\u015bciwie zarzucono codzienne obowi\u0105zki i w ci\u0105gu kilku dni powsta\u0142a sprawnie dzia\u0142aj\u0105ca, ogromna siatka pomocy. \u2013 Pomagamy \u017bydom i nie-\u017bydom, wojownikom, osobom cywilnym, ka\u017cdemu, kto si\u0119 do nas\u00a0zwr\u00f3ci \u2013\u00a0dodaje Les\u0142aw. \u2013 Weszli\u015bmy we wsp\u00f3\u0142prac\u0119 z Ko\u015bcio\u0142em prawos\u0142awnym, poniewa\u017c w moim odczuciu ma on najlepsze kontakty w Ukrainie i wie, gdzie s\u0105 ci najbardziej potrzebuj\u0105cy\u201d.<\/span><\/p>\n<h2 style=\"text-align: center;\"><b>I<\/b><\/h2>\n<p style=\"text-align: left;\"><span style=\"color: #000000;\"><i>Przed pami\u0119tnym czwartkiem w Ukrainie mieszka\u0142o ponad dwie\u015bcie tysi\u0119cy \u017byd\u00f3w, z kt\u00f3rych wi\u0119kszo\u015b\u0107 do dzisiaj tam pozosta\u0142a. Joint (czyli American Jewish Joint Distribution Committee albo JDC) bezpo\u015brednio opiekowa\u0142 si\u0119 blisko pi\u0119\u0107dziesi\u0119cioma tysi\u0105cami podopiecznych skupionych w ma\u0142ych organizacjach pomocowych, tzw. Chesedach (hebr. \u0142aska, dobro\u0107). By\u0142y to osoby, o kt\u00f3rych w uproszczeniu mo\u017cna powiedzie\u0107, \u017ce dostawa\u0142y mniejsz\u0105 lub wi\u0119ksz\u0105 pomoc socjaln\u0105. Wielu spo\u015br\u00f3d nich nie mog\u0142oby bez niej prze\u017cy\u0107. Samych pracownik\u00f3w Chesed\u00f3w by\u0142o oko\u0142o pi\u0119ciu tysi\u0119cy, z czego wi\u0119kszo\u015b\u0107\u00a0stanowili nie-\u017bydzi. W lutym 2022 roku w Ukrainie by\u0142o wi\u0119cej os\u00f3b, kt\u00f3re prze\u017cy\u0142y Zag\u0142ad\u0119, ni\u017c wszystkich cz\u0142onk\u00f3w organizacji \u017cydowskich w Polsce razem wzi\u0119tych.\u00a0<\/i><\/span><\/p>\n<p><b>Micha\u0142 Bojanowski: Przed chwil\u0105 kto\u015b tu wszed\u0142 i powiedzia\u0142, \u017ce czekacie na jedena\u015bcie kobiet, kt\u00f3re zosta\u0142y zgwa\u0142cone.<\/b><\/p>\n<p style=\"text-align: left;\"><span style=\"color: #000080;\">Karina Soko\u0142owska: Tak, to nowa sprawa. One s\u0105 z Buczy. Dzisiaj przyjad\u0105. Z uwagi na to, co przesz\u0142y, nie mog\u0105 by\u0107 w \u017cadnym z naszych o\u015brodk\u00f3w, musimy znale\u017a\u0107 im osobne, pi\u0119ciopokojowe mieszkanie.<\/span><\/p>\n<p><b>To s\u0105 \u017byd\u00f3wki?<\/b><\/p>\n<p style=\"text-align: left;\"><span style=\"color: #000080;\">Nie pytamy ludzi, kt\u00f3rzy do nas trafiaj\u0105, kim s\u0105, ani jakie maj\u0105 pochodzenie. Je\u015bli kto\u015b zosta\u0142 wys\u0142any przez Chesed z drugiej strony granicy, to pewnie ma jakie\u015b \u017cydowskie pochodzenie, ale te\u017c niekoniecznie. W naszych o\u015brodkach i hotelach jest na przyk\u0142ad kobieta, kt\u00f3rej m\u0105\u017c jest \u017bydem i walczy w Ukrainie, a ona uciek\u0142a z tr\u00f3jk\u0105\u00a0dzieci. Albo inna \u2013 jej m\u0105\u017c, Izraelczyk, mo\u017ce po ni\u0105 wr\u00f3ci, a mo\u017ce nie. Inny pan polecia\u0142 do Tel Awiwu i \u015blad po nim zagin\u0105\u0142 \u2013 na miejscu zosta\u0142a jego ukrai\u0144ska \u017cona. R\u00f3wnie\u017c do naszego magazynu na Twardej mo\u017ce przyj\u015b\u0107 ka\u017cdy, kto potrzebuje pomocy. Na pewno j\u0105 otrzyma. Liczba os\u00f3b, kt\u00f3rym pomagamy i kt\u00f3re nie maj\u0105 zwi\u0105zku z szeroko rozumian\u0105 \u017cydowsko\u015bci\u0105, dotar\u0142a do nas dopiero, gdy w o\u015brodkach zacz\u0119li\u015bmy \u015bwi\u0119towa\u0107 Purim i szabaty. Sporo os\u00f3b w og\u00f3le nie wiedzia\u0142o, o co nam chodzi [\u015bmiech].<\/span><\/p>\n<h2 style=\"text-align: center;\"><b>II<\/b><\/h2>\n<p style=\"text-align: left;\"><b>Micha\u0142 Bojanowski: Uj\u0119\u0142o mnie, \u017ce na Twardej pomoc dostanie ka\u017cdy, kto si\u0119 zg\u0142osi. Niezale\u017cnie od narodowo\u015bci czy religii.\u00a0<\/b><\/p>\n<p style=\"text-align: left;\"><span style=\"color: #000080;\">Naczelny rabin Polski Michael Schudrich: Dzwoni do mnie pewna kobieta \u2013 to by\u0142 chyba trzeci dzie\u0144 wojny \u2013 opowiada, \u017ce jej c\u00f3rka i synowa wraz z dzie\u0107mi nie mog\u0105\u00a0wsi\u0105\u015b\u0107 do samolotu do Izraela, poniewa\u017c nie maj\u0105 aktualnych test\u00f3w covidowych. Tyle \u017ce samolot odlatuje\u2026 za dziesi\u0119\u0107\u00a0minut. M\u00f3wi\u0119 do niej, \u017ce w takim razie musimy szybko co\u015b zadzia\u0142a\u0107. Na co ona do mnie, \u017ce ani ona, ani jej c\u00f3rka i synowa nie s\u0105 \u017byd\u00f3wkami. \u201eM\u00f3j m\u0105\u017c jest Izraelczykiem, a dzieci s\u0105 z pierwszego ma\u0142\u017ce\u0144stwa\u201d \u2013 m\u00f3wi. To by\u0142o bardzo urocze \u2013 widocznie uzna\u0142a, \u017ce jak rozmawia z rabinem, to musi takie sprawy od razu wyja\u015bnia\u0107. Powiedzia\u0142em jej, \u017ce w tej chwili to nie ma znaczenia. Zarezerwowa\u0142em im pok\u00f3j w hotelu na Ok\u0119ciu. Tu nawet nie chodzi\u0142o o to, \u017ce one potrzebowa\u0142y pieni\u0119dzy. Sytuacja je przeros\u0142a \u2013 ucieka\u0142y z Ukrainy, dotar\u0142y na lotnisko, a gdy koszmar ju\u017c mia\u0142 si\u0119 sko\u0144czy\u0107, okaza\u0142o si\u0119, \u017ce nigdzie nie polec\u0105. To taki moment, kiedy siadasz na walizce, masz \u0142zy w oczach i nie jeste\u015b w stanie si\u0119\u00a0ruszy\u0107. W takiej sytuacji trzeba poprowadzi\u0107 kogo\u015b\u00a0za r\u0119k\u0119: \u201eWsta\u0144, wyjd\u017a g\u0142\u00f3wnym wyj\u015bciem z lotniska, naprzeciwko jest hotel, wejd\u017a do \u015brodka i podaj swoje nazwisko\u201d. Wszystko si\u0119 uda\u0142o, ju\u017c dawno s\u0105\u00a0w Izraelu.<\/span><\/p>\n<h2 style=\"text-align: center;\"><b>III<\/b><\/h2>\n<p><span style=\"color: #000000;\"><i>Gdy wchodz\u0119 do jego biura, wsp\u00f3\u0142za\u0142o\u017cyciela Fundacji Puszke, Igor akurat debatuje z kim\u015b ze sztabu kryzysowego na temat kobiety z Izraela, kt\u00f3ra poprosi\u0142a, aby eskortowa\u0107 jej rodzic\u00f3w od granicy do samolotu na Ok\u0119ciu. \u2013 Musimy by\u0107\u00a0bardziej asertywni \u2013 przekonuje Igor. \u2013\u00a0Je\u015bli jest to obywatelka Izraela, kt\u00f3ra normalnie pracuje, musi wsi\u0105\u015b\u0107 w samolot i sama zaj\u0105\u0107 si\u0119\u00a0rodzicami. A\u017c tylu wolontariuszy nie mamy \u2013\u00a0zwraca si\u0119\u00a0do mnie. \u2013 A ludzie bywaj\u0105 bardzo roszczeniowi. My natomiast ka\u017cdego kolejnego dnia jeste\u015bmy coraz bardziej zm\u0119czeni.\u00a0\u00a0\u00a0<\/i><\/span><\/p>\n<p style=\"text-align: left;\"><b>Micha\u0142 Bojanowski: Jak dzi\u015b wygl\u0105da sytuacja?\u00a0<\/b><\/p>\n<p style=\"text-align: left;\"><span style=\"color: #000080;\">Igor Susid: Na granicy mamy wszystko dobrze ogarni\u0119te\u00a0\u2013 s\u0105 tam nasi ludzie z samochodami, kartami kredytowymi, got\u00f3wk\u0105. Wypo\u017cyczyli\u015bmy kampery i busa, podpisali\u015bmy umowy z firmami transportowymi. Je\u015bli trzeba kogo\u015b\u00a0przywie\u017a\u0107, to wystarczy jeden telefon i wszystko idzie bardzo sprawnie. Podobnie jest z zakwaterowaniem \u2013 nasi pracownicy zawsze znajd\u0105\u00a0\u0142\u00f3\u017cko, a jak nie znajd\u0105, to wynajm\u0105 co\u015b nowego. Niedawno zabierali\u015bmy z granicy dwudziestoosobow\u0105 grup\u0119 \u017byd\u00f3w. Podstawili\u015bmy autokar, ale blisko po\u0142owa miejsc pozosta\u0142a pusta. Zaoferowali\u015bmy je ka\u017cdemu, kto akurat przechodzi\u0142 i chcia\u0142\u00a0jecha\u0107\u00a0do Warszawy. Nie kr\u0119cili\u015bmy nosem, gdy kto\u015b do autobusu wprowadza\u0142 zwierz\u0119ta. Nie pytali\u015bmy, czy maj\u0105 pieni\u0105dze. Oczywi\u015bcie nie zostawili\u015bmy nikogo na bruku. Dla wszystkich znale\u017ali\u015bmy miejsca do spania, jedzenie, ubrania, leki.<\/span><\/p>\n<p style=\"text-align: left;\"><span style=\"color: #000080;\">Jednym z najwi\u0119kszych wyzwa\u0144 s\u0105 teraz problemy zdrowotne, z kt\u00f3rymi przyje\u017cd\u017caj\u0105 uchod\u017acy. Dostan\u0105 PESEL\u2026<\/span><\/p>\n<p style=\"text-align: left;\"><span style=\"color: #000080;\"><b>\u2026ale jak\u00a0dosta\u0107 si\u0119 do lekarza?\u00a0<\/b><\/span><\/p>\n<p style=\"text-align: left;\"><span style=\"color: #000080;\">No w\u0142a\u015bnie. Jest sporo kobiet w ci\u0105\u017cy, kto\u015b\u00a0ma gangren\u0119\u00a0na nodze, inny cukrzyc\u0119 i trzeba mu natychmiast poda\u0107 dawk\u0119 insuliny. Jeden pan w \u015ar\u00f3dborowie ma nadci\u015bnienie, nie mo\u017ce spa\u0107, wzywanie karetki nic nie pomo\u017ce, bo to jest cz\u0142owiek przewlekle chory. Okazuje si\u0119, \u017ce musimy zatrudnia\u0107 pracownik\u00f3w socjalnych, kt\u00f3rzy b\u0119d\u0105 pracowa\u0107 w dwuosobowych grupach \u2013 aby m\u00f3wi\u0107 jednocze\u015bnie po ukrai\u0144sku, rosyjsku i po polsku.<\/span><\/p>\n<p style=\"text-align: left;\"><span style=\"color: #000080;\">Cz\u0119sto jest tak, \u017ce chcesz pom\u00f3c komu\u015b w jakiej\u015b jednej ma\u0142ej rzeczy, a to otwiera ca\u0142y wachlarz kolejnych problem\u00f3w. Ju\u017c nam si\u0119 wydawa\u0142o, \u017ce wszystko dzia\u0142a jak w zegarku. Podpisali\u015bmy umowy z firmami taks\u00f3wkarskimi w Warszawie, kt\u00f3re o ka\u017cdej porze wo\u017c\u0105 na terenie miasta uchod\u017ac\u00f3w. To ogromny krok, bo w pierwszych tygodniach robili\u015bmy to sami. I nagle wczoraj w nocy dostajemy telefon, \u017ce kto\u015b w z\u0142ym miejscu wysadzi\u0142 pewn\u0105 ci\u0119\u017carn\u0105 kobiet\u0119 i ju\u017c kilku taks\u00f3wkarzy nie mo\u017ce jej znale\u017a\u0107. Na domiar z\u0142ego ta pani zemdla\u0142a i nie ma z ni\u0105 kontaktu. Le\u017cy najpewniej gdzie\u015b na ulicy. Uda\u0142o nam si\u0119 j\u0105 namierzy\u0107, zawie\u017ali\u015bmy j\u0105 do hotelu, ale trzeba by\u0142o te\u017c szybko znale\u017a\u0107 dla niej lekarza. I tak naprawd\u0119\u00a0czterech pracownik\u00f3w zajmowa\u0142o si\u0119 ni\u0105\u00a0od dziesi\u0105tej wieczorem do trzeciej nad ranem. I po kilku godzinach snu wr\u00f3cili na Tward\u0105.<\/span><\/p>\n<h2 style=\"text-align: center;\"><b>IV<\/b><\/h2>\n<p><span style=\"color: #000000;\"><i>Gdy przychodz\u0119 na Chmieln\u0105, akurat ko\u0144cz\u0105 si\u0119 zaj\u0119cia w \u015bwietlicy dla uchod\u017ac\u00f3w. Spotykam Mart\u0119 Saracyn, kt\u00f3ra na co dzie\u0144 zajmuje si\u0119 programami i komunikacj\u0105 oraz zasiada w zarz\u0105dzie Fundacji JCC Warszawa.\u00a0<\/i><\/span><\/p>\n<p style=\"text-align: left;\"><b>Micha\u0142 Bojanowski: Najwa\u017cniejszym elementem waszej pomocy dla uchod\u017ac\u00f3w jest \u015bwietlica.\u00a0<\/b><\/p>\n<p style=\"text-align: left;\"><span style=\"color: #000080;\">Marta Saracyn: Podj\u0119\u0142y\u015bmy z Agat\u0105 Rakowieck\u0105, szefow\u0105 JCC, decyzj\u0119, \u017ce otwieramy \u015bwietlic\u0119. \u015awietnie, dzieci przysz\u0142y, sp\u0119dzi\u0142y mi\u0142o czas. Dopiero po kilku dniach zorientowa\u0142y\u015bmy si\u0119,\u00a0\u017ce przecie\u017c nawet nie wiemy, jak one si\u0119\u00a0nazywaj\u0105. Teraz ju\u017c codziennie opiekunowie wype\u0142niaj\u0105 odpowiednie zg\u0142oszenia \u2013 imi\u0119, nazwisko, numer paszportu.<\/span><\/p>\n<p style=\"text-align: left;\"><span style=\"color: #000080;\">(\u2026)<\/span><\/p>\n<p style=\"text-align: left;\"><b>Czy do \u015bwietlicy przychodz\u0105 tylko \u017cydowskie dzieci?<\/b><\/p>\n<p style=\"text-align: left;\"><span style=\"color: #000080;\">G\u0142\u00f3wnie nie\u017cydowskie. Powoli docieramy z nasz\u0105 ofert\u0105\u00a0do os\u00f3b w \u201e\u017cydowskich\u201d hotelach i o\u015brodkach. To, co nas cieszy, to fakt, \u017ce ci, kt\u00f3rzy ju\u017c urz\u0105dzili si\u0119\u00a0w Warszawie, przyprowadzaj\u0105 do JCC dzieci na nasze regularne programy, np. do klubu Moadon, bo co\u015b podobnego robili przed ucieczk\u0105 w Kijowie. Dosz\u0142o nawet do tego, \u017ce dw\u00f3jka znajomych z Ukrainy odnalaz\u0142a si\u0119 u nas na zaj\u0119ciach. To by\u0142o tragiczne i urocze jednocze\u015bnie.<\/span><\/p>\n<p style=\"text-align: left;\"><span style=\"color: #000080;\">Pewnego dnia przysz\u0142a do nas dziewczyna i zapyta\u0142a, czy mo\u017ce skorzysta\u0107\u00a0z komputera. Nie sz\u0142o jej, wi\u0119c usiad\u0142am obok. Pomaga\u0142am jej wype\u0142ni\u0107 aplikacj\u0119 o wiz\u0119. Ona m\u00f3wi\u0142a do mnie po rosyjsku, ja odpowiada\u0142am po polsku. Walczy\u0142y\u015bmy razem, by\u0142o naprawd\u0119 ci\u0119\u017cko. Strona odsy\u0142a ci\u0119 na infolini\u0119, infolinia na stron\u0119. Mo\u017cna jeszcze napisa\u0107 maila, ale to nic nie zmienia. W ko\u0144cu uda\u0142o si\u0119. Potrafi\u0119 ju\u017c teraz za\u0142atwia\u0107 wizy do Kanady.<\/span><\/p>\n<h2 style=\"text-align: center;\"><b>V<\/b><\/h2>\n<p><span style=\"color: #000000;\"><i>W pami\u0119tny t\u0142usty czwartek Jakub \u0141ysiak, mened\u017cer generalny programu turystycznego Fundacji Centrum Taubego w Warszawie, idzie na modlitw\u0119 ekumeniczn\u0105 pod ambasad\u0119 Ukrainy, a p\u00f3\u017aniej na pokojow\u0105 demonstracj\u0119 pod ambasad\u0119 Rosji. Czuje, \u017ce to jednak za ma\u0142o.\u00a0<\/i><\/span><\/p>\n<p style=\"text-align: left;\"><b>Micha\u0142 Bojanowski: Rozmawia\u0142e\u015b z lud\u017ami, kt\u00f3rych wozi\u0142e\u015b?\u00a0<\/b><\/p>\n<p style=\"text-align: left;\"><span style=\"color: #000080;\">Jakub \u0141ysiak: Zatrzymywa\u0142em si\u0119 z nimi na ciep\u0142y posi\u0142ek. I zawsze wi\u0105za\u0142o si\u0119 to z negocjacjami. Twierdzili, \u017ce nie s\u0105 g\u0142odni. Nie m\u00f3wi\u0119 po ukrai\u0144sku ani po rosyjsku, wi\u0119c za ka\u017cdym razem dzwoni\u0142em do znajomych, \u017ceby z nimi pogadali. I zawsze okazywa\u0142o si\u0119, \u017ce s\u0105 bardzo g\u0142odni i \u017ce to ich pierwszy ciep\u0142y posi\u0142ek od wielu dni.<\/span><\/p>\n<p style=\"text-align: left;\"><span style=\"color: #000080;\">(\u2026)<\/span><\/p>\n<p style=\"text-align: left;\"><b>Za ka\u017cdym razem w pewnym momencie ko\u0144czy\u0142y si\u0119 wolne miejsca.\u00a0<\/b><\/p>\n<p style=\"text-align: left;\"><span style=\"color: #000080;\">By\u0142 taki moment, \u017ce zatrzyma\u0142em si\u0119 na jednej ze stacji benzynowych i przeszed\u0142em za\u0142amanie nerwowe. Wiedzia\u0142em, \u017ce za par\u0119 chwil b\u0119d\u0119 musia\u0142 znowu powiedzie\u0107\u00a0komu\u015b, \u017ce przepraszam, ale nie ma dla niego miejsca. Tu nie chodzi o kurtuazj\u0119. Wyobra\u017a sobie, \u017ce podchodzi do ciebie kobieta z kilkumiesi\u0119cznym dzieckiem. Nie jad\u0142a od dw\u00f3ch dni, wi\u0119c jeszcze zanim odjedziemy, musimy za\u0142atwi\u0107 jej lekarza. Wolontariuszki karmi\u0142y j\u0105 jedzeniem dla dzieci, bo z nerw\u00f3w nie by\u0142a w stanie nic prze\u0142kn\u0105\u0107. Wyobra\u017a sobie, \u017ce musisz jej odm\u00f3wi\u0107.<\/span><\/p>\n<p style=\"text-align: left;\"><b>Jak uk\u0142ada\u0142a si\u0119 wsp\u00f3\u0142praca ze s\u0142u\u017cbami?\u00a0<\/b><\/p>\n<p style=\"text-align: left;\"><span style=\"color: #000080;\">Dziwne to by\u0142o. Masz \u015bwiadomo\u015b\u0107, \u017ce kilkadziesi\u0105t kilometr\u00f3w na p\u00f3\u0142noc te same s\u0142u\u017cby zachowuj\u0105 si\u0119 wobec innych uchod\u017ac\u00f3w tak zupe\u0142nie inaczej. Pami\u0119tam, jak jeden mundurowy t\u0142umaczy\u0142 Ukrai\u0144com, \u017ce nie zmieszcz\u0105 si\u0119 do autobusu. M\u00f3wi\u0142, \u017ce s\u0105 przecie\u017c bezpieczni, \u017ce nie spadaj\u0105 im na g\u0142owy bomby, \u017ce maj\u0105\u00a0ciep\u0142o i jest tu pe\u0142no jedzenia. \u017be musz\u0105 chwil\u0119 poczeka\u0107 i znajdzie si\u0119\u00a0dla nich transport. A kawa\u0142ek dalej na p\u00f3\u0142noc\u2026<\/span><\/p>\n<h2 style=\"text-align: center;\"><strong>VI<\/strong><\/h2>\n<p><span style=\"color: #000000;\"><i>W B\u0142\u0119kitnym Wie\u017cowcu, w \u015bwietlicy prowadzonej przez Hillela, Centrum Taubego i \u017bIH, pracuje Vitalina Paskarenko, zwi\u0105zana od dawna z warszawskim Hillelem. W Polsce jest od o\u015bmiu lat. Najpierw studiowa\u0142a w Katowicach, a od 2017 roku mieszka w Warszawie. \u2013 Pochodz\u0119 z Borodzianki \u2013 zaczyna \u2013 tej s\u0142ynnej Borodzianki spod Kijowa, kt\u00f3rej teraz ju\u017c w\u0142a\u015bciwie nie ma.\u00a0<\/i><\/span><\/p>\n<p style=\"text-align: left;\"><b>Micha\u0142 Bojanowski: Pracujesz tu, w \u015bwietlicy dla dzieci?<\/b><\/p>\n<p style=\"text-align: left;\"><span style=\"color: #000080;\">Vitalina Paskarenko: W\u0142a\u015bciwie to jest \u015bwietlica dla ich mam. Miejsce, w kt\u00f3rym mog\u0105 odpocz\u0105\u0107, porozmawia\u0107 ze sob\u0105, przekona\u0107\u00a0si\u0119,\u00a0\u017ce nie zdradzi\u0142y Ukrainy. One maj\u0105 cz\u0119sto ogromne poczucie winy. Pomy\u015bla\u0142y o swoich dzieciach i uciek\u0142y z nimi, a teraz zjadaj\u0105 je wyrzuty sumienia. Wiele z nich wraca do Ukrainy. Wbrew pozorom nawet z praktycznego punktu widzenia nie mo\u017cna im si\u0119\u00a0dziwi\u0107: w Polsce nie maj\u0105 nikogo, wi\u0119kszo\u015b\u0107 z nich nigdy nie by\u0142a za granic\u0105. I nagle trafiaj\u0105 do ogromnego miasta. Naprawd\u0119 nie wiedz\u0105, jak si\u0119 tu odnale\u017a\u0107. Nie maj\u0105 \u017cadnego wsparcia, s\u0105 zdezorientowane, a jeszcze musz\u0105\u00a0zaj\u0105\u0107 si\u0119 dzie\u0107mi. W Ukrainie by\u0142a mama, te\u015bciowa, m\u0105\u017c, kole\u017canki. Dzieci mia\u0142y przedszkola, przyjaci\u00f3\u0142, zwierz\u0105tka, zabawki. Teraz nie ma niczego. Dlatego tutaj przychodz\u0105.<\/span><\/p>\n<p style=\"text-align: left;\"><span style=\"color: #000080;\">(\u2026)<\/span><\/p>\n<p style=\"text-align: left;\"><b>A twoja rodzina?\u00a0<\/b><\/p>\n<p style=\"text-align: left;\"><span style=\"color: #000080;\">B\u0142aga\u0142am, \u017ceby przyjechali do Polski. Moja mama zdecydowa\u0142a, \u017ce najpierw zawiezie rodzin\u0119 z Borodzianki do Lwowa, a potem wr\u00f3ci jeszcze po rzeczy. Kierowa\u0142a ma\u0142ym samochodem, w kt\u00f3rym by\u0142a moja siostra z m\u0119\u017cem, dw\u00f3jka ich dzieci i mama mojego szwagra. Nie wiem, jak si\u0119 zmie\u015bcili. Podczas drogi mija\u0142y ich czo\u0142gi, mama opowiada\u0142a, \u017ce nawet nie wiedzia\u0142a, czy to nasze czo\u0142gi, czy nie nasze. \u201eZamkn\u0119\u0142am oczy, zacisn\u0119\u0142am wargi i jecha\u0142am do przodu\u201d, m\u00f3wi\u0142a. \u201eMam rodzin\u0119, dzieci, wnuk\u00f3w, musz\u0119 ich dowie\u017a\u0107 do Lwowa\u201d. We Lwowie zosta\u0142 szwagier, a mama ju\u017c nie mog\u0142a wr\u00f3ci\u0107 do Borodzianki po rzeczy. Ju\u017c by\u0142o za p\u00f3\u017ano.<\/span><\/p>\n<p style=\"text-align: center;\"><a href=\"https:\/\/chidusz.com\/zydowski-sztab-kryzysowy\/\"><img decoding=\"async\" class=\"aligncenter wp-image-11304\" src=\"https:\/\/chidusz.com\/wp-content\/uploads\/2022\/06\/%C5%BCydowski-sztab-zarz%C4%85dzania-kryzysowego-twarda-6-warszawa-gmina-%C5%BCydowska-w-warszawie-synagoga-no%C5%BCyk%C3%B3w-02.jpg\" alt=\"zydowski-sztab-zarzadzania-kryzysowego-twarda-6-warszawa-gmina-zydowska-w-warszawie-synagoga-nozykow-02\" width=\"100%\" data-id=\"11304\" \/><\/a><em>Ca\u0142y tekst reporta\u017cu dostepny jest\u00a0w \u201eChiduszu\u201d 4\/2022. Zapraszamy do\u00a0<a href=\"https:\/\/chidusz.com\/prenumerata\/\">prenumeraty<\/a>\u00a0oraz zakupu elektronicznej wersji pisma w sklepie\u00a0<a href=\"https:\/\/www.publio.pl\/fundacja-zydowska-chidusz,w6246,chidusz,eq176000.html\">publio.pl<\/a>.\u00a0<\/em><\/p>\n<hr style=\"height: 15px; background: #d0e6fa; width: 100%;\" \/>\n<div id=\"content\" class=\"content-alignment\">\n<div id=\"watch-description\" class=\"yt-uix-button-panel\">\n<div id=\"watch-description-text\" style=\"text-align: center;\">\n<p><em>Zawarto\u015b\u0107 publikowanych artyku\u0142\u00f3w i materia\u0142\u00f3w nie reprezentuje pogl\u0105d\u00f3w ani opinii Reunion&#8217;68,<\/em><em><br \/>\nani te\u017c webmastera Blogu Reunion&#8217;68, chyba ze jest to wyra\u017anie zaznaczone.<br \/>\nTwoje uwagi, linki, w\u0142asne artyku\u0142y lub wiadomo\u015bci prze\u015blij na adres:<br \/>\n<\/em><span style=\"color: #000080;\"><strong><em><a style=\"color: #000080;\" href=\"mailto:webmaster@reunion68.com\"><span style=\"text-decoration: underline;\">webmaster@reunion68.com<\/span><\/a><\/em><\/strong><\/span><\/p>\n<\/div>\n<\/div>\n<\/div>\n<hr style=\"width: 100%;\" \/>\n","protected":false},"excerpt":{"rendered":"<p>\u017bydowski Sztab Kryzysowy [fragmenty reporta\u017cu] REDAKCJA \/ MICHA\u0141 BOJANOWSKI Fragment ok\u0142adki \u201eChiduszu&#8221; 4\/2022, kt\u00f3ry przedstawia ludzi pracuj\u0105cych w tzw. Bia\u0142ym Budynku (obok synagogi No\u017cyk\u00f3w w Warszawie) \/ Projekt ok\u0142adki: Katarzyna Modzelewska W REPORTA\u017bU\u00a0\u017bYDOWSKI SZTAB KRYZYSOWY\u00a0(\u201eCHIDUSZ\u201d 4\/2022) MICHA\u0141\u00a0BOJANOWSKI PISZE O POMOCY UCHOD\u0179COM Z UKRAINY, JAKIEJ NA MASOW\u0104 SKAL\u0118 UDZIELAJ\u0104 WARSZAWSKIE ORGANIZACJE \u017bYDOWSKIE.\u00a0ZAPRASZAMY DO LEKTURY FRAGMENT\u00d3W TEKSTU [&hellip;]<\/p>\n","protected":false},"author":1,"featured_media":0,"comment_status":"closed","ping_status":"closed","sticky":false,"template":"","format":"standard","meta":[],"categories":[6],"tags":[26,24],"_links":{"self":[{"href":"https:\/\/www.reunion68.se\/index.php?rest_route=\/wp\/v2\/posts\/95969"}],"collection":[{"href":"https:\/\/www.reunion68.se\/index.php?rest_route=\/wp\/v2\/posts"}],"about":[{"href":"https:\/\/www.reunion68.se\/index.php?rest_route=\/wp\/v2\/types\/post"}],"author":[{"embeddable":true,"href":"https:\/\/www.reunion68.se\/index.php?rest_route=\/wp\/v2\/users\/1"}],"replies":[{"embeddable":true,"href":"https:\/\/www.reunion68.se\/index.php?rest_route=%2Fwp%2Fv2%2Fcomments&post=95969"}],"version-history":[{"count":7,"href":"https:\/\/www.reunion68.se\/index.php?rest_route=\/wp\/v2\/posts\/95969\/revisions"}],"predecessor-version":[{"id":95986,"href":"https:\/\/www.reunion68.se\/index.php?rest_route=\/wp\/v2\/posts\/95969\/revisions\/95986"}],"wp:attachment":[{"href":"https:\/\/www.reunion68.se\/index.php?rest_route=%2Fwp%2Fv2%2Fmedia&parent=95969"}],"wp:term":[{"taxonomy":"category","embeddable":true,"href":"https:\/\/www.reunion68.se\/index.php?rest_route=%2Fwp%2Fv2%2Fcategories&post=95969"},{"taxonomy":"post_tag","embeddable":true,"href":"https:\/\/www.reunion68.se\/index.php?rest_route=%2Fwp%2Fv2%2Ftags&post=95969"}],"curies":[{"name":"wp","href":"https:\/\/api.w.org\/{rel}","templated":true}]}}