{"id":95971,"date":"2022-06-13T17:09:03","date_gmt":"2022-06-13T15:09:03","guid":{"rendered":"http:\/\/www.reunion68.se\/?p=95971"},"modified":"2022-06-13T07:10:07","modified_gmt":"2022-06-13T05:10:07","slug":"21-09-76","status":"publish","type":"post","link":"https:\/\/www.reunion68.se\/?p=95971","title":{"rendered":"Kwestia \u017cydowska w wielkim \u015bwiecie"},"content":{"rendered":"<p><img decoding=\"async\" class=\"aligncenter\" src=\"https:\/\/studioopinii.pl\/wp-content\/uploads\/2022\/06\/458372.jpg\" width=\"100%\" \/><\/p>\n<h5 style=\"text-align: center;\"><a href=\"https:\/\/studioopinii.pl\/\" target=\"_blank\" rel=\"noopener noreferrer\"><img decoding=\"async\" class=\"center alignleft\" src=\"http:\/\/www.reunion68.com\/Biuletyn\/img\/studio.png\" alt=\"\" width=\"35%\" \/><\/a><span style=\"text-decoration: underline; color: #000080;\"><strong><a style=\"color: #000080; text-decoration: underline;\" href=\"https:\/\/studioopinii.pl\/archiwa\/221942\" target=\"_blank\" rel=\"noopener noreferrer\">Kwestia \u017cydowska w wielkim \u015bwiecie<\/a><\/strong><\/span><\/h5>\n<p style=\"text-align: center;\"><span style=\"color: #000000;\"><strong>Andrzej Koraszewski<\/strong><\/span><\/p>\n<hr style=\"height: 15px; background: #d0e6fa; width: 100%;\" \/>\n<p><img decoding=\"async\" class=\"alignleft\" src=\"http:\/\/www.listyznaszegosadu.pl\/upload\/article\/bild\/5299\/935913\/_aapeace__2__s.png\" width=\"50%\" \/><span style=\"color: #808080;\"><em><strong>Demonstracja w Londynie 2011 r.<\/strong> (Zr\u00f3dlo: Facebook &#8211; Shah Arifur Rahman Arifi)<\/em><\/span><\/p>\n<p class=\"has-custom-font has-custom-lineheight\" style=\"text-align: left;\"><strong>\u201ePan to\u00a0chyba jaki\u015b \u017byd\u201d, zastanawia si\u0119 sta\u0142y czytelnik i\u00a0trudno mu\u00a0si\u0119 dziwi\u0107, bo\u00a0kwestia \u017cydowska pojawia si\u0119 na\u00a0naszej stronie internetowej r\u00f3wnie cz\u0119sto, jak na\u00a0forum ONZ. W\u0142a\u015bnie najnowsza komisja Rady Praw Cz\u0142owieka ONZ wyda\u0142a sw\u00f3j pierwszy raport\u00a0 stwierdzaj\u0105cy stanowczo, \u017ce\u00a0wszystkiemu winni s\u0105\u00a0\u017bydzi. Rada, jak pami\u0119tamy, nazywa\u0142a si\u0119 kiedy\u015b Komisj\u0105, ale\u00a0Komisja by\u0142a tak\u00a0skoncentrowana na\u00a0sprawie ostatecznego rozwi\u0105zania kwestii \u017cydowskiej, \u017ce\u00a0w\u00a0ko\u0144cu za\u017cenowani posiadacze oenzetowskich synekur postanowili wymieni\u0107 tabliczk\u0119 i\u00a0rada w\u00a0rad\u0119 nazwali j\u0105\u00a0Rad\u0105 Praw Cz\u0142owieka, niepomni, \u017ce\u00a0Organizacja Narod\u00f3w Zjednoczonych jest instytucj\u0105 demokratyczn\u0105, w\u00a0kt\u00f3rej\u00a0dyktatury maj\u0105 wi\u0119kszo\u015b\u0107, a\u00a0demokracje pami\u0119\u0107 i\u00a0to\u017csamo\u015b\u0107.<\/strong><\/p>\n<p style=\"text-align: left;\"><span style=\"color: #000080;\">Czy\u00a0ta\u00a0walka o\u00a0ostateczne rozwi\u0105zanie kwestii \u017cydowskiej powinna r\u00f3wnie\u017c niepokoi\u0107 ludzi bez\u00a0podejrzanych genetycznych korzeni? W\u015br\u00f3d arabskich dysydent\u00f3w spotyka si\u0119 g\u0142osy, \u017ce\u00a0by\u0107 mo\u017ce ta\u00a0walka powinna niepokoi\u0107 ludzi bez\u00a0\u017cydowskich korzeni jeszcze bardziej ni\u017c tych, kt\u00f3rzy\u00a0takie korzenie posiadaj\u0105, bo\u00a0to\u00a0d\u0105\u017cenie do\u00a0ostatecznego rozwi\u0105zania kwestii \u017cydowskiej zdumiewaj\u0105co skutecznie blokuje wszelki rozw\u00f3j, tragicznie redukuje konkurencyjno\u015b\u0107 i\u00a0szkodzi zdolno\u015bci logicznego my\u015blenia. Ma\u0142o jest jednak tak\u00a0my\u015bl\u0105cych arabskich dysydent\u00f3w i\u00a0to\u00a0nie\u00a0oni zasiadaj\u0105 w\u00a0Radzie (Praw Cz\u0142owieka), nie\u00a0s\u0105\u00a0r\u00f3wnie\u017c atrakcyjnymi kandydatami do\u00a0pracy w\u00a0zachodnich redakcjach i\u00a0w\u00a0zachodnich organizacjach obrony praw cz\u0142owieka, wi\u0119c\u00a0pewnie nie\u00a0warto zwraca\u0107 na\u00a0nich uwagi.\u00a0 \u00a0 \u00a0<\/span><\/p>\n<p style=\"text-align: left;\"><span style=\"color: #000080;\">Ameryka\u0144ski Departament Stanu\u00a0<a class=\"extlink https\" style=\"color: #000080;\" href=\"https:\/\/www.jpost.com\/israel-news\/article-708840\"><span class=\"underline\">zareagowa\u0142<\/span><\/a>\u00a0na wspomniany raport ostro\u017cnie, czyli staraj\u0105c si\u0119 nie\u00a0urazi\u0107 uczu\u0107 religijnych autor\u00f3w i\u00a0ich mocodawc\u00f3w. Jak powiedzia\u0142 rzecznik Departamentu Ned Price:<\/span><\/p>\n<blockquote class=\"wp-block-quote is-style-default\">\n<p style=\"text-align: left;\"><strong>Podczas gdy\u00a0Stany Zjednoczone uwa\u017caj\u0105, \u017ce\u00a0Rada Praw Cz\u0142owieka ONZ odgrywa kluczow\u0105 rol\u0119 w\u00a0promowaniu poszanowania praw cz\u0142owieka i\u00a0podstawowych wolno\u015bci na\u00a0ca\u0142ym \u015bwiecie, Niezale\u017cna Mi\u0119dzynarodowa Komisja \u015aledcza ONZ w\u00a0sprawie okupowanych terytori\u00f3w palesty\u0144skich, w\u00a0tym Wschodniej Jerozolimy i\u00a0Izraela i\u00a0jej raport nie\u00a0s\u0142u\u017c\u0105 realizacji tego celu. \u00a0<\/strong><\/p>\n<\/blockquote>\n<p style=\"text-align: left;\"><span style=\"color: #000080;\">Jak zauwa\u017cy\u0142 brytyjski komentator, pu\u0142kownik Richard Kemp, i<strong>stnieje zdumiewaj\u0105ce podobie\u0144stwo mi\u0119dzy wojn\u0105 Putina z\u00a0Ukrain\u0105 i\u00a0wojn\u0105 \u015bwiata z\u00a0Izraelem.\u00a0<\/strong>Putin odmawia Ukrainie prawa do\u00a0istnienia w\u00a0roli samodzielnego pa\u0144stwa, a\u00a0jego operacja specjalna ma\u00a0na\u00a0celu po\u0142o\u017cenie kresu temu absurdalnemu zjawisku, kt\u00f3re jego zdaniem jest sprzeczne z\u00a0prawami cz\u0142owieka i\u00a0ma\u00a0nazistowski charakter.\u00a0\u00a0\u00a0 \u00a0\u00a0<\/span><\/p>\n<p style=\"text-align: left;\"><span style=\"color: #000080;\">Ameryka\u0144ski Departament Stanu mo\u017ce nie\u00a0by\u0107 \u015bwiadomy, \u017ce\u00a0jest \u015bwiadomy, i\u017c\u00a0Rada Praw Cz\u0142owieka ONZ nie\u00a0odgrywa kluczowej roli w\u00a0promowaniu praw cz\u0142owieka, ale\u00a0postronny obserwator mo\u017ce odnie\u015b\u0107 wra\u017cenie, \u017ce\u00a0odgrywa kluczow\u0105 rol\u0119 w\u00a0 promowaniu operacji specjalnej i\u00a0Departament dobrze o\u00a0tym wie.<\/span><\/p>\n<p style=\"text-align: left;\"><span style=\"color: #000080;\">W\u00a0tym samym obwieszczeniu rzecznik Departamentu powiedzia\u0142:\u00a0 \u00a0\u00a0\u00a0\u00a0<\/span><\/p>\n<blockquote class=\"wp-block-quote is-style-default\">\n<p style=\"text-align: left;\"><strong>Jak wielokrotnie o\u015bwiadczali\u015bmy, stanowczo sprzeciwiamy si\u0119 otwartemu i\u00a0niejasno zdefiniowanemu charakterowi Komisji \u015aledczej Rady Praw Cz\u0142owieka ONZ w\u00a0sprawie sytuacji w\u00a0Izraelu, na\u00a0Zachodnim Brzegu i\u00a0w\u00a0Gazie, kt\u00f3ra\u00a0stanowi jednostronne, stronnicze podej\u015bcie, kt\u00f3re nie\u00a0sprzyja perspektywom pokoju.<\/strong><\/p>\n<\/blockquote>\n<p style=\"text-align: left;\"><span style=\"color: #000080;\">By\u0107 mo\u017ce Departament ma\u00a0wra\u017cenie, \u017ce\u00a0jego w\u0142asne dzia\u0142ania sprzyjaj\u0105 perspektywom pokoju, ale\u00a0ma\u00a0pe\u0142n\u0105 \u015bwiadomo\u015b\u0107, \u017ce\u00a0wspierana przez\u00a0niego Rada Praw Cz\u0142owieka ONZ tego nie\u00a0robi. Rzecznik w\u00a0tym samym wyst\u0105pieniu m\u00f3wi\u0142:<\/span><\/p>\n<blockquote class=\"wp-block-quote is-style-default\">\n<p style=\"text-align: left;\"><strong>Chocia\u017c \u017caden kraj nie\u00a0jest poza kontrol\u0105, istnienie tej\u00a0komisji w\u00a0jej obecnej formie jest kontynuacj\u0105 d\u0142ugotrwa\u0142ego wzorca niesprawiedliwego wyr\u00f3\u017cniania Izraela.<\/strong><\/p>\n<\/blockquote>\n<p style=\"text-align: left;\"><span style=\"color: #000080;\">Price przypomnia\u0142, \u017ce\u00a0USA zrezygnowa\u0142y z\u00a0uczestnictwa (i\u00a0finansowania) Rady Praw Cz\u0142owieka ONZ i\u00a0powr\u00f3ci\u0142y, wyja\u015bniaj\u0105c to\u00a0pragnieniem naprawienia jej wad. \u00a0\u00a0<\/span><\/p>\n<p style=\"text-align: left;\"><span style=\"color: #000080;\">Przedstawiciel Departamentu Stanu zapewni\u0142, \u017ce\u00a0Stany Zjednoczone s\u0105\u00a0zaanga\u017cowane w\u00a0szerzenie praw cz\u0142owieka w\u00a0Izraelu, na\u00a0Zachodnim Brzegu i\u00a0w\u00a0Gazie, dodaj\u0105c, \u017ce\u00a0\u201eIzraelczycy i\u00a0Palesty\u0144czycy zas\u0142uguj\u0105 na\u00a0r\u00f3wne miary wolno\u015bci, bezpiecze\u0144stwa i\u00a0dobrobytu\u201d.<\/span><\/p>\n<p class=\"has-custom-weight\" style=\"text-align: left;\"><span style=\"color: #000080;\">Ktokolwiek uwa\u017cnie obserwuje przebieg operacji specjalnej w\u00a0Ukrainie mo\u017ce w\u00a0tym miejscy wybuchn\u0105\u0107 homeryckim \u015bmiechem. Mo\u017ce r\u00f3wnie\u017c zacz\u0105\u0107 zastanawia\u0107 si\u0119, czy\u00a0przedstawiciel Departamentu Stanu jest kompletnym idiot\u0105 i\u00a0nie\u00a0zdaje sobie sprawy z\u00a0tego, co\u00a0m\u00f3wi, czy\u00a0traktuje ca\u0142y \u015bwiat jak idiot\u00f3w i\u00a0zak\u0142ada, \u017ce\u00a0nikt nie\u00a0rozumie, co\u00a0on\u00a0w\u0142a\u015bciwie powiedzia\u0142, czy\u00a0wreszcie daje nam do\u00a0zrozumienia, \u017ce\u00a0on\u00a0wie, \u017ce\u00a0my\u00a0wiemy, \u017ce\u00a0on\u00a0wie, ale\u00a0to\u00a0taka dyplomacja, kt\u00f3ra\u00a0sprzyja perspektywom pokoju. Rzecznik Departamentu Stanu USA m\u00f3g\u0142 r\u00f3wnie dobrze wypowiedzie\u0107 zdanie: \u201eUkrai\u0144cy i\u00a0Rosjanie zas\u0142uguj\u0105 na\u00a0r\u00f3wne miary wolno\u015bci, bezpiecze\u0144stwa i\u00a0dobrobytu\u201d.<\/span><\/p>\n<p style=\"text-align: left;\"><span style=\"color: #000080;\">Ameryka\u0144ski badacz pochodzenia iracko-liba\u0144skiego Hussain Abdul-Hussain stwierdzi\u0142 kiedy\u015b, \u017ce:<\/span><\/p>\n<blockquote class=\"wp-block-quote is-style-default\">\n<p style=\"text-align: left;\"><strong>Dla wielu Amerykan\u00f3w, kt\u00f3rzy\u00a0maj\u0105 k\u0142opoty z\u00a0odr\u00f3\u017cnieniem Szwecji od\u00a0Sudanu, Palestyna sta\u0142a si\u0119 \u0142atwym sposobem na\u00a0wsiadanie na\u00a0wysokiego konia moralno\u015bci i\u00a0wykazanie si\u0119 \u00a0\u015bwiadomo\u015bci\u0105 w\u00a0sprawach globalnych.<\/strong><\/p>\n<\/blockquote>\n<p style=\"text-align: left;\"><span style=\"color: #000080;\">Ten sam autor\u00a0<a class=\"extlink\" style=\"color: #000080;\" href=\"http:\/\/www.listyznaszegosadu.pl\/syjonizm\/czy-palestynczycy-moga-byc-w-bledzie\"><span class=\"underline\">napisa\u0142<\/span><\/a>\u00a0kr\u00f3tk\u0105 recenzj\u0119 z\u00a0ksi\u0105\u017cki ameryka\u0144sko-palesty\u0144skiego historyka Rahida Khalidiego,\u00a0<em>The Hundred Years\u2019 War on\u00a0Palestine.\u00a0<\/em>Dla Hussaina Abdul-Hussaina sprawa uznania prawa Izraela do\u00a0istnienia i\u00a0suwerenno\u015bci jest kluczowa, bez\u00a0tego nie\u00a0da si\u0119 rozmawia\u0107 o\u00a0\u017cadnej perspektywie pokoju. Autor pisze, \u017ce\u00a0Kahalid przypomina, i\u017c\u00a0brat jego pradziadka, Jusuf Dia Khalidi, wys\u0142a\u0142 list do\u00a0za\u0142o\u017cyciela syjonizmu, Theodora Herzla, w\u00a0kt\u00f3rym\u00a0okre\u015bli\u0142 syjonizm jako \u201enaturalny, pi\u0119kny i\u00a0sprawiedliwy\u201d i\u00a0doda\u0142, \u017ce\u00a0\u201ekto m\u00f3g\u0142by kwestionowa\u0107 prawa \u017byd\u00f3w w\u00a0Palestynie? M\u00f3j\u00a0Bo\u017ce, historycznie to\u00a0jest wasz kraj!\u201d<\/span><\/p>\n<blockquote class=\"wp-block-quote is-style-default\">\n<p style=\"text-align: left;\"><strong>M\u0142odszy Khalidi utrzymuje, \u017ce\u00a0syjoni\u015bci u\u017cywaj\u0105 tego cytatu \u2018w izolacji, bez\u00a0reszty listu\u2019, w\u00a0kt\u00f3rym\u00a0starszy Khalidi ostrzega \u2018przed konsekwencjami syjonistycznego projektu\u2019. Tu\u00a0jednak m\u0142odszy Khalidi pope\u0142nia b\u0142\u0105d logiczny. Uznanie prawa syjonist\u00f3w do\u00a0Palestyny jest jedn\u0105 rzecz\u0105, ostrzeganie przed\u00a0problemami wykonalno\u015bci ich projektu jest czym\u015b innym. Kiedy Izraelczycy cytuj\u0105 ten list jako uznanie ich prawa do\u00a0ziemi Palestyny, nie\u00a0wyjmuj\u0105 niczego z\u00a0kontekstu.<\/strong><\/p>\n<\/blockquote>\n<p style=\"text-align: left;\"><span style=\"color: #000080;\">Hussain Abdul-Hussain wielokrotnie pokazywa\u0142, \u017ce\u00a0nie\u00a0ma\u00a0\u017cadnych przeszk\u00f3d, \u017ceby\u00a0Palesty\u0144czycy mieli w\u0142asne pa\u0144stwo, jedynym warunkiem jest to, \u017ceby\u00a0tego chcieli bardziej ni\u017c ostatecznego rozwi\u0105zania kwestii \u017cydowskiej.<\/span><\/p>\n<p style=\"text-align: left;\"><span style=\"color: #000080;\">\u017baden pracownik ameryka\u0144skiego Departamentu Stanu nie\u00a0mo\u017ce by\u0107 nie\u015bwiadomy faktu, \u017ce\u00a0we\u00a0wszystkich wi\u0119kszych i\u00a0\u015brednich miastach USA raz za\u00a0razem pojawiaj\u0105 si\u0119 demonstranci z\u00a0has\u0142em: \u201eFrom the river to\u00a0the sea, Palestine will be\u00a0free\u201d.<strong>\u00a0Czy\u00a0ci\u00a0demonstranci mog\u0105 nie\u00a0kojarzy\u0107, \u017ce\u00a0jest to\u00a0wezwanie do\u00a0likwidacji Izraela?\u00a0<\/strong>Tego akurat nie\u00a0wiem, ale\u00a0m\u0105dro\u015b\u0107 rzecznika Departamentu, \u017ce\u00a0\u201eIzraelczycy i\u00a0Palesty\u0144czycy zas\u0142uguj\u0105 na\u00a0r\u00f3wne miary wolno\u015bci, bezpiecze\u0144stwa i\u00a0dobrobytu\u201d mo\u017ce pomija\u0107 kamie\u0144 w\u0119gielny tego, co\u00a0uwa\u017camy za\u00a0miar\u0119 wolno\u015bci, bezpiecze\u0144stwa i\u00a0dobrobytu. Ukraina nie\u00a0kwestionuje rosyjskiej suwerenno\u015bci, nie\u00a0zagra\u017ca wolno\u015bci Rosjan, nie\u00a0kradnie rosyjskiego zbo\u017ca, ani w\u00a0\u017caden inny spos\u00f3b nie\u00a0utrudnia Rosjanom budowy dobrobytu rosyjskiego spo\u0142ecze\u0144stwa. Jednak Putin i\u00a0jego propagandy\u015bci przekonuj\u0105 nas, \u017ce\u00a0jest odwrotnie.\u00a0 \u00a0\u00a0<\/span><\/p>\n<p style=\"text-align: left;\"><span style=\"color: #000080;\">Rada Praw Cz\u0142owieka ONZ, kt\u00f3ra\u00a0by\u0142a niegdy\u015b Komisj\u0105 Praw Cz\u0142owieka ONZ, ma\u00a0komisj\u0119 ONZ, na\u00a0kt\u00f3rej\u00a0czele stoi prawniczka z\u00a0Afryki Po\u0142udniowej, Navi Pillay. Patrz\u0105c na\u00a0jej biogram w\u00a0Wikipedii mo\u017cemy mie\u0107 wra\u017cenie, \u017ce\u00a0wybrano najbardziej w\u0142a\u015bciw\u0105 osob\u0119, gwarantuj\u0105c\u0105 kompetencj\u0119 i\u00a0bezstronno\u015b\u0107. By\u0142a s\u0119dzin\u0105 S\u0105du Najwy\u017cszego w\u00a0Po\u0142udniowej Afryce, potem by\u0142a s\u0119dzin\u0105 w\u00a0Mi\u0119dzynarodowym Trybunale Karnym, pe\u0142ni\u0142a przez\u00a06 lat funkcj\u0119 Wysokiego Komisarza Narod\u00f3w Zjednoczonych ds.\u00a0Praw Cz\u0142owieka. Kiedy rok temu obj\u0119\u0142a swoj\u0105 funkcj\u0119 przewodnicz\u0105cej Komisji do\u00a0badania wszystkich win Izraela, organizacja UNWatch przedstawi\u0142a w\u0142adzom ONZ powody, dla kt\u00f3rych\u00a0powinna podda\u0107 si\u0119 natychmiast do\u00a0dymisji. Licz\u0105cy 34 strony\u00a0<a class=\"extlink https\" style=\"color: #000080;\" href=\"https:\/\/unwatch.org\/wp-content\/uploads\/2022\/02\/Request-for-Navi-Pillay-to-Recuse-Herself-on-Grounds-of-Bias.pdf\">dokument<\/a>\u00a0ma\u00a0nast\u0119puj\u0105ce rozdzia\u0142y:<\/span><\/p>\n<p style=\"text-align: left;\"><span style=\"color: #000080;\">A. Komisja \u015bledcza zosta\u0142a stworzona do\u00a0atakowania Izraela<\/span><\/p>\n<ul>\n<li><strong>B.\u00a0Pillay og\u0142osi\u0142a z\u00a0g\u00f3ry, \u017ce\u00a0Izrael jest winny walkom w\u00a02021 roku, kt\u00f3r\u0105 to\u00a0spraw\u0119 w\u0142a\u015bnie bada<\/strong><\/li>\n<li><strong>C. Pillay wielokrotnie oskar\u017ca\u0142a Izrael o\u00a0\u201eApartheid\u201d<\/strong><\/li>\n<li><strong>D. Pillay okre\u015bli\u0142a dzia\u0142ania Izraela jako \u201enieludzkie\u201d<\/strong><\/li>\n<li><strong>E. Pillay broni\u0142a antysemickiego \u201eprocesu Durban\u201d<\/strong><\/li>\n<li><strong>F. Pillay broni\u0142a sta\u0142ego punktu obrad Rady, kt\u00f3rego\u00a0celem jest atakowanie Izraela<\/strong><\/li>\n<li><strong>G. Pillay z\u00a0g\u00f3ry uzna\u0142a Izrael za\u00a0winnego w\u00a0poprzednich konfliktach z\u00a0Gaz\u0105<\/strong><\/li>\n<li><strong>Pillay z\u00a0g\u00f3ry uzna\u0142a Izrael za\u00a0winnego konfliktu Hamas-Izrael w\u00a02009 roku<\/strong><\/li>\n<li><strong>Pillay uzna\u0142a Izrael za\u00a0winnego w\u00a0kilka godzin po\u00a0incydencie flotylli w\u00a02010 roku<\/strong><\/li>\n<li><strong>Pillay z\u00a0g\u00f3ry uzna\u0142a Izrael za\u00a0winnego za\u00a0wojn\u0119 Hamas-Izrael w\u00a02014 roku<\/strong><\/li>\n<\/ul>\n<p style=\"text-align: left;\"><span style=\"color: #000080;\">Na\u00a0stronie 11 tego przegl\u0105du stronniczo\u015bci Navi Pillay czytamy: \u00a0\u00a0<\/span><\/p>\n<blockquote class=\"wp-block-quote is-style-default\">\n<p style=\"text-align: left;\"><strong>Prezentowanie Izraela jako opresyjnego pa\u0144stwa apartheidu, jej obrona bojkot\u00f3w i\u00a0sankcji przeciw Izraelowi uk\u0142ada si\u0119 w\u00a0ci\u0105g\u0142y wz\u00f3r charakteryzuj\u0105cy jej prac\u0119 na\u00a0stanowisku Wysokiego Komisarza Narod\u00f3w Zjednoczonych ds.\u00a0Praw Cz\u0142owieka w\u00a0latach 2008-2014. Po\u00a0obj\u0119ciu stanowiska w\u00a02008 roku, jednym z\u00a0pierwszych jej dzia\u0142a\u0144 by\u0142a organizacja konferencji Durban II, kt\u00f3ra\u00a0mia\u0142a zatwierdzi\u0107 postanowienia \u015awiatowej Konferencji na\u00a0temat Rasizmu, kt\u00f3ra\u00a0odby\u0142a si\u0119 w\u00a0Durban (Po\u0142udniowa Afryka) w\u00a02001 roku i\u00a0by\u0142a ska\u017cona w\u015bciek\u0142ym antysemityzmem.<\/strong><\/p>\n<\/blockquote>\n<p style=\"text-align: left;\"><span style=\"color: #000080;\">Navi Pillay nie\u00a0by\u0142a nie\u015bwiadoma tego, co\u00a0dzia\u0142o si\u0119 w\u00a0jej rodzinnym mie\u015bcie Durban w\u00a02001 roku. W\u00a0przeddzie\u0144 konferencji Durban II\u00a0w\u00a0Genewie pisa\u0142a o\u00a0szczytnych celach tej\u00a0konferencji\u00a0<span class=\"underline\"><a class=\"extlink https\" style=\"color: #000080;\" href=\"https:\/\/www.ohchr.org\/en\/opinion-editorial\/2009\/10\/opinion-piece-durban-anti-racism-conference-outcome-navi-pillay-united\">dodaj\u0105c<\/a>:<\/span>\u00a0<\/span><\/p>\n<blockquote class=\"wp-block-quote is-style-default\">\n<p style=\"text-align: left;\"><strong>A\u00a0jednak od\u00a0ponad roku liczne g\u0142osy wzywaj\u0105 do\u00a0bojkotu tej\u00a0przegl\u0105dowej konferencji, zanim cokolwiek zosta\u0142o przelane na\u00a0papier. Ta\u00a0opozycja opiera si\u0119 na\u00a0obawach, \u017ce\u00a0spotkanie w\u00a0Genewie b\u0119dzie powt\u00f3rk\u0105 w\u015bciek\u0142ej antysemickiej aktywno\u015bci pewnych pozarz\u0105dowych organizacji [jaka mia\u0142a miejsce] na\u00a0marginesie \u015awiatowej Konferencji w\u00a0Durban w\u00a02001 roku. Wstr\u0119tne dzia\u0142ania nielicznych skazi\u0142y reputacj\u0119 ca\u0142ego procesu konferencji w\u00a0Durban w\u00a02001 roku i\u00a0konferencji w\u00a0Genewie w\u00a02009 roku.<\/strong><\/p>\n<\/blockquote>\n<p style=\"text-align: left;\"><span style=\"color: #000080;\">Kr\u00f3tko m\u00f3wi\u0105c, Navi Pillay odcina\u0142a si\u0119 od\u00a0tych, kt\u00f3rzy\u00a0w\u00a0Durban rozdawali\u00a0 przed\u00a0budynkiem, w\u00a0kt\u00f3rym\u00a0odbywa\u0142a si\u0119 konferencja, ulotki z\u00a0has\u0142em \u201eHitler mia\u0142 racj\u0119\u201d i\u00a0podpisywa\u0142a si\u0119 obur\u0105cz pod\u00a0wypowiedziami tych, kt\u00f3rzy\u00a0na\u00a0sali obrad powtarzali radzieck\u0105 propagand\u0119, \u017ce\u00a0antysyjonizm to\u00a0nie\u00a0antysemityzm, \u017ce\u00a0syjonizm jest rasizmem, a\u00a0Izraelczycy to\u00a0nazi\u015bci.<\/span><\/p>\n<p style=\"text-align: left;\"><span style=\"color: #000080;\">Departament Stanu USA ma\u00a0racj\u0119, Rada Praw Cz\u0142owieka \u201eodgrywa kluczow\u0105 rol\u0119 w\u00a0promowaniu poszanowania praw cz\u0142owieka i\u00a0podstawowych wolno\u015bci na\u00a0ca\u0142ym \u015bwiecie\u201d i\u00a0to\u00a0jest pow\u00f3d, dla kt\u00f3rego\u00a0bardzo starannie dobiera si\u0119 ludzi na\u00a0stanowiska centralnych obro\u0144c\u00f3w praw cz\u0142owieka w\u00a0ONZ. To\u00a0musi by\u0107 cz\u0142owiek \u015bwiadomy, \u017ce\u00a0badanie zbrodni Putina i\u00a0jego armii w\u00a0Ukrainie, badanie zbrodni chi\u0144skiego rz\u0105du na\u00a0Tybecie, wobec Ujgur\u00f3w, czy\u00a0wobec dysydent\u00f3w, badanie zbrodni ira\u0144skiej teokracji, Hamasu lub Hezbollahu, badanie zbrodni w\u00a0Nigerii lub Wenezueli, to\u00a0wszystko mog\u0142oby powodowa\u0107 komplikacj\u0119 proces\u00f3w promuj\u0105cych pok\u00f3j.\u00a0\u00a0<\/span><\/p>\n<p style=\"text-align: left;\"><span style=\"color: #000080;\">Komisja do\u00a0badania wszystkich win Izraela opublikowa\u0142a sw\u00f3j pierwszy raport, kt\u00f3ry\u00a0zosta\u0142 ju\u017c skrytykowany nie\u00a0tylko\u00a0przez\u00a0ameryka\u0144ski Departament Stanu. W\u015br\u00f3d licznych g\u0142os\u00f3w szczeg\u00f3lnie ciekawy wydaje mi\u00a0si\u0119\u00a0<a class=\"extlink https\" style=\"color: #000080;\" href=\"https:\/\/jcpa.org\/article\/the-un-commission-of-inquiry-an-exercise-in-historical-revisionism\/\"><span class=\"underline\">g\u0142os kanadyjskiej prawniczki<\/span><\/a>, profesor Anne Bayefsky, tym razem z\u00a0ramienia izraelskiego Institute for Contemporary Affairs, kt\u00f3ra\u00a0informuje, o\u00a0czym komisja zosta\u0142a poinformowana. Bayefsky nazywa dzia\u0142ania komisji przy Radzie \u201e\u0106wiczeniami z\u00a0rewizjonizmu historycznego\u201d. We\u00a0wst\u0119pie Bayefsky pisze, i\u017c\u00a0komisja otrzyma\u0142a od\u00a0Instytutu w\u00a0Jerozolimie nazwiska 600 tysi\u0119cy \u017cydowskich uchod\u017ac\u00f3w z\u00a0kraj\u00f3w Bliskiego Wschodu, nazwiska 4220 izraelskich cywil\u00f3w zabitych przez\u00a0arabskich terroryst\u00f3w, nazwiska 24\u00a0092 izraelskich \u017co\u0142nierzy, kt\u00f3rzy\u00a0polegli w\u00a0wojnach, maj\u0105cych na\u00a0celu likwidacj\u0119 Izraela i\u00a0eksterminacj\u0119 jego mieszka\u0144c\u00f3w, przedstawiono komisji dokumentacj\u0119, \u017ce\u00a0autonomia Palesty\u0144ska p\u0142aci za\u00a0zabijanie \u017byd\u00f3w.<\/span><\/p>\n<p class=\"has-custom-weight\" style=\"text-align: left;\"><span style=\"color: #000080;\">Anne Bayefsky pisze:<\/span><\/p>\n<blockquote class=\"wp-block-quote is-style-default\">\n<p style=\"text-align: left;\"><strong>W\u00a0raporcie nie\u00a0znaleziono \u017cadnego palesty\u0144skiego terrorysty, palesty\u0144skich organizacji terrorystycznych ani palesty\u0144skiego terroryzmu.\u00a0Najdalszymi okre\u015bleniami, na\u00a0jakie zdobyli si\u0119 wielcy inkwizytorzy, by\u0142o spekulowanie o\u00a0dzia\u0142aniach \u201ede facto w\u0142adz\u201d Gazy i\u00a0anonimowych \u201epalesty\u0144skich grup zbrojnych\u201d \u201e<em>mog\u0105cych<\/em>\u00a0szerzy\u0107 terror w\u015br\u00f3d ludno\u015bci cywilnej w\u00a0Izraelu\u201d.\u00a0Co\u00a0si\u0119 tyczy \u201eHamasu\u201d, definiuje si\u0119 t\u0119\u00a0organizacj\u0119 tylko\u00a0jako anga\u017cuj\u0105c\u0105 si\u0119 w\u00a0\u201ewykonywanie funkcji podobnych do\u00a0rz\u0105dowych\u201d.\u00a0<\/strong><\/p>\n<\/blockquote>\n<p style=\"text-align: left;\"><span style=\"color: #000080;\">Trudno o\u00a0w\u0105tpliwo\u015bci, \u017ce\u00a0raport komisji dostarczy\u0142 Radzie tego, co\u00a0Rada zam\u00f3wi\u0142a. Anne Bayefsky zwraca uwag\u0119 na\u00a0cykliczno\u015b\u0107 tych deklaracji o\u00a0winie Izraela.<\/span><\/p>\n<blockquote class=\"wp-block-quote is-style-default\">\n<p style=\"text-align: left;\"><strong>Nadrz\u0119dny standard raportu dotycz\u0105cy \u201edowodu\u201d, \u017ce\u00a0pa\u0144stwo \u017cydowskie jest rzekomo moraln\u0105 zniewag\u0105 dla ludzko\u015bci, ogranicza si\u0119 do\u00a0stwierdzenia: ONZ tak\u00a0powiedzia\u0142a.\u00a0Raport nie\u00a0tylko\u00a0opiera si\u0119 na\u00a0systemie zakorzenionych uprzedze\u0144, ale\u00a0Navi Pillay w\u00a0du\u017cym stopniu polega\u0142a na\u00a0wcze\u015bniejszych pracach ONZ, w\u00a0kt\u00f3rych\u00a0sama odgrywa\u0142a kluczow\u0105 rol\u0119.<\/strong><\/p>\n<\/blockquote>\n<p style=\"text-align: left;\"><span style=\"color: #000080;\">Kr\u00f3tko m\u00f3wi\u0105c, kwestia \u017cydowska jest dla \u015bwiata wa\u017cnym, mo\u017ce nawet kluczowym elementem walki o\u00a0prawa cz\u0142owieka.<\/span><\/p>\n<p style=\"text-align: left;\"><span style=\"color: #000080;\">\u201ePan to\u00a0chyba jaki\u015b \u017byd\u201d, pisze czytelnik, kt\u00f3ry\u00a0nie\u00a0jest antysemit\u0105, dziwi si\u0119 tylko, dlaczego tak\u00a0cz\u0119sto wracam do\u00a0kwestii \u017cydowskiej. Je\u015bli odpowiem, \u017ce\u00a0nie, i\u00a0w\u0142a\u015bnie dlatego, mo\u017ce mie\u0107 k\u0142opoty ze\u00a0zrozumieniem r\u00f3wnie wielkie, jak rzecznik ameryka\u0144skiego Departamentu Stanu, jak Sekretarz Generalny ONZ, jak wszyscy, kt\u00f3rzy\u00a0kochaj\u0105 Palesty\u0144czyk\u00f3w tylko\u00a0za\u00a0to, \u017ce\u00a0s\u0105\u00a0biednymi ofiarami tych nazist\u00f3w \u017byd\u00f3w. Instrukcje rosyjskiej propagandy pozostaj\u0105 aktualne od\u00a0czas\u00f3w Ochrany.\u00a0<em>Protoko\u0142y m\u0119drc\u00f3w Syjonu<\/em>\u00a0nadal s\u0105\u00a0wznawiane, ale\u00a0przecie\u017c nawet pani Pillay uwa\u017ca, \u017ce\u00a0to\u00a0wstr\u0119tna literatura i\u00a0tak\u00a0przecie\u017c nie\u00a0mo\u017cna.<\/span><\/p>\n<hr \/>\n<p style=\"text-align: left;\"><img decoding=\"async\" class=\"alignleft\" src=\"https:\/\/studioopinii.pl\/wp-content\/uploads\/2017\/06\/Koraszewski.jpg\" width=\"20%\" \/><span style=\"color: #808080;\"><em><strong>Andrzej Koraszewski &#8211; <\/strong><strong>Publicysta i pisarz ekonomiczno-spo\u0142eczny. <\/strong>Ur. 26 marca\u00a0<strong>1940\u00a0<\/strong>w\u00a0Szymbarku, by\u0142y dziennikarz\u00a0<span style=\"text-decoration: underline;\"><strong><a class=\"extlink https\" style=\"color: #808080; text-decoration: underline;\" href=\"https:\/\/www.wikiwand.com\/pl\/BBC\">BBC<\/a>,<\/strong><\/span> wiceszef polskiej sekcji BBC, i\u00a0publicysta paryskiej <span style=\"text-decoration: underline;\"><strong>\u201e<a class=\"extlink https\" style=\"color: #808080; text-decoration: underline;\" href=\"https:\/\/www.wikiwand.com\/pl\/Kultura_(miesi%C4%99cznik)\">Kultury<\/a>\u201d.\u00a0<a class=\"extlink https\" style=\"color: #808080; text-decoration: underline;\" href=\"https:\/\/www.wikiwand.com\/pl\/Andrzej_Koraszewski\" target=\"_blank\" rel=\"noreferrer noopener\">Wi\u0119cej w\u00a0Wikipedii<\/a>.<\/strong><\/span><\/em><\/span><\/p>\n<hr style=\"height: 15px; background: #d0e6fa; width: 100%;\" \/>\n<div id=\"content\" class=\"content-alignment\">\n<div id=\"watch-description\" class=\"yt-uix-button-panel\">\n<div id=\"watch-description-text\" style=\"text-align: center;\">\n<p><em>Zawarto\u015b\u0107 publikowanych artyku\u0142\u00f3w i materia\u0142\u00f3w nie reprezentuje pogl\u0105d\u00f3w ani opinii Reunion&#8217;68,<\/em><em><br \/>\nani te\u017c webmastera Blogu Reunion&#8217;68, chyba ze jest to wyra\u017anie zaznaczone.<br \/>\nTwoje uwagi, linki, w\u0142asne artyku\u0142y lub wiadomo\u015bci prze\u015blij na adres:<br \/>\n<\/em><span style=\"color: #000080;\"><strong><em><a style=\"color: #000080;\" href=\"mailto:webmaster@reunion68.com\"><span style=\"text-decoration: underline;\">webmaster@reunion68.com<\/span><\/a><\/em><\/strong><\/span><\/p>\n<\/div>\n<\/div>\n<\/div>\n<hr style=\"width: 100%;\" \/>\n","protected":false},"excerpt":{"rendered":"<p>Kwestia \u017cydowska w wielkim \u015bwiecie Andrzej Koraszewski Demonstracja w Londynie 2011 r. (Zr\u00f3dlo: Facebook &#8211; Shah Arifur Rahman Arifi) \u201ePan to\u00a0chyba jaki\u015b \u017byd\u201d, zastanawia si\u0119 sta\u0142y czytelnik i\u00a0trudno mu\u00a0si\u0119 dziwi\u0107, bo\u00a0kwestia \u017cydowska pojawia si\u0119 na\u00a0naszej stronie internetowej r\u00f3wnie cz\u0119sto, jak na\u00a0forum ONZ. W\u0142a\u015bnie najnowsza komisja Rady Praw Cz\u0142owieka ONZ wyda\u0142a sw\u00f3j pierwszy raport\u00a0 stwierdzaj\u0105cy stanowczo, [&hellip;]<\/p>\n","protected":false},"author":1,"featured_media":0,"comment_status":"closed","ping_status":"closed","sticky":false,"template":"","format":"standard","meta":[],"categories":[6],"tags":[26,24],"_links":{"self":[{"href":"https:\/\/www.reunion68.se\/index.php?rest_route=\/wp\/v2\/posts\/95971"}],"collection":[{"href":"https:\/\/www.reunion68.se\/index.php?rest_route=\/wp\/v2\/posts"}],"about":[{"href":"https:\/\/www.reunion68.se\/index.php?rest_route=\/wp\/v2\/types\/post"}],"author":[{"embeddable":true,"href":"https:\/\/www.reunion68.se\/index.php?rest_route=\/wp\/v2\/users\/1"}],"replies":[{"embeddable":true,"href":"https:\/\/www.reunion68.se\/index.php?rest_route=%2Fwp%2Fv2%2Fcomments&post=95971"}],"version-history":[{"count":6,"href":"https:\/\/www.reunion68.se\/index.php?rest_route=\/wp\/v2\/posts\/95971\/revisions"}],"predecessor-version":[{"id":96013,"href":"https:\/\/www.reunion68.se\/index.php?rest_route=\/wp\/v2\/posts\/95971\/revisions\/96013"}],"wp:attachment":[{"href":"https:\/\/www.reunion68.se\/index.php?rest_route=%2Fwp%2Fv2%2Fmedia&parent=95971"}],"wp:term":[{"taxonomy":"category","embeddable":true,"href":"https:\/\/www.reunion68.se\/index.php?rest_route=%2Fwp%2Fv2%2Fcategories&post=95971"},{"taxonomy":"post_tag","embeddable":true,"href":"https:\/\/www.reunion68.se\/index.php?rest_route=%2Fwp%2Fv2%2Ftags&post=95971"}],"curies":[{"name":"wp","href":"https:\/\/api.w.org\/{rel}","templated":true}]}}