{"id":96024,"date":"2022-06-15T17:00:58","date_gmt":"2022-06-15T15:00:58","guid":{"rendered":"http:\/\/www.reunion68.se\/?p=96024"},"modified":"2022-06-14T08:33:43","modified_gmt":"2022-06-14T06:33:43","slug":"22-00-76","status":"publish","type":"post","link":"https:\/\/www.reunion68.se\/?p=96024","title":{"rendered":"Norwegian Foreign Minister Defends Decision to Place Warning Labels on Israeli Products from \u2018Occupied Territories\u2019"},"content":{"rendered":"<h5 style=\"text-align: center;\"><a href=\"https:\/\/www.algemeiner.com\/\" target=\"_blank\" rel=\"noopener noreferrer\"><img decoding=\"async\" class=\"center alignleft\" src=\"http:\/\/www.reunion68.com\/Biuletyn\/img\/algem.png\" alt=\"\" width=\"35%\"><\/a><span style=\"text-decoration: underline; color: #000080;\"><span><strong><a style=\"color: #000080; text-decoration: underline;\" href=\"https:\/\/www.algemeiner.com\/2022\/06\/12\/norwegian-foreign-minister-defends-decision-to-place-warning-labels-on-israeli-products-from-occupied-territories\/\" target=\"_blank\" rel=\"noopener noreferrer\">Norwegian Foreign Minister Defends Decision to Place Warning Labels on Israeli Products from \u2018Occupied Territories\u2019<\/a><\/strong><\/span><\/span><\/h5>\n<p style=\"text-align: center;\"><span style=\"color: #000000;\"><strong>Ben Cohen<\/strong><\/span><\/p>\n<hr style=\"height: 15px; background: #d0e6fa; width: 100%;\">\n<p style=\"text-align: center;\"><img decoding=\"async\" class=\"aligncenter\" src=\"https:\/\/www.algemeiner.com\/wp-content\/uploads\/2022\/06\/2020-07-01T000000Z_1248473247_RC2AKH92D8GL_RTRMADP_3_ISRAEL-PALESTINIANS-ANNEXATION-1.jpg\" width=\"100%\"><span style=\"color: #808080;\"><em>A view of the Israeli community of Ma\u2019ale Adumim in the West Bank. Photo: Reuters\/Ammar Awad<\/em><\/span><\/p>\n<p style=\"text-align: left;\"><span style=\"color: #000080;\">Norway\u2019s foreign minister has defended her country\u2019s announcement on Friday that goods imported from the West Bank, the Golan Heights and eastern Jerusalem must be labeled accordingly, sparking the ire of the Israeli government.<\/span><\/p>\n<p style=\"text-align: left;\"><span style=\"color: #000080;\">\u201cNorwegian consumers have the right to know whether a product sold in Norway is produced in Israel or in an area occupied by Israel,\u201d Norwegian Foreign Minister Anniken Huitfeldt stated on Friday in an email to the NTB news agency, following the government\u2019s decision to introduce a labeling policy for goods imported from areas considered to be under Israeli occupation following the 1967 war.<\/span><\/p>\n<p style=\"text-align: left;\"><span style=\"color: #000080;\">The government explained that the decision was taken in accordance with a&nbsp;<a style=\"color: #000080;\" href=\"https:\/\/www.algemeiner.com\/2019\/11\/14\/us-criticizes-european-court-ruling-requiring-labeling-of-certain-products\/\" target=\"_blank\" rel=\"noopener noreferrer\">European Court of Justice ruling<\/a>&nbsp;in 2019 requiring products from these territories to be labeled as originating from an \u201cIsraeli settlement.\u201d According to its guidelines, \u201cfoodstuffs originating in areas occupied by Israel must be marked with the area from which the product comes, and that it comes from an Israeli settlement if that is the case, especially wine, olive oil, fruit, vegetables and potatoes.\u201d<\/span><\/p>\n<p style=\"text-align: left;\"><span style=\"color: #000080;\">Huitfeldt stressed that the decision did not mean that Norway had endorsed a boycott of Israel.<\/span><\/p>\n<p style=\"text-align: left;\"><span style=\"color: #000080;\">\u201cThis is by no means a boycott of Israel. We believe that boycott is the wrong policy,\u201d she said. \u201cNorway has a good relationship with Israel.&nbsp;We will continue to have that.\u201d<\/span><\/p>\n<p style=\"text-align: left;\"><span style=\"color: #000080;\">Israel condemned the move, with the Israeli foreign ministry asserting that the labeling decision \u201cwill not contribute to the promotion of Israeli-Palestinian ties and will adversely affect bilateral relations between Israel and Norway, as well as Norway\u2019s relevance in promoting relations between Israel and the Palestinians.\u201d<\/span><\/p>\n<p style=\"text-align: left;\"><span style=\"color: #000080;\">While Norway is not a member of the EU, it is a participant in the European Free Trade Association (EFTA), which promotes economic integration with the bloc. Defending the labeling decision, Huitfeldt cited Denmark, Finland and Sweden as three EU member states which had introduced similar policies regarding the labeling of Israeli exports.<\/span><\/p>\n<p style=\"text-align: left;\"><span style=\"color: #000080;\">In Nov. 2021, Belgium also&nbsp;<a style=\"color: #000080;\" href=\"https:\/\/www.algemeiner.com\/2021\/11\/24\/israeli-diplomat-cancels-meetings-with-belgian-officials-over-decision-to-label-settlement-products\/\" target=\"_blank\" rel=\"noopener noreferrer\">introduced a labeling policy<\/a>&nbsp;to \u201cprevent consumers from being misled as to the fact that the State of&nbsp;Israel&nbsp;is present in the territories concerned as an occupying power and not as a sovereign entity.\u201d As a result of that decision, Israel\u2019s deputy foreign minister canceled a round of meetings with his counterparts in Brussels in protest.<\/span><\/p>\n<p style=\"text-align: left;\"><span style=\"color: #000080;\">The Belgian move \u201charms Israelis and Palestinians alike and is inconsistent with Israeli government policy focused on improving Palestinian lives and strengthening the [Palestinian Authority] and improving Israel\u2019s relations with other European countries,\u201d the Israeli foreign ministry said at the time.<\/span><\/p>\n<hr style=\"height: 15px; background: #d0e6fa; width: 100%;\">\n<div id=\"content\" class=\"content-alignment\">\n<div id=\"watch-description\" class=\"yt-uix-button-panel\">\n<div id=\"watch-description-text\" style=\"text-align: center;\">\n<p><em>Zawarto\u015b\u0107 publikowanych artyku\u0142\u00f3w i materia\u0142\u00f3w nie reprezentuje pogl\u0105d\u00f3w ani opinii Reunion&#8217;68,<\/em><em><br \/>\nani te\u017c webmastera Blogu Reunion&#8217;68, chyba ze jest to wyra\u017anie zaznaczone.<br \/>\nTwoje uwagi, linki, w\u0142asne artyku\u0142y lub wiadomo\u015bci prze\u015blij na adres:<br \/>\n<\/em><span style=\"color: #000080;\"><strong><em><a style=\"color: #000080;\" href=\"mailto:webmaster@reunion68.com\"><span style=\"text-decoration: underline;\">webmaster@reunion68.com<\/span><\/a><\/em><\/strong><\/span><\/p>\n<\/div>\n<\/div>\n<\/div>\n<hr style=\"width: 100%;\">\n","protected":false},"excerpt":{"rendered":"<p>Norwegian Foreign Minister Defends Decision to Place Warning Labels on Israeli Products from \u2018Occupied Territories\u2019 Ben Cohen A view of the Israeli community of Ma\u2019ale Adumim in the West Bank. Photo: Reuters\/Ammar Awad Norway\u2019s foreign minister has defended her country\u2019s announcement on Friday that goods imported from the West Bank, the Golan Heights and eastern [&hellip;]<\/p>\n","protected":false},"author":1,"featured_media":0,"comment_status":"closed","ping_status":"closed","sticky":false,"template":"","format":"standard","meta":[],"categories":[6],"tags":[26,24],"_links":{"self":[{"href":"https:\/\/www.reunion68.se\/index.php?rest_route=\/wp\/v2\/posts\/96024"}],"collection":[{"href":"https:\/\/www.reunion68.se\/index.php?rest_route=\/wp\/v2\/posts"}],"about":[{"href":"https:\/\/www.reunion68.se\/index.php?rest_route=\/wp\/v2\/types\/post"}],"author":[{"embeddable":true,"href":"https:\/\/www.reunion68.se\/index.php?rest_route=\/wp\/v2\/users\/1"}],"replies":[{"embeddable":true,"href":"https:\/\/www.reunion68.se\/index.php?rest_route=%2Fwp%2Fv2%2Fcomments&post=96024"}],"version-history":[{"count":5,"href":"https:\/\/www.reunion68.se\/index.php?rest_route=\/wp\/v2\/posts\/96024\/revisions"}],"predecessor-version":[{"id":96055,"href":"https:\/\/www.reunion68.se\/index.php?rest_route=\/wp\/v2\/posts\/96024\/revisions\/96055"}],"wp:attachment":[{"href":"https:\/\/www.reunion68.se\/index.php?rest_route=%2Fwp%2Fv2%2Fmedia&parent=96024"}],"wp:term":[{"taxonomy":"category","embeddable":true,"href":"https:\/\/www.reunion68.se\/index.php?rest_route=%2Fwp%2Fv2%2Fcategories&post=96024"},{"taxonomy":"post_tag","embeddable":true,"href":"https:\/\/www.reunion68.se\/index.php?rest_route=%2Fwp%2Fv2%2Ftags&post=96024"}],"curies":[{"name":"wp","href":"https:\/\/api.w.org\/{rel}","templated":true}]}}