{"id":96097,"date":"2022-06-17T17:09:37","date_gmt":"2022-06-17T15:09:37","guid":{"rendered":"http:\/\/www.reunion68.se\/?p=96097"},"modified":"2022-06-17T07:18:43","modified_gmt":"2022-06-17T05:18:43","slug":"26-09-71","status":"publish","type":"post","link":"https:\/\/www.reunion68.se\/?p=96097","title":{"rendered":"MSW Izraela o wyjazdach do Polski: Nie b\u0119d\u0105 nam m\u00f3wi\u0107, jak mamy naucza\u0107 izraelskie dzieci"},"content":{"rendered":"<p style=\"text-align: center;\"><img decoding=\"async\" class=\"aligncenter\" src=\"https:\/\/i.iplsc.com\/byly-hitlerowski-oboz-auschwitz-w-oswiecimiu\/000FM2DZCOF5EJLC-C116-F4.webp\" width=\"100%\"><span style=\"color: #808080;\"><em>By\u0142y hitlerowski ob\u00f3z Auschwitz w O\u015bwi\u0119cimiu\/ \u0141ukasz G\u0105gulski \/PAP<\/em><\/span><\/p>\n<hr>\n<h5 style=\"text-align: center;\"><a href=\"https:\/\/www.rmf24.pl\/\" target=\"_blank\" rel=\"noopener noreferrer\"><img decoding=\"async\" class=\"center alignleft\" src=\"https:\/\/i.iplsc.com\/000EV54W8IVVR91A-C0.webp\" alt=\"\" width=\"35%\"><\/a><span style=\"text-decoration: underline; color: #000080;\"><span style=\"text-decoration: underline;\"><strong><a style=\"color: #000080; text-decoration: underline;\" href=\"https:\/\/www.rmf24.pl\/fakty\/swiat\/news-msw-izraela-o-wyjazdach-do-polski-nie-beda-nam-mowic-jak-mam,nId,6098532#crp_state=1\" target=\"_blank\" rel=\"noopener noreferrer\">MSW Izraela o wyjazdach do Polski: Nie b\u0119d\u0105 nam m\u00f3wi\u0107, jak mamy naucza\u0107 izraelskie dzieci<\/a><\/strong><\/span><\/span><\/h5>\n<p style=\"text-align: center;\"><span style=\"color: #000000;\"><strong>Urszula Gwiazda<\/strong><\/span><\/p>\n<hr style=\"height: 15px; background: #d0e6fa; width: 100%;\">\n<h4 style=\"text-align: center;\"><span style=\"color: #808080;\"><strong>Izrael odwo\u0142a\u0142 tego lata wyjazdy edukacyjne do Polski dla tysi\u0119cy uczni\u00f3w szk\u00f3\u0142 \u015brednich, twierdz\u0105c, \u017ce polski rz\u0105d pr\u00f3buje kontrolowa\u0107 program nauczania izraelskich dzieci o Holokau\u015bcie.<\/strong><\/span><\/h4>\n<p>.<\/p>\n<p style=\"text-align: left;\"><span style=\"color: #000080;\">Strona polska zacz\u0119\u0142a w grudniu 2021 r. rozmowy na temat zreformowania formu\u0142y wyjazd\u00f3w m\u0142odych ludzi z Izraela do Polski. Wyjazdy zosta\u0142y zawieszone od 2020 roku z powodu ogranicze\u0144 pandemicznych.<\/span><\/p>\n<hr>\n<p><iframe id=\"twitter-widget-0\" class=\"\" title=\"Twitter Tweet\" src=\"https:\/\/platform.twitter.com\/embed\/Tweet.html?dnt=false&amp;embedId=twitter-widget-0&amp;features=eyJ0ZndfZXhwZXJpbWVudHNfY29va2llX2V4cGlyYXRpb24iOnsiYnVja2V0IjoxMjA5NjAwLCJ2ZXJzaW9uIjpudWxsfSwidGZ3X3JlZnNyY19zZXNzaW9uIjp7ImJ1Y2tldCI6Im9mZiIsInZlcnNpb24iOm51bGx9LCJ0Zndfc2Vuc2l0aXZlX21lZGlhX2ludGVyc3RpdGlhbF8xMzk2MyI6eyJidWNrZXQiOiJpbnRlcnN0aXRpYWwiLCJ2ZXJzaW9uIjpudWxsfSwidGZ3X3R3ZWV0X3Jlc3VsdF9taWdyYXRpb25fMTM5NzkiOnsiYnVja2V0IjoidHdlZXRfcmVzdWx0IiwidmVyc2lvbiI6bnVsbH19&amp;frame=false&amp;hideCard=false&amp;hideThread=false&amp;id=1537091917258928129&amp;lang=pl&amp;origin=https%3A%2F%2Fwww.rmf24.pl%2Ffakty%2Fswiat%2Fnews-msw-izraela-o-wyjazdach-do-polski-nie-beda-nam-mowic-jak-mam%2CnId%2C6098532&amp;sessionId=a6dd9ea9d4084a863e42657fcfe59acb4942b824&amp;siteScreenName=rmf24&amp;theme=light&amp;widgetsVersion=b45a03c79d4c1%3A1654150928467&amp;width=680px\" frameborder=\"0\" scrolling=\"yes\" allowfullscreen=\"allowfullscreen\" data-tweet-id=\"1537091917258928129\" data-mce-fragment=\"1\"><\/iframe><\/p>\n<hr>\n<p class=\"par1\" style=\"text-align: left;\" data-wtg-lazy=\"3\"><span style=\"color: #000080;\">O odwo\u0142aniu delegacji m\u0142odzie\u017cy do Polski ministerstwo edukacji Izraela poinformowa\u0142o we wtorek w oficjalnym li\u015bcie wys\u0142anym do dyrektor\u00f3w szk\u00f3\u0142 \u015brednich. Ministerstwo uzasadni\u0142o swoj\u0105 decyzj\u0119 tym, \u017ce pojawi\u0142y si\u0119 problemy, kt\u00f3re uniemo\u017cliwi\u0142y w\u0142a\u015bciwe i bezpieczne informowanie uczni\u00f3w podczas podr\u00f3\u017cy. &#8220;Istniej\u0105 kwestie, kt\u00f3re nie zosta\u0142y jeszcze rozwi\u0105zane. S\u0105 to kwestie, kt\u00f3re nie zale\u017c\u0105 od ministerstwa (edukacji)&#8221; &#8211; czytamy w komunikacie.<\/span><\/p>\n<p><span style=\"color: #000080;\">W \u015brod\u0119 izraelski minister spraw zagranicznych Yair Lapid na konferencji prasowej o\u015bwiadczy\u0142, \u017ce mimo i\u017c &#8220;minister edukacji podj\u0105\u0142 decyzj\u0119&#8221;, ma ona &#8220;konsekwencje dyplomatyczne&#8221; i doda\u0142: &#8220;nie mog\u0105 nam m\u00f3wi\u0107, czego mamy uczy\u0107 izraelskie dzieci&#8221;. W swoim wyst\u0105pieniu Lapid stwierdzi\u0142, \u017ce Polska zabroni\u0142a izraelskim delegacjom uczy\u0107 o roli polskich obywateli w kolaboracji z nazistami w czasie Holokaustu. Pomimo to Lapid stwierdzi\u0142, \u017ce stosunki mi\u0119dzy Izraelem a Polsk\u0105 &#8220;poprawi\u0142y si\u0119&#8221;, poniewa\u017c &#8220;wsp\u00f3\u0142pracowali\u015bmy na granicy z Ukrain\u0105, wyprowadzaj\u0105c \u017byd\u00f3w&#8221;. Lapid, kt\u00f3rego ojciec ocala\u0142 z Holokaustu, podzi\u0119kowa\u0142 w czasie konferencji Polsce za pomoc w ratowaniu \u017cydowskich uchod\u017ac\u00f3w z Ukrainy.<\/span><\/p>\n<p><span style=\"color: #000080;\"><span style=\"text-decoration: underline;\"><strong><a style=\"color: #000080; text-decoration: underline;\" href=\"https:\/\/www.rmf24.pl\/fakty\/polska\/news-izrael-odwoluje-wyjazdy-uczniow-do-polski-powodem-spor-o-bro,nId,6095379#crp_state=1\" target=\"_blank\" rel=\"noopener noreferrer\">Izraelski portal &#8220;The Times of Israel&#8221; podaje, \u017ce w\u0142adze polskie odm\u00f3wi\u0142y zgody na to, by agenci Szin Bet<\/a><\/strong><\/span>&nbsp;(izraelska s\u0142u\u017cba specjalna, odpowiedzialna za kontrwywiad i bezpiecze\u0144stwo wewn\u0119trzne) ochraniaj\u0105cy wycieczki mogli nosi\u0107 bro\u0144 na terytorium Polski.<\/span><\/p>\n<div id=\"naglowek-polskie-msz-komentuje-sprawe\" class=\"embed embed-subheader\">\n<h4 class=\"embed-subheader-text\" style=\"text-align: left;\"><strong>Polskie MSZ komentuje spraw\u0119<\/strong><\/h4>\n<\/div>\n<p class=\"par2\" style=\"text-align: left;\" data-wtg-lazy=\"4\"><span style=\"color: #000080;\">Polski wiceminister spraw zagranicznych Pawe\u0142 Jab\u0142o\u0144ski napisa\u0142 w \u015brod\u0119 na Twitterze, \u017ce &#8220;obecna formu\u0142a organizowanych wyjazd\u00f3w m\u0142odzie\u017cy izraelskiej do Polski wymaga zmian ze wzgl\u0119du na problemy systemowe prowadz\u0105ce do umacniania fa\u0142szywych stereotyp\u00f3w, co negatywnie wp\u0142ywa na stosunki polsko-izraelskie&#8221;. Wed\u0142ug wiceministra obecna formu\u0142a wizyt m\u0142odzie\u017cy izraelskiej w Polsce prowadzi do tego, \u017ce m\u0142odzi Izraelczycy wracaj\u0105 z tych wyjazd\u00f3w z negatywnymi odczuciami wobec dzisiejszej Polski i Polak\u00f3w i postrzegaj\u0105 nasz kraj, wy\u0142\u0105cznie przez pryzmat niemieckich nazistowskich oboz\u00f3w koncentracyjnych, nie zapoznaj\u0105c si\u0119 z ca\u0142okszta\u0142tem ponadtysi\u0105cletnich stosunk\u00f3w polsko-\u017cydowskich. Ponadto w czasie wizyt, zdaniem polskiego dyplomaty, izraelska m\u0142odzie\u017c jest w zauwa\u017calnym stopniu izolowana od kontakt\u00f3w z polskimi r\u00f3wie\u015bnikami. Intencj\u0105 Polski, zaznaczy\u0142, nie jest blokowanie mo\u017cliwo\u015bci przyjazd\u00f3w m\u0142odzie\u017cy izraelskiej (ani jakiejkolwiek innej) do naszego kraju &#8211; ale nadanie tym wizytom innej formu\u0142y, kt\u00f3ra b\u0119dzie przyczynia\u0107 si\u0119 do poprawy stosunk\u00f3w polsko-izraelskich, a nie ich d\u0142ugofalowego pogarszania.<\/span><\/p>\n<p><iframe loading=\"lazy\" id=\"google_ads_iframe_\/119818256\/RMF24_WTG\/art_lazy_2_0\" tabindex=\"0\" title=\"3rd party ad content\" role=\"region\" src=\"https:\/\/95df1b3921644d45fd8c74d561a3b12a.safeframe.googlesyndication.com\/safeframe\/1-0-38\/html\/container.html\" name=\"\" width=\"750\" height=\"300\" frameborder=\"0\" marginwidth=\"0\" marginheight=\"0\" scrolling=\"no\" sandbox=\"allow-forms allow-popups allow-popups-to-escape-sandbox allow-same-origin allow-scripts allow-top-navigation-by-user-activation\" data-is-safeframe=\"true\" aria-label=\"Advertisement\" data-google-container-id=\"9\" data-load-complete=\"true\" data-mce-fragment=\"1\"><\/iframe><br \/>\nhttps:\/\/twitter.com\/i\/status\/1537519049080463361<\/p>\n<p style=\"text-align: left;\"><span style=\"color: #000080;\">Wiceminister Jab\u0142o\u0144ski zaznaczy\u0142 r\u00f3wnie\u017c w swoim tweecie, \u017ce problemem s\u0105 r\u00f3wnie\u017c &#8220;aroganckie zachowania uzbrojonej ochrony wobec innych odwiedzaj\u0105cych miejsca pami\u0119ci, a tak\u017ce przypadkowych przechodni\u00f3w&#8221;. Sama obecno\u015b\u0107 uzbrojonej ochrony w czasie wizyty izraelskiej m\u0142odzie\u017cy &#8220;wzbudza u ich uczestnik\u00f3w fa\u0142szywe przekonanie, \u017ce Polska jest niebezpiecznym miejscem&#8221;.<\/span><\/p>\n<p><span style=\"color: #000080;\">M\u0142odzi ludzie z Izraela do tej pory przyje\u017cd\u017cali do Polski latem, by zwiedzi\u0107 by\u0142e obozy nazistowskie. Przed wybuchem pandemii co roku w wyjazdach bra\u0142o udzia\u0142 oko\u0142o 40 000 izraelskich uczni\u00f3w. Wed\u0142ug danych ministerstwa edukacji Izraela, w tym roku ch\u0119\u0107 przyjazdu do Polski wyrazi\u0142o oko\u0142o 7000 os\u00f3b.<\/span><\/p>\n<p><img decoding=\"async\" class=\"aligncenter\" src=\"https:\/\/i.iplsc.com\/izrael-odwoluje-wyjazdy-uczniow-do-polski-powodem-spor-o-bro\/000FLRHLFJEEV7C3-C125.jpg\" width=\"100%\"><\/p>\n<hr style=\"height: 15px; background: #d0e6fa; width: 100%;\">\n<div id=\"content\" class=\"content-alignment\">\n<div id=\"watch-description\" class=\"yt-uix-button-panel\">\n<div id=\"watch-description-text\" style=\"text-align: center;\">\n<p><em>Zawarto\u015b\u0107 publikowanych artyku\u0142\u00f3w i materia\u0142\u00f3w nie reprezentuje pogl\u0105d\u00f3w ani opinii Reunion&#8217;68,<\/em><em><br \/>\nani te\u017c webmastera Blogu Reunion&#8217;68, chyba ze jest to wyra\u017anie zaznaczone.<br \/>\nTwoje uwagi, linki, w\u0142asne artyku\u0142y lub wiadomo\u015bci prze\u015blij na adres:<br \/>\n<\/em><span style=\"color: #000080;\"><strong><em><a style=\"color: #000080;\" href=\"mailto:webmaster@reunion68.com\"><span style=\"text-decoration: underline;\">webmaster@reunion68.com<\/span><\/a><\/em><\/strong><\/span><\/p>\n<\/div>\n<\/div>\n<\/div>\n<hr style=\"width: 100%;\">\n","protected":false},"excerpt":{"rendered":"<p>By\u0142y hitlerowski ob\u00f3z Auschwitz w O\u015bwi\u0119cimiu\/ \u0141ukasz G\u0105gulski \/PAP MSW Izraela o wyjazdach do Polski: Nie b\u0119d\u0105 nam m\u00f3wi\u0107, jak mamy naucza\u0107 izraelskie dzieci Urszula Gwiazda Izrael odwo\u0142a\u0142 tego lata wyjazdy edukacyjne do Polski dla tysi\u0119cy uczni\u00f3w szk\u00f3\u0142 \u015brednich, twierdz\u0105c, \u017ce polski rz\u0105d pr\u00f3buje kontrolowa\u0107 program nauczania izraelskich dzieci o Holokau\u015bcie. . Strona polska zacz\u0119\u0142a [&hellip;]<\/p>\n","protected":false},"author":1,"featured_media":0,"comment_status":"closed","ping_status":"closed","sticky":false,"template":"","format":"standard","meta":[],"categories":[6],"tags":[26,24],"_links":{"self":[{"href":"https:\/\/www.reunion68.se\/index.php?rest_route=\/wp\/v2\/posts\/96097"}],"collection":[{"href":"https:\/\/www.reunion68.se\/index.php?rest_route=\/wp\/v2\/posts"}],"about":[{"href":"https:\/\/www.reunion68.se\/index.php?rest_route=\/wp\/v2\/types\/post"}],"author":[{"embeddable":true,"href":"https:\/\/www.reunion68.se\/index.php?rest_route=\/wp\/v2\/users\/1"}],"replies":[{"embeddable":true,"href":"https:\/\/www.reunion68.se\/index.php?rest_route=%2Fwp%2Fv2%2Fcomments&post=96097"}],"version-history":[{"count":15,"href":"https:\/\/www.reunion68.se\/index.php?rest_route=\/wp\/v2\/posts\/96097\/revisions"}],"predecessor-version":[{"id":96149,"href":"https:\/\/www.reunion68.se\/index.php?rest_route=\/wp\/v2\/posts\/96097\/revisions\/96149"}],"wp:attachment":[{"href":"https:\/\/www.reunion68.se\/index.php?rest_route=%2Fwp%2Fv2%2Fmedia&parent=96097"}],"wp:term":[{"taxonomy":"category","embeddable":true,"href":"https:\/\/www.reunion68.se\/index.php?rest_route=%2Fwp%2Fv2%2Fcategories&post=96097"},{"taxonomy":"post_tag","embeddable":true,"href":"https:\/\/www.reunion68.se\/index.php?rest_route=%2Fwp%2Fv2%2Ftags&post=96097"}],"curies":[{"name":"wp","href":"https:\/\/api.w.org\/{rel}","templated":true}]}}